{"id":27102,"date":"2012-06-04T20:21:53","date_gmt":"2012-06-04T20:21:53","guid":{"rendered":"http:\/\/desarrollo.mcvicious.com\/aero2020\/2012\/06\/04\/chile-considera-que-tratado-de-1904-con-bolivia-es-un-referente-para-caso-maritimo-con-peru\/"},"modified":"2012-06-04T20:21:53","modified_gmt":"2012-06-04T20:21:53","slug":"chile-considera-que-tratado-de-1904-con-bolivia-es-un-referente-para-caso-maritimo-con-peru","status":"publish","type":"post","link":"https:\/\/aeronoticias.com.pe\/noticiero\/internacionales\/chile-considera-que-tratado-de-1904-con-bolivia-es-un-referente-para-caso-maritimo-con-peru\/","title":{"rendered":"Chile considera que tratado de 1904 con Bolivia es un referente para caso mar\u00edtimo con Per\u00fa"},"content":{"rendered":"<p style=\"text-align: justify;\"><strong>(Aeronoticias).-<\/strong> El canciller chileno, Alfredo Moreno, \u00a0se abstuvo \u00a0de estar presente en la ceremonia inaugural de la OEA en Cochabamba para no escuchar \u00a0el reclamo boliviano para una salida al mar formulado una vez m\u00e1s por el mandatario de este pa\u00eds, Evo Morales.<\/p>\n<p style=\"text-align: justify;\">Moreno trat\u00f3 de justificar su ausencia aduciendo que estaba \u00a0previamente enterado de las intenciones de Morales y \u00a0quiso evitar resquemores sobre \u00a0un tema que , seg\u00fan la canciller\u00eda de Chile, ya est\u00e1 plenamente resuelto mediante el tratado de 1904 con Bolivia.<\/p>\n<p style=\"text-align: justify;\">A continuaci\u00f3n insisti\u00f3 que \u00a0su pa\u00eds es respetuoso de la vigencia de \u00a0los tratados internacionales \u00a0por lo que \u00a0 Bolivia no tiene que reclamar a Chile una salida soberana al mar y que esto es un referente para \u00a0el \u00a0diferendo \u00a0mar\u00edtimo con el Per\u00fa.<\/p>\n<p style=\"text-align: justify;\">NR.- El actual responsable de la pol\u00edtica exterior chilena, aparte de zafar el cuerpo \u00a0en la apertura de la OEA \u00a0,que preside su compatriota Jos\u00e9 Miguel Insulza , pretende confundir al mundo tratando de comparar el abusivo tratado \u00a0de su pa\u00eds con Bolivia suscrito en 1904 con simples acuerdos pesqueros que el Per\u00fa accedi\u00f3 con Chile en la d\u00e9cada del 50 por lo que no puede ser un referente al caso peruano \u00a0como interesadamente opin\u00f3 ayer.<\/p>\n<p style=\"text-align: justify;\"><img decoding=\"async\" src=\"images\/stories\/12\/06\/040612\/alfredo_moreno.jpg\" border=\"0\" alt=\"Chile considera que tratado de 1904 con Bolivia es un referente para caso mar\u00edtimo con Per\u00fa\" title=\"Chile considera que tratado de 1904 con Bolivia es un referente para caso mar\u00edtimo con Per\u00fa\" \/><\/p>\n","protected":false},"excerpt":{"rendered":"<p>(Aeronoticias).- El canciller chileno, Alfredo Moreno, \u00a0se abstuvo \u00a0de estar presente en la ceremonia inaugural de la OEA en Cochabamba para no escuchar \u00a0el reclamo boliviano para una salida al mar formulado una vez m\u00e1s por el mandatario de este pa\u00eds, Evo Morales. Moreno trat\u00f3 de justificar su ausencia aduciendo que estaba \u00a0previamente enterado de [&hellip;]<\/p>\n","protected":false},"author":1,"featured_media":0,"comment_status":"open","ping_status":"open","sticky":false,"template":"","format":"standard","meta":{"tdm_status":"","tdm_grid_status":"","footnotes":""},"categories":[34],"tags":[],"class_list":{"0":"post-27102","1":"post","2":"type-post","3":"status-publish","4":"format-standard","6":"category-internacionales"},"yoast_head":"<!-- This site is optimized with the Yoast SEO plugin v25.1 - https:\/\/yoast.com\/wordpress\/plugins\/seo\/ -->\n<title>Chile considera que tratado de 1904 con Bolivia es un referente para caso mar\u00edtimo con Per\u00fa<\/title>\n<meta name=\"description\" content=\"Portal de noticias del Per\u00fa sobre el transporte a\u00e9reo, aviaci\u00f3n, turismo, hoteleria, actualidad.\" \/>\n<meta name=\"robots\" content=\"index, follow, max-snippet:-1, max-image-preview:large, max-video-preview:-1\" \/>\n<link rel=\"canonical\" href=\"https:\/\/aeronoticias.com.pe\/noticiero\/internacionales\/chile-considera-que-tratado-de-1904-con-bolivia-es-un-referente-para-caso-maritimo-con-peru\/\" \/>\n<meta property=\"og:locale\" content=\"es_ES\" \/>\n<meta property=\"og:type\" content=\"article\" \/>\n<meta property=\"og:title\" content=\"Chile considera que tratado de 1904 con Bolivia es un referente para caso mar\u00edtimo con Per\u00fa\" \/>\n<meta property=\"og:description\" content=\"Portal de noticias del Per\u00fa sobre el transporte a\u00e9reo, aviaci\u00f3n, turismo, hoteleria, actualidad.\" \/>\n<meta property=\"og:url\" content=\"https:\/\/aeronoticias.com.pe\/noticiero\/internacionales\/chile-considera-que-tratado-de-1904-con-bolivia-es-un-referente-para-caso-maritimo-con-peru\/\" \/>\n<meta property=\"og:site_name\" content=\"Aeronoticias.com.pe\" \/>\n<meta property=\"article:publisher\" content=\"https:\/\/www.facebook.com\/Aeronoticias.com.pe\/\" \/>\n<meta property=\"article:published_time\" content=\"2012-06-04T20:21:53+00:00\" \/>\n<meta name=\"author\" content=\"Redacci\u00f3n Aeronoticias\" \/>\n<meta name=\"twitter:card\" content=\"summary_large_image\" \/>\n<meta name=\"twitter:creator\" content=\"@aeronoticias\" \/>\n<meta name=\"twitter:site\" content=\"@aeronoticias\" \/>\n<meta name=\"twitter:label1\" content=\"Escrito por\" \/>\n\t<meta name=\"twitter:data1\" content=\"Redacci\u00f3n Aeronoticias\" \/>\n\t<meta name=\"twitter:label2\" content=\"Tiempo de lectura\" \/>\n\t<meta name=\"twitter:data2\" content=\"1 minuto\" \/>\n<script type=\"application\/ld+json\" class=\"yoast-schema-graph\">{\"@context\":\"https:\/\/schema.org\",\"@graph\":[{\"@type\":\"WebPage\",\"@id\":\"https:\/\/aeronoticias.com.pe\/noticiero\/internacionales\/chile-considera-que-tratado-de-1904-con-bolivia-es-un-referente-para-caso-maritimo-con-peru\/\",\"url\":\"https:\/\/aeronoticias.com.pe\/noticiero\/internacionales\/chile-considera-que-tratado-de-1904-con-bolivia-es-un-referente-para-caso-maritimo-con-peru\/\",\"name\":\"Chile considera que tratado de 1904 con Bolivia es un referente para caso mar\u00edtimo con Per\u00fa\",\"isPartOf\":{\"@id\":\"https:\/\/aeronoticias.com.pe\/noticiero\/#website\"},\"datePublished\":\"2012-06-04T20:21:53+00:00\",\"author\":{\"@id\":\"https:\/\/aeronoticias.com.pe\/noticiero\/#\/schema\/person\/fc1e5d578f4b62ba1cf7ac2bba1170a0\"},\"description\":\"Portal de noticias del Per\u00fa sobre el transporte a\u00e9reo, aviaci\u00f3n, turismo, hoteleria, actualidad.\",\"breadcrumb\":{\"@id\":\"https:\/\/aeronoticias.com.pe\/noticiero\/internacionales\/chile-considera-que-tratado-de-1904-con-bolivia-es-un-referente-para-caso-maritimo-con-peru\/#breadcrumb\"},\"inLanguage\":\"es\",\"potentialAction\":[{\"@type\":\"ReadAction\",\"target\":[\"https:\/\/aeronoticias.com.pe\/noticiero\/internacionales\/chile-considera-que-tratado-de-1904-con-bolivia-es-un-referente-para-caso-maritimo-con-peru\/\"]}]},{\"@type\":\"BreadcrumbList\",\"@id\":\"https:\/\/aeronoticias.com.pe\/noticiero\/internacionales\/chile-considera-que-tratado-de-1904-con-bolivia-es-un-referente-para-caso-maritimo-con-peru\/#breadcrumb\",\"itemListElement\":[{\"@type\":\"ListItem\",\"position\":1,\"name\":\"Portada\",\"item\":\"https:\/\/aeronoticias.com.pe\/noticiero\/\"},{\"@type\":\"ListItem\",\"position\":2,\"name\":\"Chile considera que tratado de 1904 con Bolivia es un referente para caso mar\u00edtimo con Per\u00fa\"}]},{\"@type\":\"WebSite\",\"@id\":\"https:\/\/aeronoticias.com.pe\/noticiero\/#website\",\"url\":\"https:\/\/aeronoticias.com.pe\/noticiero\/\",\"name\":\"Aeronoticias.com.pe\",\"description\":\"Noticias de tranporte aereo, turismo, hoteles, gastronomia, actualidad, internacional\",\"potentialAction\":[{\"@type\":\"SearchAction\",\"target\":{\"@type\":\"EntryPoint\",\"urlTemplate\":\"https:\/\/aeronoticias.com.pe\/noticiero\/?s={search_term_string}\"},\"query-input\":{\"@type\":\"PropertyValueSpecification\",\"valueRequired\":true,\"valueName\":\"search_term_string\"}}],\"inLanguage\":\"es\"},{\"@type\":\"Person\",\"@id\":\"https:\/\/aeronoticias.com.pe\/noticiero\/#\/schema\/person\/fc1e5d578f4b62ba1cf7ac2bba1170a0\",\"name\":\"Redacci\u00f3n Aeronoticias\",\"url\":\"https:\/\/aeronoticias.com.pe\/noticiero\/author\/piloto\/\"}]}<\/script>\n<!-- \/ Yoast SEO plugin. -->","yoast_head_json":{"title":"Chile considera que tratado de 1904 con Bolivia es un referente para caso mar\u00edtimo con Per\u00fa","description":"Portal de noticias del Per\u00fa sobre el transporte a\u00e9reo, aviaci\u00f3n, turismo, hoteleria, actualidad.","robots":{"index":"index","follow":"follow","max-snippet":"max-snippet:-1","max-image-preview":"max-image-preview:large","max-video-preview":"max-video-preview:-1"},"canonical":"https:\/\/aeronoticias.com.pe\/noticiero\/internacionales\/chile-considera-que-tratado-de-1904-con-bolivia-es-un-referente-para-caso-maritimo-con-peru\/","og_locale":"es_ES","og_type":"article","og_title":"Chile considera que tratado de 1904 con Bolivia es un referente para caso mar\u00edtimo con Per\u00fa","og_description":"Portal de noticias del Per\u00fa sobre el transporte a\u00e9reo, aviaci\u00f3n, turismo, hoteleria, actualidad.","og_url":"https:\/\/aeronoticias.com.pe\/noticiero\/internacionales\/chile-considera-que-tratado-de-1904-con-bolivia-es-un-referente-para-caso-maritimo-con-peru\/","og_site_name":"Aeronoticias.com.pe","article_publisher":"https:\/\/www.facebook.com\/Aeronoticias.com.pe\/","article_published_time":"2012-06-04T20:21:53+00:00","author":"Redacci\u00f3n Aeronoticias","twitter_card":"summary_large_image","twitter_creator":"@aeronoticias","twitter_site":"@aeronoticias","twitter_misc":{"Escrito por":"Redacci\u00f3n Aeronoticias","Tiempo de lectura":"1 minuto"},"schema":{"@context":"https:\/\/schema.org","@graph":[{"@type":"WebPage","@id":"https:\/\/aeronoticias.com.pe\/noticiero\/internacionales\/chile-considera-que-tratado-de-1904-con-bolivia-es-un-referente-para-caso-maritimo-con-peru\/","url":"https:\/\/aeronoticias.com.pe\/noticiero\/internacionales\/chile-considera-que-tratado-de-1904-con-bolivia-es-un-referente-para-caso-maritimo-con-peru\/","name":"Chile considera que tratado de 1904 con Bolivia es un referente para caso mar\u00edtimo con Per\u00fa","isPartOf":{"@id":"https:\/\/aeronoticias.com.pe\/noticiero\/#website"},"datePublished":"2012-06-04T20:21:53+00:00","author":{"@id":"https:\/\/aeronoticias.com.pe\/noticiero\/#\/schema\/person\/fc1e5d578f4b62ba1cf7ac2bba1170a0"},"description":"Portal de noticias del Per\u00fa sobre el transporte a\u00e9reo, aviaci\u00f3n, turismo, hoteleria, actualidad.","breadcrumb":{"@id":"https:\/\/aeronoticias.com.pe\/noticiero\/internacionales\/chile-considera-que-tratado-de-1904-con-bolivia-es-un-referente-para-caso-maritimo-con-peru\/#breadcrumb"},"inLanguage":"es","potentialAction":[{"@type":"ReadAction","target":["https:\/\/aeronoticias.com.pe\/noticiero\/internacionales\/chile-considera-que-tratado-de-1904-con-bolivia-es-un-referente-para-caso-maritimo-con-peru\/"]}]},{"@type":"BreadcrumbList","@id":"https:\/\/aeronoticias.com.pe\/noticiero\/internacionales\/chile-considera-que-tratado-de-1904-con-bolivia-es-un-referente-para-caso-maritimo-con-peru\/#breadcrumb","itemListElement":[{"@type":"ListItem","position":1,"name":"Portada","item":"https:\/\/aeronoticias.com.pe\/noticiero\/"},{"@type":"ListItem","position":2,"name":"Chile considera que tratado de 1904 con Bolivia es un referente para caso mar\u00edtimo con Per\u00fa"}]},{"@type":"WebSite","@id":"https:\/\/aeronoticias.com.pe\/noticiero\/#website","url":"https:\/\/aeronoticias.com.pe\/noticiero\/","name":"Aeronoticias.com.pe","description":"Noticias de tranporte aereo, turismo, hoteles, gastronomia, actualidad, internacional","potentialAction":[{"@type":"SearchAction","target":{"@type":"EntryPoint","urlTemplate":"https:\/\/aeronoticias.com.pe\/noticiero\/?s={search_term_string}"},"query-input":{"@type":"PropertyValueSpecification","valueRequired":true,"valueName":"search_term_string"}}],"inLanguage":"es"},{"@type":"Person","@id":"https:\/\/aeronoticias.com.pe\/noticiero\/#\/schema\/person\/fc1e5d578f4b62ba1cf7ac2bba1170a0","name":"Redacci\u00f3n Aeronoticias","url":"https:\/\/aeronoticias.com.pe\/noticiero\/author\/piloto\/"}]}},"_links":{"self":[{"href":"https:\/\/aeronoticias.com.pe\/noticiero\/wp-json\/wp\/v2\/posts\/27102","targetHints":{"allow":["GET"]}}],"collection":[{"href":"https:\/\/aeronoticias.com.pe\/noticiero\/wp-json\/wp\/v2\/posts"}],"about":[{"href":"https:\/\/aeronoticias.com.pe\/noticiero\/wp-json\/wp\/v2\/types\/post"}],"author":[{"embeddable":true,"href":"https:\/\/aeronoticias.com.pe\/noticiero\/wp-json\/wp\/v2\/users\/1"}],"replies":[{"embeddable":true,"href":"https:\/\/aeronoticias.com.pe\/noticiero\/wp-json\/wp\/v2\/comments?post=27102"}],"version-history":[{"count":0,"href":"https:\/\/aeronoticias.com.pe\/noticiero\/wp-json\/wp\/v2\/posts\/27102\/revisions"}],"wp:attachment":[{"href":"https:\/\/aeronoticias.com.pe\/noticiero\/wp-json\/wp\/v2\/media?parent=27102"}],"wp:term":[{"taxonomy":"category","embeddable":true,"href":"https:\/\/aeronoticias.com.pe\/noticiero\/wp-json\/wp\/v2\/categories?post=27102"},{"taxonomy":"post_tag","embeddable":true,"href":"https:\/\/aeronoticias.com.pe\/noticiero\/wp-json\/wp\/v2\/tags?post=27102"}],"curies":[{"name":"wp","href":"https:\/\/api.w.org\/{rel}","templated":true}]}}