{"id":27103,"date":"2012-06-04T20:46:05","date_gmt":"2012-06-04T20:46:05","guid":{"rendered":"http:\/\/desarrollo.mcvicious.com\/aero2020\/2012\/06\/04\/avion-accidentado-en-nigeria-tuvo-fallas-en-ambos-motores\/"},"modified":"2012-06-04T20:46:05","modified_gmt":"2012-06-04T20:46:05","slug":"avion-accidentado-en-nigeria-tuvo-fallas-en-ambos-motores","status":"publish","type":"post","link":"https:\/\/aeronoticias.com.pe\/noticiero\/internacionales\/avion-accidentado-en-nigeria-tuvo-fallas-en-ambos-motores\/","title":{"rendered":"Avi\u00f3n accidentado en Nigeria tuvo fallas en ambos motores"},"content":{"rendered":"<p style=\"text-align: justify;\"><strong>(Aeronoticias).-<\/strong> Los dos motores del avi\u00f3n que se estrell\u00f3 el domingo en Lagos, causando la muerte a 153 personas, fallaron antes de que el aparato se precipitara a tierra, inform\u00f3 este lunes el titular de la aviaci\u00f3n civil nigeriana.<\/p>\n<p style=\"text-align: justify;\">La tripulaci\u00f3n lanz\u00f3 \u00abuna llamada de emergencia ya que los dos motores fallaron\u00bb, declar\u00f3 a la AFP Harold Demurem, sin precisar las razones de las aver\u00edas.<\/p>\n<p style=\"text-align: justify;\">\u00abEllos declararon &#8216;mayday'\u00bb (c\u00f3digo internacional de emergencia), dijo a la AFP. \u00abLa raz\u00f3n fue que los dos motores fallaron\u00bb, dijo el funcionario, aunque a\u00f1adi\u00f3 que las causas del problema a\u00fan no est\u00e1n claras.<\/p>\n<p style=\"text-align: justify;\">Grupos de socorristas de Nigeria iniciaron el lunes las tareas de remoci\u00f3n de los cuerpos de v\u00edctimas en el accidente a\u00e9reo que dej\u00f3 un saldo de por lo menos 153 muertos en Lagos, en un escenario de enorme tensi\u00f3n y enfrentamiento con familiares de los pasajeros y curiosos.<\/p>\n<p style=\"text-align: justify;\">Los familiares de las v\u00edctimas se encontraban reunidos en los alrededores de una morgue del hospital de Lagos, con la esperanza de identificar los cuerpos.<\/p>\n<p style=\"text-align: justify;\">Seg\u00fan un empleado, m\u00e1s de un centenar de cuerpos han sido depositados en la morgue desde el domingo en la noche.<\/p>\n<p>  <!--more-->  <\/p>\n<p style=\"text-align: justify;\">El presidente nigeriano Goodluck Jonathan prometi\u00f3 el lunes tomar las medidas necesarias para mejorar la seguridad a\u00e9rea, durante una visita al lugar de la cat\u00e1strofe, una de las m\u00e1s graves ocurridas en Nigeria.<\/p>\n<p style=\"text-align: justify;\">\u00abHemos trabajado muy duro para mejorar la aviaci\u00f3n en este pa\u00eds. Este accidente es un serio rev\u00e9s para nosotros\u00bb, a\u00f1adi\u00f3 Goodluck, recalcando que har\u00e1 todo lo posible para que ese tipo de accidentes no vuelva a producirse en Nigeria.<\/p>\n<p style=\"text-align: justify;\">El lunes por la ma\u00f1ana la polic\u00eda tuvo que arrojar gases lacrim\u00f3genos para dispersar la multitud que se reuni\u00f3 alrededor de los restos del avi\u00f3n, entre los que hab\u00eda muchas personas buscando afanosamente a sus familiares mientras trozos de la aeronave a\u00fan estaban parcialmente en llamas.<\/p>\n<p style=\"text-align: justify;\">\u00abYo s\u00f3lo quiero saber c\u00f3mo muri\u00f3\u00bb, explic\u00f3 a la polic\u00eda un hombre que fue retirado del lugar mientras buscaba los restos de su hermano.<\/p>\n<p style=\"text-align: justify;\">Por lo menos unas 2.000 personas acompa\u00f1aban los operativos de remoci\u00f3n de cuerpos y destrozos con la ayuda de dos gr\u00faas, en las proximidades del principal aeropuerto nigeriano.<\/p>\n<p style=\"text-align: justify;\">Desde 1992, a\u00f1o en que se accident\u00f3 un avi\u00f3n de transporte militar nigeriano cerca de Lagos causando la muerte a 158 personas, el pa\u00eds sufri\u00f3 seis cat\u00e1strofes a\u00e9reas de envergadura que dejaron cada vez entre 100 y 150 muertos.<\/p>\n<p style=\"text-align: justify;\">De momento se desconocen las causas del accidente del aparato, un Boeing MD83, aunque la caja negra fue hallada y entregada a la polic\u00eda.<\/p>\n<p style=\"text-align: justify;\">Se teme que hayan muerto residentes del barrio en el que impact\u00f3 el avi\u00f3n, seg\u00fan una fuente de los servicios de emergencia. En uno de los edificios da\u00f1ados se encontraron unos diez cad\u00e1veres carbonizados.<\/p>\n<p style=\"text-align: justify;\">Seg\u00fan el portavoz de la polic\u00eda del Estado de Lagos, Joseph Jaiyeoba, el avi\u00f3n se estrell\u00f3 en el barrio de Iju, en el norte de la ciudad, cerca del aeropuerto internacional de esta inmensa aglomeraci\u00f3n de casi 15 millones de habitantes.<\/p>\n<p style=\"text-align: justify;\">El avi\u00f3n cay\u00f3 en un predio en el que seg\u00fan los vecinos hab\u00eda una iglesia, un comercio y un edificio de viviendas de dos plantas.<\/p>\n<p style=\"text-align: justify;\">El aparato \u00abvol\u00f3 muy bajo durante cinco minutos con un ruido infernal, y se estrell\u00f3 en una zona de viviendas (&#8230;). Se incendi\u00f3 luego\u00bb, cont\u00f3 a la AFP un testigo.<\/p>\n<p style=\"text-align: justify;\">AFP.<\/p>\n<p style=\"text-align: justify;\"><img decoding=\"async\" src=\"images\/stories\/12\/06\/040612\/avion_nigeria_accidente_fatal.jpg\" border=\"0\" alt=\"Avi\u00f3n accidentado en Nigeria tuvo fallas en ambos motores\" title=\"Avi\u00f3n accidentado en Nigeria tuvo fallas en ambos motores\" \/><\/p>\n","protected":false},"excerpt":{"rendered":"<p>(Aeronoticias).- Los dos motores del avi\u00f3n que se estrell\u00f3 el domingo en Lagos, causando la muerte a 153 personas, fallaron antes de que el aparato se precipitara a tierra, inform\u00f3 este lunes el titular de la aviaci\u00f3n civil nigeriana. La tripulaci\u00f3n lanz\u00f3 \u00abuna llamada de emergencia ya que los dos motores fallaron\u00bb, declar\u00f3 a la [&hellip;]<\/p>\n","protected":false},"author":1,"featured_media":0,"comment_status":"open","ping_status":"open","sticky":false,"template":"","format":"standard","meta":{"tdm_status":"","tdm_grid_status":"","footnotes":""},"categories":[34],"tags":[],"class_list":{"0":"post-27103","1":"post","2":"type-post","3":"status-publish","4":"format-standard","6":"category-internacionales"},"yoast_head":"<!-- This site is optimized with the Yoast SEO plugin v25.1 - https:\/\/yoast.com\/wordpress\/plugins\/seo\/ -->\n<title>Avi\u00f3n accidentado en Nigeria tuvo fallas en ambos motores<\/title>\n<meta name=\"description\" content=\"Portal de noticias del Per\u00fa sobre el transporte a\u00e9reo, aviaci\u00f3n, turismo, hoteleria, actualidad.\" \/>\n<meta name=\"robots\" content=\"index, follow, max-snippet:-1, max-image-preview:large, max-video-preview:-1\" \/>\n<link rel=\"canonical\" href=\"https:\/\/aeronoticias.com.pe\/noticiero\/internacionales\/avion-accidentado-en-nigeria-tuvo-fallas-en-ambos-motores\/\" \/>\n<meta property=\"og:locale\" content=\"es_ES\" \/>\n<meta property=\"og:type\" content=\"article\" \/>\n<meta property=\"og:title\" content=\"Avi\u00f3n accidentado en Nigeria tuvo fallas en ambos motores\" \/>\n<meta property=\"og:description\" content=\"Portal de noticias del Per\u00fa sobre el transporte a\u00e9reo, aviaci\u00f3n, turismo, hoteleria, actualidad.\" \/>\n<meta property=\"og:url\" content=\"https:\/\/aeronoticias.com.pe\/noticiero\/internacionales\/avion-accidentado-en-nigeria-tuvo-fallas-en-ambos-motores\/\" \/>\n<meta property=\"og:site_name\" content=\"Aeronoticias.com.pe\" \/>\n<meta property=\"article:publisher\" content=\"https:\/\/www.facebook.com\/Aeronoticias.com.pe\/\" \/>\n<meta property=\"article:published_time\" content=\"2012-06-04T20:46:05+00:00\" \/>\n<meta name=\"author\" content=\"Redacci\u00f3n Aeronoticias\" \/>\n<meta name=\"twitter:card\" content=\"summary_large_image\" \/>\n<meta name=\"twitter:creator\" content=\"@aeronoticias\" \/>\n<meta name=\"twitter:site\" content=\"@aeronoticias\" \/>\n<meta name=\"twitter:label1\" content=\"Escrito por\" \/>\n\t<meta name=\"twitter:data1\" content=\"Redacci\u00f3n Aeronoticias\" \/>\n\t<meta name=\"twitter:label2\" content=\"Tiempo de lectura\" \/>\n\t<meta name=\"twitter:data2\" content=\"3 minutos\" \/>\n<script type=\"application\/ld+json\" class=\"yoast-schema-graph\">{\"@context\":\"https:\/\/schema.org\",\"@graph\":[{\"@type\":\"WebPage\",\"@id\":\"https:\/\/aeronoticias.com.pe\/noticiero\/internacionales\/avion-accidentado-en-nigeria-tuvo-fallas-en-ambos-motores\/\",\"url\":\"https:\/\/aeronoticias.com.pe\/noticiero\/internacionales\/avion-accidentado-en-nigeria-tuvo-fallas-en-ambos-motores\/\",\"name\":\"Avi\u00f3n accidentado en Nigeria tuvo fallas en ambos motores\",\"isPartOf\":{\"@id\":\"https:\/\/aeronoticias.com.pe\/noticiero\/#website\"},\"datePublished\":\"2012-06-04T20:46:05+00:00\",\"author\":{\"@id\":\"https:\/\/aeronoticias.com.pe\/noticiero\/#\/schema\/person\/fc1e5d578f4b62ba1cf7ac2bba1170a0\"},\"description\":\"Portal de noticias del Per\u00fa sobre el transporte a\u00e9reo, aviaci\u00f3n, turismo, hoteleria, actualidad.\",\"breadcrumb\":{\"@id\":\"https:\/\/aeronoticias.com.pe\/noticiero\/internacionales\/avion-accidentado-en-nigeria-tuvo-fallas-en-ambos-motores\/#breadcrumb\"},\"inLanguage\":\"es\",\"potentialAction\":[{\"@type\":\"ReadAction\",\"target\":[\"https:\/\/aeronoticias.com.pe\/noticiero\/internacionales\/avion-accidentado-en-nigeria-tuvo-fallas-en-ambos-motores\/\"]}]},{\"@type\":\"BreadcrumbList\",\"@id\":\"https:\/\/aeronoticias.com.pe\/noticiero\/internacionales\/avion-accidentado-en-nigeria-tuvo-fallas-en-ambos-motores\/#breadcrumb\",\"itemListElement\":[{\"@type\":\"ListItem\",\"position\":1,\"name\":\"Portada\",\"item\":\"https:\/\/aeronoticias.com.pe\/noticiero\/\"},{\"@type\":\"ListItem\",\"position\":2,\"name\":\"Avi\u00f3n accidentado en Nigeria tuvo fallas en ambos motores\"}]},{\"@type\":\"WebSite\",\"@id\":\"https:\/\/aeronoticias.com.pe\/noticiero\/#website\",\"url\":\"https:\/\/aeronoticias.com.pe\/noticiero\/\",\"name\":\"Aeronoticias.com.pe\",\"description\":\"Noticias de tranporte aereo, turismo, hoteles, gastronomia, actualidad, internacional\",\"potentialAction\":[{\"@type\":\"SearchAction\",\"target\":{\"@type\":\"EntryPoint\",\"urlTemplate\":\"https:\/\/aeronoticias.com.pe\/noticiero\/?s={search_term_string}\"},\"query-input\":{\"@type\":\"PropertyValueSpecification\",\"valueRequired\":true,\"valueName\":\"search_term_string\"}}],\"inLanguage\":\"es\"},{\"@type\":\"Person\",\"@id\":\"https:\/\/aeronoticias.com.pe\/noticiero\/#\/schema\/person\/fc1e5d578f4b62ba1cf7ac2bba1170a0\",\"name\":\"Redacci\u00f3n Aeronoticias\",\"url\":\"https:\/\/aeronoticias.com.pe\/noticiero\/author\/piloto\/\"}]}<\/script>\n<!-- \/ Yoast SEO plugin. -->","yoast_head_json":{"title":"Avi\u00f3n accidentado en Nigeria tuvo fallas en ambos motores","description":"Portal de noticias del Per\u00fa sobre el transporte a\u00e9reo, aviaci\u00f3n, turismo, hoteleria, actualidad.","robots":{"index":"index","follow":"follow","max-snippet":"max-snippet:-1","max-image-preview":"max-image-preview:large","max-video-preview":"max-video-preview:-1"},"canonical":"https:\/\/aeronoticias.com.pe\/noticiero\/internacionales\/avion-accidentado-en-nigeria-tuvo-fallas-en-ambos-motores\/","og_locale":"es_ES","og_type":"article","og_title":"Avi\u00f3n accidentado en Nigeria tuvo fallas en ambos motores","og_description":"Portal de noticias del Per\u00fa sobre el transporte a\u00e9reo, aviaci\u00f3n, turismo, hoteleria, actualidad.","og_url":"https:\/\/aeronoticias.com.pe\/noticiero\/internacionales\/avion-accidentado-en-nigeria-tuvo-fallas-en-ambos-motores\/","og_site_name":"Aeronoticias.com.pe","article_publisher":"https:\/\/www.facebook.com\/Aeronoticias.com.pe\/","article_published_time":"2012-06-04T20:46:05+00:00","author":"Redacci\u00f3n Aeronoticias","twitter_card":"summary_large_image","twitter_creator":"@aeronoticias","twitter_site":"@aeronoticias","twitter_misc":{"Escrito por":"Redacci\u00f3n Aeronoticias","Tiempo de lectura":"3 minutos"},"schema":{"@context":"https:\/\/schema.org","@graph":[{"@type":"WebPage","@id":"https:\/\/aeronoticias.com.pe\/noticiero\/internacionales\/avion-accidentado-en-nigeria-tuvo-fallas-en-ambos-motores\/","url":"https:\/\/aeronoticias.com.pe\/noticiero\/internacionales\/avion-accidentado-en-nigeria-tuvo-fallas-en-ambos-motores\/","name":"Avi\u00f3n accidentado en Nigeria tuvo fallas en ambos motores","isPartOf":{"@id":"https:\/\/aeronoticias.com.pe\/noticiero\/#website"},"datePublished":"2012-06-04T20:46:05+00:00","author":{"@id":"https:\/\/aeronoticias.com.pe\/noticiero\/#\/schema\/person\/fc1e5d578f4b62ba1cf7ac2bba1170a0"},"description":"Portal de noticias del Per\u00fa sobre el transporte a\u00e9reo, aviaci\u00f3n, turismo, hoteleria, actualidad.","breadcrumb":{"@id":"https:\/\/aeronoticias.com.pe\/noticiero\/internacionales\/avion-accidentado-en-nigeria-tuvo-fallas-en-ambos-motores\/#breadcrumb"},"inLanguage":"es","potentialAction":[{"@type":"ReadAction","target":["https:\/\/aeronoticias.com.pe\/noticiero\/internacionales\/avion-accidentado-en-nigeria-tuvo-fallas-en-ambos-motores\/"]}]},{"@type":"BreadcrumbList","@id":"https:\/\/aeronoticias.com.pe\/noticiero\/internacionales\/avion-accidentado-en-nigeria-tuvo-fallas-en-ambos-motores\/#breadcrumb","itemListElement":[{"@type":"ListItem","position":1,"name":"Portada","item":"https:\/\/aeronoticias.com.pe\/noticiero\/"},{"@type":"ListItem","position":2,"name":"Avi\u00f3n accidentado en Nigeria tuvo fallas en ambos motores"}]},{"@type":"WebSite","@id":"https:\/\/aeronoticias.com.pe\/noticiero\/#website","url":"https:\/\/aeronoticias.com.pe\/noticiero\/","name":"Aeronoticias.com.pe","description":"Noticias de tranporte aereo, turismo, hoteles, gastronomia, actualidad, internacional","potentialAction":[{"@type":"SearchAction","target":{"@type":"EntryPoint","urlTemplate":"https:\/\/aeronoticias.com.pe\/noticiero\/?s={search_term_string}"},"query-input":{"@type":"PropertyValueSpecification","valueRequired":true,"valueName":"search_term_string"}}],"inLanguage":"es"},{"@type":"Person","@id":"https:\/\/aeronoticias.com.pe\/noticiero\/#\/schema\/person\/fc1e5d578f4b62ba1cf7ac2bba1170a0","name":"Redacci\u00f3n Aeronoticias","url":"https:\/\/aeronoticias.com.pe\/noticiero\/author\/piloto\/"}]}},"_links":{"self":[{"href":"https:\/\/aeronoticias.com.pe\/noticiero\/wp-json\/wp\/v2\/posts\/27103","targetHints":{"allow":["GET"]}}],"collection":[{"href":"https:\/\/aeronoticias.com.pe\/noticiero\/wp-json\/wp\/v2\/posts"}],"about":[{"href":"https:\/\/aeronoticias.com.pe\/noticiero\/wp-json\/wp\/v2\/types\/post"}],"author":[{"embeddable":true,"href":"https:\/\/aeronoticias.com.pe\/noticiero\/wp-json\/wp\/v2\/users\/1"}],"replies":[{"embeddable":true,"href":"https:\/\/aeronoticias.com.pe\/noticiero\/wp-json\/wp\/v2\/comments?post=27103"}],"version-history":[{"count":0,"href":"https:\/\/aeronoticias.com.pe\/noticiero\/wp-json\/wp\/v2\/posts\/27103\/revisions"}],"wp:attachment":[{"href":"https:\/\/aeronoticias.com.pe\/noticiero\/wp-json\/wp\/v2\/media?parent=27103"}],"wp:term":[{"taxonomy":"category","embeddable":true,"href":"https:\/\/aeronoticias.com.pe\/noticiero\/wp-json\/wp\/v2\/categories?post=27103"},{"taxonomy":"post_tag","embeddable":true,"href":"https:\/\/aeronoticias.com.pe\/noticiero\/wp-json\/wp\/v2\/tags?post=27103"}],"curies":[{"name":"wp","href":"https:\/\/api.w.org\/{rel}","templated":true}]}}