{"id":27105,"date":"2012-06-04T21:31:30","date_gmt":"2012-06-04T21:31:30","guid":{"rendered":"http:\/\/desarrollo.mcvicious.com\/aero2020\/2012\/06\/04\/portugal-privatizara-sus-aeropuertos-y-su-aerolinea-tap\/"},"modified":"2012-06-04T21:31:30","modified_gmt":"2012-06-04T21:31:30","slug":"portugal-privatizara-sus-aeropuertos-y-su-aerolinea-tap","status":"publish","type":"post","link":"https:\/\/aeronoticias.com.pe\/noticiero\/transporte-aereo\/internacional\/portugal-privatizara-sus-aeropuertos-y-su-aerolinea-tap\/","title":{"rendered":"Portugal privatizar\u00e1 sus aeropuertos y su aerol\u00ednea TAP"},"content":{"rendered":"<p style=\"text-align: justify;\"><strong>(Aeronoticias).-<\/strong> Portugal mantiene el objetivo de privatizar la aerol\u00ednea estatal TAP y la gestora de aeropuertos ANA a lo largo de esta a\u00f1o, seg\u00fan confirm\u00f3 hoy el ministro de Finanzas, V\u00edtor Gaspar, sin dar fechas concretas.<\/p>\n<p style=\"text-align: justify;\">En la presentaci\u00f3n de los resultados de la inspecci\u00f3n trimestral de la troika al programa luso de ajustes, el ministro destac\u00f3 que el Ejecutivo portugu\u00e9s conf\u00eda en cerrar durante este mismo a\u00f1o la venta de ambas compa\u00f1\u00edas, sobre las que ya han mostrado inter\u00e9s varias firmas privadas, mencion\u00f3 Efe.<\/p>\n<p style=\"text-align: justify;\">Entre los candidatos a hacerse con TAP est\u00e1 IAG, resultante de la alianza entre British Airways y la espa\u00f1ola Iberia, aunque seg\u00fan el Gobierno luso existen varias empresas m\u00e1s.<\/p>\n<p style=\"text-align: justify;\">La privatizaci\u00f3n de la aerol\u00ednea lusa estaba prevista para el a\u00f1o 2011, cuando se acometieron las ventas de los t\u00edtulos en manos del Estado de Energ\u00edas de Portugal (EDP) y Red El\u00e9ctrica Nacional (REN), aunque finalmente fue retrasada un a\u00f1o m\u00e1s.<\/p>\n<p>  <!--more-->  <\/p>\n<p style=\"text-align: justify;\">El Ejecutivo luso anunci\u00f3 despu\u00e9s que pretend\u00eda cerrar el proceso de TAP en el primer semestre del 2012, aunque hace apenas una semana que confirm\u00f3 la contrataci\u00f3n de los asesores financieros y jur\u00eddicos que se encargar\u00e1n de las negociaciones, de lo que se deduce que podr\u00eda retrasarse m\u00e1s.<\/p>\n<p style=\"text-align: justify;\">El ministro de Finanzas tambi\u00e9n inform\u00f3 hoy de que la divisi\u00f3n de Carga de la empresa p\u00fablica CP (Trenes de Portugal) ser\u00e1 vendida a lo largo de 2013 y no durante este a\u00f1o como ten\u00eda previsto.<\/p>\n<p style=\"text-align: justify;\">El objetivo del Gobierno luso es conseguir unos ingresos de 5.500 millones de euros con el conjunto de su programa de privatizaciones, seg\u00fan prev\u00e9 el programa de ajustes y reformas acordado con la Uni\u00f3n Europea y el Fondo Monetario Internacional a cambio de su rescate financiero.<\/p>\n<p style=\"text-align: justify;\">Con las ventas de EDP -2.700 millones de euros- y REN -592 millones de euros-, Portugal ha garantizado ya m\u00e1s de la mitad de los ingresos previstos por ese concepto.<\/p>\n<p style=\"text-align: justify;\">ElUniversal.com<\/p>\n<p style=\"text-align: justify;\"><img decoding=\"async\" src=\"images\/stories\/12\/06\/040612\/portugal_tap_aeropuertos_privatizacion.jpg\" border=\"0\" alt=\"Portugal privatizar\u00e1 sus aeropuertos y su aerol\u00ednea TAP\" title=\"Portugal privatizar\u00e1 sus aeropuertos y su aerol\u00ednea TAP\" \/><\/p>\n","protected":false},"excerpt":{"rendered":"<p>(Aeronoticias).- Portugal mantiene el objetivo de privatizar la aerol\u00ednea estatal TAP y la gestora de aeropuertos ANA a lo largo de esta a\u00f1o, seg\u00fan confirm\u00f3 hoy el ministro de Finanzas, V\u00edtor Gaspar, sin dar fechas concretas. En la presentaci\u00f3n de los resultados de la inspecci\u00f3n trimestral de la troika al programa luso de ajustes, el [&hellip;]<\/p>\n","protected":false},"author":1,"featured_media":0,"comment_status":"open","ping_status":"open","sticky":false,"template":"","format":"standard","meta":{"tdm_status":"","tdm_grid_status":"","footnotes":""},"categories":[32],"tags":[],"class_list":{"0":"post-27105","1":"post","2":"type-post","3":"status-publish","4":"format-standard","6":"category-internacional"},"yoast_head":"<!-- This site is optimized with the Yoast SEO plugin v25.1 - https:\/\/yoast.com\/wordpress\/plugins\/seo\/ -->\n<title>Portugal privatizar\u00e1 sus aeropuertos y su aerol\u00ednea TAP<\/title>\n<meta name=\"description\" content=\"Portal de noticias del Per\u00fa sobre el transporte a\u00e9reo, aviaci\u00f3n, turismo, hoteleria, actualidad.\" \/>\n<meta name=\"robots\" content=\"index, follow, max-snippet:-1, max-image-preview:large, max-video-preview:-1\" \/>\n<link rel=\"canonical\" href=\"https:\/\/aeronoticias.com.pe\/noticiero\/transporte-aereo\/internacional\/portugal-privatizara-sus-aeropuertos-y-su-aerolinea-tap\/\" \/>\n<meta property=\"og:locale\" content=\"es_ES\" \/>\n<meta property=\"og:type\" content=\"article\" \/>\n<meta property=\"og:title\" content=\"Portugal privatizar\u00e1 sus aeropuertos y su aerol\u00ednea TAP\" \/>\n<meta property=\"og:description\" content=\"Portal de noticias del Per\u00fa sobre el transporte a\u00e9reo, aviaci\u00f3n, turismo, hoteleria, actualidad.\" \/>\n<meta property=\"og:url\" content=\"https:\/\/aeronoticias.com.pe\/noticiero\/transporte-aereo\/internacional\/portugal-privatizara-sus-aeropuertos-y-su-aerolinea-tap\/\" \/>\n<meta property=\"og:site_name\" content=\"Aeronoticias.com.pe\" \/>\n<meta property=\"article:publisher\" content=\"https:\/\/www.facebook.com\/Aeronoticias.com.pe\/\" \/>\n<meta property=\"article:published_time\" content=\"2012-06-04T21:31:30+00:00\" \/>\n<meta name=\"author\" content=\"Redacci\u00f3n Aeronoticias\" \/>\n<meta name=\"twitter:card\" content=\"summary_large_image\" \/>\n<meta name=\"twitter:creator\" content=\"@aeronoticias\" \/>\n<meta name=\"twitter:site\" content=\"@aeronoticias\" \/>\n<meta name=\"twitter:label1\" content=\"Escrito por\" \/>\n\t<meta name=\"twitter:data1\" content=\"Redacci\u00f3n Aeronoticias\" \/>\n\t<meta name=\"twitter:label2\" content=\"Tiempo de lectura\" \/>\n\t<meta name=\"twitter:data2\" content=\"2 minutos\" \/>\n<script type=\"application\/ld+json\" class=\"yoast-schema-graph\">{\"@context\":\"https:\/\/schema.org\",\"@graph\":[{\"@type\":\"WebPage\",\"@id\":\"https:\/\/aeronoticias.com.pe\/noticiero\/transporte-aereo\/internacional\/portugal-privatizara-sus-aeropuertos-y-su-aerolinea-tap\/\",\"url\":\"https:\/\/aeronoticias.com.pe\/noticiero\/transporte-aereo\/internacional\/portugal-privatizara-sus-aeropuertos-y-su-aerolinea-tap\/\",\"name\":\"Portugal privatizar\u00e1 sus aeropuertos y su aerol\u00ednea TAP\",\"isPartOf\":{\"@id\":\"https:\/\/aeronoticias.com.pe\/noticiero\/#website\"},\"datePublished\":\"2012-06-04T21:31:30+00:00\",\"author\":{\"@id\":\"https:\/\/aeronoticias.com.pe\/noticiero\/#\/schema\/person\/fc1e5d578f4b62ba1cf7ac2bba1170a0\"},\"description\":\"Portal de noticias del Per\u00fa sobre el transporte a\u00e9reo, aviaci\u00f3n, turismo, hoteleria, actualidad.\",\"breadcrumb\":{\"@id\":\"https:\/\/aeronoticias.com.pe\/noticiero\/transporte-aereo\/internacional\/portugal-privatizara-sus-aeropuertos-y-su-aerolinea-tap\/#breadcrumb\"},\"inLanguage\":\"es\",\"potentialAction\":[{\"@type\":\"ReadAction\",\"target\":[\"https:\/\/aeronoticias.com.pe\/noticiero\/transporte-aereo\/internacional\/portugal-privatizara-sus-aeropuertos-y-su-aerolinea-tap\/\"]}]},{\"@type\":\"BreadcrumbList\",\"@id\":\"https:\/\/aeronoticias.com.pe\/noticiero\/transporte-aereo\/internacional\/portugal-privatizara-sus-aeropuertos-y-su-aerolinea-tap\/#breadcrumb\",\"itemListElement\":[{\"@type\":\"ListItem\",\"position\":1,\"name\":\"Portada\",\"item\":\"https:\/\/aeronoticias.com.pe\/noticiero\/\"},{\"@type\":\"ListItem\",\"position\":2,\"name\":\"Portugal privatizar\u00e1 sus aeropuertos y su aerol\u00ednea TAP\"}]},{\"@type\":\"WebSite\",\"@id\":\"https:\/\/aeronoticias.com.pe\/noticiero\/#website\",\"url\":\"https:\/\/aeronoticias.com.pe\/noticiero\/\",\"name\":\"Aeronoticias.com.pe\",\"description\":\"Noticias de tranporte aereo, turismo, hoteles, gastronomia, actualidad, internacional\",\"potentialAction\":[{\"@type\":\"SearchAction\",\"target\":{\"@type\":\"EntryPoint\",\"urlTemplate\":\"https:\/\/aeronoticias.com.pe\/noticiero\/?s={search_term_string}\"},\"query-input\":{\"@type\":\"PropertyValueSpecification\",\"valueRequired\":true,\"valueName\":\"search_term_string\"}}],\"inLanguage\":\"es\"},{\"@type\":\"Person\",\"@id\":\"https:\/\/aeronoticias.com.pe\/noticiero\/#\/schema\/person\/fc1e5d578f4b62ba1cf7ac2bba1170a0\",\"name\":\"Redacci\u00f3n Aeronoticias\",\"url\":\"https:\/\/aeronoticias.com.pe\/noticiero\/author\/piloto\/\"}]}<\/script>\n<!-- \/ Yoast SEO plugin. -->","yoast_head_json":{"title":"Portugal privatizar\u00e1 sus aeropuertos y su aerol\u00ednea TAP","description":"Portal de noticias del Per\u00fa sobre el transporte a\u00e9reo, aviaci\u00f3n, turismo, hoteleria, actualidad.","robots":{"index":"index","follow":"follow","max-snippet":"max-snippet:-1","max-image-preview":"max-image-preview:large","max-video-preview":"max-video-preview:-1"},"canonical":"https:\/\/aeronoticias.com.pe\/noticiero\/transporte-aereo\/internacional\/portugal-privatizara-sus-aeropuertos-y-su-aerolinea-tap\/","og_locale":"es_ES","og_type":"article","og_title":"Portugal privatizar\u00e1 sus aeropuertos y su aerol\u00ednea TAP","og_description":"Portal de noticias del Per\u00fa sobre el transporte a\u00e9reo, aviaci\u00f3n, turismo, hoteleria, actualidad.","og_url":"https:\/\/aeronoticias.com.pe\/noticiero\/transporte-aereo\/internacional\/portugal-privatizara-sus-aeropuertos-y-su-aerolinea-tap\/","og_site_name":"Aeronoticias.com.pe","article_publisher":"https:\/\/www.facebook.com\/Aeronoticias.com.pe\/","article_published_time":"2012-06-04T21:31:30+00:00","author":"Redacci\u00f3n Aeronoticias","twitter_card":"summary_large_image","twitter_creator":"@aeronoticias","twitter_site":"@aeronoticias","twitter_misc":{"Escrito por":"Redacci\u00f3n Aeronoticias","Tiempo de lectura":"2 minutos"},"schema":{"@context":"https:\/\/schema.org","@graph":[{"@type":"WebPage","@id":"https:\/\/aeronoticias.com.pe\/noticiero\/transporte-aereo\/internacional\/portugal-privatizara-sus-aeropuertos-y-su-aerolinea-tap\/","url":"https:\/\/aeronoticias.com.pe\/noticiero\/transporte-aereo\/internacional\/portugal-privatizara-sus-aeropuertos-y-su-aerolinea-tap\/","name":"Portugal privatizar\u00e1 sus aeropuertos y su aerol\u00ednea TAP","isPartOf":{"@id":"https:\/\/aeronoticias.com.pe\/noticiero\/#website"},"datePublished":"2012-06-04T21:31:30+00:00","author":{"@id":"https:\/\/aeronoticias.com.pe\/noticiero\/#\/schema\/person\/fc1e5d578f4b62ba1cf7ac2bba1170a0"},"description":"Portal de noticias del Per\u00fa sobre el transporte a\u00e9reo, aviaci\u00f3n, turismo, hoteleria, actualidad.","breadcrumb":{"@id":"https:\/\/aeronoticias.com.pe\/noticiero\/transporte-aereo\/internacional\/portugal-privatizara-sus-aeropuertos-y-su-aerolinea-tap\/#breadcrumb"},"inLanguage":"es","potentialAction":[{"@type":"ReadAction","target":["https:\/\/aeronoticias.com.pe\/noticiero\/transporte-aereo\/internacional\/portugal-privatizara-sus-aeropuertos-y-su-aerolinea-tap\/"]}]},{"@type":"BreadcrumbList","@id":"https:\/\/aeronoticias.com.pe\/noticiero\/transporte-aereo\/internacional\/portugal-privatizara-sus-aeropuertos-y-su-aerolinea-tap\/#breadcrumb","itemListElement":[{"@type":"ListItem","position":1,"name":"Portada","item":"https:\/\/aeronoticias.com.pe\/noticiero\/"},{"@type":"ListItem","position":2,"name":"Portugal privatizar\u00e1 sus aeropuertos y su aerol\u00ednea TAP"}]},{"@type":"WebSite","@id":"https:\/\/aeronoticias.com.pe\/noticiero\/#website","url":"https:\/\/aeronoticias.com.pe\/noticiero\/","name":"Aeronoticias.com.pe","description":"Noticias de tranporte aereo, turismo, hoteles, gastronomia, actualidad, internacional","potentialAction":[{"@type":"SearchAction","target":{"@type":"EntryPoint","urlTemplate":"https:\/\/aeronoticias.com.pe\/noticiero\/?s={search_term_string}"},"query-input":{"@type":"PropertyValueSpecification","valueRequired":true,"valueName":"search_term_string"}}],"inLanguage":"es"},{"@type":"Person","@id":"https:\/\/aeronoticias.com.pe\/noticiero\/#\/schema\/person\/fc1e5d578f4b62ba1cf7ac2bba1170a0","name":"Redacci\u00f3n Aeronoticias","url":"https:\/\/aeronoticias.com.pe\/noticiero\/author\/piloto\/"}]}},"_links":{"self":[{"href":"https:\/\/aeronoticias.com.pe\/noticiero\/wp-json\/wp\/v2\/posts\/27105","targetHints":{"allow":["GET"]}}],"collection":[{"href":"https:\/\/aeronoticias.com.pe\/noticiero\/wp-json\/wp\/v2\/posts"}],"about":[{"href":"https:\/\/aeronoticias.com.pe\/noticiero\/wp-json\/wp\/v2\/types\/post"}],"author":[{"embeddable":true,"href":"https:\/\/aeronoticias.com.pe\/noticiero\/wp-json\/wp\/v2\/users\/1"}],"replies":[{"embeddable":true,"href":"https:\/\/aeronoticias.com.pe\/noticiero\/wp-json\/wp\/v2\/comments?post=27105"}],"version-history":[{"count":0,"href":"https:\/\/aeronoticias.com.pe\/noticiero\/wp-json\/wp\/v2\/posts\/27105\/revisions"}],"wp:attachment":[{"href":"https:\/\/aeronoticias.com.pe\/noticiero\/wp-json\/wp\/v2\/media?parent=27105"}],"wp:term":[{"taxonomy":"category","embeddable":true,"href":"https:\/\/aeronoticias.com.pe\/noticiero\/wp-json\/wp\/v2\/categories?post=27105"},{"taxonomy":"post_tag","embeddable":true,"href":"https:\/\/aeronoticias.com.pe\/noticiero\/wp-json\/wp\/v2\/tags?post=27105"}],"curies":[{"name":"wp","href":"https:\/\/api.w.org\/{rel}","templated":true}]}}