{"id":2784,"date":"2009-05-05T09:57:42","date_gmt":"2009-05-05T09:57:42","guid":{"rendered":"http:\/\/desarrollo.mcvicious.com\/aero2020\/2009\/05\/05\/canal-4-y-canal-9-y-radio-libertad-entrevistaron-a-palacin-sobre-restricciones-de-vuelos\/"},"modified":"2009-05-05T09:57:42","modified_gmt":"2009-05-05T09:57:42","slug":"canal-4-y-canal-9-y-radio-libertad-entrevistaron-a-palacin-sobre-restricciones-de-vuelos","status":"publish","type":"post","link":"https:\/\/aeronoticias.com.pe\/noticiero\/transporte-aereo\/internacional\/canal-4-y-canal-9-y-radio-libertad-entrevistaron-a-palacin-sobre-restricciones-de-vuelos\/","title":{"rendered":"CANAL 4 Y CANAL 9 Y RADIO LIBERTAD ENTREVISTARON A  PALACIN SOBRE RESTRICCIONES DE VUELOS"},"content":{"rendered":"<div align=\"justify\">El d&iacute;a de ayer, los medios de comunicaci&oacute;n nacional est&aacute;n preocupados frente al problema que se gener&oacute; debido a los reclamos de miles de pasajeros varados en el Aeropuerto Internacional Jorge Ch&aacute;vez, a raz&oacute;n de que la niebla origin&oacute; cancelaciones-.<\/div>\n<p><\/p>\n<div align=\"center\"><object classid=\"clsid:D27CDB6E-AE6D-11cf-96B8-444553540000\" codebase=\"http:\/\/download.macromedia.com\/pub\/shockwave\/cabs\/flash\/swflash.cab#version=6,0,29,0\" width=\"400\" height=\"325\"><param name=\"movie\" value=\"http:\/\/www.youtube.com\/v\/Q3rIM0DNrOo&amp;hl=en&amp;fs=1\" \/><param name=\"quality\" value=\"high\" \/><param name=\"menu\" value=\"false\" \/><param name=\"wmode\" value=\"\" \/><embed src=\"http:\/\/www.youtube.com\/v\/Q3rIM0DNrOo&amp;hl=en&amp;fs=1\" wmode=\"\" quality=\"high\" menu=\"false\" pluginspage=\"http:\/\/www.macromedia.com\/go\/getflashplayer\" type=\"application\/x-shockwave-flash\" width=\"400\" height=\"325\"><\/embed><\/object><br \/>Entrevista a Juli&aacute;n Palac&iacute;n por Canal 4.<\/div>\n<p> <!--more-->           <\/p>\n<div align=\"justify\">Al respecto diversos medios de comunicaci&oacute;n entrevistaron al Presidente del Instituto Peruano de Derecho A&eacute;reo y ex Presidente de la Corporaci&oacute;n Peruana de Aeropuertos y Aviaci&oacute;n Comercial (CORPAC), Juli&aacute;n Palac&iacute;n Fern&aacute;ndez, he aqu&iacute; las entrevistas.<\/div>\n<div align=\"center\"><object classid=\"clsid:D27CDB6E-AE6D-11cf-96B8-444553540000\" codebase=\"http:\/\/download.macromedia.com\/pub\/shockwave\/cabs\/flash\/swflash.cab#version=6,0,29,0\" width=\"400\" height=\"325\"><param name=\"movie\" value=\"http:\/\/www.youtube.com\/v\/-0qvEFew4kU&amp;hl=en&amp;fs=1\" \/><param name=\"quality\" value=\"high\" \/><param name=\"menu\" value=\"false\" \/><param name=\"wmode\" value=\"\" \/><embed src=\"http:\/\/www.youtube.com\/v\/-0qvEFew4kU&amp;hl=en&amp;fs=1\" wmode=\"\" quality=\"high\" menu=\"false\" pluginspage=\"http:\/\/www.macromedia.com\/go\/getflashplayer\" type=\"application\/x-shockwave-flash\" width=\"400\" height=\"325\"><\/embed><\/object><br \/>Entrevista a Juli&aacute;n Palac&iacute;n por Canal 9.<\/div>\n<div align=\"center\">\n<table width=\"202\" border=\"1\" cellpadding=\"0\" cellspacing=\"0\" bordercolor=\"#3D8EEA\">\n<tr>\n<td height=\"28\" >\n<table width=\"200\" height=\"28\" border=\"0\" cellpadding=\"0\" cellspacing=\"0\">\n<tr>\n<td width=\"395\" align=\"center\">               <object classid=\"clsid:6BF52A52-394A-11D3-B153-00C04F79FAA6\" codebase=\"http:\/\/activex.microsoft.com\/activex\/controls\/mplayer\/en\/nsmp2inf.cab#Version=5,1,52,701\" width=\"200\" height=\"28\"><param name=\"src\" value=\"http:\/\/www.aeronoticias.com.pe\/fotonoticias\/0109\/05\/050509\/radio_libertad_050509_drpalcin.mp3\" \/><param name=\"url\" value=\"http:\/\/www.aeronoticias.com.pe\/fotonoticias\/0109\/05\/050509\/radio_libertad_050509_drpalcin.mp3\" \/><param name=\"width\" value=\"200\" \/><param name=\"height\" value=\"28\" \/><param name=\"autostart\" value=\"0\" \/><embed type=\"application\/x-mplayer2\"  src=\"http:\/\/www.aeronoticias.com.pe\/fotonoticias\/0109\/05\/050509\/radio_libertad_050509_drpalcin.mp3\" width=\"200\" height=\"28\"><\/embed><\/object>                 <\/td>\n<\/tr>\n<\/table>\n<\/td>\n<\/tr>\n<\/table>\n<p>   Entrevista a Juli&aacute;n Palac&iacute;n por Radio Libertad.<\/div>\n","protected":false},"excerpt":{"rendered":"<p>El d&iacute;a de ayer, los medios de comunicaci&oacute;n nacional est&aacute;n preocupados frente al problema que se gener&oacute; debido a los reclamos de miles de pasajeros varados en el Aeropuerto Internacional Jorge Ch&aacute;vez, a raz&oacute;n de que la niebla origin&oacute; cancelaciones-. Entrevista a Juli&aacute;n Palac&iacute;n por Canal 4.<\/p>\n","protected":false},"author":1,"featured_media":0,"comment_status":"open","ping_status":"open","sticky":false,"template":"","format":"standard","meta":{"tdm_status":"","tdm_grid_status":"","footnotes":""},"categories":[32],"tags":[],"class_list":{"0":"post-2784","1":"post","2":"type-post","3":"status-publish","4":"format-standard","6":"category-internacional"},"yoast_head":"<!-- This site is optimized with the Yoast SEO plugin v25.1 - https:\/\/yoast.com\/wordpress\/plugins\/seo\/ -->\n<title>CANAL 4 Y CANAL 9 Y RADIO LIBERTAD ENTREVISTARON A PALACIN SOBRE RESTRICCIONES DE VUELOS<\/title>\n<meta name=\"description\" content=\"Portal de noticias del Per\u00fa sobre el transporte a\u00e9reo, aviaci\u00f3n, turismo, hoteleria, actualidad.\" \/>\n<meta name=\"robots\" content=\"index, follow, max-snippet:-1, max-image-preview:large, max-video-preview:-1\" \/>\n<link rel=\"canonical\" href=\"https:\/\/aeronoticias.com.pe\/noticiero\/transporte-aereo\/internacional\/canal-4-y-canal-9-y-radio-libertad-entrevistaron-a-palacin-sobre-restricciones-de-vuelos\/\" \/>\n<meta property=\"og:locale\" content=\"es_ES\" \/>\n<meta property=\"og:type\" content=\"article\" \/>\n<meta property=\"og:title\" content=\"CANAL 4 Y CANAL 9 Y RADIO LIBERTAD ENTREVISTARON A PALACIN SOBRE RESTRICCIONES DE VUELOS\" \/>\n<meta property=\"og:description\" content=\"Portal de noticias del Per\u00fa sobre el transporte a\u00e9reo, aviaci\u00f3n, turismo, hoteleria, actualidad.\" \/>\n<meta property=\"og:url\" content=\"https:\/\/aeronoticias.com.pe\/noticiero\/transporte-aereo\/internacional\/canal-4-y-canal-9-y-radio-libertad-entrevistaron-a-palacin-sobre-restricciones-de-vuelos\/\" \/>\n<meta property=\"og:site_name\" content=\"Aeronoticias.com.pe\" \/>\n<meta property=\"article:publisher\" content=\"https:\/\/www.facebook.com\/Aeronoticias.com.pe\/\" \/>\n<meta property=\"article:published_time\" content=\"2009-05-05T09:57:42+00:00\" \/>\n<meta name=\"author\" content=\"Redacci\u00f3n Aeronoticias\" \/>\n<meta name=\"twitter:card\" content=\"summary_large_image\" \/>\n<meta name=\"twitter:creator\" content=\"@aeronoticias\" \/>\n<meta name=\"twitter:site\" content=\"@aeronoticias\" \/>\n<meta name=\"twitter:label1\" content=\"Escrito por\" \/>\n\t<meta name=\"twitter:data1\" content=\"Redacci\u00f3n Aeronoticias\" \/>\n\t<meta name=\"twitter:label2\" content=\"Tiempo de lectura\" \/>\n\t<meta name=\"twitter:data2\" content=\"1 minuto\" \/>\n<script type=\"application\/ld+json\" class=\"yoast-schema-graph\">{\"@context\":\"https:\/\/schema.org\",\"@graph\":[{\"@type\":\"WebPage\",\"@id\":\"https:\/\/aeronoticias.com.pe\/noticiero\/transporte-aereo\/internacional\/canal-4-y-canal-9-y-radio-libertad-entrevistaron-a-palacin-sobre-restricciones-de-vuelos\/\",\"url\":\"https:\/\/aeronoticias.com.pe\/noticiero\/transporte-aereo\/internacional\/canal-4-y-canal-9-y-radio-libertad-entrevistaron-a-palacin-sobre-restricciones-de-vuelos\/\",\"name\":\"CANAL 4 Y CANAL 9 Y RADIO LIBERTAD ENTREVISTARON A PALACIN SOBRE RESTRICCIONES DE VUELOS\",\"isPartOf\":{\"@id\":\"https:\/\/aeronoticias.com.pe\/noticiero\/#website\"},\"datePublished\":\"2009-05-05T09:57:42+00:00\",\"author\":{\"@id\":\"https:\/\/aeronoticias.com.pe\/noticiero\/#\/schema\/person\/fc1e5d578f4b62ba1cf7ac2bba1170a0\"},\"description\":\"Portal de noticias del Per\u00fa sobre el transporte a\u00e9reo, aviaci\u00f3n, turismo, hoteleria, actualidad.\",\"breadcrumb\":{\"@id\":\"https:\/\/aeronoticias.com.pe\/noticiero\/transporte-aereo\/internacional\/canal-4-y-canal-9-y-radio-libertad-entrevistaron-a-palacin-sobre-restricciones-de-vuelos\/#breadcrumb\"},\"inLanguage\":\"es\",\"potentialAction\":[{\"@type\":\"ReadAction\",\"target\":[\"https:\/\/aeronoticias.com.pe\/noticiero\/transporte-aereo\/internacional\/canal-4-y-canal-9-y-radio-libertad-entrevistaron-a-palacin-sobre-restricciones-de-vuelos\/\"]}]},{\"@type\":\"BreadcrumbList\",\"@id\":\"https:\/\/aeronoticias.com.pe\/noticiero\/transporte-aereo\/internacional\/canal-4-y-canal-9-y-radio-libertad-entrevistaron-a-palacin-sobre-restricciones-de-vuelos\/#breadcrumb\",\"itemListElement\":[{\"@type\":\"ListItem\",\"position\":1,\"name\":\"Portada\",\"item\":\"https:\/\/aeronoticias.com.pe\/noticiero\/\"},{\"@type\":\"ListItem\",\"position\":2,\"name\":\"CANAL 4 Y CANAL 9 Y RADIO LIBERTAD ENTREVISTARON A PALACIN SOBRE RESTRICCIONES DE VUELOS\"}]},{\"@type\":\"WebSite\",\"@id\":\"https:\/\/aeronoticias.com.pe\/noticiero\/#website\",\"url\":\"https:\/\/aeronoticias.com.pe\/noticiero\/\",\"name\":\"Aeronoticias.com.pe\",\"description\":\"Noticias de tranporte aereo, turismo, hoteles, gastronomia, actualidad, internacional\",\"potentialAction\":[{\"@type\":\"SearchAction\",\"target\":{\"@type\":\"EntryPoint\",\"urlTemplate\":\"https:\/\/aeronoticias.com.pe\/noticiero\/?s={search_term_string}\"},\"query-input\":{\"@type\":\"PropertyValueSpecification\",\"valueRequired\":true,\"valueName\":\"search_term_string\"}}],\"inLanguage\":\"es\"},{\"@type\":\"Person\",\"@id\":\"https:\/\/aeronoticias.com.pe\/noticiero\/#\/schema\/person\/fc1e5d578f4b62ba1cf7ac2bba1170a0\",\"name\":\"Redacci\u00f3n Aeronoticias\",\"url\":\"https:\/\/aeronoticias.com.pe\/noticiero\/author\/piloto\/\"}]}<\/script>\n<!-- \/ Yoast SEO plugin. -->","yoast_head_json":{"title":"CANAL 4 Y CANAL 9 Y RADIO LIBERTAD ENTREVISTARON A PALACIN SOBRE RESTRICCIONES DE VUELOS","description":"Portal de noticias del Per\u00fa sobre el transporte a\u00e9reo, aviaci\u00f3n, turismo, hoteleria, actualidad.","robots":{"index":"index","follow":"follow","max-snippet":"max-snippet:-1","max-image-preview":"max-image-preview:large","max-video-preview":"max-video-preview:-1"},"canonical":"https:\/\/aeronoticias.com.pe\/noticiero\/transporte-aereo\/internacional\/canal-4-y-canal-9-y-radio-libertad-entrevistaron-a-palacin-sobre-restricciones-de-vuelos\/","og_locale":"es_ES","og_type":"article","og_title":"CANAL 4 Y CANAL 9 Y RADIO LIBERTAD ENTREVISTARON A PALACIN SOBRE RESTRICCIONES DE VUELOS","og_description":"Portal de noticias del Per\u00fa sobre el transporte a\u00e9reo, aviaci\u00f3n, turismo, hoteleria, actualidad.","og_url":"https:\/\/aeronoticias.com.pe\/noticiero\/transporte-aereo\/internacional\/canal-4-y-canal-9-y-radio-libertad-entrevistaron-a-palacin-sobre-restricciones-de-vuelos\/","og_site_name":"Aeronoticias.com.pe","article_publisher":"https:\/\/www.facebook.com\/Aeronoticias.com.pe\/","article_published_time":"2009-05-05T09:57:42+00:00","author":"Redacci\u00f3n Aeronoticias","twitter_card":"summary_large_image","twitter_creator":"@aeronoticias","twitter_site":"@aeronoticias","twitter_misc":{"Escrito por":"Redacci\u00f3n Aeronoticias","Tiempo de lectura":"1 minuto"},"schema":{"@context":"https:\/\/schema.org","@graph":[{"@type":"WebPage","@id":"https:\/\/aeronoticias.com.pe\/noticiero\/transporte-aereo\/internacional\/canal-4-y-canal-9-y-radio-libertad-entrevistaron-a-palacin-sobre-restricciones-de-vuelos\/","url":"https:\/\/aeronoticias.com.pe\/noticiero\/transporte-aereo\/internacional\/canal-4-y-canal-9-y-radio-libertad-entrevistaron-a-palacin-sobre-restricciones-de-vuelos\/","name":"CANAL 4 Y CANAL 9 Y RADIO LIBERTAD ENTREVISTARON A PALACIN SOBRE RESTRICCIONES DE VUELOS","isPartOf":{"@id":"https:\/\/aeronoticias.com.pe\/noticiero\/#website"},"datePublished":"2009-05-05T09:57:42+00:00","author":{"@id":"https:\/\/aeronoticias.com.pe\/noticiero\/#\/schema\/person\/fc1e5d578f4b62ba1cf7ac2bba1170a0"},"description":"Portal de noticias del Per\u00fa sobre el transporte a\u00e9reo, aviaci\u00f3n, turismo, hoteleria, actualidad.","breadcrumb":{"@id":"https:\/\/aeronoticias.com.pe\/noticiero\/transporte-aereo\/internacional\/canal-4-y-canal-9-y-radio-libertad-entrevistaron-a-palacin-sobre-restricciones-de-vuelos\/#breadcrumb"},"inLanguage":"es","potentialAction":[{"@type":"ReadAction","target":["https:\/\/aeronoticias.com.pe\/noticiero\/transporte-aereo\/internacional\/canal-4-y-canal-9-y-radio-libertad-entrevistaron-a-palacin-sobre-restricciones-de-vuelos\/"]}]},{"@type":"BreadcrumbList","@id":"https:\/\/aeronoticias.com.pe\/noticiero\/transporte-aereo\/internacional\/canal-4-y-canal-9-y-radio-libertad-entrevistaron-a-palacin-sobre-restricciones-de-vuelos\/#breadcrumb","itemListElement":[{"@type":"ListItem","position":1,"name":"Portada","item":"https:\/\/aeronoticias.com.pe\/noticiero\/"},{"@type":"ListItem","position":2,"name":"CANAL 4 Y CANAL 9 Y RADIO LIBERTAD ENTREVISTARON A PALACIN SOBRE RESTRICCIONES DE VUELOS"}]},{"@type":"WebSite","@id":"https:\/\/aeronoticias.com.pe\/noticiero\/#website","url":"https:\/\/aeronoticias.com.pe\/noticiero\/","name":"Aeronoticias.com.pe","description":"Noticias de tranporte aereo, turismo, hoteles, gastronomia, actualidad, internacional","potentialAction":[{"@type":"SearchAction","target":{"@type":"EntryPoint","urlTemplate":"https:\/\/aeronoticias.com.pe\/noticiero\/?s={search_term_string}"},"query-input":{"@type":"PropertyValueSpecification","valueRequired":true,"valueName":"search_term_string"}}],"inLanguage":"es"},{"@type":"Person","@id":"https:\/\/aeronoticias.com.pe\/noticiero\/#\/schema\/person\/fc1e5d578f4b62ba1cf7ac2bba1170a0","name":"Redacci\u00f3n Aeronoticias","url":"https:\/\/aeronoticias.com.pe\/noticiero\/author\/piloto\/"}]}},"_links":{"self":[{"href":"https:\/\/aeronoticias.com.pe\/noticiero\/wp-json\/wp\/v2\/posts\/2784","targetHints":{"allow":["GET"]}}],"collection":[{"href":"https:\/\/aeronoticias.com.pe\/noticiero\/wp-json\/wp\/v2\/posts"}],"about":[{"href":"https:\/\/aeronoticias.com.pe\/noticiero\/wp-json\/wp\/v2\/types\/post"}],"author":[{"embeddable":true,"href":"https:\/\/aeronoticias.com.pe\/noticiero\/wp-json\/wp\/v2\/users\/1"}],"replies":[{"embeddable":true,"href":"https:\/\/aeronoticias.com.pe\/noticiero\/wp-json\/wp\/v2\/comments?post=2784"}],"version-history":[{"count":0,"href":"https:\/\/aeronoticias.com.pe\/noticiero\/wp-json\/wp\/v2\/posts\/2784\/revisions"}],"wp:attachment":[{"href":"https:\/\/aeronoticias.com.pe\/noticiero\/wp-json\/wp\/v2\/media?parent=2784"}],"wp:term":[{"taxonomy":"category","embeddable":true,"href":"https:\/\/aeronoticias.com.pe\/noticiero\/wp-json\/wp\/v2\/categories?post=2784"},{"taxonomy":"post_tag","embeddable":true,"href":"https:\/\/aeronoticias.com.pe\/noticiero\/wp-json\/wp\/v2\/tags?post=2784"}],"curies":[{"name":"wp","href":"https:\/\/api.w.org\/{rel}","templated":true}]}}