{"id":27861,"date":"2012-06-21T14:43:12","date_gmt":"2012-06-21T14:43:12","guid":{"rendered":"http:\/\/desarrollo.mcvicious.com\/aero2020\/2012\/06\/21\/shakira-si-esta-embarazada-segun-afirma-revista-colombiana\/"},"modified":"2012-06-21T14:43:12","modified_gmt":"2012-06-21T14:43:12","slug":"shakira-si-esta-embarazada-segun-afirma-revista-colombiana","status":"publish","type":"post","link":"https:\/\/aeronoticias.com.pe\/noticiero\/espectaculos\/shakira-si-esta-embarazada-segun-afirma-revista-colombiana\/","title":{"rendered":"Shakira si est\u00e1 embarazada, seg\u00fan afirma revista colombiana"},"content":{"rendered":"<p style=\"text-align: justify;\"><strong>(Aeronoticias)<\/strong> La cantante colombiana Shakira est\u00e1 con 6 semanas de embarazo, pero est\u00e1 esperando \u00abun tiempo prudente\u00bb para hacer p\u00fablico su estado, seg\u00fan afirm\u00f3 en su portada la revista colombiana \u201cGente\u201d.<\/p>\n<p>La publicaci\u00f3n dice \u00abuna fuente de alta fidelidad\u00bb y se suma a los rumores difundidos desde hace unas semanas por diferentes medios de comunicaci\u00f3n y frente a los que sus representantes no tienen previsto \u00abhacer una pronunciaci\u00f3n oficial al respecto\u00bb, expres\u00f3 a EFE uno de sus portavoces en Colombia, Rodrigo Beltr\u00e1n.<\/p>\n<p>Seg\u00fan la revista colombiana, \u00abtodo fue planeado\u00bb porque la maternidad es una prioridad para la cantante de 35 a\u00f1os, que no quiere esperar mucho m\u00e1s para tener un beb\u00e9.<\/p>\n<p>En los \u00faltimos d\u00edas, Shakira acompa\u00f1\u00f3 a su novio Gerard Piqu\u00e9, para seguir atentamente cada una de sus jugadas en los partidos de la selecci\u00f3n espa\u00f1ola en la Eurocopa 2012.<\/p>\n<p>La revista mexicana TV Notas se\u00f1al\u00f3 ayer que la cantante est\u00e1 tratando de ocultar su embarazo porque podr\u00eda padecer toxoplasmosis, una enfermedad que se contrae por comer carne cruda y estar en contacto con excrementos de gato, cuya manifestaci\u00f3n durante el embarazo puede complicar la formaci\u00f3n del feto, sin embargo este tema a\u00fan no ha sido confirmado ni desmentido por sus representantes.<\/p>\n<p><strong><img decoding=\"async\" src=\"images\/stories\/12\/06\/210612\/shakira.jpg\" border=\"0\" alt=\"Shakira si est\u00e1 embarazada, seg\u00fan afirma revista colombiana\" \/><\/p>\n<p><\/strong><\/p>\n","protected":false},"excerpt":{"rendered":"<p>(Aeronoticias) La cantante colombiana Shakira est\u00e1 con 6 semanas de embarazo, pero est\u00e1 esperando \u00abun tiempo prudente\u00bb para hacer p\u00fablico su estado, seg\u00fan afirm\u00f3 en su portada la revista colombiana \u201cGente\u201d. La publicaci\u00f3n dice \u00abuna fuente de alta fidelidad\u00bb y se suma a los rumores difundidos desde hace unas semanas por diferentes medios de comunicaci\u00f3n [&hellip;]<\/p>\n","protected":false},"author":1,"featured_media":0,"comment_status":"open","ping_status":"open","sticky":false,"template":"","format":"standard","meta":{"tdm_status":"","tdm_grid_status":"","footnotes":""},"categories":[41],"tags":[],"class_list":{"0":"post-27861","1":"post","2":"type-post","3":"status-publish","4":"format-standard","6":"category-espectaculos"},"yoast_head":"<!-- This site is optimized with the Yoast SEO plugin v25.1 - https:\/\/yoast.com\/wordpress\/plugins\/seo\/ -->\n<title>Shakira si est\u00e1 embarazada, seg\u00fan afirma revista colombiana<\/title>\n<meta name=\"description\" content=\"Portal de noticias del Per\u00fa sobre el transporte a\u00e9reo, aviaci\u00f3n, turismo, hoteleria, actualidad.\" \/>\n<meta name=\"robots\" content=\"index, follow, max-snippet:-1, max-image-preview:large, max-video-preview:-1\" \/>\n<link rel=\"canonical\" href=\"https:\/\/aeronoticias.com.pe\/noticiero\/espectaculos\/shakira-si-esta-embarazada-segun-afirma-revista-colombiana\/\" \/>\n<meta property=\"og:locale\" content=\"es_ES\" \/>\n<meta property=\"og:type\" content=\"article\" \/>\n<meta property=\"og:title\" content=\"Shakira si est\u00e1 embarazada, seg\u00fan afirma revista colombiana\" \/>\n<meta property=\"og:description\" content=\"Portal de noticias del Per\u00fa sobre el transporte a\u00e9reo, aviaci\u00f3n, turismo, hoteleria, actualidad.\" \/>\n<meta property=\"og:url\" content=\"https:\/\/aeronoticias.com.pe\/noticiero\/espectaculos\/shakira-si-esta-embarazada-segun-afirma-revista-colombiana\/\" \/>\n<meta property=\"og:site_name\" content=\"Aeronoticias.com.pe\" \/>\n<meta property=\"article:publisher\" content=\"https:\/\/www.facebook.com\/Aeronoticias.com.pe\/\" \/>\n<meta property=\"article:published_time\" content=\"2012-06-21T14:43:12+00:00\" \/>\n<meta name=\"author\" content=\"Redacci\u00f3n Aeronoticias\" \/>\n<meta name=\"twitter:card\" content=\"summary_large_image\" \/>\n<meta name=\"twitter:creator\" content=\"@aeronoticias\" \/>\n<meta name=\"twitter:site\" content=\"@aeronoticias\" \/>\n<meta name=\"twitter:label1\" content=\"Escrito por\" \/>\n\t<meta name=\"twitter:data1\" content=\"Redacci\u00f3n Aeronoticias\" \/>\n\t<meta name=\"twitter:label2\" content=\"Tiempo de lectura\" \/>\n\t<meta name=\"twitter:data2\" content=\"1 minuto\" \/>\n<script type=\"application\/ld+json\" class=\"yoast-schema-graph\">{\"@context\":\"https:\/\/schema.org\",\"@graph\":[{\"@type\":\"WebPage\",\"@id\":\"https:\/\/aeronoticias.com.pe\/noticiero\/espectaculos\/shakira-si-esta-embarazada-segun-afirma-revista-colombiana\/\",\"url\":\"https:\/\/aeronoticias.com.pe\/noticiero\/espectaculos\/shakira-si-esta-embarazada-segun-afirma-revista-colombiana\/\",\"name\":\"Shakira si est\u00e1 embarazada, seg\u00fan afirma revista colombiana\",\"isPartOf\":{\"@id\":\"https:\/\/aeronoticias.com.pe\/noticiero\/#website\"},\"datePublished\":\"2012-06-21T14:43:12+00:00\",\"author\":{\"@id\":\"https:\/\/aeronoticias.com.pe\/noticiero\/#\/schema\/person\/fc1e5d578f4b62ba1cf7ac2bba1170a0\"},\"description\":\"Portal de noticias del Per\u00fa sobre el transporte a\u00e9reo, aviaci\u00f3n, turismo, hoteleria, actualidad.\",\"breadcrumb\":{\"@id\":\"https:\/\/aeronoticias.com.pe\/noticiero\/espectaculos\/shakira-si-esta-embarazada-segun-afirma-revista-colombiana\/#breadcrumb\"},\"inLanguage\":\"es\",\"potentialAction\":[{\"@type\":\"ReadAction\",\"target\":[\"https:\/\/aeronoticias.com.pe\/noticiero\/espectaculos\/shakira-si-esta-embarazada-segun-afirma-revista-colombiana\/\"]}]},{\"@type\":\"BreadcrumbList\",\"@id\":\"https:\/\/aeronoticias.com.pe\/noticiero\/espectaculos\/shakira-si-esta-embarazada-segun-afirma-revista-colombiana\/#breadcrumb\",\"itemListElement\":[{\"@type\":\"ListItem\",\"position\":1,\"name\":\"Portada\",\"item\":\"https:\/\/aeronoticias.com.pe\/noticiero\/\"},{\"@type\":\"ListItem\",\"position\":2,\"name\":\"Shakira si est\u00e1 embarazada, seg\u00fan afirma revista colombiana\"}]},{\"@type\":\"WebSite\",\"@id\":\"https:\/\/aeronoticias.com.pe\/noticiero\/#website\",\"url\":\"https:\/\/aeronoticias.com.pe\/noticiero\/\",\"name\":\"Aeronoticias.com.pe\",\"description\":\"Noticias de tranporte aereo, turismo, hoteles, gastronomia, actualidad, internacional\",\"potentialAction\":[{\"@type\":\"SearchAction\",\"target\":{\"@type\":\"EntryPoint\",\"urlTemplate\":\"https:\/\/aeronoticias.com.pe\/noticiero\/?s={search_term_string}\"},\"query-input\":{\"@type\":\"PropertyValueSpecification\",\"valueRequired\":true,\"valueName\":\"search_term_string\"}}],\"inLanguage\":\"es\"},{\"@type\":\"Person\",\"@id\":\"https:\/\/aeronoticias.com.pe\/noticiero\/#\/schema\/person\/fc1e5d578f4b62ba1cf7ac2bba1170a0\",\"name\":\"Redacci\u00f3n Aeronoticias\",\"url\":\"https:\/\/aeronoticias.com.pe\/noticiero\/author\/piloto\/\"}]}<\/script>\n<!-- \/ Yoast SEO plugin. -->","yoast_head_json":{"title":"Shakira si est\u00e1 embarazada, seg\u00fan afirma revista colombiana","description":"Portal de noticias del Per\u00fa sobre el transporte a\u00e9reo, aviaci\u00f3n, turismo, hoteleria, actualidad.","robots":{"index":"index","follow":"follow","max-snippet":"max-snippet:-1","max-image-preview":"max-image-preview:large","max-video-preview":"max-video-preview:-1"},"canonical":"https:\/\/aeronoticias.com.pe\/noticiero\/espectaculos\/shakira-si-esta-embarazada-segun-afirma-revista-colombiana\/","og_locale":"es_ES","og_type":"article","og_title":"Shakira si est\u00e1 embarazada, seg\u00fan afirma revista colombiana","og_description":"Portal de noticias del Per\u00fa sobre el transporte a\u00e9reo, aviaci\u00f3n, turismo, hoteleria, actualidad.","og_url":"https:\/\/aeronoticias.com.pe\/noticiero\/espectaculos\/shakira-si-esta-embarazada-segun-afirma-revista-colombiana\/","og_site_name":"Aeronoticias.com.pe","article_publisher":"https:\/\/www.facebook.com\/Aeronoticias.com.pe\/","article_published_time":"2012-06-21T14:43:12+00:00","author":"Redacci\u00f3n Aeronoticias","twitter_card":"summary_large_image","twitter_creator":"@aeronoticias","twitter_site":"@aeronoticias","twitter_misc":{"Escrito por":"Redacci\u00f3n Aeronoticias","Tiempo de lectura":"1 minuto"},"schema":{"@context":"https:\/\/schema.org","@graph":[{"@type":"WebPage","@id":"https:\/\/aeronoticias.com.pe\/noticiero\/espectaculos\/shakira-si-esta-embarazada-segun-afirma-revista-colombiana\/","url":"https:\/\/aeronoticias.com.pe\/noticiero\/espectaculos\/shakira-si-esta-embarazada-segun-afirma-revista-colombiana\/","name":"Shakira si est\u00e1 embarazada, seg\u00fan afirma revista colombiana","isPartOf":{"@id":"https:\/\/aeronoticias.com.pe\/noticiero\/#website"},"datePublished":"2012-06-21T14:43:12+00:00","author":{"@id":"https:\/\/aeronoticias.com.pe\/noticiero\/#\/schema\/person\/fc1e5d578f4b62ba1cf7ac2bba1170a0"},"description":"Portal de noticias del Per\u00fa sobre el transporte a\u00e9reo, aviaci\u00f3n, turismo, hoteleria, actualidad.","breadcrumb":{"@id":"https:\/\/aeronoticias.com.pe\/noticiero\/espectaculos\/shakira-si-esta-embarazada-segun-afirma-revista-colombiana\/#breadcrumb"},"inLanguage":"es","potentialAction":[{"@type":"ReadAction","target":["https:\/\/aeronoticias.com.pe\/noticiero\/espectaculos\/shakira-si-esta-embarazada-segun-afirma-revista-colombiana\/"]}]},{"@type":"BreadcrumbList","@id":"https:\/\/aeronoticias.com.pe\/noticiero\/espectaculos\/shakira-si-esta-embarazada-segun-afirma-revista-colombiana\/#breadcrumb","itemListElement":[{"@type":"ListItem","position":1,"name":"Portada","item":"https:\/\/aeronoticias.com.pe\/noticiero\/"},{"@type":"ListItem","position":2,"name":"Shakira si est\u00e1 embarazada, seg\u00fan afirma revista colombiana"}]},{"@type":"WebSite","@id":"https:\/\/aeronoticias.com.pe\/noticiero\/#website","url":"https:\/\/aeronoticias.com.pe\/noticiero\/","name":"Aeronoticias.com.pe","description":"Noticias de tranporte aereo, turismo, hoteles, gastronomia, actualidad, internacional","potentialAction":[{"@type":"SearchAction","target":{"@type":"EntryPoint","urlTemplate":"https:\/\/aeronoticias.com.pe\/noticiero\/?s={search_term_string}"},"query-input":{"@type":"PropertyValueSpecification","valueRequired":true,"valueName":"search_term_string"}}],"inLanguage":"es"},{"@type":"Person","@id":"https:\/\/aeronoticias.com.pe\/noticiero\/#\/schema\/person\/fc1e5d578f4b62ba1cf7ac2bba1170a0","name":"Redacci\u00f3n Aeronoticias","url":"https:\/\/aeronoticias.com.pe\/noticiero\/author\/piloto\/"}]}},"_links":{"self":[{"href":"https:\/\/aeronoticias.com.pe\/noticiero\/wp-json\/wp\/v2\/posts\/27861","targetHints":{"allow":["GET"]}}],"collection":[{"href":"https:\/\/aeronoticias.com.pe\/noticiero\/wp-json\/wp\/v2\/posts"}],"about":[{"href":"https:\/\/aeronoticias.com.pe\/noticiero\/wp-json\/wp\/v2\/types\/post"}],"author":[{"embeddable":true,"href":"https:\/\/aeronoticias.com.pe\/noticiero\/wp-json\/wp\/v2\/users\/1"}],"replies":[{"embeddable":true,"href":"https:\/\/aeronoticias.com.pe\/noticiero\/wp-json\/wp\/v2\/comments?post=27861"}],"version-history":[{"count":0,"href":"https:\/\/aeronoticias.com.pe\/noticiero\/wp-json\/wp\/v2\/posts\/27861\/revisions"}],"wp:attachment":[{"href":"https:\/\/aeronoticias.com.pe\/noticiero\/wp-json\/wp\/v2\/media?parent=27861"}],"wp:term":[{"taxonomy":"category","embeddable":true,"href":"https:\/\/aeronoticias.com.pe\/noticiero\/wp-json\/wp\/v2\/categories?post=27861"},{"taxonomy":"post_tag","embeddable":true,"href":"https:\/\/aeronoticias.com.pe\/noticiero\/wp-json\/wp\/v2\/tags?post=27861"}],"curies":[{"name":"wp","href":"https:\/\/api.w.org\/{rel}","templated":true}]}}