{"id":27863,"date":"2012-06-21T14:47:31","date_gmt":"2012-06-21T14:47:31","guid":{"rendered":"http:\/\/desarrollo.mcvicious.com\/aero2020\/2012\/06\/21\/promperu-aspira-a-que-documental-de-marca-peru-gane-leon-de-oro-en-cannes\/"},"modified":"2012-06-21T14:47:31","modified_gmt":"2012-06-21T14:47:31","slug":"promperu-aspira-a-que-documental-de-marca-peru-gane-leon-de-oro-en-cannes","status":"publish","type":"post","link":"https:\/\/aeronoticias.com.pe\/noticiero\/turismo\/13\/promperu-aspira-a-que-documental-de-marca-peru-gane-leon-de-oro-en-cannes\/","title":{"rendered":"Promper\u00fa aspira a que documental de Marca Per\u00fa gane Le\u00f3n de Oro en Cannes"},"content":{"rendered":"<p style=\"text-align: justify;\"><strong>(Aeronoticias).-<\/strong> La Comisi\u00f3n de Promoci\u00f3n del Per\u00fa para la Exportaci\u00f3n y el Turismo (Promper\u00fa) inform\u00f3 hoy que aspira a que el documental de la Marca Per\u00fa gane el Le\u00f3n de Oro en la 59\u00b0 Edici\u00f3n del Festival Internacional de Creatividad Cannes Lions 2012, que se lleva a cabo en la Costa Azul (Francia).<\/p>\n<p style=\"text-align: justify;\">El Festival de Cannes reconoce lo mejor de la creatividad publicitaria del mundo y sus premios son altamente codiciados tanto por las agencias creadoras como por las marcas participantes.<\/p>\n<p style=\"text-align: justify;\">El festival se inici\u00f3 el 17 de junio y el documental de la Marca Per\u00fa From Per\u00fa to Peru, concebido como pieza fundamental de la Campa\u00f1a Interna de lanzamiento de la Marca Per\u00fa en el 2011, ha ganado dos Leones de Bronce, el primero en la Categor\u00eda Relaciones P\u00fablicas y el segundo en la Categor\u00eda Publicidad Exterior.<\/p>\n<p style=\"text-align: justify;\">\u201cCannes reci\u00e9n se inicia y vamos ganando dos Leones de Bronce lo que es un gran logro. Cuando se realiz\u00f3 el lanzamiento de la Marca Per\u00fa nunca pensamos que ganar\u00edamos tantos premios o que llegar\u00edamos a Cannes\u201d, se\u00f1al\u00f3 la directora de Imagen Pa\u00eds de Promper\u00fa, Isabella Falco.<\/p>\n<p style=\"text-align: justify;\">Agreg\u00f3 que el documental fue creado para mostrar a todos los peruanos lo maravilloso que es el pa\u00eds, hoy se ve que la creatividad peruana est\u00e1 conquistando el mundo y, de esta manera, se continua mostrando todo lo extraordinario que es Per\u00fa.<\/p>\n<p style=\"text-align: justify;\">Falco est\u00e1 supervisando la filmaci\u00f3n de la pieza publicitaria que acompa\u00f1ar\u00e1 el Lanzamiento Internacional de la Marca Per\u00fa en julio pr\u00f3ximo.<\/p>\n<p style=\"text-align: justify;\">El documental From Per\u00fa for Peru tambi\u00e9n concursa en las categor\u00edas de Film para Internet, El Mejor Uso de Medios Publicitarios, Promoci\u00f3n y Activaci\u00f3n de Producto o Servicio, Video Viral, Mejor Uso del Marketing Directo, y Mejor Contenido de un Documental para una Marca o Servicio.<\/p>\n<p style=\"text-align: justify;\">Tambi\u00e9n al Mejor V\u00eddeo que es el premio m\u00e1s codiciado del festival que finalizar\u00e1 este s\u00e1bado 23.<\/p>\n<p style=\"text-align: justify;\">(FIN) JPC\/JPC<\/p>\n<p style=\"text-align: justify;\">Agencia Andina.<\/p>\n<p style=\"text-align: justify;\"><img decoding=\"async\" src=\"images\/stories\/12\/06\/210612\/marca_peru_promperu_cannes.jpg\" border=\"0\" alt=\"Promper\u00fa aspira a que documental de Marca Per\u00fa gane Le\u00f3n de Oro en Cannes\" title=\"Promper\u00fa aspira a que documental de Marca Per\u00fa gane Le\u00f3n de Oro en Cannes\" \/><\/p>\n","protected":false},"excerpt":{"rendered":"<p>(Aeronoticias).- La Comisi\u00f3n de Promoci\u00f3n del Per\u00fa para la Exportaci\u00f3n y el Turismo (Promper\u00fa) inform\u00f3 hoy que aspira a que el documental de la Marca Per\u00fa gane el Le\u00f3n de Oro en la 59\u00b0 Edici\u00f3n del Festival Internacional de Creatividad Cannes Lions 2012, que se lleva a cabo en la Costa Azul (Francia). El Festival [&hellip;]<\/p>\n","protected":false},"author":1,"featured_media":0,"comment_status":"open","ping_status":"open","sticky":false,"template":"","format":"standard","meta":{"tdm_status":"","tdm_grid_status":"","footnotes":""},"categories":[31],"tags":[],"class_list":{"0":"post-27863","1":"post","2":"type-post","3":"status-publish","4":"format-standard","6":"category-31"},"yoast_head":"<!-- This site is optimized with the Yoast SEO plugin v25.1 - https:\/\/yoast.com\/wordpress\/plugins\/seo\/ -->\n<title>Promper\u00fa aspira a que documental de Marca Per\u00fa gane Le\u00f3n de Oro en Cannes<\/title>\n<meta name=\"description\" content=\"Portal de noticias del Per\u00fa sobre el transporte a\u00e9reo, aviaci\u00f3n, turismo, hoteleria, actualidad.\" \/>\n<meta name=\"robots\" content=\"index, follow, max-snippet:-1, max-image-preview:large, max-video-preview:-1\" \/>\n<link rel=\"canonical\" href=\"https:\/\/aeronoticias.com.pe\/noticiero\/turismo\/13\/promperu-aspira-a-que-documental-de-marca-peru-gane-leon-de-oro-en-cannes\/\" \/>\n<meta property=\"og:locale\" content=\"es_ES\" \/>\n<meta property=\"og:type\" content=\"article\" \/>\n<meta property=\"og:title\" content=\"Promper\u00fa aspira a que documental de Marca Per\u00fa gane Le\u00f3n de Oro en Cannes\" \/>\n<meta property=\"og:description\" content=\"Portal de noticias del Per\u00fa sobre el transporte a\u00e9reo, aviaci\u00f3n, turismo, hoteleria, actualidad.\" \/>\n<meta property=\"og:url\" content=\"https:\/\/aeronoticias.com.pe\/noticiero\/turismo\/13\/promperu-aspira-a-que-documental-de-marca-peru-gane-leon-de-oro-en-cannes\/\" \/>\n<meta property=\"og:site_name\" content=\"Aeronoticias.com.pe\" \/>\n<meta property=\"article:publisher\" content=\"https:\/\/www.facebook.com\/Aeronoticias.com.pe\/\" \/>\n<meta property=\"article:published_time\" content=\"2012-06-21T14:47:31+00:00\" \/>\n<meta name=\"author\" content=\"Redacci\u00f3n Aeronoticias\" \/>\n<meta name=\"twitter:card\" content=\"summary_large_image\" \/>\n<meta name=\"twitter:creator\" content=\"@aeronoticias\" \/>\n<meta name=\"twitter:site\" content=\"@aeronoticias\" \/>\n<meta name=\"twitter:label1\" content=\"Escrito por\" \/>\n\t<meta name=\"twitter:data1\" content=\"Redacci\u00f3n Aeronoticias\" \/>\n\t<meta name=\"twitter:label2\" content=\"Tiempo de lectura\" \/>\n\t<meta name=\"twitter:data2\" content=\"2 minutos\" \/>\n<script type=\"application\/ld+json\" class=\"yoast-schema-graph\">{\"@context\":\"https:\/\/schema.org\",\"@graph\":[{\"@type\":\"WebPage\",\"@id\":\"https:\/\/aeronoticias.com.pe\/noticiero\/turismo\/13\/promperu-aspira-a-que-documental-de-marca-peru-gane-leon-de-oro-en-cannes\/\",\"url\":\"https:\/\/aeronoticias.com.pe\/noticiero\/turismo\/13\/promperu-aspira-a-que-documental-de-marca-peru-gane-leon-de-oro-en-cannes\/\",\"name\":\"Promper\u00fa aspira a que documental de Marca Per\u00fa gane Le\u00f3n de Oro en Cannes\",\"isPartOf\":{\"@id\":\"https:\/\/aeronoticias.com.pe\/noticiero\/#website\"},\"datePublished\":\"2012-06-21T14:47:31+00:00\",\"author\":{\"@id\":\"https:\/\/aeronoticias.com.pe\/noticiero\/#\/schema\/person\/fc1e5d578f4b62ba1cf7ac2bba1170a0\"},\"description\":\"Portal de noticias del Per\u00fa sobre el transporte a\u00e9reo, aviaci\u00f3n, turismo, hoteleria, actualidad.\",\"breadcrumb\":{\"@id\":\"https:\/\/aeronoticias.com.pe\/noticiero\/turismo\/13\/promperu-aspira-a-que-documental-de-marca-peru-gane-leon-de-oro-en-cannes\/#breadcrumb\"},\"inLanguage\":\"es\",\"potentialAction\":[{\"@type\":\"ReadAction\",\"target\":[\"https:\/\/aeronoticias.com.pe\/noticiero\/turismo\/13\/promperu-aspira-a-que-documental-de-marca-peru-gane-leon-de-oro-en-cannes\/\"]}]},{\"@type\":\"BreadcrumbList\",\"@id\":\"https:\/\/aeronoticias.com.pe\/noticiero\/turismo\/13\/promperu-aspira-a-que-documental-de-marca-peru-gane-leon-de-oro-en-cannes\/#breadcrumb\",\"itemListElement\":[{\"@type\":\"ListItem\",\"position\":1,\"name\":\"Portada\",\"item\":\"https:\/\/aeronoticias.com.pe\/noticiero\/\"},{\"@type\":\"ListItem\",\"position\":2,\"name\":\"Promper\u00fa aspira a que documental de Marca Per\u00fa gane Le\u00f3n de Oro en Cannes\"}]},{\"@type\":\"WebSite\",\"@id\":\"https:\/\/aeronoticias.com.pe\/noticiero\/#website\",\"url\":\"https:\/\/aeronoticias.com.pe\/noticiero\/\",\"name\":\"Aeronoticias.com.pe\",\"description\":\"Noticias de tranporte aereo, turismo, hoteles, gastronomia, actualidad, internacional\",\"potentialAction\":[{\"@type\":\"SearchAction\",\"target\":{\"@type\":\"EntryPoint\",\"urlTemplate\":\"https:\/\/aeronoticias.com.pe\/noticiero\/?s={search_term_string}\"},\"query-input\":{\"@type\":\"PropertyValueSpecification\",\"valueRequired\":true,\"valueName\":\"search_term_string\"}}],\"inLanguage\":\"es\"},{\"@type\":\"Person\",\"@id\":\"https:\/\/aeronoticias.com.pe\/noticiero\/#\/schema\/person\/fc1e5d578f4b62ba1cf7ac2bba1170a0\",\"name\":\"Redacci\u00f3n Aeronoticias\",\"url\":\"https:\/\/aeronoticias.com.pe\/noticiero\/author\/piloto\/\"}]}<\/script>\n<!-- \/ Yoast SEO plugin. -->","yoast_head_json":{"title":"Promper\u00fa aspira a que documental de Marca Per\u00fa gane Le\u00f3n de Oro en Cannes","description":"Portal de noticias del Per\u00fa sobre el transporte a\u00e9reo, aviaci\u00f3n, turismo, hoteleria, actualidad.","robots":{"index":"index","follow":"follow","max-snippet":"max-snippet:-1","max-image-preview":"max-image-preview:large","max-video-preview":"max-video-preview:-1"},"canonical":"https:\/\/aeronoticias.com.pe\/noticiero\/turismo\/13\/promperu-aspira-a-que-documental-de-marca-peru-gane-leon-de-oro-en-cannes\/","og_locale":"es_ES","og_type":"article","og_title":"Promper\u00fa aspira a que documental de Marca Per\u00fa gane Le\u00f3n de Oro en Cannes","og_description":"Portal de noticias del Per\u00fa sobre el transporte a\u00e9reo, aviaci\u00f3n, turismo, hoteleria, actualidad.","og_url":"https:\/\/aeronoticias.com.pe\/noticiero\/turismo\/13\/promperu-aspira-a-que-documental-de-marca-peru-gane-leon-de-oro-en-cannes\/","og_site_name":"Aeronoticias.com.pe","article_publisher":"https:\/\/www.facebook.com\/Aeronoticias.com.pe\/","article_published_time":"2012-06-21T14:47:31+00:00","author":"Redacci\u00f3n Aeronoticias","twitter_card":"summary_large_image","twitter_creator":"@aeronoticias","twitter_site":"@aeronoticias","twitter_misc":{"Escrito por":"Redacci\u00f3n Aeronoticias","Tiempo de lectura":"2 minutos"},"schema":{"@context":"https:\/\/schema.org","@graph":[{"@type":"WebPage","@id":"https:\/\/aeronoticias.com.pe\/noticiero\/turismo\/13\/promperu-aspira-a-que-documental-de-marca-peru-gane-leon-de-oro-en-cannes\/","url":"https:\/\/aeronoticias.com.pe\/noticiero\/turismo\/13\/promperu-aspira-a-que-documental-de-marca-peru-gane-leon-de-oro-en-cannes\/","name":"Promper\u00fa aspira a que documental de Marca Per\u00fa gane Le\u00f3n de Oro en Cannes","isPartOf":{"@id":"https:\/\/aeronoticias.com.pe\/noticiero\/#website"},"datePublished":"2012-06-21T14:47:31+00:00","author":{"@id":"https:\/\/aeronoticias.com.pe\/noticiero\/#\/schema\/person\/fc1e5d578f4b62ba1cf7ac2bba1170a0"},"description":"Portal de noticias del Per\u00fa sobre el transporte a\u00e9reo, aviaci\u00f3n, turismo, hoteleria, actualidad.","breadcrumb":{"@id":"https:\/\/aeronoticias.com.pe\/noticiero\/turismo\/13\/promperu-aspira-a-que-documental-de-marca-peru-gane-leon-de-oro-en-cannes\/#breadcrumb"},"inLanguage":"es","potentialAction":[{"@type":"ReadAction","target":["https:\/\/aeronoticias.com.pe\/noticiero\/turismo\/13\/promperu-aspira-a-que-documental-de-marca-peru-gane-leon-de-oro-en-cannes\/"]}]},{"@type":"BreadcrumbList","@id":"https:\/\/aeronoticias.com.pe\/noticiero\/turismo\/13\/promperu-aspira-a-que-documental-de-marca-peru-gane-leon-de-oro-en-cannes\/#breadcrumb","itemListElement":[{"@type":"ListItem","position":1,"name":"Portada","item":"https:\/\/aeronoticias.com.pe\/noticiero\/"},{"@type":"ListItem","position":2,"name":"Promper\u00fa aspira a que documental de Marca Per\u00fa gane Le\u00f3n de Oro en Cannes"}]},{"@type":"WebSite","@id":"https:\/\/aeronoticias.com.pe\/noticiero\/#website","url":"https:\/\/aeronoticias.com.pe\/noticiero\/","name":"Aeronoticias.com.pe","description":"Noticias de tranporte aereo, turismo, hoteles, gastronomia, actualidad, internacional","potentialAction":[{"@type":"SearchAction","target":{"@type":"EntryPoint","urlTemplate":"https:\/\/aeronoticias.com.pe\/noticiero\/?s={search_term_string}"},"query-input":{"@type":"PropertyValueSpecification","valueRequired":true,"valueName":"search_term_string"}}],"inLanguage":"es"},{"@type":"Person","@id":"https:\/\/aeronoticias.com.pe\/noticiero\/#\/schema\/person\/fc1e5d578f4b62ba1cf7ac2bba1170a0","name":"Redacci\u00f3n Aeronoticias","url":"https:\/\/aeronoticias.com.pe\/noticiero\/author\/piloto\/"}]}},"_links":{"self":[{"href":"https:\/\/aeronoticias.com.pe\/noticiero\/wp-json\/wp\/v2\/posts\/27863","targetHints":{"allow":["GET"]}}],"collection":[{"href":"https:\/\/aeronoticias.com.pe\/noticiero\/wp-json\/wp\/v2\/posts"}],"about":[{"href":"https:\/\/aeronoticias.com.pe\/noticiero\/wp-json\/wp\/v2\/types\/post"}],"author":[{"embeddable":true,"href":"https:\/\/aeronoticias.com.pe\/noticiero\/wp-json\/wp\/v2\/users\/1"}],"replies":[{"embeddable":true,"href":"https:\/\/aeronoticias.com.pe\/noticiero\/wp-json\/wp\/v2\/comments?post=27863"}],"version-history":[{"count":0,"href":"https:\/\/aeronoticias.com.pe\/noticiero\/wp-json\/wp\/v2\/posts\/27863\/revisions"}],"wp:attachment":[{"href":"https:\/\/aeronoticias.com.pe\/noticiero\/wp-json\/wp\/v2\/media?parent=27863"}],"wp:term":[{"taxonomy":"category","embeddable":true,"href":"https:\/\/aeronoticias.com.pe\/noticiero\/wp-json\/wp\/v2\/categories?post=27863"},{"taxonomy":"post_tag","embeddable":true,"href":"https:\/\/aeronoticias.com.pe\/noticiero\/wp-json\/wp\/v2\/tags?post=27863"}],"curies":[{"name":"wp","href":"https:\/\/api.w.org\/{rel}","templated":true}]}}