{"id":27865,"date":"2012-06-21T15:39:01","date_gmt":"2012-06-21T15:39:01","guid":{"rendered":"http:\/\/desarrollo.mcvicious.com\/aero2020\/2012\/06\/21\/justin-bieber-y-fotografo-llegan-a-un-acuerdo-extrajudicial\/"},"modified":"2012-06-21T15:39:01","modified_gmt":"2012-06-21T15:39:01","slug":"justin-bieber-y-fotografo-llegan-a-un-acuerdo-extrajudicial","status":"publish","type":"post","link":"https:\/\/aeronoticias.com.pe\/noticiero\/espectaculos\/justin-bieber-y-fotografo-llegan-a-un-acuerdo-extrajudicial\/","title":{"rendered":"Justin Bieber y fot\u00f3grafo llegan a un acuerdo extrajudicial"},"content":{"rendered":"<p style=\"text-align: justify;\" \/><strong>(Aeronoticias).-<\/strong> Bieber se encontraba a la espera de ser llamado para acudir a un interrogatorio tan pronto vuelva a Estados Unidos.<\/p>\n<p>La estrella juvenil Justin Bieber lleg\u00f3 a un acuerdo extrajudicial con el fot\u00f3grafo Jos\u00e9 Sarros, y seg\u00fan una fuente cercana al portal Hollywoodlife.com, evitar\u00e1 que el paparazzi lo denuncie por haber sido agredido por el cantante, el pasado 27 de mayo en un centro comercial de Los \u00c1ngeles.<br \/>  <!--more-->  <br \/>La fuente muy cercana al fot\u00f3grafo, indic\u00f3 que \u00e9l ha estado trabajando en un acuerdo con el equipo de Bieber sin la participaci\u00f3n de los tribunales o la polic\u00eda.<\/p>\n<p>Al parecer, Sarros devolver\u00e1 algunas fotos excesivas de Justin Bieber y Selena G\u00f3mez a cambio de dinero.<\/p>\n<p>\u00abEn la actualidad es un trabajo en progreso y en las primeras etapas\u00bb, a\u00f1adi\u00f3 la fuente, \u00abpero si no beneficia a Jos\u00e9, \u00e9l no lo har\u00e1\u00bb.<br \/><img decoding=\"async\" class=\"caption\" src=\"images\/stories\/12\/06\/210612\/justin-bieber.jpg\" border=\"0\" alt=\"Justin Bieber y fot\u00f3grafo llegan a un acuerdo extrajudicial\" title=\"Justin Bieber y fot\u00f3grafo llegan a un acuerdo extrajudicial\" \/><\/p>\n","protected":false},"excerpt":{"rendered":"<p>(Aeronoticias).- Bieber se encontraba a la espera de ser llamado para acudir a un interrogatorio tan pronto vuelva a Estados Unidos. La estrella juvenil Justin Bieber lleg\u00f3 a un acuerdo extrajudicial con el fot\u00f3grafo Jos\u00e9 Sarros, y seg\u00fan una fuente cercana al portal Hollywoodlife.com, evitar\u00e1 que el paparazzi lo denuncie por haber sido agredido por [&hellip;]<\/p>\n","protected":false},"author":1,"featured_media":0,"comment_status":"open","ping_status":"open","sticky":false,"template":"","format":"standard","meta":{"tdm_status":"","tdm_grid_status":"","footnotes":""},"categories":[41],"tags":[],"class_list":{"0":"post-27865","1":"post","2":"type-post","3":"status-publish","4":"format-standard","6":"category-espectaculos"},"yoast_head":"<!-- This site is optimized with the Yoast SEO plugin v25.1 - https:\/\/yoast.com\/wordpress\/plugins\/seo\/ -->\n<title>Justin Bieber y fot\u00f3grafo llegan a un acuerdo extrajudicial<\/title>\n<meta name=\"description\" content=\"Portal de noticias del Per\u00fa sobre el transporte a\u00e9reo, aviaci\u00f3n, turismo, hoteleria, actualidad.\" \/>\n<meta name=\"robots\" content=\"index, follow, max-snippet:-1, max-image-preview:large, max-video-preview:-1\" \/>\n<link rel=\"canonical\" href=\"https:\/\/aeronoticias.com.pe\/noticiero\/espectaculos\/justin-bieber-y-fotografo-llegan-a-un-acuerdo-extrajudicial\/\" \/>\n<meta property=\"og:locale\" content=\"es_ES\" \/>\n<meta property=\"og:type\" content=\"article\" \/>\n<meta property=\"og:title\" content=\"Justin Bieber y fot\u00f3grafo llegan a un acuerdo extrajudicial\" \/>\n<meta property=\"og:description\" content=\"Portal de noticias del Per\u00fa sobre el transporte a\u00e9reo, aviaci\u00f3n, turismo, hoteleria, actualidad.\" \/>\n<meta property=\"og:url\" content=\"https:\/\/aeronoticias.com.pe\/noticiero\/espectaculos\/justin-bieber-y-fotografo-llegan-a-un-acuerdo-extrajudicial\/\" \/>\n<meta property=\"og:site_name\" content=\"Aeronoticias.com.pe\" \/>\n<meta property=\"article:publisher\" content=\"https:\/\/www.facebook.com\/Aeronoticias.com.pe\/\" \/>\n<meta property=\"article:published_time\" content=\"2012-06-21T15:39:01+00:00\" \/>\n<meta name=\"author\" content=\"Redacci\u00f3n Aeronoticias\" \/>\n<meta name=\"twitter:card\" content=\"summary_large_image\" \/>\n<meta name=\"twitter:creator\" content=\"@aeronoticias\" \/>\n<meta name=\"twitter:site\" content=\"@aeronoticias\" \/>\n<meta name=\"twitter:label1\" content=\"Escrito por\" \/>\n\t<meta name=\"twitter:data1\" content=\"Redacci\u00f3n Aeronoticias\" \/>\n\t<meta name=\"twitter:label2\" content=\"Tiempo de lectura\" \/>\n\t<meta name=\"twitter:data2\" content=\"1 minuto\" \/>\n<script type=\"application\/ld+json\" class=\"yoast-schema-graph\">{\"@context\":\"https:\/\/schema.org\",\"@graph\":[{\"@type\":\"WebPage\",\"@id\":\"https:\/\/aeronoticias.com.pe\/noticiero\/espectaculos\/justin-bieber-y-fotografo-llegan-a-un-acuerdo-extrajudicial\/\",\"url\":\"https:\/\/aeronoticias.com.pe\/noticiero\/espectaculos\/justin-bieber-y-fotografo-llegan-a-un-acuerdo-extrajudicial\/\",\"name\":\"Justin Bieber y fot\u00f3grafo llegan a un acuerdo extrajudicial\",\"isPartOf\":{\"@id\":\"https:\/\/aeronoticias.com.pe\/noticiero\/#website\"},\"datePublished\":\"2012-06-21T15:39:01+00:00\",\"author\":{\"@id\":\"https:\/\/aeronoticias.com.pe\/noticiero\/#\/schema\/person\/fc1e5d578f4b62ba1cf7ac2bba1170a0\"},\"description\":\"Portal de noticias del Per\u00fa sobre el transporte a\u00e9reo, aviaci\u00f3n, turismo, hoteleria, actualidad.\",\"breadcrumb\":{\"@id\":\"https:\/\/aeronoticias.com.pe\/noticiero\/espectaculos\/justin-bieber-y-fotografo-llegan-a-un-acuerdo-extrajudicial\/#breadcrumb\"},\"inLanguage\":\"es\",\"potentialAction\":[{\"@type\":\"ReadAction\",\"target\":[\"https:\/\/aeronoticias.com.pe\/noticiero\/espectaculos\/justin-bieber-y-fotografo-llegan-a-un-acuerdo-extrajudicial\/\"]}]},{\"@type\":\"BreadcrumbList\",\"@id\":\"https:\/\/aeronoticias.com.pe\/noticiero\/espectaculos\/justin-bieber-y-fotografo-llegan-a-un-acuerdo-extrajudicial\/#breadcrumb\",\"itemListElement\":[{\"@type\":\"ListItem\",\"position\":1,\"name\":\"Portada\",\"item\":\"https:\/\/aeronoticias.com.pe\/noticiero\/\"},{\"@type\":\"ListItem\",\"position\":2,\"name\":\"Justin Bieber y fot\u00f3grafo llegan a un acuerdo extrajudicial\"}]},{\"@type\":\"WebSite\",\"@id\":\"https:\/\/aeronoticias.com.pe\/noticiero\/#website\",\"url\":\"https:\/\/aeronoticias.com.pe\/noticiero\/\",\"name\":\"Aeronoticias.com.pe\",\"description\":\"Noticias de tranporte aereo, turismo, hoteles, gastronomia, actualidad, internacional\",\"potentialAction\":[{\"@type\":\"SearchAction\",\"target\":{\"@type\":\"EntryPoint\",\"urlTemplate\":\"https:\/\/aeronoticias.com.pe\/noticiero\/?s={search_term_string}\"},\"query-input\":{\"@type\":\"PropertyValueSpecification\",\"valueRequired\":true,\"valueName\":\"search_term_string\"}}],\"inLanguage\":\"es\"},{\"@type\":\"Person\",\"@id\":\"https:\/\/aeronoticias.com.pe\/noticiero\/#\/schema\/person\/fc1e5d578f4b62ba1cf7ac2bba1170a0\",\"name\":\"Redacci\u00f3n Aeronoticias\",\"url\":\"https:\/\/aeronoticias.com.pe\/noticiero\/author\/piloto\/\"}]}<\/script>\n<!-- \/ Yoast SEO plugin. -->","yoast_head_json":{"title":"Justin Bieber y fot\u00f3grafo llegan a un acuerdo extrajudicial","description":"Portal de noticias del Per\u00fa sobre el transporte a\u00e9reo, aviaci\u00f3n, turismo, hoteleria, actualidad.","robots":{"index":"index","follow":"follow","max-snippet":"max-snippet:-1","max-image-preview":"max-image-preview:large","max-video-preview":"max-video-preview:-1"},"canonical":"https:\/\/aeronoticias.com.pe\/noticiero\/espectaculos\/justin-bieber-y-fotografo-llegan-a-un-acuerdo-extrajudicial\/","og_locale":"es_ES","og_type":"article","og_title":"Justin Bieber y fot\u00f3grafo llegan a un acuerdo extrajudicial","og_description":"Portal de noticias del Per\u00fa sobre el transporte a\u00e9reo, aviaci\u00f3n, turismo, hoteleria, actualidad.","og_url":"https:\/\/aeronoticias.com.pe\/noticiero\/espectaculos\/justin-bieber-y-fotografo-llegan-a-un-acuerdo-extrajudicial\/","og_site_name":"Aeronoticias.com.pe","article_publisher":"https:\/\/www.facebook.com\/Aeronoticias.com.pe\/","article_published_time":"2012-06-21T15:39:01+00:00","author":"Redacci\u00f3n Aeronoticias","twitter_card":"summary_large_image","twitter_creator":"@aeronoticias","twitter_site":"@aeronoticias","twitter_misc":{"Escrito por":"Redacci\u00f3n Aeronoticias","Tiempo de lectura":"1 minuto"},"schema":{"@context":"https:\/\/schema.org","@graph":[{"@type":"WebPage","@id":"https:\/\/aeronoticias.com.pe\/noticiero\/espectaculos\/justin-bieber-y-fotografo-llegan-a-un-acuerdo-extrajudicial\/","url":"https:\/\/aeronoticias.com.pe\/noticiero\/espectaculos\/justin-bieber-y-fotografo-llegan-a-un-acuerdo-extrajudicial\/","name":"Justin Bieber y fot\u00f3grafo llegan a un acuerdo extrajudicial","isPartOf":{"@id":"https:\/\/aeronoticias.com.pe\/noticiero\/#website"},"datePublished":"2012-06-21T15:39:01+00:00","author":{"@id":"https:\/\/aeronoticias.com.pe\/noticiero\/#\/schema\/person\/fc1e5d578f4b62ba1cf7ac2bba1170a0"},"description":"Portal de noticias del Per\u00fa sobre el transporte a\u00e9reo, aviaci\u00f3n, turismo, hoteleria, actualidad.","breadcrumb":{"@id":"https:\/\/aeronoticias.com.pe\/noticiero\/espectaculos\/justin-bieber-y-fotografo-llegan-a-un-acuerdo-extrajudicial\/#breadcrumb"},"inLanguage":"es","potentialAction":[{"@type":"ReadAction","target":["https:\/\/aeronoticias.com.pe\/noticiero\/espectaculos\/justin-bieber-y-fotografo-llegan-a-un-acuerdo-extrajudicial\/"]}]},{"@type":"BreadcrumbList","@id":"https:\/\/aeronoticias.com.pe\/noticiero\/espectaculos\/justin-bieber-y-fotografo-llegan-a-un-acuerdo-extrajudicial\/#breadcrumb","itemListElement":[{"@type":"ListItem","position":1,"name":"Portada","item":"https:\/\/aeronoticias.com.pe\/noticiero\/"},{"@type":"ListItem","position":2,"name":"Justin Bieber y fot\u00f3grafo llegan a un acuerdo extrajudicial"}]},{"@type":"WebSite","@id":"https:\/\/aeronoticias.com.pe\/noticiero\/#website","url":"https:\/\/aeronoticias.com.pe\/noticiero\/","name":"Aeronoticias.com.pe","description":"Noticias de tranporte aereo, turismo, hoteles, gastronomia, actualidad, internacional","potentialAction":[{"@type":"SearchAction","target":{"@type":"EntryPoint","urlTemplate":"https:\/\/aeronoticias.com.pe\/noticiero\/?s={search_term_string}"},"query-input":{"@type":"PropertyValueSpecification","valueRequired":true,"valueName":"search_term_string"}}],"inLanguage":"es"},{"@type":"Person","@id":"https:\/\/aeronoticias.com.pe\/noticiero\/#\/schema\/person\/fc1e5d578f4b62ba1cf7ac2bba1170a0","name":"Redacci\u00f3n Aeronoticias","url":"https:\/\/aeronoticias.com.pe\/noticiero\/author\/piloto\/"}]}},"_links":{"self":[{"href":"https:\/\/aeronoticias.com.pe\/noticiero\/wp-json\/wp\/v2\/posts\/27865","targetHints":{"allow":["GET"]}}],"collection":[{"href":"https:\/\/aeronoticias.com.pe\/noticiero\/wp-json\/wp\/v2\/posts"}],"about":[{"href":"https:\/\/aeronoticias.com.pe\/noticiero\/wp-json\/wp\/v2\/types\/post"}],"author":[{"embeddable":true,"href":"https:\/\/aeronoticias.com.pe\/noticiero\/wp-json\/wp\/v2\/users\/1"}],"replies":[{"embeddable":true,"href":"https:\/\/aeronoticias.com.pe\/noticiero\/wp-json\/wp\/v2\/comments?post=27865"}],"version-history":[{"count":0,"href":"https:\/\/aeronoticias.com.pe\/noticiero\/wp-json\/wp\/v2\/posts\/27865\/revisions"}],"wp:attachment":[{"href":"https:\/\/aeronoticias.com.pe\/noticiero\/wp-json\/wp\/v2\/media?parent=27865"}],"wp:term":[{"taxonomy":"category","embeddable":true,"href":"https:\/\/aeronoticias.com.pe\/noticiero\/wp-json\/wp\/v2\/categories?post=27865"},{"taxonomy":"post_tag","embeddable":true,"href":"https:\/\/aeronoticias.com.pe\/noticiero\/wp-json\/wp\/v2\/tags?post=27865"}],"curies":[{"name":"wp","href":"https:\/\/api.w.org\/{rel}","templated":true}]}}