{"id":27866,"date":"2012-06-21T16:22:06","date_gmt":"2012-06-21T16:22:06","guid":{"rendered":"http:\/\/desarrollo.mcvicious.com\/aero2020\/2012\/06\/21\/sunat-participara-en-sesiones-del-consejo-de-cooperacion-aduanera-de-la-oma-en-belgica\/"},"modified":"2012-06-21T16:22:06","modified_gmt":"2012-06-21T16:22:06","slug":"sunat-participara-en-sesiones-del-consejo-de-cooperacion-aduanera-de-la-oma-en-belgica","status":"publish","type":"post","link":"https:\/\/aeronoticias.com.pe\/noticiero\/nacionales\/sunat-participara-en-sesiones-del-consejo-de-cooperacion-aduanera-de-la-oma-en-belgica\/","title":{"rendered":"Sunat participar\u00e1 en sesiones del Consejo de Cooperaci\u00f3n Aduanera de la OMA en B\u00e9lgica"},"content":{"rendered":"<p style=\"text-align: justify;\" \/><strong>(Aeronoticias).-<\/strong> La Superintendencia Nacional de Aduanas y Administraci\u00f3n Tributaria (Sunat) participar\u00e1 en la Sesi\u00f3n de Orientaci\u00f3n Especial para los nuevos directores generales de las Administraciones Aduaneras de la Organizaci\u00f3n Mundial de Aduanas (OMA), que se realizar\u00e1 en Bruselas (B\u00e9lgica) del 28 al 30 de junio. <\/p>\n<p>El superintendente nacional adjunto de Aduanas, Rafael Garc\u00eda, representar\u00e1 a la instituci\u00f3n en esa sesi\u00f3n, as\u00ed como tambi\u00e9n en las sesiones 119 y 120 del Consejo de Cooperaci\u00f3n Aduanera de la OMA.<br \/>  <!--more-->  <br \/>En dichas sesiones, la Asamblea de la OMA toma decisiones de car\u00e1cter pol\u00edtico y t\u00e9cnico que repercuten en todas las administraciones aduaneras del mundo y en las estrategias nacionales e internacionales que se lleven a cabo.<\/p>\n<p>Asimismo, se fijan las nuevas tendencias y procedimientos a seguir en materia de facilitaci\u00f3n, de seguridad de la cadena log\u00edstica internacional, de protecci\u00f3n de los derechos de propiedad intelectual, de medioambiente, de salud y otros temas relacionados con las mejores pr\u00e1cticas en el campo aduanero.<br \/>En ese sentido, la Sunat autoriz\u00f3, mediante una resoluci\u00f3, el viaje de Garc\u00eda a B\u00e9lgica.<\/p>\n<p>Explic\u00f3 que la participaci\u00f3n de la Sunat en los referidos eventos se enmarca en los objetivos estrat\u00e9gicos institucionales de reducir el incumplimiento tributario y aduanero.<\/p>\n<p>Para esos efectos, se busca mejorar los mecanismos de detecci\u00f3n de los il\u00edcitos aduaneros y la competitividad del pa\u00eds facilitando y modernizando el comercio exterior, lo que garantiza una cadena \u00e1gil y segura en el despacho aduanero.<\/p>\n<p>La OMA es un organismo intergubernamental independiente cuya misi\u00f3n es incrementar la efectividad y eficiencia de las administraciones aduaneras.<br \/><img decoding=\"async\" class=\"caption\" src=\"images\/stories\/12\/06\/210612\/sunat.jpg\" border=\"0\" alt=\"Sunat participar\u00e1 en sesiones del Consejo de Cooperaci\u00f3n Aduanera de la OMA en B\u00e9lgica\" title=\"Sunat participar\u00e1 en sesiones del Consejo de Cooperaci\u00f3n Aduanera de la OMA en B\u00e9lgica\" \/><\/p>\n","protected":false},"excerpt":{"rendered":"<p>(Aeronoticias).- La Superintendencia Nacional de Aduanas y Administraci\u00f3n Tributaria (Sunat) participar\u00e1 en la Sesi\u00f3n de Orientaci\u00f3n Especial para los nuevos directores generales de las Administraciones Aduaneras de la Organizaci\u00f3n Mundial de Aduanas (OMA), que se realizar\u00e1 en Bruselas (B\u00e9lgica) del 28 al 30 de junio. El superintendente nacional adjunto de Aduanas, Rafael Garc\u00eda, representar\u00e1 a [&hellip;]<\/p>\n","protected":false},"author":1,"featured_media":0,"comment_status":"open","ping_status":"open","sticky":false,"template":"","format":"standard","meta":{"tdm_status":"","tdm_grid_status":"","footnotes":""},"categories":[38],"tags":[],"class_list":{"0":"post-27866","1":"post","2":"type-post","3":"status-publish","4":"format-standard","6":"category-nacionales"},"yoast_head":"<!-- This site is optimized with the Yoast SEO plugin v25.1 - https:\/\/yoast.com\/wordpress\/plugins\/seo\/ -->\n<title>Sunat participar\u00e1 en sesiones del Consejo de Cooperaci\u00f3n Aduanera de la OMA en B\u00e9lgica<\/title>\n<meta name=\"description\" content=\"Portal de noticias del Per\u00fa sobre el transporte a\u00e9reo, aviaci\u00f3n, turismo, hoteleria, actualidad.\" \/>\n<meta name=\"robots\" content=\"index, follow, max-snippet:-1, max-image-preview:large, max-video-preview:-1\" \/>\n<link rel=\"canonical\" href=\"https:\/\/aeronoticias.com.pe\/noticiero\/nacionales\/sunat-participara-en-sesiones-del-consejo-de-cooperacion-aduanera-de-la-oma-en-belgica\/\" \/>\n<meta property=\"og:locale\" content=\"es_ES\" \/>\n<meta property=\"og:type\" content=\"article\" \/>\n<meta property=\"og:title\" content=\"Sunat participar\u00e1 en sesiones del Consejo de Cooperaci\u00f3n Aduanera de la OMA en B\u00e9lgica\" \/>\n<meta property=\"og:description\" content=\"Portal de noticias del Per\u00fa sobre el transporte a\u00e9reo, aviaci\u00f3n, turismo, hoteleria, actualidad.\" \/>\n<meta property=\"og:url\" content=\"https:\/\/aeronoticias.com.pe\/noticiero\/nacionales\/sunat-participara-en-sesiones-del-consejo-de-cooperacion-aduanera-de-la-oma-en-belgica\/\" \/>\n<meta property=\"og:site_name\" content=\"Aeronoticias.com.pe\" \/>\n<meta property=\"article:publisher\" content=\"https:\/\/www.facebook.com\/Aeronoticias.com.pe\/\" \/>\n<meta property=\"article:published_time\" content=\"2012-06-21T16:22:06+00:00\" \/>\n<meta name=\"author\" content=\"Redacci\u00f3n Aeronoticias\" \/>\n<meta name=\"twitter:card\" content=\"summary_large_image\" \/>\n<meta name=\"twitter:creator\" content=\"@aeronoticias\" \/>\n<meta name=\"twitter:site\" content=\"@aeronoticias\" \/>\n<meta name=\"twitter:label1\" content=\"Escrito por\" \/>\n\t<meta name=\"twitter:data1\" content=\"Redacci\u00f3n Aeronoticias\" \/>\n\t<meta name=\"twitter:label2\" content=\"Tiempo de lectura\" \/>\n\t<meta name=\"twitter:data2\" content=\"1 minuto\" \/>\n<script type=\"application\/ld+json\" class=\"yoast-schema-graph\">{\"@context\":\"https:\/\/schema.org\",\"@graph\":[{\"@type\":\"WebPage\",\"@id\":\"https:\/\/aeronoticias.com.pe\/noticiero\/nacionales\/sunat-participara-en-sesiones-del-consejo-de-cooperacion-aduanera-de-la-oma-en-belgica\/\",\"url\":\"https:\/\/aeronoticias.com.pe\/noticiero\/nacionales\/sunat-participara-en-sesiones-del-consejo-de-cooperacion-aduanera-de-la-oma-en-belgica\/\",\"name\":\"Sunat participar\u00e1 en sesiones del Consejo de Cooperaci\u00f3n Aduanera de la OMA en B\u00e9lgica\",\"isPartOf\":{\"@id\":\"https:\/\/aeronoticias.com.pe\/noticiero\/#website\"},\"datePublished\":\"2012-06-21T16:22:06+00:00\",\"author\":{\"@id\":\"https:\/\/aeronoticias.com.pe\/noticiero\/#\/schema\/person\/fc1e5d578f4b62ba1cf7ac2bba1170a0\"},\"description\":\"Portal de noticias del Per\u00fa sobre el transporte a\u00e9reo, aviaci\u00f3n, turismo, hoteleria, actualidad.\",\"breadcrumb\":{\"@id\":\"https:\/\/aeronoticias.com.pe\/noticiero\/nacionales\/sunat-participara-en-sesiones-del-consejo-de-cooperacion-aduanera-de-la-oma-en-belgica\/#breadcrumb\"},\"inLanguage\":\"es\",\"potentialAction\":[{\"@type\":\"ReadAction\",\"target\":[\"https:\/\/aeronoticias.com.pe\/noticiero\/nacionales\/sunat-participara-en-sesiones-del-consejo-de-cooperacion-aduanera-de-la-oma-en-belgica\/\"]}]},{\"@type\":\"BreadcrumbList\",\"@id\":\"https:\/\/aeronoticias.com.pe\/noticiero\/nacionales\/sunat-participara-en-sesiones-del-consejo-de-cooperacion-aduanera-de-la-oma-en-belgica\/#breadcrumb\",\"itemListElement\":[{\"@type\":\"ListItem\",\"position\":1,\"name\":\"Portada\",\"item\":\"https:\/\/aeronoticias.com.pe\/noticiero\/\"},{\"@type\":\"ListItem\",\"position\":2,\"name\":\"Sunat participar\u00e1 en sesiones del Consejo de Cooperaci\u00f3n Aduanera de la OMA en B\u00e9lgica\"}]},{\"@type\":\"WebSite\",\"@id\":\"https:\/\/aeronoticias.com.pe\/noticiero\/#website\",\"url\":\"https:\/\/aeronoticias.com.pe\/noticiero\/\",\"name\":\"Aeronoticias.com.pe\",\"description\":\"Noticias de tranporte aereo, turismo, hoteles, gastronomia, actualidad, internacional\",\"potentialAction\":[{\"@type\":\"SearchAction\",\"target\":{\"@type\":\"EntryPoint\",\"urlTemplate\":\"https:\/\/aeronoticias.com.pe\/noticiero\/?s={search_term_string}\"},\"query-input\":{\"@type\":\"PropertyValueSpecification\",\"valueRequired\":true,\"valueName\":\"search_term_string\"}}],\"inLanguage\":\"es\"},{\"@type\":\"Person\",\"@id\":\"https:\/\/aeronoticias.com.pe\/noticiero\/#\/schema\/person\/fc1e5d578f4b62ba1cf7ac2bba1170a0\",\"name\":\"Redacci\u00f3n Aeronoticias\",\"url\":\"https:\/\/aeronoticias.com.pe\/noticiero\/author\/piloto\/\"}]}<\/script>\n<!-- \/ Yoast SEO plugin. -->","yoast_head_json":{"title":"Sunat participar\u00e1 en sesiones del Consejo de Cooperaci\u00f3n Aduanera de la OMA en B\u00e9lgica","description":"Portal de noticias del Per\u00fa sobre el transporte a\u00e9reo, aviaci\u00f3n, turismo, hoteleria, actualidad.","robots":{"index":"index","follow":"follow","max-snippet":"max-snippet:-1","max-image-preview":"max-image-preview:large","max-video-preview":"max-video-preview:-1"},"canonical":"https:\/\/aeronoticias.com.pe\/noticiero\/nacionales\/sunat-participara-en-sesiones-del-consejo-de-cooperacion-aduanera-de-la-oma-en-belgica\/","og_locale":"es_ES","og_type":"article","og_title":"Sunat participar\u00e1 en sesiones del Consejo de Cooperaci\u00f3n Aduanera de la OMA en B\u00e9lgica","og_description":"Portal de noticias del Per\u00fa sobre el transporte a\u00e9reo, aviaci\u00f3n, turismo, hoteleria, actualidad.","og_url":"https:\/\/aeronoticias.com.pe\/noticiero\/nacionales\/sunat-participara-en-sesiones-del-consejo-de-cooperacion-aduanera-de-la-oma-en-belgica\/","og_site_name":"Aeronoticias.com.pe","article_publisher":"https:\/\/www.facebook.com\/Aeronoticias.com.pe\/","article_published_time":"2012-06-21T16:22:06+00:00","author":"Redacci\u00f3n Aeronoticias","twitter_card":"summary_large_image","twitter_creator":"@aeronoticias","twitter_site":"@aeronoticias","twitter_misc":{"Escrito por":"Redacci\u00f3n Aeronoticias","Tiempo de lectura":"1 minuto"},"schema":{"@context":"https:\/\/schema.org","@graph":[{"@type":"WebPage","@id":"https:\/\/aeronoticias.com.pe\/noticiero\/nacionales\/sunat-participara-en-sesiones-del-consejo-de-cooperacion-aduanera-de-la-oma-en-belgica\/","url":"https:\/\/aeronoticias.com.pe\/noticiero\/nacionales\/sunat-participara-en-sesiones-del-consejo-de-cooperacion-aduanera-de-la-oma-en-belgica\/","name":"Sunat participar\u00e1 en sesiones del Consejo de Cooperaci\u00f3n Aduanera de la OMA en B\u00e9lgica","isPartOf":{"@id":"https:\/\/aeronoticias.com.pe\/noticiero\/#website"},"datePublished":"2012-06-21T16:22:06+00:00","author":{"@id":"https:\/\/aeronoticias.com.pe\/noticiero\/#\/schema\/person\/fc1e5d578f4b62ba1cf7ac2bba1170a0"},"description":"Portal de noticias del Per\u00fa sobre el transporte a\u00e9reo, aviaci\u00f3n, turismo, hoteleria, actualidad.","breadcrumb":{"@id":"https:\/\/aeronoticias.com.pe\/noticiero\/nacionales\/sunat-participara-en-sesiones-del-consejo-de-cooperacion-aduanera-de-la-oma-en-belgica\/#breadcrumb"},"inLanguage":"es","potentialAction":[{"@type":"ReadAction","target":["https:\/\/aeronoticias.com.pe\/noticiero\/nacionales\/sunat-participara-en-sesiones-del-consejo-de-cooperacion-aduanera-de-la-oma-en-belgica\/"]}]},{"@type":"BreadcrumbList","@id":"https:\/\/aeronoticias.com.pe\/noticiero\/nacionales\/sunat-participara-en-sesiones-del-consejo-de-cooperacion-aduanera-de-la-oma-en-belgica\/#breadcrumb","itemListElement":[{"@type":"ListItem","position":1,"name":"Portada","item":"https:\/\/aeronoticias.com.pe\/noticiero\/"},{"@type":"ListItem","position":2,"name":"Sunat participar\u00e1 en sesiones del Consejo de Cooperaci\u00f3n Aduanera de la OMA en B\u00e9lgica"}]},{"@type":"WebSite","@id":"https:\/\/aeronoticias.com.pe\/noticiero\/#website","url":"https:\/\/aeronoticias.com.pe\/noticiero\/","name":"Aeronoticias.com.pe","description":"Noticias de tranporte aereo, turismo, hoteles, gastronomia, actualidad, internacional","potentialAction":[{"@type":"SearchAction","target":{"@type":"EntryPoint","urlTemplate":"https:\/\/aeronoticias.com.pe\/noticiero\/?s={search_term_string}"},"query-input":{"@type":"PropertyValueSpecification","valueRequired":true,"valueName":"search_term_string"}}],"inLanguage":"es"},{"@type":"Person","@id":"https:\/\/aeronoticias.com.pe\/noticiero\/#\/schema\/person\/fc1e5d578f4b62ba1cf7ac2bba1170a0","name":"Redacci\u00f3n Aeronoticias","url":"https:\/\/aeronoticias.com.pe\/noticiero\/author\/piloto\/"}]}},"_links":{"self":[{"href":"https:\/\/aeronoticias.com.pe\/noticiero\/wp-json\/wp\/v2\/posts\/27866","targetHints":{"allow":["GET"]}}],"collection":[{"href":"https:\/\/aeronoticias.com.pe\/noticiero\/wp-json\/wp\/v2\/posts"}],"about":[{"href":"https:\/\/aeronoticias.com.pe\/noticiero\/wp-json\/wp\/v2\/types\/post"}],"author":[{"embeddable":true,"href":"https:\/\/aeronoticias.com.pe\/noticiero\/wp-json\/wp\/v2\/users\/1"}],"replies":[{"embeddable":true,"href":"https:\/\/aeronoticias.com.pe\/noticiero\/wp-json\/wp\/v2\/comments?post=27866"}],"version-history":[{"count":0,"href":"https:\/\/aeronoticias.com.pe\/noticiero\/wp-json\/wp\/v2\/posts\/27866\/revisions"}],"wp:attachment":[{"href":"https:\/\/aeronoticias.com.pe\/noticiero\/wp-json\/wp\/v2\/media?parent=27866"}],"wp:term":[{"taxonomy":"category","embeddable":true,"href":"https:\/\/aeronoticias.com.pe\/noticiero\/wp-json\/wp\/v2\/categories?post=27866"},{"taxonomy":"post_tag","embeddable":true,"href":"https:\/\/aeronoticias.com.pe\/noticiero\/wp-json\/wp\/v2\/tags?post=27866"}],"curies":[{"name":"wp","href":"https:\/\/api.w.org\/{rel}","templated":true}]}}