{"id":27867,"date":"2012-06-21T20:38:28","date_gmt":"2012-06-21T20:38:28","guid":{"rendered":"http:\/\/desarrollo.mcvicious.com\/aero2020\/2012\/06\/21\/primer-hotel-todo-incluido-en-peru-se-alista-para-operar-a-toda-su-capacidad\/"},"modified":"2012-06-21T20:38:28","modified_gmt":"2012-06-21T20:38:28","slug":"primer-hotel-todo-incluido-en-peru-se-alista-para-operar-a-toda-su-capacidad","status":"publish","type":"post","link":"https:\/\/aeronoticias.com.pe\/noticiero\/turismo\/hoteleria\/primer-hotel-todo-incluido-en-peru-se-alista-para-operar-a-toda-su-capacidad\/","title":{"rendered":"Primer hotel &#8216;todo incluido&#8217; en Per\u00fa se alista para operar a toda su capacidad"},"content":{"rendered":"<p style=\"text-align: justify;\"><strong>(Aeronoticias).-<\/strong> El Hotel Royal Decameron Punta Sal, megaproyecto ubicado en Tumbes que se convertir\u00e1 en el primer hospedaje con el sistema \u00abtodo incluido\u00bb en el Per\u00fa, alista los \u00faltimos detalles para operar al 100 por ciento los pr\u00f3ximo d\u00edas.<\/p>\n<p style=\"text-align: justify;\"><img decoding=\"async\" class=\"caption\" src=\"images\/stories\/12\/06\/210612\/martinmaya.jpg\" border=\"0\" title=\"Director Comercial Regional de Decameron All Inclusive Hotels &amp; Resorts, Mart\u00edn Maya\" \/><\/p>\n<p style=\"text-align: justify;\">\u00abEl hotel ha entrado en una etapa de <em>soft opening<\/em>, es decir que solo 100 habitaciones est\u00e1n disponibles. A partir de la pr\u00f3xima semana tendremos el hotel operando en toda su capacidad, es decir con las 301 habitaciones, 7 bares y 3 restaurantes\u00bb, se\u00f1al\u00f3 a <strong>Aeronoticias <\/strong>el Director Comercial Regional de\u00a0Decameron All Inclusive Hotels &amp; Resorts, Mart\u00edn Maya.<\/p>\n<p>  <!--more-->  <\/p>\n<p style=\"text-align: justify;\"><span style=\"text-align: justify;\">A trav\u00e9s del sistema \u00abtodo incluido\u00bb, el visitante disfrutar\u00e1 no s\u00f3lo de lo confortable de las habitaciones, sino tambi\u00e9n de una amplia variedad de desayunos, almuerzos, cenas, bares abierto, un sinf\u00edn de entretenimientos y mucho m\u00e1s durante lo que dure su estad\u00eda.<\/span><\/p>\n<p style=\"text-align: justify;\">\u00abAdem\u00e1s de las\u00a0c\u00f3modas\u00a0habitaciones con todos los servicios b\u00e1sicos, nuestro sistema incluye toda la alimentaci\u00f3n. No solamente en buffets, sino tambi\u00e9n en restaurantes a la carta, con diferentes especialidades que pasan por la gastronom\u00eda peruana e internacional\u00bb, explic\u00f3 Maya.<\/p>\n<p style=\"text-align: justify;\">De esta forma, muchos peruanos\u00a0disfrutar\u00e1n de estos beneficios en el pa\u00eds, con el mismo nivel de los mejores destinos tur\u00edsticos mundiales, alojamientos de primera, cocina multinacional, piscinas, deportes, espect\u00e1culos y otras formas de diversi\u00f3n para toda la familia.<\/p>\n<p style=\"text-align: justify;\">El hotel cuenta con 301 habitaciones, 3 restaurantes, 7 bares,\u00a0\u00e1rea de show y entretenimiento, dos piscinas, canchas de tenis y un kil\u00f3metro de playa. Asimismo, para el mes de julio se espera tener disponible el spa y el centro de convenciones con capacidad para 500 personas.<\/p>\n<p style=\"text-align: justify;\"><strong>Expectativas<\/strong><\/p>\n<p style=\"text-align: justify;\">Por otro lado, Maya explic\u00f3 que el modelo de negocio de Hoteles Decameron no les permite considerar nada diferente\u00a0a\u00a0alt\u00edsimas\u00a0ocupaciones. \u00abNuestro negocio no funciona sino hay movimiento. Por lo tanto nuestra expectativa tiene que superar el 85% de ocupabilidad en el primer a\u00f1o de operaciones\u00bb, revel\u00f3.<\/p>\n<p style=\"text-align: justify;\">\u00abConociendo los antecedentes de Decameron con proyectos\u00a0similares\u00a0en otros pa\u00edses, creemos que en el Per\u00fa no va a ser distinto porque son pa\u00edses que tienen todo el potencial y en donde el proyecto encaja perfectamente bien en t\u00e9rminos del producto atractivo\u00bb, a\u00f1adi\u00f3.<\/p>\n<p><img decoding=\"async\" class=\"caption\" src=\"images\/stories\/12\/06\/210612\/hoteldecameron.jpg\" border=\"0\" alt=\"Primer hotel 'todo incluido' en Per\u00fa se alista para operar a toda su capacidad  \" title=\"Vista de la piscina del Hotel Decameron Punta Sal\" \/><\/p>\n<p><img decoding=\"async\" class=\"caption\" src=\"images\/stories\/12\/06\/210612\/hoteldecameron02.jpg\" border=\"0\" alt=\"Primer hotel 'todo incluido' en Per\u00fa se alista para operar a toda su capacidad  \" title=\"El Hotel Royal Decameron Punta Sal cuenta con 301 habitaciones\" \/><\/p>\n<p><img decoding=\"async\" class=\"caption\" src=\"images\/stories\/12\/06\/210612\/habitacion.jpg\" border=\"0\" alt=\"Primer hotel 'todo incluido' en Per\u00fa se alista para operar a toda su capacidad  \" title=\"As\u00ed lucen las habitaciones del Hotel Royal Decameron Punta Sal\" \/><\/p>\n<p>{jathumbnail off images=\u00bbimages\/stories\/12\/06\/210612\/martinmaya.jpg,images\/stories\/12\/06\/210612\/hoteldecameron.jpg,images\/stories\/12\/06\/210612\/hoteldecameron02.jpg,images\/stories\/12\/06\/210612\/habitacion.jpg,\u00bb}<\/p>\n<p style=\"text-align: center;\"> <object width=\"400\" height=\"325\" data=\"http:\/\/www.youtube.com\/v\/7W9gavzmGrQ?fs=1&amp;hl=en_US&amp;autoplay=0&amp;showinfo=0&amp;rel=0\" type=\"application\/x-shockwave-flash\"><param name=\"movie\" value=\"http:\/\/www.youtube.com\/v\/7W9gavzmGrQ?fs=1&amp;hl=en_US&amp;autoplay=0&amp;showinfo=0&amp;rel=0\" \/><param name=\"wmode\" value=\"transparent\" \/><\/object> <\/p>\n","protected":false},"excerpt":{"rendered":"<p>(Aeronoticias).- El Hotel Royal Decameron Punta Sal, megaproyecto ubicado en Tumbes que se convertir\u00e1 en el primer hospedaje con el sistema \u00abtodo incluido\u00bb en el Per\u00fa, alista los \u00faltimos detalles para operar al 100 por ciento los pr\u00f3ximo d\u00edas. \u00abEl hotel ha entrado en una etapa de soft opening, es decir que solo 100 habitaciones [&hellip;]<\/p>\n","protected":false},"author":1,"featured_media":0,"comment_status":"open","ping_status":"open","sticky":false,"template":"","format":"standard","meta":{"tdm_status":"","tdm_grid_status":"","footnotes":""},"categories":[50],"tags":[],"class_list":{"0":"post-27867","1":"post","2":"type-post","3":"status-publish","4":"format-standard","6":"category-hoteleria"},"yoast_head":"<!-- This site is optimized with the Yoast SEO plugin v25.1 - https:\/\/yoast.com\/wordpress\/plugins\/seo\/ -->\n<title>Primer hotel &#039;todo incluido&#039; en Per\u00fa se alista para operar a toda su capacidad<\/title>\n<meta name=\"description\" content=\"Portal de noticias del Per\u00fa sobre el transporte a\u00e9reo, aviaci\u00f3n, turismo, hoteleria, actualidad.\" \/>\n<meta name=\"robots\" content=\"index, follow, max-snippet:-1, max-image-preview:large, max-video-preview:-1\" \/>\n<link rel=\"canonical\" href=\"https:\/\/aeronoticias.com.pe\/noticiero\/turismo\/hoteleria\/primer-hotel-todo-incluido-en-peru-se-alista-para-operar-a-toda-su-capacidad\/\" \/>\n<meta property=\"og:locale\" content=\"es_ES\" \/>\n<meta property=\"og:type\" content=\"article\" \/>\n<meta property=\"og:title\" content=\"Primer hotel &#039;todo incluido&#039; en Per\u00fa se alista para operar a toda su capacidad\" \/>\n<meta property=\"og:description\" content=\"Portal de noticias del Per\u00fa sobre el transporte a\u00e9reo, aviaci\u00f3n, turismo, hoteleria, actualidad.\" \/>\n<meta property=\"og:url\" content=\"https:\/\/aeronoticias.com.pe\/noticiero\/turismo\/hoteleria\/primer-hotel-todo-incluido-en-peru-se-alista-para-operar-a-toda-su-capacidad\/\" \/>\n<meta property=\"og:site_name\" content=\"Aeronoticias.com.pe\" \/>\n<meta property=\"article:publisher\" content=\"https:\/\/www.facebook.com\/Aeronoticias.com.pe\/\" \/>\n<meta property=\"article:published_time\" content=\"2012-06-21T20:38:28+00:00\" \/>\n<meta name=\"author\" content=\"Redacci\u00f3n Aeronoticias\" \/>\n<meta name=\"twitter:card\" content=\"summary_large_image\" \/>\n<meta name=\"twitter:creator\" content=\"@aeronoticias\" \/>\n<meta name=\"twitter:site\" content=\"@aeronoticias\" \/>\n<meta name=\"twitter:label1\" content=\"Escrito por\" \/>\n\t<meta name=\"twitter:data1\" content=\"Redacci\u00f3n Aeronoticias\" \/>\n\t<meta name=\"twitter:label2\" content=\"Tiempo de lectura\" \/>\n\t<meta name=\"twitter:data2\" content=\"2 minutos\" \/>\n<script type=\"application\/ld+json\" class=\"yoast-schema-graph\">{\"@context\":\"https:\/\/schema.org\",\"@graph\":[{\"@type\":\"WebPage\",\"@id\":\"https:\/\/aeronoticias.com.pe\/noticiero\/turismo\/hoteleria\/primer-hotel-todo-incluido-en-peru-se-alista-para-operar-a-toda-su-capacidad\/\",\"url\":\"https:\/\/aeronoticias.com.pe\/noticiero\/turismo\/hoteleria\/primer-hotel-todo-incluido-en-peru-se-alista-para-operar-a-toda-su-capacidad\/\",\"name\":\"Primer hotel 'todo incluido' en Per\u00fa se alista para operar a toda su capacidad\",\"isPartOf\":{\"@id\":\"https:\/\/aeronoticias.com.pe\/noticiero\/#website\"},\"datePublished\":\"2012-06-21T20:38:28+00:00\",\"author\":{\"@id\":\"https:\/\/aeronoticias.com.pe\/noticiero\/#\/schema\/person\/fc1e5d578f4b62ba1cf7ac2bba1170a0\"},\"description\":\"Portal de noticias del Per\u00fa sobre el transporte a\u00e9reo, aviaci\u00f3n, turismo, hoteleria, actualidad.\",\"breadcrumb\":{\"@id\":\"https:\/\/aeronoticias.com.pe\/noticiero\/turismo\/hoteleria\/primer-hotel-todo-incluido-en-peru-se-alista-para-operar-a-toda-su-capacidad\/#breadcrumb\"},\"inLanguage\":\"es\",\"potentialAction\":[{\"@type\":\"ReadAction\",\"target\":[\"https:\/\/aeronoticias.com.pe\/noticiero\/turismo\/hoteleria\/primer-hotel-todo-incluido-en-peru-se-alista-para-operar-a-toda-su-capacidad\/\"]}]},{\"@type\":\"BreadcrumbList\",\"@id\":\"https:\/\/aeronoticias.com.pe\/noticiero\/turismo\/hoteleria\/primer-hotel-todo-incluido-en-peru-se-alista-para-operar-a-toda-su-capacidad\/#breadcrumb\",\"itemListElement\":[{\"@type\":\"ListItem\",\"position\":1,\"name\":\"Portada\",\"item\":\"https:\/\/aeronoticias.com.pe\/noticiero\/\"},{\"@type\":\"ListItem\",\"position\":2,\"name\":\"Primer hotel &#8216;todo incluido&#8217; en Per\u00fa se alista para operar a toda su capacidad\"}]},{\"@type\":\"WebSite\",\"@id\":\"https:\/\/aeronoticias.com.pe\/noticiero\/#website\",\"url\":\"https:\/\/aeronoticias.com.pe\/noticiero\/\",\"name\":\"Aeronoticias.com.pe\",\"description\":\"Noticias de tranporte aereo, turismo, hoteles, gastronomia, actualidad, internacional\",\"potentialAction\":[{\"@type\":\"SearchAction\",\"target\":{\"@type\":\"EntryPoint\",\"urlTemplate\":\"https:\/\/aeronoticias.com.pe\/noticiero\/?s={search_term_string}\"},\"query-input\":{\"@type\":\"PropertyValueSpecification\",\"valueRequired\":true,\"valueName\":\"search_term_string\"}}],\"inLanguage\":\"es\"},{\"@type\":\"Person\",\"@id\":\"https:\/\/aeronoticias.com.pe\/noticiero\/#\/schema\/person\/fc1e5d578f4b62ba1cf7ac2bba1170a0\",\"name\":\"Redacci\u00f3n Aeronoticias\",\"url\":\"https:\/\/aeronoticias.com.pe\/noticiero\/author\/piloto\/\"}]}<\/script>\n<!-- \/ Yoast SEO plugin. -->","yoast_head_json":{"title":"Primer hotel 'todo incluido' en Per\u00fa se alista para operar a toda su capacidad","description":"Portal de noticias del Per\u00fa sobre el transporte a\u00e9reo, aviaci\u00f3n, turismo, hoteleria, actualidad.","robots":{"index":"index","follow":"follow","max-snippet":"max-snippet:-1","max-image-preview":"max-image-preview:large","max-video-preview":"max-video-preview:-1"},"canonical":"https:\/\/aeronoticias.com.pe\/noticiero\/turismo\/hoteleria\/primer-hotel-todo-incluido-en-peru-se-alista-para-operar-a-toda-su-capacidad\/","og_locale":"es_ES","og_type":"article","og_title":"Primer hotel 'todo incluido' en Per\u00fa se alista para operar a toda su capacidad","og_description":"Portal de noticias del Per\u00fa sobre el transporte a\u00e9reo, aviaci\u00f3n, turismo, hoteleria, actualidad.","og_url":"https:\/\/aeronoticias.com.pe\/noticiero\/turismo\/hoteleria\/primer-hotel-todo-incluido-en-peru-se-alista-para-operar-a-toda-su-capacidad\/","og_site_name":"Aeronoticias.com.pe","article_publisher":"https:\/\/www.facebook.com\/Aeronoticias.com.pe\/","article_published_time":"2012-06-21T20:38:28+00:00","author":"Redacci\u00f3n Aeronoticias","twitter_card":"summary_large_image","twitter_creator":"@aeronoticias","twitter_site":"@aeronoticias","twitter_misc":{"Escrito por":"Redacci\u00f3n Aeronoticias","Tiempo de lectura":"2 minutos"},"schema":{"@context":"https:\/\/schema.org","@graph":[{"@type":"WebPage","@id":"https:\/\/aeronoticias.com.pe\/noticiero\/turismo\/hoteleria\/primer-hotel-todo-incluido-en-peru-se-alista-para-operar-a-toda-su-capacidad\/","url":"https:\/\/aeronoticias.com.pe\/noticiero\/turismo\/hoteleria\/primer-hotel-todo-incluido-en-peru-se-alista-para-operar-a-toda-su-capacidad\/","name":"Primer hotel 'todo incluido' en Per\u00fa se alista para operar a toda su capacidad","isPartOf":{"@id":"https:\/\/aeronoticias.com.pe\/noticiero\/#website"},"datePublished":"2012-06-21T20:38:28+00:00","author":{"@id":"https:\/\/aeronoticias.com.pe\/noticiero\/#\/schema\/person\/fc1e5d578f4b62ba1cf7ac2bba1170a0"},"description":"Portal de noticias del Per\u00fa sobre el transporte a\u00e9reo, aviaci\u00f3n, turismo, hoteleria, actualidad.","breadcrumb":{"@id":"https:\/\/aeronoticias.com.pe\/noticiero\/turismo\/hoteleria\/primer-hotel-todo-incluido-en-peru-se-alista-para-operar-a-toda-su-capacidad\/#breadcrumb"},"inLanguage":"es","potentialAction":[{"@type":"ReadAction","target":["https:\/\/aeronoticias.com.pe\/noticiero\/turismo\/hoteleria\/primer-hotel-todo-incluido-en-peru-se-alista-para-operar-a-toda-su-capacidad\/"]}]},{"@type":"BreadcrumbList","@id":"https:\/\/aeronoticias.com.pe\/noticiero\/turismo\/hoteleria\/primer-hotel-todo-incluido-en-peru-se-alista-para-operar-a-toda-su-capacidad\/#breadcrumb","itemListElement":[{"@type":"ListItem","position":1,"name":"Portada","item":"https:\/\/aeronoticias.com.pe\/noticiero\/"},{"@type":"ListItem","position":2,"name":"Primer hotel &#8216;todo incluido&#8217; en Per\u00fa se alista para operar a toda su capacidad"}]},{"@type":"WebSite","@id":"https:\/\/aeronoticias.com.pe\/noticiero\/#website","url":"https:\/\/aeronoticias.com.pe\/noticiero\/","name":"Aeronoticias.com.pe","description":"Noticias de tranporte aereo, turismo, hoteles, gastronomia, actualidad, internacional","potentialAction":[{"@type":"SearchAction","target":{"@type":"EntryPoint","urlTemplate":"https:\/\/aeronoticias.com.pe\/noticiero\/?s={search_term_string}"},"query-input":{"@type":"PropertyValueSpecification","valueRequired":true,"valueName":"search_term_string"}}],"inLanguage":"es"},{"@type":"Person","@id":"https:\/\/aeronoticias.com.pe\/noticiero\/#\/schema\/person\/fc1e5d578f4b62ba1cf7ac2bba1170a0","name":"Redacci\u00f3n Aeronoticias","url":"https:\/\/aeronoticias.com.pe\/noticiero\/author\/piloto\/"}]}},"_links":{"self":[{"href":"https:\/\/aeronoticias.com.pe\/noticiero\/wp-json\/wp\/v2\/posts\/27867","targetHints":{"allow":["GET"]}}],"collection":[{"href":"https:\/\/aeronoticias.com.pe\/noticiero\/wp-json\/wp\/v2\/posts"}],"about":[{"href":"https:\/\/aeronoticias.com.pe\/noticiero\/wp-json\/wp\/v2\/types\/post"}],"author":[{"embeddable":true,"href":"https:\/\/aeronoticias.com.pe\/noticiero\/wp-json\/wp\/v2\/users\/1"}],"replies":[{"embeddable":true,"href":"https:\/\/aeronoticias.com.pe\/noticiero\/wp-json\/wp\/v2\/comments?post=27867"}],"version-history":[{"count":0,"href":"https:\/\/aeronoticias.com.pe\/noticiero\/wp-json\/wp\/v2\/posts\/27867\/revisions"}],"wp:attachment":[{"href":"https:\/\/aeronoticias.com.pe\/noticiero\/wp-json\/wp\/v2\/media?parent=27867"}],"wp:term":[{"taxonomy":"category","embeddable":true,"href":"https:\/\/aeronoticias.com.pe\/noticiero\/wp-json\/wp\/v2\/categories?post=27867"},{"taxonomy":"post_tag","embeddable":true,"href":"https:\/\/aeronoticias.com.pe\/noticiero\/wp-json\/wp\/v2\/tags?post=27867"}],"curies":[{"name":"wp","href":"https:\/\/api.w.org\/{rel}","templated":true}]}}