{"id":27930,"date":"2012-06-23T14:34:01","date_gmt":"2012-06-23T14:34:01","guid":{"rendered":"http:\/\/desarrollo.mcvicious.com\/aero2020\/2012\/06\/23\/espana-se-mide-con-francia-por-un-pase-a-las-semifinales-de-la-eurocopa\/"},"modified":"2012-06-23T14:34:01","modified_gmt":"2012-06-23T14:34:01","slug":"espana-se-mide-con-francia-por-un-pase-a-las-semifinales-de-la-eurocopa","status":"publish","type":"post","link":"https:\/\/aeronoticias.com.pe\/noticiero\/deportes\/espana-se-mide-con-francia-por-un-pase-a-las-semifinales-de-la-eurocopa\/","title":{"rendered":"Espa\u00f1a se mide con Francia por un pase a las semifinales de la Eurocopa"},"content":{"rendered":"<p style=\"text-align: justify;\"><strong>(Aeronoticias).-<\/strong> La selecci\u00f3n espa\u00f1ola enfrenta a Francia por los cuartos de final de la Eurocopa 2012 en el Donbass Arena de Donetsk. El encuentro tiene clima de final por la rivalidad que existe entre ambas selecciones.<\/p>\n<p style=\"text-align: justify;\">Espa\u00f1a encontr\u00f3 su mejor funcionamiento ante Irlanda y luego ante Croacia demostr\u00f3 que tiene paciencia y sabe controlar las acciones con inteligencia, lo que le permite adaptarse a los rivales con suma facilidad.<\/p>\n<p>  <!--more-->  <\/p>\n<p style=\"text-align: justify;\">Francia por su parte llega con muchas dudas para este encuentro, esto luego de caer por 2-0 ante Suecia en la \u00faltima jornada del grupo D, sin embargo para los dirigidos por Laurent Blanc ser\u00e1 un partido clave y tomar\u00e1n como referencia el \u00faltimo encuentro que le plante\u00f3 Croacia a la selecci\u00f3n ib\u00e9rica.<\/p>\n<p style=\"text-align: justify;\"><strong>M\u00e1s informaci\u00f3n<\/strong><\/p>\n<p style=\"text-align: justify;\">El choque se disputar\u00e1 desde la 1:45 p.m.\u00a0(hora peruana)\u00a0y ser\u00e1 transmitido por ATV.<\/p>\n<p><img decoding=\"async\" src=\"images\/stories\/12\/06\/180612\/espana.jpg\" border=\"0\" alt=\"Espa\u00f1a se mide con Francia por un pase a las semifinales de la Eurocopa\" title=\"Espa\u00f1a se mide con Francia por un pase a las semifinales de la Eurocopa\" \/><\/p>\n","protected":false},"excerpt":{"rendered":"<p>(Aeronoticias).- La selecci\u00f3n espa\u00f1ola enfrenta a Francia por los cuartos de final de la Eurocopa 2012 en el Donbass Arena de Donetsk. El encuentro tiene clima de final por la rivalidad que existe entre ambas selecciones. Espa\u00f1a encontr\u00f3 su mejor funcionamiento ante Irlanda y luego ante Croacia demostr\u00f3 que tiene paciencia y sabe controlar las [&hellip;]<\/p>\n","protected":false},"author":1,"featured_media":0,"comment_status":"open","ping_status":"open","sticky":false,"template":"","format":"standard","meta":{"tdm_status":"","tdm_grid_status":"","footnotes":""},"categories":[40],"tags":[],"class_list":{"0":"post-27930","1":"post","2":"type-post","3":"status-publish","4":"format-standard","6":"category-deportes"},"yoast_head":"<!-- This site is optimized with the Yoast SEO plugin v25.1 - https:\/\/yoast.com\/wordpress\/plugins\/seo\/ -->\n<title>Espa\u00f1a se mide con Francia por un pase a las semifinales de la Eurocopa<\/title>\n<meta name=\"description\" content=\"Portal de noticias del Per\u00fa sobre el transporte a\u00e9reo, aviaci\u00f3n, turismo, hoteleria, actualidad.\" \/>\n<meta name=\"robots\" content=\"index, follow, max-snippet:-1, max-image-preview:large, max-video-preview:-1\" \/>\n<link rel=\"canonical\" href=\"https:\/\/aeronoticias.com.pe\/noticiero\/deportes\/espana-se-mide-con-francia-por-un-pase-a-las-semifinales-de-la-eurocopa\/\" \/>\n<meta property=\"og:locale\" content=\"es_ES\" \/>\n<meta property=\"og:type\" content=\"article\" \/>\n<meta property=\"og:title\" content=\"Espa\u00f1a se mide con Francia por un pase a las semifinales de la Eurocopa\" \/>\n<meta property=\"og:description\" content=\"Portal de noticias del Per\u00fa sobre el transporte a\u00e9reo, aviaci\u00f3n, turismo, hoteleria, actualidad.\" \/>\n<meta property=\"og:url\" content=\"https:\/\/aeronoticias.com.pe\/noticiero\/deportes\/espana-se-mide-con-francia-por-un-pase-a-las-semifinales-de-la-eurocopa\/\" \/>\n<meta property=\"og:site_name\" content=\"Aeronoticias.com.pe\" \/>\n<meta property=\"article:publisher\" content=\"https:\/\/www.facebook.com\/Aeronoticias.com.pe\/\" \/>\n<meta property=\"article:published_time\" content=\"2012-06-23T14:34:01+00:00\" \/>\n<meta name=\"author\" content=\"Redacci\u00f3n Aeronoticias\" \/>\n<meta name=\"twitter:card\" content=\"summary_large_image\" \/>\n<meta name=\"twitter:creator\" content=\"@aeronoticias\" \/>\n<meta name=\"twitter:site\" content=\"@aeronoticias\" \/>\n<meta name=\"twitter:label1\" content=\"Escrito por\" \/>\n\t<meta name=\"twitter:data1\" content=\"Redacci\u00f3n Aeronoticias\" \/>\n\t<meta name=\"twitter:label2\" content=\"Tiempo de lectura\" \/>\n\t<meta name=\"twitter:data2\" content=\"1 minuto\" \/>\n<script type=\"application\/ld+json\" class=\"yoast-schema-graph\">{\"@context\":\"https:\/\/schema.org\",\"@graph\":[{\"@type\":\"WebPage\",\"@id\":\"https:\/\/aeronoticias.com.pe\/noticiero\/deportes\/espana-se-mide-con-francia-por-un-pase-a-las-semifinales-de-la-eurocopa\/\",\"url\":\"https:\/\/aeronoticias.com.pe\/noticiero\/deportes\/espana-se-mide-con-francia-por-un-pase-a-las-semifinales-de-la-eurocopa\/\",\"name\":\"Espa\u00f1a se mide con Francia por un pase a las semifinales de la Eurocopa\",\"isPartOf\":{\"@id\":\"https:\/\/aeronoticias.com.pe\/noticiero\/#website\"},\"datePublished\":\"2012-06-23T14:34:01+00:00\",\"author\":{\"@id\":\"https:\/\/aeronoticias.com.pe\/noticiero\/#\/schema\/person\/fc1e5d578f4b62ba1cf7ac2bba1170a0\"},\"description\":\"Portal de noticias del Per\u00fa sobre el transporte a\u00e9reo, aviaci\u00f3n, turismo, hoteleria, actualidad.\",\"breadcrumb\":{\"@id\":\"https:\/\/aeronoticias.com.pe\/noticiero\/deportes\/espana-se-mide-con-francia-por-un-pase-a-las-semifinales-de-la-eurocopa\/#breadcrumb\"},\"inLanguage\":\"es\",\"potentialAction\":[{\"@type\":\"ReadAction\",\"target\":[\"https:\/\/aeronoticias.com.pe\/noticiero\/deportes\/espana-se-mide-con-francia-por-un-pase-a-las-semifinales-de-la-eurocopa\/\"]}]},{\"@type\":\"BreadcrumbList\",\"@id\":\"https:\/\/aeronoticias.com.pe\/noticiero\/deportes\/espana-se-mide-con-francia-por-un-pase-a-las-semifinales-de-la-eurocopa\/#breadcrumb\",\"itemListElement\":[{\"@type\":\"ListItem\",\"position\":1,\"name\":\"Portada\",\"item\":\"https:\/\/aeronoticias.com.pe\/noticiero\/\"},{\"@type\":\"ListItem\",\"position\":2,\"name\":\"Espa\u00f1a se mide con Francia por un pase a las semifinales de la Eurocopa\"}]},{\"@type\":\"WebSite\",\"@id\":\"https:\/\/aeronoticias.com.pe\/noticiero\/#website\",\"url\":\"https:\/\/aeronoticias.com.pe\/noticiero\/\",\"name\":\"Aeronoticias.com.pe\",\"description\":\"Noticias de tranporte aereo, turismo, hoteles, gastronomia, actualidad, internacional\",\"potentialAction\":[{\"@type\":\"SearchAction\",\"target\":{\"@type\":\"EntryPoint\",\"urlTemplate\":\"https:\/\/aeronoticias.com.pe\/noticiero\/?s={search_term_string}\"},\"query-input\":{\"@type\":\"PropertyValueSpecification\",\"valueRequired\":true,\"valueName\":\"search_term_string\"}}],\"inLanguage\":\"es\"},{\"@type\":\"Person\",\"@id\":\"https:\/\/aeronoticias.com.pe\/noticiero\/#\/schema\/person\/fc1e5d578f4b62ba1cf7ac2bba1170a0\",\"name\":\"Redacci\u00f3n Aeronoticias\",\"url\":\"https:\/\/aeronoticias.com.pe\/noticiero\/author\/piloto\/\"}]}<\/script>\n<!-- \/ Yoast SEO plugin. -->","yoast_head_json":{"title":"Espa\u00f1a se mide con Francia por un pase a las semifinales de la Eurocopa","description":"Portal de noticias del Per\u00fa sobre el transporte a\u00e9reo, aviaci\u00f3n, turismo, hoteleria, actualidad.","robots":{"index":"index","follow":"follow","max-snippet":"max-snippet:-1","max-image-preview":"max-image-preview:large","max-video-preview":"max-video-preview:-1"},"canonical":"https:\/\/aeronoticias.com.pe\/noticiero\/deportes\/espana-se-mide-con-francia-por-un-pase-a-las-semifinales-de-la-eurocopa\/","og_locale":"es_ES","og_type":"article","og_title":"Espa\u00f1a se mide con Francia por un pase a las semifinales de la Eurocopa","og_description":"Portal de noticias del Per\u00fa sobre el transporte a\u00e9reo, aviaci\u00f3n, turismo, hoteleria, actualidad.","og_url":"https:\/\/aeronoticias.com.pe\/noticiero\/deportes\/espana-se-mide-con-francia-por-un-pase-a-las-semifinales-de-la-eurocopa\/","og_site_name":"Aeronoticias.com.pe","article_publisher":"https:\/\/www.facebook.com\/Aeronoticias.com.pe\/","article_published_time":"2012-06-23T14:34:01+00:00","author":"Redacci\u00f3n Aeronoticias","twitter_card":"summary_large_image","twitter_creator":"@aeronoticias","twitter_site":"@aeronoticias","twitter_misc":{"Escrito por":"Redacci\u00f3n Aeronoticias","Tiempo de lectura":"1 minuto"},"schema":{"@context":"https:\/\/schema.org","@graph":[{"@type":"WebPage","@id":"https:\/\/aeronoticias.com.pe\/noticiero\/deportes\/espana-se-mide-con-francia-por-un-pase-a-las-semifinales-de-la-eurocopa\/","url":"https:\/\/aeronoticias.com.pe\/noticiero\/deportes\/espana-se-mide-con-francia-por-un-pase-a-las-semifinales-de-la-eurocopa\/","name":"Espa\u00f1a se mide con Francia por un pase a las semifinales de la Eurocopa","isPartOf":{"@id":"https:\/\/aeronoticias.com.pe\/noticiero\/#website"},"datePublished":"2012-06-23T14:34:01+00:00","author":{"@id":"https:\/\/aeronoticias.com.pe\/noticiero\/#\/schema\/person\/fc1e5d578f4b62ba1cf7ac2bba1170a0"},"description":"Portal de noticias del Per\u00fa sobre el transporte a\u00e9reo, aviaci\u00f3n, turismo, hoteleria, actualidad.","breadcrumb":{"@id":"https:\/\/aeronoticias.com.pe\/noticiero\/deportes\/espana-se-mide-con-francia-por-un-pase-a-las-semifinales-de-la-eurocopa\/#breadcrumb"},"inLanguage":"es","potentialAction":[{"@type":"ReadAction","target":["https:\/\/aeronoticias.com.pe\/noticiero\/deportes\/espana-se-mide-con-francia-por-un-pase-a-las-semifinales-de-la-eurocopa\/"]}]},{"@type":"BreadcrumbList","@id":"https:\/\/aeronoticias.com.pe\/noticiero\/deportes\/espana-se-mide-con-francia-por-un-pase-a-las-semifinales-de-la-eurocopa\/#breadcrumb","itemListElement":[{"@type":"ListItem","position":1,"name":"Portada","item":"https:\/\/aeronoticias.com.pe\/noticiero\/"},{"@type":"ListItem","position":2,"name":"Espa\u00f1a se mide con Francia por un pase a las semifinales de la Eurocopa"}]},{"@type":"WebSite","@id":"https:\/\/aeronoticias.com.pe\/noticiero\/#website","url":"https:\/\/aeronoticias.com.pe\/noticiero\/","name":"Aeronoticias.com.pe","description":"Noticias de tranporte aereo, turismo, hoteles, gastronomia, actualidad, internacional","potentialAction":[{"@type":"SearchAction","target":{"@type":"EntryPoint","urlTemplate":"https:\/\/aeronoticias.com.pe\/noticiero\/?s={search_term_string}"},"query-input":{"@type":"PropertyValueSpecification","valueRequired":true,"valueName":"search_term_string"}}],"inLanguage":"es"},{"@type":"Person","@id":"https:\/\/aeronoticias.com.pe\/noticiero\/#\/schema\/person\/fc1e5d578f4b62ba1cf7ac2bba1170a0","name":"Redacci\u00f3n Aeronoticias","url":"https:\/\/aeronoticias.com.pe\/noticiero\/author\/piloto\/"}]}},"_links":{"self":[{"href":"https:\/\/aeronoticias.com.pe\/noticiero\/wp-json\/wp\/v2\/posts\/27930","targetHints":{"allow":["GET"]}}],"collection":[{"href":"https:\/\/aeronoticias.com.pe\/noticiero\/wp-json\/wp\/v2\/posts"}],"about":[{"href":"https:\/\/aeronoticias.com.pe\/noticiero\/wp-json\/wp\/v2\/types\/post"}],"author":[{"embeddable":true,"href":"https:\/\/aeronoticias.com.pe\/noticiero\/wp-json\/wp\/v2\/users\/1"}],"replies":[{"embeddable":true,"href":"https:\/\/aeronoticias.com.pe\/noticiero\/wp-json\/wp\/v2\/comments?post=27930"}],"version-history":[{"count":0,"href":"https:\/\/aeronoticias.com.pe\/noticiero\/wp-json\/wp\/v2\/posts\/27930\/revisions"}],"wp:attachment":[{"href":"https:\/\/aeronoticias.com.pe\/noticiero\/wp-json\/wp\/v2\/media?parent=27930"}],"wp:term":[{"taxonomy":"category","embeddable":true,"href":"https:\/\/aeronoticias.com.pe\/noticiero\/wp-json\/wp\/v2\/categories?post=27930"},{"taxonomy":"post_tag","embeddable":true,"href":"https:\/\/aeronoticias.com.pe\/noticiero\/wp-json\/wp\/v2\/tags?post=27930"}],"curies":[{"name":"wp","href":"https:\/\/api.w.org\/{rel}","templated":true}]}}