{"id":27932,"date":"2012-06-23T14:47:20","date_gmt":"2012-06-23T14:47:20","guid":{"rendered":"http:\/\/desarrollo.mcvicious.com\/aero2020\/2012\/06\/23\/paises-de-unasur-no-reconoceran-a-nuevo-gobierno-de-paraguay\/"},"modified":"2012-06-23T14:47:20","modified_gmt":"2012-06-23T14:47:20","slug":"paises-de-unasur-no-reconoceran-a-nuevo-gobierno-de-paraguay","status":"publish","type":"post","link":"https:\/\/aeronoticias.com.pe\/noticiero\/internacionales\/paises-de-unasur-no-reconoceran-a-nuevo-gobierno-de-paraguay\/","title":{"rendered":"Pa\u00edses de Unasur no reconocer\u00e1n a nuevo gobierno de Paraguay"},"content":{"rendered":"<p><strong>(Aeronoticias).- <\/strong> Argentina, Bolivia, Ecuador, Venezuela y Rep\u00fablica Dominicana anunciaron que no reconocer\u00e1n al nuevo gobierno de Paraguay tras la destituci\u00f3n del presidente constitucional de Paraguay, Fernando Lugo, mientras Brasil sugiri\u00f3 expulsar a Paraguay de la Unasur y el Mercosur. <\/p>\n<p>\u00abArgentina no va a convalidar el golpe de Estado en Paraguay\u00bb, expres\u00f3 ayer viernes la mandataria argentina, Cristina Fern\u00e1ndez tras considerar de \u00abinaceptable\u00bb lo ocurrido en Asunci\u00f3n.<\/p>\n<p>Critic\u00f3 el accionar del Congreso paraguayo, que destituy\u00f3 a Fernando Lugo entre el jueves y viernes, motivada por la muerte de 17 personas durante un desalojo policial de un terreno de propiedad de un terrateniente, el 15 de junio.<\/p>\n<p>  <!--more-->  <\/p>\n<p style=\"text-align: justify;\">Lugo, exobispo cat\u00f3lico, gan\u00f3 las elecciones el 20 de abril de 2008, quebrando el dominio pol\u00edtico de 61 a\u00f1os del derechista Partido Colorado, que sin embargo junto a otras fuerzas conservadoras controlan el Congreso.<\/p>\n<p>En un mensaje de despedida el presidente Lugo acept\u00f3 la decisi\u00f3n del Senado, que vot\u00f3 su destituci\u00f3n, aunque advirti\u00f3 que en ese proceso fueron \u00abtransgredidos todos los principios de la defensa de manera cobarde y alevosa\u00bb.<\/p>\n<p>\u00abEsto (la destituci\u00f3n) va m\u00e1s all\u00e1 de la decisi\u00f3n de Fernando Lugo, esto va m\u00e1s all\u00e1 del Paraguay, se trata de la verdadera democracia para toda nuestra Am\u00e9rica. En consecuencia, la decisi\u00f3n del gobierno ecuatoriano es no reconocer el nuevo gobierno paraguayo\u00bb, expres\u00f3 por su parte el gobernante ecuatoriano Rafael Correa.<\/p>\n<p>La presidente de Brasil, Dilma Rousseff, en conferencia de prensa, sugiri\u00f3 expulsar a Paraguay de la Uni\u00f3n de Naciones Suramericanas (Unasur) y del Mercado Com\u00fan del Sur (Mercosur) por la destituci\u00f3n de Fernando Lugo. <\/p>\n<p>Record\u00f3 que esos bloques tienen cl\u00e1usulas en sus estatutos que requieren el respeto de las reglas democr\u00e1ticas. \u00abHay pena anticipada\u00bb para aquellos que no cumplen con \u00ablos principios que caracterizan a una democracia\u00bb, acot\u00f3.<\/p>\n<p>En tanto, el presidente de Venezuela, Hugo Ch\u00e1vez, en un acto p\u00fablico en Caracas, calific\u00f3 la destituci\u00f3n de Lugo como \u00abun golpe de la burgues\u00eda paraguaya\u00bb y adem\u00e1s un golpe a la Unasur. Dijo que Caracas \u00abno reconoce a ese ilegal e ileg\u00edtimo gobierno que se instal\u00f3 en Asunci\u00f3n\u00bb.<\/p>\n<p>El canciller de Venezuela, Nicol\u00e1s Maduro, comunic\u00f3 en Asunci\u00f3n que los doce presidentes de Unasur se reunir\u00e1n para emitir un pronunciamiento sobre la situaci\u00f3n en Paraguay.<br \/><img decoding=\"async\" src=\"images\/stories\/12\/06\/230612\/paises-unasur.jpg\" border=\"0\" \/><\/p>\n<p>\u00a0<\/p>\n","protected":false},"excerpt":{"rendered":"<p>(Aeronoticias).- Argentina, Bolivia, Ecuador, Venezuela y Rep\u00fablica Dominicana anunciaron que no reconocer\u00e1n al nuevo gobierno de Paraguay tras la destituci\u00f3n del presidente constitucional de Paraguay, Fernando Lugo, mientras Brasil sugiri\u00f3 expulsar a Paraguay de la Unasur y el Mercosur. \u00abArgentina no va a convalidar el golpe de Estado en Paraguay\u00bb, expres\u00f3 ayer viernes la mandataria [&hellip;]<\/p>\n","protected":false},"author":1,"featured_media":0,"comment_status":"open","ping_status":"open","sticky":false,"template":"","format":"standard","meta":{"tdm_status":"","tdm_grid_status":"","footnotes":""},"categories":[34],"tags":[],"class_list":{"0":"post-27932","1":"post","2":"type-post","3":"status-publish","4":"format-standard","6":"category-internacionales"},"yoast_head":"<!-- This site is optimized with the Yoast SEO plugin v25.1 - https:\/\/yoast.com\/wordpress\/plugins\/seo\/ -->\n<title>Pa\u00edses de Unasur no reconocer\u00e1n a nuevo gobierno de Paraguay<\/title>\n<meta name=\"description\" content=\"Portal de noticias del Per\u00fa sobre el transporte a\u00e9reo, aviaci\u00f3n, turismo, hoteleria, actualidad.\" \/>\n<meta name=\"robots\" content=\"index, follow, max-snippet:-1, max-image-preview:large, max-video-preview:-1\" \/>\n<link rel=\"canonical\" href=\"https:\/\/aeronoticias.com.pe\/noticiero\/internacionales\/paises-de-unasur-no-reconoceran-a-nuevo-gobierno-de-paraguay\/\" \/>\n<meta property=\"og:locale\" content=\"es_ES\" \/>\n<meta property=\"og:type\" content=\"article\" \/>\n<meta property=\"og:title\" content=\"Pa\u00edses de Unasur no reconocer\u00e1n a nuevo gobierno de Paraguay\" \/>\n<meta property=\"og:description\" content=\"Portal de noticias del Per\u00fa sobre el transporte a\u00e9reo, aviaci\u00f3n, turismo, hoteleria, actualidad.\" \/>\n<meta property=\"og:url\" content=\"https:\/\/aeronoticias.com.pe\/noticiero\/internacionales\/paises-de-unasur-no-reconoceran-a-nuevo-gobierno-de-paraguay\/\" \/>\n<meta property=\"og:site_name\" content=\"Aeronoticias.com.pe\" \/>\n<meta property=\"article:publisher\" content=\"https:\/\/www.facebook.com\/Aeronoticias.com.pe\/\" \/>\n<meta property=\"article:published_time\" content=\"2012-06-23T14:47:20+00:00\" \/>\n<meta name=\"author\" content=\"Redacci\u00f3n Aeronoticias\" \/>\n<meta name=\"twitter:card\" content=\"summary_large_image\" \/>\n<meta name=\"twitter:creator\" content=\"@aeronoticias\" \/>\n<meta name=\"twitter:site\" content=\"@aeronoticias\" \/>\n<meta name=\"twitter:label1\" content=\"Escrito por\" \/>\n\t<meta name=\"twitter:data1\" content=\"Redacci\u00f3n Aeronoticias\" \/>\n\t<meta name=\"twitter:label2\" content=\"Tiempo de lectura\" \/>\n\t<meta name=\"twitter:data2\" content=\"2 minutos\" \/>\n<script type=\"application\/ld+json\" class=\"yoast-schema-graph\">{\"@context\":\"https:\/\/schema.org\",\"@graph\":[{\"@type\":\"WebPage\",\"@id\":\"https:\/\/aeronoticias.com.pe\/noticiero\/internacionales\/paises-de-unasur-no-reconoceran-a-nuevo-gobierno-de-paraguay\/\",\"url\":\"https:\/\/aeronoticias.com.pe\/noticiero\/internacionales\/paises-de-unasur-no-reconoceran-a-nuevo-gobierno-de-paraguay\/\",\"name\":\"Pa\u00edses de Unasur no reconocer\u00e1n a nuevo gobierno de Paraguay\",\"isPartOf\":{\"@id\":\"https:\/\/aeronoticias.com.pe\/noticiero\/#website\"},\"datePublished\":\"2012-06-23T14:47:20+00:00\",\"author\":{\"@id\":\"https:\/\/aeronoticias.com.pe\/noticiero\/#\/schema\/person\/fc1e5d578f4b62ba1cf7ac2bba1170a0\"},\"description\":\"Portal de noticias del Per\u00fa sobre el transporte a\u00e9reo, aviaci\u00f3n, turismo, hoteleria, actualidad.\",\"breadcrumb\":{\"@id\":\"https:\/\/aeronoticias.com.pe\/noticiero\/internacionales\/paises-de-unasur-no-reconoceran-a-nuevo-gobierno-de-paraguay\/#breadcrumb\"},\"inLanguage\":\"es\",\"potentialAction\":[{\"@type\":\"ReadAction\",\"target\":[\"https:\/\/aeronoticias.com.pe\/noticiero\/internacionales\/paises-de-unasur-no-reconoceran-a-nuevo-gobierno-de-paraguay\/\"]}]},{\"@type\":\"BreadcrumbList\",\"@id\":\"https:\/\/aeronoticias.com.pe\/noticiero\/internacionales\/paises-de-unasur-no-reconoceran-a-nuevo-gobierno-de-paraguay\/#breadcrumb\",\"itemListElement\":[{\"@type\":\"ListItem\",\"position\":1,\"name\":\"Portada\",\"item\":\"https:\/\/aeronoticias.com.pe\/noticiero\/\"},{\"@type\":\"ListItem\",\"position\":2,\"name\":\"Pa\u00edses de Unasur no reconocer\u00e1n a nuevo gobierno de Paraguay\"}]},{\"@type\":\"WebSite\",\"@id\":\"https:\/\/aeronoticias.com.pe\/noticiero\/#website\",\"url\":\"https:\/\/aeronoticias.com.pe\/noticiero\/\",\"name\":\"Aeronoticias.com.pe\",\"description\":\"Noticias de tranporte aereo, turismo, hoteles, gastronomia, actualidad, internacional\",\"potentialAction\":[{\"@type\":\"SearchAction\",\"target\":{\"@type\":\"EntryPoint\",\"urlTemplate\":\"https:\/\/aeronoticias.com.pe\/noticiero\/?s={search_term_string}\"},\"query-input\":{\"@type\":\"PropertyValueSpecification\",\"valueRequired\":true,\"valueName\":\"search_term_string\"}}],\"inLanguage\":\"es\"},{\"@type\":\"Person\",\"@id\":\"https:\/\/aeronoticias.com.pe\/noticiero\/#\/schema\/person\/fc1e5d578f4b62ba1cf7ac2bba1170a0\",\"name\":\"Redacci\u00f3n Aeronoticias\",\"url\":\"https:\/\/aeronoticias.com.pe\/noticiero\/author\/piloto\/\"}]}<\/script>\n<!-- \/ Yoast SEO plugin. -->","yoast_head_json":{"title":"Pa\u00edses de Unasur no reconocer\u00e1n a nuevo gobierno de Paraguay","description":"Portal de noticias del Per\u00fa sobre el transporte a\u00e9reo, aviaci\u00f3n, turismo, hoteleria, actualidad.","robots":{"index":"index","follow":"follow","max-snippet":"max-snippet:-1","max-image-preview":"max-image-preview:large","max-video-preview":"max-video-preview:-1"},"canonical":"https:\/\/aeronoticias.com.pe\/noticiero\/internacionales\/paises-de-unasur-no-reconoceran-a-nuevo-gobierno-de-paraguay\/","og_locale":"es_ES","og_type":"article","og_title":"Pa\u00edses de Unasur no reconocer\u00e1n a nuevo gobierno de Paraguay","og_description":"Portal de noticias del Per\u00fa sobre el transporte a\u00e9reo, aviaci\u00f3n, turismo, hoteleria, actualidad.","og_url":"https:\/\/aeronoticias.com.pe\/noticiero\/internacionales\/paises-de-unasur-no-reconoceran-a-nuevo-gobierno-de-paraguay\/","og_site_name":"Aeronoticias.com.pe","article_publisher":"https:\/\/www.facebook.com\/Aeronoticias.com.pe\/","article_published_time":"2012-06-23T14:47:20+00:00","author":"Redacci\u00f3n Aeronoticias","twitter_card":"summary_large_image","twitter_creator":"@aeronoticias","twitter_site":"@aeronoticias","twitter_misc":{"Escrito por":"Redacci\u00f3n Aeronoticias","Tiempo de lectura":"2 minutos"},"schema":{"@context":"https:\/\/schema.org","@graph":[{"@type":"WebPage","@id":"https:\/\/aeronoticias.com.pe\/noticiero\/internacionales\/paises-de-unasur-no-reconoceran-a-nuevo-gobierno-de-paraguay\/","url":"https:\/\/aeronoticias.com.pe\/noticiero\/internacionales\/paises-de-unasur-no-reconoceran-a-nuevo-gobierno-de-paraguay\/","name":"Pa\u00edses de Unasur no reconocer\u00e1n a nuevo gobierno de Paraguay","isPartOf":{"@id":"https:\/\/aeronoticias.com.pe\/noticiero\/#website"},"datePublished":"2012-06-23T14:47:20+00:00","author":{"@id":"https:\/\/aeronoticias.com.pe\/noticiero\/#\/schema\/person\/fc1e5d578f4b62ba1cf7ac2bba1170a0"},"description":"Portal de noticias del Per\u00fa sobre el transporte a\u00e9reo, aviaci\u00f3n, turismo, hoteleria, actualidad.","breadcrumb":{"@id":"https:\/\/aeronoticias.com.pe\/noticiero\/internacionales\/paises-de-unasur-no-reconoceran-a-nuevo-gobierno-de-paraguay\/#breadcrumb"},"inLanguage":"es","potentialAction":[{"@type":"ReadAction","target":["https:\/\/aeronoticias.com.pe\/noticiero\/internacionales\/paises-de-unasur-no-reconoceran-a-nuevo-gobierno-de-paraguay\/"]}]},{"@type":"BreadcrumbList","@id":"https:\/\/aeronoticias.com.pe\/noticiero\/internacionales\/paises-de-unasur-no-reconoceran-a-nuevo-gobierno-de-paraguay\/#breadcrumb","itemListElement":[{"@type":"ListItem","position":1,"name":"Portada","item":"https:\/\/aeronoticias.com.pe\/noticiero\/"},{"@type":"ListItem","position":2,"name":"Pa\u00edses de Unasur no reconocer\u00e1n a nuevo gobierno de Paraguay"}]},{"@type":"WebSite","@id":"https:\/\/aeronoticias.com.pe\/noticiero\/#website","url":"https:\/\/aeronoticias.com.pe\/noticiero\/","name":"Aeronoticias.com.pe","description":"Noticias de tranporte aereo, turismo, hoteles, gastronomia, actualidad, internacional","potentialAction":[{"@type":"SearchAction","target":{"@type":"EntryPoint","urlTemplate":"https:\/\/aeronoticias.com.pe\/noticiero\/?s={search_term_string}"},"query-input":{"@type":"PropertyValueSpecification","valueRequired":true,"valueName":"search_term_string"}}],"inLanguage":"es"},{"@type":"Person","@id":"https:\/\/aeronoticias.com.pe\/noticiero\/#\/schema\/person\/fc1e5d578f4b62ba1cf7ac2bba1170a0","name":"Redacci\u00f3n Aeronoticias","url":"https:\/\/aeronoticias.com.pe\/noticiero\/author\/piloto\/"}]}},"_links":{"self":[{"href":"https:\/\/aeronoticias.com.pe\/noticiero\/wp-json\/wp\/v2\/posts\/27932","targetHints":{"allow":["GET"]}}],"collection":[{"href":"https:\/\/aeronoticias.com.pe\/noticiero\/wp-json\/wp\/v2\/posts"}],"about":[{"href":"https:\/\/aeronoticias.com.pe\/noticiero\/wp-json\/wp\/v2\/types\/post"}],"author":[{"embeddable":true,"href":"https:\/\/aeronoticias.com.pe\/noticiero\/wp-json\/wp\/v2\/users\/1"}],"replies":[{"embeddable":true,"href":"https:\/\/aeronoticias.com.pe\/noticiero\/wp-json\/wp\/v2\/comments?post=27932"}],"version-history":[{"count":0,"href":"https:\/\/aeronoticias.com.pe\/noticiero\/wp-json\/wp\/v2\/posts\/27932\/revisions"}],"wp:attachment":[{"href":"https:\/\/aeronoticias.com.pe\/noticiero\/wp-json\/wp\/v2\/media?parent=27932"}],"wp:term":[{"taxonomy":"category","embeddable":true,"href":"https:\/\/aeronoticias.com.pe\/noticiero\/wp-json\/wp\/v2\/categories?post=27932"},{"taxonomy":"post_tag","embeddable":true,"href":"https:\/\/aeronoticias.com.pe\/noticiero\/wp-json\/wp\/v2\/tags?post=27932"}],"curies":[{"name":"wp","href":"https:\/\/api.w.org\/{rel}","templated":true}]}}