{"id":2794,"date":"2009-05-06T10:37:37","date_gmt":"2009-05-06T10:37:37","guid":{"rendered":"http:\/\/desarrollo.mcvicious.com\/aero2020\/2009\/05\/06\/alta-y-sus-aerolineas-miembros-apoyan-plenamente-a-la-organizaci-mundial-de-la-salud-y-a-iata\/"},"modified":"2009-05-06T10:37:37","modified_gmt":"2009-05-06T10:37:37","slug":"alta-y-sus-aerolineas-miembros-apoyan-plenamente-a-la-organizaci-mundial-de-la-salud-y-a-iata","status":"publish","type":"post","link":"https:\/\/aeronoticias.com.pe\/noticiero\/transporte-aereo\/internacional\/alta-y-sus-aerolineas-miembros-apoyan-plenamente-a-la-organizaci-mundial-de-la-salud-y-a-iata\/","title":{"rendered":"ALTA Y SUS AEROLINEAS MIEMBROS APOYAN PLENAMENTE A LA ORGANIZACI"},"content":{"rendered":"<p align=\"justify\">ALTA (Asociaci&oacute;n Latinoam&eacute;rica de Transporte A&eacute;reo) y sus aerol&iacute;neas miembros contin&uacute;an monitoreando de cerca el desarrollo de la situaci&oacute;n de la influenza porcina y apoyan plenamente las recomendaciones de la Organizaci&oacute;n Mundial de la Salud de las Naciones Unidas (OMS) y de la Asociaci&oacute;n Internacional de Transporte A&eacute;reo (IATA). La seguridad para los pasajeros y la tripulaci&oacute;n es nuestra m&aacute;xima prioridad.<\/p>\n<div align=\"center\"><img loading=\"lazy\" decoding=\"async\" src=\"http:\/\/www.aeronoticias.com.pe\/fotonoticias\/0109\/05\/060509\/aerolineaslatinas.jpg\" alt=\" \" title=\"ALTA Y SUS AEROLINEAS MIEMBROS APOYAN PLENAMENTE A LA ORGANIZACI&Oacute;N MUNDIAL DE LA SALUD Y A IATA\" width=\"400\" height=\"268\" \/><\/div>\n<p> <!--more--> <\/p>\n<div align=\"justify\">Como reiter&oacute; hoy la OMS (ver adjunto) no tienen racionalidad el imponer restricciones a los viajes regulares ni el cierre de fronteras &ldquo;ALTA y nuestras aerol&iacute;neas miembros apoyamos las recomendaciones de la OMS y las iniciativas que est&aacute;n llevando a cabo para educar al p&uacute;blico sobre c&oacute;mo protegerse a s&iacute; mismos en lugar de restricciones inefectivas sobre los vuelos o el cierre de fronteras,&rdquo; dice el Director Ejecutivo de ALTA, Alex de Gunten. &ldquo;La OMS es la experta mundial en esta materia y nosotros estamos solicitando a las autoridades gubernamentales de la regi&oacute;n seguir los cursos de acci&oacute;n recomendados por la OMS en lo que se refiere a esta situaci&oacute;n.&rdquo;<\/p>\n<p>&quot;Adem&aacute;s, estamos muy preocupados por las medidas unilaterales adoptadas por algunos pa&iacute;ses de nuestra regi&oacute;n, espec&iacute;ficamente, Argentina, Cuba, Ecuador y Per&uacute;, de imponer restricciones de viaje unilaterales,&rdquo; agrega De Gunten. &ldquo;Estas restricciones no s&oacute;lo van en contra de las recomendaciones de la OMS, sino que repercuten negativamente en los viajeros y ciudadanos que quieren regresar a sus pa&iacute;ses y adicionalmente son negativas para el bienestar econ&oacute;mico de los pa&iacute;ses de la regi&oacute;n &quot;.<\/p>\n<p>&ldquo;La seguridad y el bienestar de los pasajeros son de suma importancia y nuestro enfoque en este momento es un esfuerzo coordinado seg&uacute;n la orientaci&oacute;n de la OMS,&rdquo; continua De Gunten. &ldquo;Se est&aacute;n tomando importantes medidas de precauci&oacute;n y las aerol&iacute;neas est&aacute;n preparadas. El turismo y la aviaci&oacute;n son industrias con altos est&aacute;ndares de seguridad y sanidad. Pedimos a estos pa&iacute;ses que reconsideren sus decisiones y se adhieran a las directrices de la OMS&rdquo;.<\/div>\n","protected":false},"excerpt":{"rendered":"<p>ALTA (Asociaci&oacute;n Latinoam&eacute;rica de Transporte A&eacute;reo) y sus aerol&iacute;neas miembros contin&uacute;an monitoreando de cerca el desarrollo de la situaci&oacute;n de la influenza porcina y apoyan plenamente las recomendaciones de la Organizaci&oacute;n Mundial de la Salud de las Naciones Unidas (OMS) y de la Asociaci&oacute;n Internacional de Transporte A&eacute;reo (IATA). La seguridad para los pasajeros y [&hellip;]<\/p>\n","protected":false},"author":1,"featured_media":0,"comment_status":"open","ping_status":"open","sticky":false,"template":"","format":"standard","meta":{"tdm_status":"","tdm_grid_status":"","footnotes":""},"categories":[32],"tags":[],"class_list":{"0":"post-2794","1":"post","2":"type-post","3":"status-publish","4":"format-standard","6":"category-internacional"},"yoast_head":"<!-- This site is optimized with the Yoast SEO plugin v25.1 - https:\/\/yoast.com\/wordpress\/plugins\/seo\/ -->\n<title>ALTA Y SUS AEROLINEAS MIEMBROS APOYAN PLENAMENTE A LA ORGANIZACI<\/title>\n<meta name=\"description\" content=\"Portal de noticias del Per\u00fa sobre el transporte a\u00e9reo, aviaci\u00f3n, turismo, hoteleria, actualidad.\" \/>\n<meta name=\"robots\" content=\"index, follow, max-snippet:-1, max-image-preview:large, max-video-preview:-1\" \/>\n<link rel=\"canonical\" href=\"https:\/\/aeronoticias.com.pe\/noticiero\/transporte-aereo\/internacional\/alta-y-sus-aerolineas-miembros-apoyan-plenamente-a-la-organizaci-mundial-de-la-salud-y-a-iata\/\" \/>\n<meta property=\"og:locale\" content=\"es_ES\" \/>\n<meta property=\"og:type\" content=\"article\" \/>\n<meta property=\"og:title\" content=\"ALTA Y SUS AEROLINEAS MIEMBROS APOYAN PLENAMENTE A LA ORGANIZACI\" \/>\n<meta property=\"og:description\" content=\"Portal de noticias del Per\u00fa sobre el transporte a\u00e9reo, aviaci\u00f3n, turismo, hoteleria, actualidad.\" \/>\n<meta property=\"og:url\" content=\"https:\/\/aeronoticias.com.pe\/noticiero\/transporte-aereo\/internacional\/alta-y-sus-aerolineas-miembros-apoyan-plenamente-a-la-organizaci-mundial-de-la-salud-y-a-iata\/\" \/>\n<meta property=\"og:site_name\" content=\"Aeronoticias.com.pe\" \/>\n<meta property=\"article:publisher\" content=\"https:\/\/www.facebook.com\/Aeronoticias.com.pe\/\" \/>\n<meta property=\"article:published_time\" content=\"2009-05-06T10:37:37+00:00\" \/>\n<meta property=\"og:image\" content=\"http:\/\/www.aeronoticias.com.pe\/fotonoticias\/0109\/05\/060509\/aerolineaslatinas.jpg\" \/>\n<meta name=\"author\" content=\"Redacci\u00f3n Aeronoticias\" \/>\n<meta name=\"twitter:card\" content=\"summary_large_image\" \/>\n<meta name=\"twitter:creator\" content=\"@aeronoticias\" \/>\n<meta name=\"twitter:site\" content=\"@aeronoticias\" \/>\n<meta name=\"twitter:label1\" content=\"Escrito por\" \/>\n\t<meta name=\"twitter:data1\" content=\"Redacci\u00f3n Aeronoticias\" \/>\n\t<meta name=\"twitter:label2\" content=\"Tiempo de lectura\" \/>\n\t<meta name=\"twitter:data2\" content=\"2 minutos\" \/>\n<script type=\"application\/ld+json\" class=\"yoast-schema-graph\">{\"@context\":\"https:\/\/schema.org\",\"@graph\":[{\"@type\":\"WebPage\",\"@id\":\"https:\/\/aeronoticias.com.pe\/noticiero\/transporte-aereo\/internacional\/alta-y-sus-aerolineas-miembros-apoyan-plenamente-a-la-organizaci-mundial-de-la-salud-y-a-iata\/\",\"url\":\"https:\/\/aeronoticias.com.pe\/noticiero\/transporte-aereo\/internacional\/alta-y-sus-aerolineas-miembros-apoyan-plenamente-a-la-organizaci-mundial-de-la-salud-y-a-iata\/\",\"name\":\"ALTA Y SUS AEROLINEAS MIEMBROS APOYAN PLENAMENTE A LA ORGANIZACI\",\"isPartOf\":{\"@id\":\"https:\/\/aeronoticias.com.pe\/noticiero\/#website\"},\"primaryImageOfPage\":{\"@id\":\"https:\/\/aeronoticias.com.pe\/noticiero\/transporte-aereo\/internacional\/alta-y-sus-aerolineas-miembros-apoyan-plenamente-a-la-organizaci-mundial-de-la-salud-y-a-iata\/#primaryimage\"},\"image\":{\"@id\":\"https:\/\/aeronoticias.com.pe\/noticiero\/transporte-aereo\/internacional\/alta-y-sus-aerolineas-miembros-apoyan-plenamente-a-la-organizaci-mundial-de-la-salud-y-a-iata\/#primaryimage\"},\"thumbnailUrl\":\"http:\/\/www.aeronoticias.com.pe\/fotonoticias\/0109\/05\/060509\/aerolineaslatinas.jpg\",\"datePublished\":\"2009-05-06T10:37:37+00:00\",\"author\":{\"@id\":\"https:\/\/aeronoticias.com.pe\/noticiero\/#\/schema\/person\/fc1e5d578f4b62ba1cf7ac2bba1170a0\"},\"description\":\"Portal de noticias del Per\u00fa sobre el transporte a\u00e9reo, aviaci\u00f3n, turismo, hoteleria, actualidad.\",\"breadcrumb\":{\"@id\":\"https:\/\/aeronoticias.com.pe\/noticiero\/transporte-aereo\/internacional\/alta-y-sus-aerolineas-miembros-apoyan-plenamente-a-la-organizaci-mundial-de-la-salud-y-a-iata\/#breadcrumb\"},\"inLanguage\":\"es\",\"potentialAction\":[{\"@type\":\"ReadAction\",\"target\":[\"https:\/\/aeronoticias.com.pe\/noticiero\/transporte-aereo\/internacional\/alta-y-sus-aerolineas-miembros-apoyan-plenamente-a-la-organizaci-mundial-de-la-salud-y-a-iata\/\"]}]},{\"@type\":\"ImageObject\",\"inLanguage\":\"es\",\"@id\":\"https:\/\/aeronoticias.com.pe\/noticiero\/transporte-aereo\/internacional\/alta-y-sus-aerolineas-miembros-apoyan-plenamente-a-la-organizaci-mundial-de-la-salud-y-a-iata\/#primaryimage\",\"url\":\"http:\/\/www.aeronoticias.com.pe\/fotonoticias\/0109\/05\/060509\/aerolineaslatinas.jpg\",\"contentUrl\":\"http:\/\/www.aeronoticias.com.pe\/fotonoticias\/0109\/05\/060509\/aerolineaslatinas.jpg\"},{\"@type\":\"BreadcrumbList\",\"@id\":\"https:\/\/aeronoticias.com.pe\/noticiero\/transporte-aereo\/internacional\/alta-y-sus-aerolineas-miembros-apoyan-plenamente-a-la-organizaci-mundial-de-la-salud-y-a-iata\/#breadcrumb\",\"itemListElement\":[{\"@type\":\"ListItem\",\"position\":1,\"name\":\"Portada\",\"item\":\"https:\/\/aeronoticias.com.pe\/noticiero\/\"},{\"@type\":\"ListItem\",\"position\":2,\"name\":\"ALTA Y SUS AEROLINEAS MIEMBROS APOYAN PLENAMENTE A LA ORGANIZACI\"}]},{\"@type\":\"WebSite\",\"@id\":\"https:\/\/aeronoticias.com.pe\/noticiero\/#website\",\"url\":\"https:\/\/aeronoticias.com.pe\/noticiero\/\",\"name\":\"Aeronoticias.com.pe\",\"description\":\"Noticias de tranporte aereo, turismo, hoteles, gastronomia, actualidad, internacional\",\"potentialAction\":[{\"@type\":\"SearchAction\",\"target\":{\"@type\":\"EntryPoint\",\"urlTemplate\":\"https:\/\/aeronoticias.com.pe\/noticiero\/?s={search_term_string}\"},\"query-input\":{\"@type\":\"PropertyValueSpecification\",\"valueRequired\":true,\"valueName\":\"search_term_string\"}}],\"inLanguage\":\"es\"},{\"@type\":\"Person\",\"@id\":\"https:\/\/aeronoticias.com.pe\/noticiero\/#\/schema\/person\/fc1e5d578f4b62ba1cf7ac2bba1170a0\",\"name\":\"Redacci\u00f3n Aeronoticias\",\"url\":\"https:\/\/aeronoticias.com.pe\/noticiero\/author\/piloto\/\"}]}<\/script>\n<!-- \/ Yoast SEO plugin. -->","yoast_head_json":{"title":"ALTA Y SUS AEROLINEAS MIEMBROS APOYAN PLENAMENTE A LA ORGANIZACI","description":"Portal de noticias del Per\u00fa sobre el transporte a\u00e9reo, aviaci\u00f3n, turismo, hoteleria, actualidad.","robots":{"index":"index","follow":"follow","max-snippet":"max-snippet:-1","max-image-preview":"max-image-preview:large","max-video-preview":"max-video-preview:-1"},"canonical":"https:\/\/aeronoticias.com.pe\/noticiero\/transporte-aereo\/internacional\/alta-y-sus-aerolineas-miembros-apoyan-plenamente-a-la-organizaci-mundial-de-la-salud-y-a-iata\/","og_locale":"es_ES","og_type":"article","og_title":"ALTA Y SUS AEROLINEAS MIEMBROS APOYAN PLENAMENTE A LA ORGANIZACI","og_description":"Portal de noticias del Per\u00fa sobre el transporte a\u00e9reo, aviaci\u00f3n, turismo, hoteleria, actualidad.","og_url":"https:\/\/aeronoticias.com.pe\/noticiero\/transporte-aereo\/internacional\/alta-y-sus-aerolineas-miembros-apoyan-plenamente-a-la-organizaci-mundial-de-la-salud-y-a-iata\/","og_site_name":"Aeronoticias.com.pe","article_publisher":"https:\/\/www.facebook.com\/Aeronoticias.com.pe\/","article_published_time":"2009-05-06T10:37:37+00:00","og_image":[{"url":"http:\/\/www.aeronoticias.com.pe\/fotonoticias\/0109\/05\/060509\/aerolineaslatinas.jpg","type":"","width":"","height":""}],"author":"Redacci\u00f3n Aeronoticias","twitter_card":"summary_large_image","twitter_creator":"@aeronoticias","twitter_site":"@aeronoticias","twitter_misc":{"Escrito por":"Redacci\u00f3n Aeronoticias","Tiempo de lectura":"2 minutos"},"schema":{"@context":"https:\/\/schema.org","@graph":[{"@type":"WebPage","@id":"https:\/\/aeronoticias.com.pe\/noticiero\/transporte-aereo\/internacional\/alta-y-sus-aerolineas-miembros-apoyan-plenamente-a-la-organizaci-mundial-de-la-salud-y-a-iata\/","url":"https:\/\/aeronoticias.com.pe\/noticiero\/transporte-aereo\/internacional\/alta-y-sus-aerolineas-miembros-apoyan-plenamente-a-la-organizaci-mundial-de-la-salud-y-a-iata\/","name":"ALTA Y SUS AEROLINEAS MIEMBROS APOYAN PLENAMENTE A LA ORGANIZACI","isPartOf":{"@id":"https:\/\/aeronoticias.com.pe\/noticiero\/#website"},"primaryImageOfPage":{"@id":"https:\/\/aeronoticias.com.pe\/noticiero\/transporte-aereo\/internacional\/alta-y-sus-aerolineas-miembros-apoyan-plenamente-a-la-organizaci-mundial-de-la-salud-y-a-iata\/#primaryimage"},"image":{"@id":"https:\/\/aeronoticias.com.pe\/noticiero\/transporte-aereo\/internacional\/alta-y-sus-aerolineas-miembros-apoyan-plenamente-a-la-organizaci-mundial-de-la-salud-y-a-iata\/#primaryimage"},"thumbnailUrl":"http:\/\/www.aeronoticias.com.pe\/fotonoticias\/0109\/05\/060509\/aerolineaslatinas.jpg","datePublished":"2009-05-06T10:37:37+00:00","author":{"@id":"https:\/\/aeronoticias.com.pe\/noticiero\/#\/schema\/person\/fc1e5d578f4b62ba1cf7ac2bba1170a0"},"description":"Portal de noticias del Per\u00fa sobre el transporte a\u00e9reo, aviaci\u00f3n, turismo, hoteleria, actualidad.","breadcrumb":{"@id":"https:\/\/aeronoticias.com.pe\/noticiero\/transporte-aereo\/internacional\/alta-y-sus-aerolineas-miembros-apoyan-plenamente-a-la-organizaci-mundial-de-la-salud-y-a-iata\/#breadcrumb"},"inLanguage":"es","potentialAction":[{"@type":"ReadAction","target":["https:\/\/aeronoticias.com.pe\/noticiero\/transporte-aereo\/internacional\/alta-y-sus-aerolineas-miembros-apoyan-plenamente-a-la-organizaci-mundial-de-la-salud-y-a-iata\/"]}]},{"@type":"ImageObject","inLanguage":"es","@id":"https:\/\/aeronoticias.com.pe\/noticiero\/transporte-aereo\/internacional\/alta-y-sus-aerolineas-miembros-apoyan-plenamente-a-la-organizaci-mundial-de-la-salud-y-a-iata\/#primaryimage","url":"http:\/\/www.aeronoticias.com.pe\/fotonoticias\/0109\/05\/060509\/aerolineaslatinas.jpg","contentUrl":"http:\/\/www.aeronoticias.com.pe\/fotonoticias\/0109\/05\/060509\/aerolineaslatinas.jpg"},{"@type":"BreadcrumbList","@id":"https:\/\/aeronoticias.com.pe\/noticiero\/transporte-aereo\/internacional\/alta-y-sus-aerolineas-miembros-apoyan-plenamente-a-la-organizaci-mundial-de-la-salud-y-a-iata\/#breadcrumb","itemListElement":[{"@type":"ListItem","position":1,"name":"Portada","item":"https:\/\/aeronoticias.com.pe\/noticiero\/"},{"@type":"ListItem","position":2,"name":"ALTA Y SUS AEROLINEAS MIEMBROS APOYAN PLENAMENTE A LA ORGANIZACI"}]},{"@type":"WebSite","@id":"https:\/\/aeronoticias.com.pe\/noticiero\/#website","url":"https:\/\/aeronoticias.com.pe\/noticiero\/","name":"Aeronoticias.com.pe","description":"Noticias de tranporte aereo, turismo, hoteles, gastronomia, actualidad, internacional","potentialAction":[{"@type":"SearchAction","target":{"@type":"EntryPoint","urlTemplate":"https:\/\/aeronoticias.com.pe\/noticiero\/?s={search_term_string}"},"query-input":{"@type":"PropertyValueSpecification","valueRequired":true,"valueName":"search_term_string"}}],"inLanguage":"es"},{"@type":"Person","@id":"https:\/\/aeronoticias.com.pe\/noticiero\/#\/schema\/person\/fc1e5d578f4b62ba1cf7ac2bba1170a0","name":"Redacci\u00f3n Aeronoticias","url":"https:\/\/aeronoticias.com.pe\/noticiero\/author\/piloto\/"}]}},"_links":{"self":[{"href":"https:\/\/aeronoticias.com.pe\/noticiero\/wp-json\/wp\/v2\/posts\/2794","targetHints":{"allow":["GET"]}}],"collection":[{"href":"https:\/\/aeronoticias.com.pe\/noticiero\/wp-json\/wp\/v2\/posts"}],"about":[{"href":"https:\/\/aeronoticias.com.pe\/noticiero\/wp-json\/wp\/v2\/types\/post"}],"author":[{"embeddable":true,"href":"https:\/\/aeronoticias.com.pe\/noticiero\/wp-json\/wp\/v2\/users\/1"}],"replies":[{"embeddable":true,"href":"https:\/\/aeronoticias.com.pe\/noticiero\/wp-json\/wp\/v2\/comments?post=2794"}],"version-history":[{"count":0,"href":"https:\/\/aeronoticias.com.pe\/noticiero\/wp-json\/wp\/v2\/posts\/2794\/revisions"}],"wp:attachment":[{"href":"https:\/\/aeronoticias.com.pe\/noticiero\/wp-json\/wp\/v2\/media?parent=2794"}],"wp:term":[{"taxonomy":"category","embeddable":true,"href":"https:\/\/aeronoticias.com.pe\/noticiero\/wp-json\/wp\/v2\/categories?post=2794"},{"taxonomy":"post_tag","embeddable":true,"href":"https:\/\/aeronoticias.com.pe\/noticiero\/wp-json\/wp\/v2\/tags?post=2794"}],"curies":[{"name":"wp","href":"https:\/\/api.w.org\/{rel}","templated":true}]}}