{"id":2795,"date":"2009-05-06T11:24:27","date_gmt":"2009-05-06T11:24:27","guid":{"rendered":"http:\/\/desarrollo.mcvicious.com\/aero2020\/2009\/05\/06\/senador-chileno-critica-al-persobre-flota-f-16\/"},"modified":"2009-05-06T11:24:27","modified_gmt":"2009-05-06T11:24:27","slug":"senador-chileno-critica-al-persobre-flota-f-16","status":"publish","type":"post","link":"https:\/\/aeronoticias.com.pe\/noticiero\/ultimas\/1\/senador-chileno-critica-al-persobre-flota-f-16\/","title":{"rendered":"SENADOR CHILENO CRITICA AL PER"},"content":{"rendered":"<div align=\"justify\">El Senador Oficialista Chileno, Jorge Pizarro,&nbsp; afirm&oacute; hoy en declaraciones criticando fuertemente al presidente Peruano, Alan Garc&iacute;a, y a miembros de su gobierno acerca de la compra &ndash;por parte de Chile- de unos aviones F-16 adem&aacute;s de las diferencias lim&iacute;trofes entre los dos pa&iacute;ses.<\/div>\n<p><\/p>\n<div align=\"center\"><img loading=\"lazy\" decoding=\"async\" src=\"http:\/\/www.aeronoticias.com.pe\/fotonoticias\/0109\/05\/060509\/schileno.jpg\" alt=\" \" title=\"SENADOR CHILENO CRITICA AL PER&Uacute; SOBRE FLOTA F-16 \" width=\"400\" height=\"268\" \/><\/div>\n<p> <!--more--> <\/p>\n<div align=\"justify\">Dentro del contexto en el que el Ministro de Defensa Chileno, Francisco Vidal habr&iacute;a anunciado el pasado 28 de abril la compra de 18 cazas F-16 usados a Holanda, por un costo de 278 millones de d&oacute;lares &ndash;que serian adquiridos para reemplazar a los actuales F-5 estadounidenses-, por lo que el Canciller Peruano, Jos&eacute; Garc&iacute;a Bela&uacute;nde respondi&oacute; que&nbsp; &ldquo;si un pa&iacute;s empieza a comprar armas despu&eacute;s crea un desequilibrio, y entonces entramos &ndash;a lo que sabemos- es una carrera armamentista&rdquo;.<\/p>\n<p> A lo que Pizarro, -Presidente de la Comisi&oacute;n de Relaciones Exteriores del Senado- afirm&oacute; que Chile no entr&oacute; en ninguna carrera armamentista y que &ndash;Chile- ha sido &ldquo;absolutamente transparente en todo lo que son sus adquisiciones, que representan procesos largos a raz&oacute;n de la renovaci&oacute;n de todo el material con el que ya cuentan&rdquo;.<\/p>\n<p> Tras el anuncio que diera Vidal, los l&iacute;deres pol&iacute;ticos y ex altos mandos militares peruanos reclamaron mayor financiaci&oacute;n para &ndash;con esto-recuperar la capacidad disuasiva de las Fuerzas Armas peruanas. <\/p>\n<p> A lo que el mandatario Peruano, Garc&iacute;a, declar&oacute; que el &ldquo;Per&uacute; no apelar&iacute;a a las armas, sino a las razones jur&iacute;dicas&rdquo; para solucionar el diferendo con Chile, -haciendo alusi&oacute;n al problema que existe entre ambos pa&iacute;ses presentado ante la Corte de la Haya-.<\/p>\n<p> Y Pizarro se pronunci&oacute; calificando las acciones de Lima de &ldquo;palos de ciego&rdquo; a ra&iacute;z de que el Per&uacute; trata de afirmar su postura ante el Tribunal de la Haya, al respecto dijo: &ldquo;en esta materia hay que actuar con m&aacute;s rigurosidad y lo menos que uno le puede pedir al presidente Garc&iacute;a es que no siga complicando las relaciones entre ambos pa&iacute;ses&rdquo;<\/p>\n<p> Y es que seg&uacute;n Pizarro, sacar conclusiones &ldquo;antojadizas&rdquo; como las que el Per&uacute; saca no corresponde, ya que la pretensi&oacute;n que &ndash;el Per&uacute;- ha planteado de modificar los limites no tiene asidero, por lo que &ndash;el Per&uacute;- est&aacute; tratando de generar un piso pol&iacute;tico interno que le permita sustentar dicha demanda ante el Tribunal de la Haya. <\/p>\n<p> Aeronoticias.com.pe considera que siendo un alto ejecutivo, se tiene que tener TINO para pronunciarse respecto a un tema tan espinoso, convengamos que las relaciones bilaterales no est&aacute;n en su mejor momento y escuetas declaraciones como las dadas por las partes Chilenas, no ayudan en lo absoluto, al contrario agitan las aguas sin raz&oacute;n ni motivo, es mejor esperar a que el tribunal decida y evitar arrojar piedras sin raz&oacute;n.<\/p>\n<p> <strong>DATOS A SUBRAYAR<\/strong><\/p>\n<p> 1) El Per&uacute; present&oacute; el 19 de marzo ante la Corte Internacional de Justicia de La Haya la memoria de su demanda, con la que busca modificar a su favor el l&iacute;mite mar&iacute;timo con Chile y obtener unos 35.000 kil&oacute;metros cuadrados de territorio que hasta ahora est&aacute;n bajo soberan&iacute;a de su vecino del sur.<\/p>\n<p> Lima basa su demanda en el argumento de que los l&iacute;mites nunca han sido fijados, lo que Chile contraviene sobre la base de dos tratados, suscritos en 1952 y 1954, que Per&uacute; reconoci&oacute; durante 50 a&ntilde;os, adem&aacute;s de una serie de acuerdos complementarios posteriores &ndash;todos estos hechos no son suposiciones sino hechos jur&iacute;dicos-.<\/p>\n<p> 2) Con esta adquisici&oacute;n Chile completar&aacute; una flota de 44 aviones de combate F-16, el caza estadounidense m&aacute;s usado alrededor del mundo.<\/div>\n","protected":false},"excerpt":{"rendered":"<p>El Senador Oficialista Chileno, Jorge Pizarro,&nbsp; afirm&oacute; hoy en declaraciones criticando fuertemente al presidente Peruano, Alan Garc&iacute;a, y a miembros de su gobierno acerca de la compra &ndash;por parte de Chile- de unos aviones F-16 adem&aacute;s de las diferencias lim&iacute;trofes entre los dos pa&iacute;ses.<\/p>\n","protected":false},"author":1,"featured_media":0,"comment_status":"open","ping_status":"open","sticky":false,"template":"","format":"standard","meta":{"tdm_status":"","tdm_grid_status":"","footnotes":""},"categories":[30],"tags":[],"class_list":{"0":"post-2795","1":"post","2":"type-post","3":"status-publish","4":"format-standard","6":"category-30"},"yoast_head":"<!-- This site is optimized with the Yoast SEO plugin v25.1 - https:\/\/yoast.com\/wordpress\/plugins\/seo\/ -->\n<title>SENADOR CHILENO CRITICA AL PER<\/title>\n<meta name=\"description\" content=\"Portal de noticias del Per\u00fa sobre el transporte a\u00e9reo, aviaci\u00f3n, turismo, hoteleria, actualidad.\" \/>\n<meta name=\"robots\" content=\"index, follow, max-snippet:-1, max-image-preview:large, max-video-preview:-1\" \/>\n<link rel=\"canonical\" href=\"https:\/\/aeronoticias.com.pe\/noticiero\/ultimas\/1\/senador-chileno-critica-al-persobre-flota-f-16\/\" \/>\n<meta property=\"og:locale\" content=\"es_ES\" \/>\n<meta property=\"og:type\" content=\"article\" \/>\n<meta property=\"og:title\" content=\"SENADOR CHILENO CRITICA AL PER\" \/>\n<meta property=\"og:description\" content=\"Portal de noticias del Per\u00fa sobre el transporte a\u00e9reo, aviaci\u00f3n, turismo, hoteleria, actualidad.\" \/>\n<meta property=\"og:url\" content=\"https:\/\/aeronoticias.com.pe\/noticiero\/ultimas\/1\/senador-chileno-critica-al-persobre-flota-f-16\/\" \/>\n<meta property=\"og:site_name\" content=\"Aeronoticias.com.pe\" \/>\n<meta property=\"article:publisher\" content=\"https:\/\/www.facebook.com\/Aeronoticias.com.pe\/\" \/>\n<meta property=\"article:published_time\" content=\"2009-05-06T11:24:27+00:00\" \/>\n<meta property=\"og:image\" content=\"http:\/\/www.aeronoticias.com.pe\/fotonoticias\/0109\/05\/060509\/schileno.jpg\" \/>\n<meta name=\"author\" content=\"Redacci\u00f3n Aeronoticias\" \/>\n<meta name=\"twitter:card\" content=\"summary_large_image\" \/>\n<meta name=\"twitter:creator\" content=\"@aeronoticias\" \/>\n<meta name=\"twitter:site\" content=\"@aeronoticias\" \/>\n<meta name=\"twitter:label1\" content=\"Escrito por\" \/>\n\t<meta name=\"twitter:data1\" content=\"Redacci\u00f3n Aeronoticias\" \/>\n\t<meta name=\"twitter:label2\" content=\"Tiempo de lectura\" \/>\n\t<meta name=\"twitter:data2\" content=\"3 minutos\" \/>\n<script type=\"application\/ld+json\" class=\"yoast-schema-graph\">{\"@context\":\"https:\/\/schema.org\",\"@graph\":[{\"@type\":\"WebPage\",\"@id\":\"https:\/\/aeronoticias.com.pe\/noticiero\/ultimas\/1\/senador-chileno-critica-al-persobre-flota-f-16\/\",\"url\":\"https:\/\/aeronoticias.com.pe\/noticiero\/ultimas\/1\/senador-chileno-critica-al-persobre-flota-f-16\/\",\"name\":\"SENADOR CHILENO CRITICA AL PER\",\"isPartOf\":{\"@id\":\"https:\/\/aeronoticias.com.pe\/noticiero\/#website\"},\"primaryImageOfPage\":{\"@id\":\"https:\/\/aeronoticias.com.pe\/noticiero\/ultimas\/1\/senador-chileno-critica-al-persobre-flota-f-16\/#primaryimage\"},\"image\":{\"@id\":\"https:\/\/aeronoticias.com.pe\/noticiero\/ultimas\/1\/senador-chileno-critica-al-persobre-flota-f-16\/#primaryimage\"},\"thumbnailUrl\":\"http:\/\/www.aeronoticias.com.pe\/fotonoticias\/0109\/05\/060509\/schileno.jpg\",\"datePublished\":\"2009-05-06T11:24:27+00:00\",\"author\":{\"@id\":\"https:\/\/aeronoticias.com.pe\/noticiero\/#\/schema\/person\/fc1e5d578f4b62ba1cf7ac2bba1170a0\"},\"description\":\"Portal de noticias del Per\u00fa sobre el transporte a\u00e9reo, aviaci\u00f3n, turismo, hoteleria, actualidad.\",\"breadcrumb\":{\"@id\":\"https:\/\/aeronoticias.com.pe\/noticiero\/ultimas\/1\/senador-chileno-critica-al-persobre-flota-f-16\/#breadcrumb\"},\"inLanguage\":\"es\",\"potentialAction\":[{\"@type\":\"ReadAction\",\"target\":[\"https:\/\/aeronoticias.com.pe\/noticiero\/ultimas\/1\/senador-chileno-critica-al-persobre-flota-f-16\/\"]}]},{\"@type\":\"ImageObject\",\"inLanguage\":\"es\",\"@id\":\"https:\/\/aeronoticias.com.pe\/noticiero\/ultimas\/1\/senador-chileno-critica-al-persobre-flota-f-16\/#primaryimage\",\"url\":\"http:\/\/www.aeronoticias.com.pe\/fotonoticias\/0109\/05\/060509\/schileno.jpg\",\"contentUrl\":\"http:\/\/www.aeronoticias.com.pe\/fotonoticias\/0109\/05\/060509\/schileno.jpg\"},{\"@type\":\"BreadcrumbList\",\"@id\":\"https:\/\/aeronoticias.com.pe\/noticiero\/ultimas\/1\/senador-chileno-critica-al-persobre-flota-f-16\/#breadcrumb\",\"itemListElement\":[{\"@type\":\"ListItem\",\"position\":1,\"name\":\"Portada\",\"item\":\"https:\/\/aeronoticias.com.pe\/noticiero\/\"},{\"@type\":\"ListItem\",\"position\":2,\"name\":\"SENADOR CHILENO CRITICA AL PER\"}]},{\"@type\":\"WebSite\",\"@id\":\"https:\/\/aeronoticias.com.pe\/noticiero\/#website\",\"url\":\"https:\/\/aeronoticias.com.pe\/noticiero\/\",\"name\":\"Aeronoticias.com.pe\",\"description\":\"Noticias de tranporte aereo, turismo, hoteles, gastronomia, actualidad, internacional\",\"potentialAction\":[{\"@type\":\"SearchAction\",\"target\":{\"@type\":\"EntryPoint\",\"urlTemplate\":\"https:\/\/aeronoticias.com.pe\/noticiero\/?s={search_term_string}\"},\"query-input\":{\"@type\":\"PropertyValueSpecification\",\"valueRequired\":true,\"valueName\":\"search_term_string\"}}],\"inLanguage\":\"es\"},{\"@type\":\"Person\",\"@id\":\"https:\/\/aeronoticias.com.pe\/noticiero\/#\/schema\/person\/fc1e5d578f4b62ba1cf7ac2bba1170a0\",\"name\":\"Redacci\u00f3n Aeronoticias\",\"url\":\"https:\/\/aeronoticias.com.pe\/noticiero\/author\/piloto\/\"}]}<\/script>\n<!-- \/ Yoast SEO plugin. -->","yoast_head_json":{"title":"SENADOR CHILENO CRITICA AL PER","description":"Portal de noticias del Per\u00fa sobre el transporte a\u00e9reo, aviaci\u00f3n, turismo, hoteleria, actualidad.","robots":{"index":"index","follow":"follow","max-snippet":"max-snippet:-1","max-image-preview":"max-image-preview:large","max-video-preview":"max-video-preview:-1"},"canonical":"https:\/\/aeronoticias.com.pe\/noticiero\/ultimas\/1\/senador-chileno-critica-al-persobre-flota-f-16\/","og_locale":"es_ES","og_type":"article","og_title":"SENADOR CHILENO CRITICA AL PER","og_description":"Portal de noticias del Per\u00fa sobre el transporte a\u00e9reo, aviaci\u00f3n, turismo, hoteleria, actualidad.","og_url":"https:\/\/aeronoticias.com.pe\/noticiero\/ultimas\/1\/senador-chileno-critica-al-persobre-flota-f-16\/","og_site_name":"Aeronoticias.com.pe","article_publisher":"https:\/\/www.facebook.com\/Aeronoticias.com.pe\/","article_published_time":"2009-05-06T11:24:27+00:00","og_image":[{"url":"http:\/\/www.aeronoticias.com.pe\/fotonoticias\/0109\/05\/060509\/schileno.jpg","type":"","width":"","height":""}],"author":"Redacci\u00f3n Aeronoticias","twitter_card":"summary_large_image","twitter_creator":"@aeronoticias","twitter_site":"@aeronoticias","twitter_misc":{"Escrito por":"Redacci\u00f3n Aeronoticias","Tiempo de lectura":"3 minutos"},"schema":{"@context":"https:\/\/schema.org","@graph":[{"@type":"WebPage","@id":"https:\/\/aeronoticias.com.pe\/noticiero\/ultimas\/1\/senador-chileno-critica-al-persobre-flota-f-16\/","url":"https:\/\/aeronoticias.com.pe\/noticiero\/ultimas\/1\/senador-chileno-critica-al-persobre-flota-f-16\/","name":"SENADOR CHILENO CRITICA AL PER","isPartOf":{"@id":"https:\/\/aeronoticias.com.pe\/noticiero\/#website"},"primaryImageOfPage":{"@id":"https:\/\/aeronoticias.com.pe\/noticiero\/ultimas\/1\/senador-chileno-critica-al-persobre-flota-f-16\/#primaryimage"},"image":{"@id":"https:\/\/aeronoticias.com.pe\/noticiero\/ultimas\/1\/senador-chileno-critica-al-persobre-flota-f-16\/#primaryimage"},"thumbnailUrl":"http:\/\/www.aeronoticias.com.pe\/fotonoticias\/0109\/05\/060509\/schileno.jpg","datePublished":"2009-05-06T11:24:27+00:00","author":{"@id":"https:\/\/aeronoticias.com.pe\/noticiero\/#\/schema\/person\/fc1e5d578f4b62ba1cf7ac2bba1170a0"},"description":"Portal de noticias del Per\u00fa sobre el transporte a\u00e9reo, aviaci\u00f3n, turismo, hoteleria, actualidad.","breadcrumb":{"@id":"https:\/\/aeronoticias.com.pe\/noticiero\/ultimas\/1\/senador-chileno-critica-al-persobre-flota-f-16\/#breadcrumb"},"inLanguage":"es","potentialAction":[{"@type":"ReadAction","target":["https:\/\/aeronoticias.com.pe\/noticiero\/ultimas\/1\/senador-chileno-critica-al-persobre-flota-f-16\/"]}]},{"@type":"ImageObject","inLanguage":"es","@id":"https:\/\/aeronoticias.com.pe\/noticiero\/ultimas\/1\/senador-chileno-critica-al-persobre-flota-f-16\/#primaryimage","url":"http:\/\/www.aeronoticias.com.pe\/fotonoticias\/0109\/05\/060509\/schileno.jpg","contentUrl":"http:\/\/www.aeronoticias.com.pe\/fotonoticias\/0109\/05\/060509\/schileno.jpg"},{"@type":"BreadcrumbList","@id":"https:\/\/aeronoticias.com.pe\/noticiero\/ultimas\/1\/senador-chileno-critica-al-persobre-flota-f-16\/#breadcrumb","itemListElement":[{"@type":"ListItem","position":1,"name":"Portada","item":"https:\/\/aeronoticias.com.pe\/noticiero\/"},{"@type":"ListItem","position":2,"name":"SENADOR CHILENO CRITICA AL PER"}]},{"@type":"WebSite","@id":"https:\/\/aeronoticias.com.pe\/noticiero\/#website","url":"https:\/\/aeronoticias.com.pe\/noticiero\/","name":"Aeronoticias.com.pe","description":"Noticias de tranporte aereo, turismo, hoteles, gastronomia, actualidad, internacional","potentialAction":[{"@type":"SearchAction","target":{"@type":"EntryPoint","urlTemplate":"https:\/\/aeronoticias.com.pe\/noticiero\/?s={search_term_string}"},"query-input":{"@type":"PropertyValueSpecification","valueRequired":true,"valueName":"search_term_string"}}],"inLanguage":"es"},{"@type":"Person","@id":"https:\/\/aeronoticias.com.pe\/noticiero\/#\/schema\/person\/fc1e5d578f4b62ba1cf7ac2bba1170a0","name":"Redacci\u00f3n Aeronoticias","url":"https:\/\/aeronoticias.com.pe\/noticiero\/author\/piloto\/"}]}},"_links":{"self":[{"href":"https:\/\/aeronoticias.com.pe\/noticiero\/wp-json\/wp\/v2\/posts\/2795","targetHints":{"allow":["GET"]}}],"collection":[{"href":"https:\/\/aeronoticias.com.pe\/noticiero\/wp-json\/wp\/v2\/posts"}],"about":[{"href":"https:\/\/aeronoticias.com.pe\/noticiero\/wp-json\/wp\/v2\/types\/post"}],"author":[{"embeddable":true,"href":"https:\/\/aeronoticias.com.pe\/noticiero\/wp-json\/wp\/v2\/users\/1"}],"replies":[{"embeddable":true,"href":"https:\/\/aeronoticias.com.pe\/noticiero\/wp-json\/wp\/v2\/comments?post=2795"}],"version-history":[{"count":0,"href":"https:\/\/aeronoticias.com.pe\/noticiero\/wp-json\/wp\/v2\/posts\/2795\/revisions"}],"wp:attachment":[{"href":"https:\/\/aeronoticias.com.pe\/noticiero\/wp-json\/wp\/v2\/media?parent=2795"}],"wp:term":[{"taxonomy":"category","embeddable":true,"href":"https:\/\/aeronoticias.com.pe\/noticiero\/wp-json\/wp\/v2\/categories?post=2795"},{"taxonomy":"post_tag","embeddable":true,"href":"https:\/\/aeronoticias.com.pe\/noticiero\/wp-json\/wp\/v2\/tags?post=2795"}],"curies":[{"name":"wp","href":"https:\/\/api.w.org\/{rel}","templated":true}]}}