{"id":2796,"date":"2009-05-06T11:25:22","date_gmt":"2009-05-06T11:25:22","guid":{"rendered":"http:\/\/desarrollo.mcvicious.com\/aero2020\/2009\/05\/06\/capacitan-a-supervisores-de-servicios-turticos-de-gobiernos-regionales\/"},"modified":"2009-05-06T11:25:22","modified_gmt":"2009-05-06T11:25:22","slug":"capacitan-a-supervisores-de-servicios-turticos-de-gobiernos-regionales","status":"publish","type":"post","link":"https:\/\/aeronoticias.com.pe\/noticiero\/turismo\/13\/capacitan-a-supervisores-de-servicios-turticos-de-gobiernos-regionales\/","title":{"rendered":"CAPACITAN A SUPERVISORES DE SERVICIOS TUR"},"content":{"rendered":"<div align=\"justify\">El Ministerio de Comercio Exterior y Turismo, a trav&eacute;s de la Direcci&oacute;n Nacional de Desarrollo Tur&iacute;stico, realiz&oacute; un curso de capacitaci&oacute;n a los Supervisores de Servicios Tur&iacute;sticos de las Direcciones Regionales de Comercio Exterior y Turismo,&nbsp; con la finalidad de instruirlos en la gesti&oacute;n de servicios de agencias de viajes y turismo y transporte tur&iacute;stico terrestre. As&iacute; como, contribuir al fortalecimiento del proceso de descentralizaci&oacute;n de las funciones del sector turismo.<\/div>\n<p><\/p>\n<div align=\"center\"><img loading=\"lazy\" decoding=\"async\" src=\"http:\/\/www.aeronoticias.com.pe\/fotonoticias\/0109\/05\/060509\/cpsupervisor.JPG\" alt=\" \" title=\"CAPACITAN A SUPERVISORES DE SERVICIOS TUR&Iacute;STICOS DE GOBIERNOS REGIONALES \" width=\"400\" height=\"268\" \/><\/div>\n<p> <!--more--> <\/p>\n<div align=\"justify\">De esta forma, el MINCETUR busca complementar los conocimientos que tienen los&nbsp; profesionales encargados de realizar estas acciones de supervisi&oacute;n, sobre las obligaciones contenidas en los Reglamentos que regulan estas actividades y puedan realizar con mayor eficiencia sus funciones. <\/p>\n<p>Debiendo destacar que en la actualidad, la supervisi&oacute;n de los servicios tur&iacute;sticos no se circunscribe &uacute;nicamente al cumplimiento de los requisitos m&iacute;nimos para prestar el servicio, sino efectuar recomendaciones que permitan elevar la calidad del servicio tur&iacute;stico.<\/p>\n<p><strong>Arequipa <\/strong><\/p>\n<p>Por otro lado, el viceministerio de turismo se reuni&oacute; con MYPES de turismo para promover aplicaci&oacute;n de buenas pr&aacute;cticas. El pasado 30 de abril, representantes de la Direcci&oacute;n Nacional de Turismo y de la Direcci&oacute;n Nacional de Desarrollo Tur&iacute;stico, del MINCETUR,&nbsp; se reunieron con representantes de la Gerencia de Comercio Exterior y Turismo de Arequipa y de las peque&ntilde;as y medianas empresas de turismo; a fin de coordinar el desarrollo de acciones de capacitaci&oacute;n y asistencia t&eacute;cnica que promuevan la aplicaci&oacute;n de Buenas Pr&aacute;cticas Ambientales y de Gesti&oacute;n de Servicio. &nbsp;<\/p>\n<p>Con estas acciones de capacitaci&oacute;n y asistencia t&eacute;cnica se busca sensibilizar a los gestores de los establecimientos de hospedaje, restaurantes y agencias de viajes y turismo, sobre la importancia de prestar servicios de calidad y ser respetuosos del medio ambiente;&nbsp; aplicando las buenas pr&aacute;cticas contenidas en los Manuales que se enmarcan dentro del Plan Nacional de Calidad Tur&iacute;stica del Per&uacute; (CALTUR) y que ha publicado el ministerio.<\/p>\n<p>Fueron m&aacute;s de ochenta empresarios los que participaron de dicha reuni&oacute;n y con los cuales la Gerencia de Comercio Exterior y Turismo de Arequipa, espera reunirse nuevamente a fin de acordar el cronograma de desarrollo de los cursos de capacitaci&oacute;n y as&iacute; participar activamente en el sistema de aplicaci&oacute;n de las buenas pr&aacute;cticas, <\/p>\n<p>Reuniones similares sostendr&aacute;n los representantes del viceministerio de turismo en Lambayeque, Cusco y Piura. Las mismas que se realizan en alianza con los Gobiernos Regionales<\/p><\/div>\n","protected":false},"excerpt":{"rendered":"<p>El Ministerio de Comercio Exterior y Turismo, a trav&eacute;s de la Direcci&oacute;n Nacional de Desarrollo Tur&iacute;stico, realiz&oacute; un curso de capacitaci&oacute;n a los Supervisores de Servicios Tur&iacute;sticos de las Direcciones Regionales de Comercio Exterior y Turismo,&nbsp; con la finalidad de instruirlos en la gesti&oacute;n de servicios de agencias de viajes y turismo y transporte tur&iacute;stico [&hellip;]<\/p>\n","protected":false},"author":1,"featured_media":0,"comment_status":"open","ping_status":"open","sticky":false,"template":"","format":"standard","meta":{"tdm_status":"","tdm_grid_status":"","footnotes":""},"categories":[31],"tags":[],"class_list":{"0":"post-2796","1":"post","2":"type-post","3":"status-publish","4":"format-standard","6":"category-31"},"yoast_head":"<!-- This site is optimized with the Yoast SEO plugin v25.1 - https:\/\/yoast.com\/wordpress\/plugins\/seo\/ -->\n<title>CAPACITAN A SUPERVISORES DE SERVICIOS TUR<\/title>\n<meta name=\"description\" content=\"Portal de noticias del Per\u00fa sobre el transporte a\u00e9reo, aviaci\u00f3n, turismo, hoteleria, actualidad.\" \/>\n<meta name=\"robots\" content=\"index, follow, max-snippet:-1, max-image-preview:large, max-video-preview:-1\" \/>\n<link rel=\"canonical\" href=\"https:\/\/aeronoticias.com.pe\/noticiero\/turismo\/13\/capacitan-a-supervisores-de-servicios-turticos-de-gobiernos-regionales\/\" \/>\n<meta property=\"og:locale\" content=\"es_ES\" \/>\n<meta property=\"og:type\" content=\"article\" \/>\n<meta property=\"og:title\" content=\"CAPACITAN A SUPERVISORES DE SERVICIOS TUR\" \/>\n<meta property=\"og:description\" content=\"Portal de noticias del Per\u00fa sobre el transporte a\u00e9reo, aviaci\u00f3n, turismo, hoteleria, actualidad.\" \/>\n<meta property=\"og:url\" content=\"https:\/\/aeronoticias.com.pe\/noticiero\/turismo\/13\/capacitan-a-supervisores-de-servicios-turticos-de-gobiernos-regionales\/\" \/>\n<meta property=\"og:site_name\" content=\"Aeronoticias.com.pe\" \/>\n<meta property=\"article:publisher\" content=\"https:\/\/www.facebook.com\/Aeronoticias.com.pe\/\" \/>\n<meta property=\"article:published_time\" content=\"2009-05-06T11:25:22+00:00\" \/>\n<meta property=\"og:image\" content=\"http:\/\/www.aeronoticias.com.pe\/fotonoticias\/0109\/05\/060509\/cpsupervisor.JPG\" \/>\n<meta name=\"author\" content=\"Redacci\u00f3n Aeronoticias\" \/>\n<meta name=\"twitter:card\" content=\"summary_large_image\" \/>\n<meta name=\"twitter:creator\" content=\"@aeronoticias\" \/>\n<meta name=\"twitter:site\" content=\"@aeronoticias\" \/>\n<meta name=\"twitter:label1\" content=\"Escrito por\" \/>\n\t<meta name=\"twitter:data1\" content=\"Redacci\u00f3n Aeronoticias\" \/>\n\t<meta name=\"twitter:label2\" content=\"Tiempo de lectura\" \/>\n\t<meta name=\"twitter:data2\" content=\"2 minutos\" \/>\n<script type=\"application\/ld+json\" class=\"yoast-schema-graph\">{\"@context\":\"https:\/\/schema.org\",\"@graph\":[{\"@type\":\"WebPage\",\"@id\":\"https:\/\/aeronoticias.com.pe\/noticiero\/turismo\/13\/capacitan-a-supervisores-de-servicios-turticos-de-gobiernos-regionales\/\",\"url\":\"https:\/\/aeronoticias.com.pe\/noticiero\/turismo\/13\/capacitan-a-supervisores-de-servicios-turticos-de-gobiernos-regionales\/\",\"name\":\"CAPACITAN A SUPERVISORES DE SERVICIOS TUR\",\"isPartOf\":{\"@id\":\"https:\/\/aeronoticias.com.pe\/noticiero\/#website\"},\"primaryImageOfPage\":{\"@id\":\"https:\/\/aeronoticias.com.pe\/noticiero\/turismo\/13\/capacitan-a-supervisores-de-servicios-turticos-de-gobiernos-regionales\/#primaryimage\"},\"image\":{\"@id\":\"https:\/\/aeronoticias.com.pe\/noticiero\/turismo\/13\/capacitan-a-supervisores-de-servicios-turticos-de-gobiernos-regionales\/#primaryimage\"},\"thumbnailUrl\":\"http:\/\/www.aeronoticias.com.pe\/fotonoticias\/0109\/05\/060509\/cpsupervisor.JPG\",\"datePublished\":\"2009-05-06T11:25:22+00:00\",\"author\":{\"@id\":\"https:\/\/aeronoticias.com.pe\/noticiero\/#\/schema\/person\/fc1e5d578f4b62ba1cf7ac2bba1170a0\"},\"description\":\"Portal de noticias del Per\u00fa sobre el transporte a\u00e9reo, aviaci\u00f3n, turismo, hoteleria, actualidad.\",\"breadcrumb\":{\"@id\":\"https:\/\/aeronoticias.com.pe\/noticiero\/turismo\/13\/capacitan-a-supervisores-de-servicios-turticos-de-gobiernos-regionales\/#breadcrumb\"},\"inLanguage\":\"es\",\"potentialAction\":[{\"@type\":\"ReadAction\",\"target\":[\"https:\/\/aeronoticias.com.pe\/noticiero\/turismo\/13\/capacitan-a-supervisores-de-servicios-turticos-de-gobiernos-regionales\/\"]}]},{\"@type\":\"ImageObject\",\"inLanguage\":\"es\",\"@id\":\"https:\/\/aeronoticias.com.pe\/noticiero\/turismo\/13\/capacitan-a-supervisores-de-servicios-turticos-de-gobiernos-regionales\/#primaryimage\",\"url\":\"http:\/\/www.aeronoticias.com.pe\/fotonoticias\/0109\/05\/060509\/cpsupervisor.JPG\",\"contentUrl\":\"http:\/\/www.aeronoticias.com.pe\/fotonoticias\/0109\/05\/060509\/cpsupervisor.JPG\"},{\"@type\":\"BreadcrumbList\",\"@id\":\"https:\/\/aeronoticias.com.pe\/noticiero\/turismo\/13\/capacitan-a-supervisores-de-servicios-turticos-de-gobiernos-regionales\/#breadcrumb\",\"itemListElement\":[{\"@type\":\"ListItem\",\"position\":1,\"name\":\"Portada\",\"item\":\"https:\/\/aeronoticias.com.pe\/noticiero\/\"},{\"@type\":\"ListItem\",\"position\":2,\"name\":\"CAPACITAN A SUPERVISORES DE SERVICIOS TUR\"}]},{\"@type\":\"WebSite\",\"@id\":\"https:\/\/aeronoticias.com.pe\/noticiero\/#website\",\"url\":\"https:\/\/aeronoticias.com.pe\/noticiero\/\",\"name\":\"Aeronoticias.com.pe\",\"description\":\"Noticias de tranporte aereo, turismo, hoteles, gastronomia, actualidad, internacional\",\"potentialAction\":[{\"@type\":\"SearchAction\",\"target\":{\"@type\":\"EntryPoint\",\"urlTemplate\":\"https:\/\/aeronoticias.com.pe\/noticiero\/?s={search_term_string}\"},\"query-input\":{\"@type\":\"PropertyValueSpecification\",\"valueRequired\":true,\"valueName\":\"search_term_string\"}}],\"inLanguage\":\"es\"},{\"@type\":\"Person\",\"@id\":\"https:\/\/aeronoticias.com.pe\/noticiero\/#\/schema\/person\/fc1e5d578f4b62ba1cf7ac2bba1170a0\",\"name\":\"Redacci\u00f3n Aeronoticias\",\"url\":\"https:\/\/aeronoticias.com.pe\/noticiero\/author\/piloto\/\"}]}<\/script>\n<!-- \/ Yoast SEO plugin. -->","yoast_head_json":{"title":"CAPACITAN A SUPERVISORES DE SERVICIOS TUR","description":"Portal de noticias del Per\u00fa sobre el transporte a\u00e9reo, aviaci\u00f3n, turismo, hoteleria, actualidad.","robots":{"index":"index","follow":"follow","max-snippet":"max-snippet:-1","max-image-preview":"max-image-preview:large","max-video-preview":"max-video-preview:-1"},"canonical":"https:\/\/aeronoticias.com.pe\/noticiero\/turismo\/13\/capacitan-a-supervisores-de-servicios-turticos-de-gobiernos-regionales\/","og_locale":"es_ES","og_type":"article","og_title":"CAPACITAN A SUPERVISORES DE SERVICIOS TUR","og_description":"Portal de noticias del Per\u00fa sobre el transporte a\u00e9reo, aviaci\u00f3n, turismo, hoteleria, actualidad.","og_url":"https:\/\/aeronoticias.com.pe\/noticiero\/turismo\/13\/capacitan-a-supervisores-de-servicios-turticos-de-gobiernos-regionales\/","og_site_name":"Aeronoticias.com.pe","article_publisher":"https:\/\/www.facebook.com\/Aeronoticias.com.pe\/","article_published_time":"2009-05-06T11:25:22+00:00","og_image":[{"url":"http:\/\/www.aeronoticias.com.pe\/fotonoticias\/0109\/05\/060509\/cpsupervisor.JPG","type":"","width":"","height":""}],"author":"Redacci\u00f3n Aeronoticias","twitter_card":"summary_large_image","twitter_creator":"@aeronoticias","twitter_site":"@aeronoticias","twitter_misc":{"Escrito por":"Redacci\u00f3n Aeronoticias","Tiempo de lectura":"2 minutos"},"schema":{"@context":"https:\/\/schema.org","@graph":[{"@type":"WebPage","@id":"https:\/\/aeronoticias.com.pe\/noticiero\/turismo\/13\/capacitan-a-supervisores-de-servicios-turticos-de-gobiernos-regionales\/","url":"https:\/\/aeronoticias.com.pe\/noticiero\/turismo\/13\/capacitan-a-supervisores-de-servicios-turticos-de-gobiernos-regionales\/","name":"CAPACITAN A SUPERVISORES DE SERVICIOS TUR","isPartOf":{"@id":"https:\/\/aeronoticias.com.pe\/noticiero\/#website"},"primaryImageOfPage":{"@id":"https:\/\/aeronoticias.com.pe\/noticiero\/turismo\/13\/capacitan-a-supervisores-de-servicios-turticos-de-gobiernos-regionales\/#primaryimage"},"image":{"@id":"https:\/\/aeronoticias.com.pe\/noticiero\/turismo\/13\/capacitan-a-supervisores-de-servicios-turticos-de-gobiernos-regionales\/#primaryimage"},"thumbnailUrl":"http:\/\/www.aeronoticias.com.pe\/fotonoticias\/0109\/05\/060509\/cpsupervisor.JPG","datePublished":"2009-05-06T11:25:22+00:00","author":{"@id":"https:\/\/aeronoticias.com.pe\/noticiero\/#\/schema\/person\/fc1e5d578f4b62ba1cf7ac2bba1170a0"},"description":"Portal de noticias del Per\u00fa sobre el transporte a\u00e9reo, aviaci\u00f3n, turismo, hoteleria, actualidad.","breadcrumb":{"@id":"https:\/\/aeronoticias.com.pe\/noticiero\/turismo\/13\/capacitan-a-supervisores-de-servicios-turticos-de-gobiernos-regionales\/#breadcrumb"},"inLanguage":"es","potentialAction":[{"@type":"ReadAction","target":["https:\/\/aeronoticias.com.pe\/noticiero\/turismo\/13\/capacitan-a-supervisores-de-servicios-turticos-de-gobiernos-regionales\/"]}]},{"@type":"ImageObject","inLanguage":"es","@id":"https:\/\/aeronoticias.com.pe\/noticiero\/turismo\/13\/capacitan-a-supervisores-de-servicios-turticos-de-gobiernos-regionales\/#primaryimage","url":"http:\/\/www.aeronoticias.com.pe\/fotonoticias\/0109\/05\/060509\/cpsupervisor.JPG","contentUrl":"http:\/\/www.aeronoticias.com.pe\/fotonoticias\/0109\/05\/060509\/cpsupervisor.JPG"},{"@type":"BreadcrumbList","@id":"https:\/\/aeronoticias.com.pe\/noticiero\/turismo\/13\/capacitan-a-supervisores-de-servicios-turticos-de-gobiernos-regionales\/#breadcrumb","itemListElement":[{"@type":"ListItem","position":1,"name":"Portada","item":"https:\/\/aeronoticias.com.pe\/noticiero\/"},{"@type":"ListItem","position":2,"name":"CAPACITAN A SUPERVISORES DE SERVICIOS TUR"}]},{"@type":"WebSite","@id":"https:\/\/aeronoticias.com.pe\/noticiero\/#website","url":"https:\/\/aeronoticias.com.pe\/noticiero\/","name":"Aeronoticias.com.pe","description":"Noticias de tranporte aereo, turismo, hoteles, gastronomia, actualidad, internacional","potentialAction":[{"@type":"SearchAction","target":{"@type":"EntryPoint","urlTemplate":"https:\/\/aeronoticias.com.pe\/noticiero\/?s={search_term_string}"},"query-input":{"@type":"PropertyValueSpecification","valueRequired":true,"valueName":"search_term_string"}}],"inLanguage":"es"},{"@type":"Person","@id":"https:\/\/aeronoticias.com.pe\/noticiero\/#\/schema\/person\/fc1e5d578f4b62ba1cf7ac2bba1170a0","name":"Redacci\u00f3n Aeronoticias","url":"https:\/\/aeronoticias.com.pe\/noticiero\/author\/piloto\/"}]}},"_links":{"self":[{"href":"https:\/\/aeronoticias.com.pe\/noticiero\/wp-json\/wp\/v2\/posts\/2796","targetHints":{"allow":["GET"]}}],"collection":[{"href":"https:\/\/aeronoticias.com.pe\/noticiero\/wp-json\/wp\/v2\/posts"}],"about":[{"href":"https:\/\/aeronoticias.com.pe\/noticiero\/wp-json\/wp\/v2\/types\/post"}],"author":[{"embeddable":true,"href":"https:\/\/aeronoticias.com.pe\/noticiero\/wp-json\/wp\/v2\/users\/1"}],"replies":[{"embeddable":true,"href":"https:\/\/aeronoticias.com.pe\/noticiero\/wp-json\/wp\/v2\/comments?post=2796"}],"version-history":[{"count":0,"href":"https:\/\/aeronoticias.com.pe\/noticiero\/wp-json\/wp\/v2\/posts\/2796\/revisions"}],"wp:attachment":[{"href":"https:\/\/aeronoticias.com.pe\/noticiero\/wp-json\/wp\/v2\/media?parent=2796"}],"wp:term":[{"taxonomy":"category","embeddable":true,"href":"https:\/\/aeronoticias.com.pe\/noticiero\/wp-json\/wp\/v2\/categories?post=2796"},{"taxonomy":"post_tag","embeddable":true,"href":"https:\/\/aeronoticias.com.pe\/noticiero\/wp-json\/wp\/v2\/tags?post=2796"}],"curies":[{"name":"wp","href":"https:\/\/api.w.org\/{rel}","templated":true}]}}