{"id":2798,"date":"2009-05-06T11:29:28","date_gmt":"2009-05-06T11:29:28","guid":{"rendered":"http:\/\/desarrollo.mcvicious.com\/aero2020\/2009\/05\/06\/mexico-pide-que-detegan-el-cierre-de-fronteras\/"},"modified":"2009-05-06T11:29:28","modified_gmt":"2009-05-06T11:29:28","slug":"mexico-pide-que-detegan-el-cierre-de-fronteras","status":"publish","type":"post","link":"https:\/\/aeronoticias.com.pe\/noticiero\/ultimas\/1\/mexico-pide-que-detegan-el-cierre-de-fronteras\/","title":{"rendered":"MEXICO PIDE QUE DETEGAN EL CIERRE DE FRONTERAS"},"content":{"rendered":"<div align=\"justify\">Ante las medidas de fuerza que obligaron por Seguridad Sanitaria a cerrar todos los accesos de algunos pa&iacute;ses hacia\/y desde M&eacute;xico se hizo el pedido de que estas normas sean revocadas, ya que en lo que va de la alerta -12 d&iacute;as aproximadamente- la epidemia de influenza ya represent&oacute; la merma en el 50&nbsp;por ciento del tr&aacute;fico de pasajeros nacionales e internacionales en M&eacute;xico.<\/p>\n<div align=\"center\"><img loading=\"lazy\" decoding=\"async\" src=\"http:\/\/www.aeronoticias.com.pe\/fotonoticias\/0109\/05\/060509\/fronmexicanas.jpg\" alt=\" \" title=\"MEXICO PIDE QUE DETEGAN EL CIERRE DE FRONTERAS\" width=\"400\" height=\"268\" \/><\/div>\n<\/div>\n<p> <!--more--> <\/p>\n<p>&nbsp;<\/p>\n<p align=\"justify\">Seg&uacute;n Javier Christlieb, presidente de la C&aacute;mara Nacional de Aerotransportes el nivel de las cancelaciones es tal que no s&oacute;lo en los vuelos, sino en las reservas de hoteles y establecimientos mexicanos tambi&eacute;n ronda el 50 por ciento, adem&aacute;s &ndash;claro- de los vuelos nacionales e internacionales.<\/p>\n<p>A las cancelaciones se le suma la suspensi&oacute;n de vuelos desde y hacia M&eacute;xico de pa&iacute;ses como Argentina, Per&uacute;, Cuba, etc&hellip; como respuesta a esto, ya se afirm&oacute; que se encuentran en di&aacute;logo con la Secretar&iacute;a de Comunicaciones y Transportes para conocer el impacto global de la industria y proponer diferentes formas de apoyo. <\/p>\n<p>Sin embargo, la Asociaci&oacute;n Internacional de Transporte A&eacute;reo (IATA) y la Asociaci&oacute;n Latinoamericana de Transporte A&eacute;reo (ALTA) hizo un llamado a los gobierno de Per&uacute;, Argentina, Cuba, Ecuador, China y Canad&aacute; para que den por terminada la suspensi&oacute;n de vuelos hacia M&eacute;xico, luego de que se comprobara que viajar es seguro.<\/p>\n<p>Se record&oacute; el abanico de medidas sanitarias que se han implementado para que los pasajeros se puedan trasladar en condiciones adecuadas y a la vez prevenir la epidemia, entre estas medidas se cuenta con c&aacute;maras t&eacute;rmicas, personal m&eacute;dico, material de informaci&oacute;n, mascarillas, guantes y lugares acondicionados libres de contaminaci&oacute;n para albergar a los pasajeros, entre otras cosas, asi como el reforzamiento de los sistemas de filtro en los sistemas de aire acondicionado de los aviones.<\/p>\n<p>Al respecto el titular de la IATA afirm&oacute; su preocupaci&oacute;n por estas medidas que calific&oacute; de &ldquo;unilaterales e injustificadas&rdquo; fueron tomadas como &ldquo;supuesta&rdquo; medida preventiva ante una pandemia, acotando que han sido tomadas sin considerar las acciones de sanidad y los esfuerzos que la naci&oacute;n mexicana ya tom&oacute; al respecto.<br \/>&nbsp; <\/p>\n","protected":false},"excerpt":{"rendered":"<p>Ante las medidas de fuerza que obligaron por Seguridad Sanitaria a cerrar todos los accesos de algunos pa&iacute;ses hacia\/y desde M&eacute;xico se hizo el pedido de que estas normas sean revocadas, ya que en lo que va de la alerta -12 d&iacute;as aproximadamente- la epidemia de influenza ya represent&oacute; la merma en el 50&nbsp;por ciento [&hellip;]<\/p>\n","protected":false},"author":1,"featured_media":0,"comment_status":"open","ping_status":"open","sticky":false,"template":"","format":"standard","meta":{"tdm_status":"","tdm_grid_status":"","footnotes":""},"categories":[30],"tags":[],"class_list":{"0":"post-2798","1":"post","2":"type-post","3":"status-publish","4":"format-standard","6":"category-30"},"yoast_head":"<!-- This site is optimized with the Yoast SEO plugin v25.1 - https:\/\/yoast.com\/wordpress\/plugins\/seo\/ -->\n<title>MEXICO PIDE QUE DETEGAN EL CIERRE DE FRONTERAS<\/title>\n<meta name=\"description\" content=\"Portal de noticias del Per\u00fa sobre el transporte a\u00e9reo, aviaci\u00f3n, turismo, hoteleria, actualidad.\" \/>\n<meta name=\"robots\" content=\"index, follow, max-snippet:-1, max-image-preview:large, max-video-preview:-1\" \/>\n<link rel=\"canonical\" href=\"https:\/\/aeronoticias.com.pe\/noticiero\/ultimas\/1\/mexico-pide-que-detegan-el-cierre-de-fronteras\/\" \/>\n<meta property=\"og:locale\" content=\"es_ES\" \/>\n<meta property=\"og:type\" content=\"article\" \/>\n<meta property=\"og:title\" content=\"MEXICO PIDE QUE DETEGAN EL CIERRE DE FRONTERAS\" \/>\n<meta property=\"og:description\" content=\"Portal de noticias del Per\u00fa sobre el transporte a\u00e9reo, aviaci\u00f3n, turismo, hoteleria, actualidad.\" \/>\n<meta property=\"og:url\" content=\"https:\/\/aeronoticias.com.pe\/noticiero\/ultimas\/1\/mexico-pide-que-detegan-el-cierre-de-fronteras\/\" \/>\n<meta property=\"og:site_name\" content=\"Aeronoticias.com.pe\" \/>\n<meta property=\"article:publisher\" content=\"https:\/\/www.facebook.com\/Aeronoticias.com.pe\/\" \/>\n<meta property=\"article:published_time\" content=\"2009-05-06T11:29:28+00:00\" \/>\n<meta property=\"og:image\" content=\"http:\/\/www.aeronoticias.com.pe\/fotonoticias\/0109\/05\/060509\/fronmexicanas.jpg\" \/>\n<meta name=\"author\" content=\"Redacci\u00f3n Aeronoticias\" \/>\n<meta name=\"twitter:card\" content=\"summary_large_image\" \/>\n<meta name=\"twitter:creator\" content=\"@aeronoticias\" \/>\n<meta name=\"twitter:site\" content=\"@aeronoticias\" \/>\n<meta name=\"twitter:label1\" content=\"Escrito por\" \/>\n\t<meta name=\"twitter:data1\" content=\"Redacci\u00f3n Aeronoticias\" \/>\n\t<meta name=\"twitter:label2\" content=\"Tiempo de lectura\" \/>\n\t<meta name=\"twitter:data2\" content=\"2 minutos\" \/>\n<script type=\"application\/ld+json\" class=\"yoast-schema-graph\">{\"@context\":\"https:\/\/schema.org\",\"@graph\":[{\"@type\":\"WebPage\",\"@id\":\"https:\/\/aeronoticias.com.pe\/noticiero\/ultimas\/1\/mexico-pide-que-detegan-el-cierre-de-fronteras\/\",\"url\":\"https:\/\/aeronoticias.com.pe\/noticiero\/ultimas\/1\/mexico-pide-que-detegan-el-cierre-de-fronteras\/\",\"name\":\"MEXICO PIDE QUE DETEGAN EL CIERRE DE FRONTERAS\",\"isPartOf\":{\"@id\":\"https:\/\/aeronoticias.com.pe\/noticiero\/#website\"},\"primaryImageOfPage\":{\"@id\":\"https:\/\/aeronoticias.com.pe\/noticiero\/ultimas\/1\/mexico-pide-que-detegan-el-cierre-de-fronteras\/#primaryimage\"},\"image\":{\"@id\":\"https:\/\/aeronoticias.com.pe\/noticiero\/ultimas\/1\/mexico-pide-que-detegan-el-cierre-de-fronteras\/#primaryimage\"},\"thumbnailUrl\":\"http:\/\/www.aeronoticias.com.pe\/fotonoticias\/0109\/05\/060509\/fronmexicanas.jpg\",\"datePublished\":\"2009-05-06T11:29:28+00:00\",\"author\":{\"@id\":\"https:\/\/aeronoticias.com.pe\/noticiero\/#\/schema\/person\/fc1e5d578f4b62ba1cf7ac2bba1170a0\"},\"description\":\"Portal de noticias del Per\u00fa sobre el transporte a\u00e9reo, aviaci\u00f3n, turismo, hoteleria, actualidad.\",\"breadcrumb\":{\"@id\":\"https:\/\/aeronoticias.com.pe\/noticiero\/ultimas\/1\/mexico-pide-que-detegan-el-cierre-de-fronteras\/#breadcrumb\"},\"inLanguage\":\"es\",\"potentialAction\":[{\"@type\":\"ReadAction\",\"target\":[\"https:\/\/aeronoticias.com.pe\/noticiero\/ultimas\/1\/mexico-pide-que-detegan-el-cierre-de-fronteras\/\"]}]},{\"@type\":\"ImageObject\",\"inLanguage\":\"es\",\"@id\":\"https:\/\/aeronoticias.com.pe\/noticiero\/ultimas\/1\/mexico-pide-que-detegan-el-cierre-de-fronteras\/#primaryimage\",\"url\":\"http:\/\/www.aeronoticias.com.pe\/fotonoticias\/0109\/05\/060509\/fronmexicanas.jpg\",\"contentUrl\":\"http:\/\/www.aeronoticias.com.pe\/fotonoticias\/0109\/05\/060509\/fronmexicanas.jpg\"},{\"@type\":\"BreadcrumbList\",\"@id\":\"https:\/\/aeronoticias.com.pe\/noticiero\/ultimas\/1\/mexico-pide-que-detegan-el-cierre-de-fronteras\/#breadcrumb\",\"itemListElement\":[{\"@type\":\"ListItem\",\"position\":1,\"name\":\"Portada\",\"item\":\"https:\/\/aeronoticias.com.pe\/noticiero\/\"},{\"@type\":\"ListItem\",\"position\":2,\"name\":\"MEXICO PIDE QUE DETEGAN EL CIERRE DE FRONTERAS\"}]},{\"@type\":\"WebSite\",\"@id\":\"https:\/\/aeronoticias.com.pe\/noticiero\/#website\",\"url\":\"https:\/\/aeronoticias.com.pe\/noticiero\/\",\"name\":\"Aeronoticias.com.pe\",\"description\":\"Noticias de tranporte aereo, turismo, hoteles, gastronomia, actualidad, internacional\",\"potentialAction\":[{\"@type\":\"SearchAction\",\"target\":{\"@type\":\"EntryPoint\",\"urlTemplate\":\"https:\/\/aeronoticias.com.pe\/noticiero\/?s={search_term_string}\"},\"query-input\":{\"@type\":\"PropertyValueSpecification\",\"valueRequired\":true,\"valueName\":\"search_term_string\"}}],\"inLanguage\":\"es\"},{\"@type\":\"Person\",\"@id\":\"https:\/\/aeronoticias.com.pe\/noticiero\/#\/schema\/person\/fc1e5d578f4b62ba1cf7ac2bba1170a0\",\"name\":\"Redacci\u00f3n Aeronoticias\",\"url\":\"https:\/\/aeronoticias.com.pe\/noticiero\/author\/piloto\/\"}]}<\/script>\n<!-- \/ Yoast SEO plugin. -->","yoast_head_json":{"title":"MEXICO PIDE QUE DETEGAN EL CIERRE DE FRONTERAS","description":"Portal de noticias del Per\u00fa sobre el transporte a\u00e9reo, aviaci\u00f3n, turismo, hoteleria, actualidad.","robots":{"index":"index","follow":"follow","max-snippet":"max-snippet:-1","max-image-preview":"max-image-preview:large","max-video-preview":"max-video-preview:-1"},"canonical":"https:\/\/aeronoticias.com.pe\/noticiero\/ultimas\/1\/mexico-pide-que-detegan-el-cierre-de-fronteras\/","og_locale":"es_ES","og_type":"article","og_title":"MEXICO PIDE QUE DETEGAN EL CIERRE DE FRONTERAS","og_description":"Portal de noticias del Per\u00fa sobre el transporte a\u00e9reo, aviaci\u00f3n, turismo, hoteleria, actualidad.","og_url":"https:\/\/aeronoticias.com.pe\/noticiero\/ultimas\/1\/mexico-pide-que-detegan-el-cierre-de-fronteras\/","og_site_name":"Aeronoticias.com.pe","article_publisher":"https:\/\/www.facebook.com\/Aeronoticias.com.pe\/","article_published_time":"2009-05-06T11:29:28+00:00","og_image":[{"url":"http:\/\/www.aeronoticias.com.pe\/fotonoticias\/0109\/05\/060509\/fronmexicanas.jpg","type":"","width":"","height":""}],"author":"Redacci\u00f3n Aeronoticias","twitter_card":"summary_large_image","twitter_creator":"@aeronoticias","twitter_site":"@aeronoticias","twitter_misc":{"Escrito por":"Redacci\u00f3n Aeronoticias","Tiempo de lectura":"2 minutos"},"schema":{"@context":"https:\/\/schema.org","@graph":[{"@type":"WebPage","@id":"https:\/\/aeronoticias.com.pe\/noticiero\/ultimas\/1\/mexico-pide-que-detegan-el-cierre-de-fronteras\/","url":"https:\/\/aeronoticias.com.pe\/noticiero\/ultimas\/1\/mexico-pide-que-detegan-el-cierre-de-fronteras\/","name":"MEXICO PIDE QUE DETEGAN EL CIERRE DE FRONTERAS","isPartOf":{"@id":"https:\/\/aeronoticias.com.pe\/noticiero\/#website"},"primaryImageOfPage":{"@id":"https:\/\/aeronoticias.com.pe\/noticiero\/ultimas\/1\/mexico-pide-que-detegan-el-cierre-de-fronteras\/#primaryimage"},"image":{"@id":"https:\/\/aeronoticias.com.pe\/noticiero\/ultimas\/1\/mexico-pide-que-detegan-el-cierre-de-fronteras\/#primaryimage"},"thumbnailUrl":"http:\/\/www.aeronoticias.com.pe\/fotonoticias\/0109\/05\/060509\/fronmexicanas.jpg","datePublished":"2009-05-06T11:29:28+00:00","author":{"@id":"https:\/\/aeronoticias.com.pe\/noticiero\/#\/schema\/person\/fc1e5d578f4b62ba1cf7ac2bba1170a0"},"description":"Portal de noticias del Per\u00fa sobre el transporte a\u00e9reo, aviaci\u00f3n, turismo, hoteleria, actualidad.","breadcrumb":{"@id":"https:\/\/aeronoticias.com.pe\/noticiero\/ultimas\/1\/mexico-pide-que-detegan-el-cierre-de-fronteras\/#breadcrumb"},"inLanguage":"es","potentialAction":[{"@type":"ReadAction","target":["https:\/\/aeronoticias.com.pe\/noticiero\/ultimas\/1\/mexico-pide-que-detegan-el-cierre-de-fronteras\/"]}]},{"@type":"ImageObject","inLanguage":"es","@id":"https:\/\/aeronoticias.com.pe\/noticiero\/ultimas\/1\/mexico-pide-que-detegan-el-cierre-de-fronteras\/#primaryimage","url":"http:\/\/www.aeronoticias.com.pe\/fotonoticias\/0109\/05\/060509\/fronmexicanas.jpg","contentUrl":"http:\/\/www.aeronoticias.com.pe\/fotonoticias\/0109\/05\/060509\/fronmexicanas.jpg"},{"@type":"BreadcrumbList","@id":"https:\/\/aeronoticias.com.pe\/noticiero\/ultimas\/1\/mexico-pide-que-detegan-el-cierre-de-fronteras\/#breadcrumb","itemListElement":[{"@type":"ListItem","position":1,"name":"Portada","item":"https:\/\/aeronoticias.com.pe\/noticiero\/"},{"@type":"ListItem","position":2,"name":"MEXICO PIDE QUE DETEGAN EL CIERRE DE FRONTERAS"}]},{"@type":"WebSite","@id":"https:\/\/aeronoticias.com.pe\/noticiero\/#website","url":"https:\/\/aeronoticias.com.pe\/noticiero\/","name":"Aeronoticias.com.pe","description":"Noticias de tranporte aereo, turismo, hoteles, gastronomia, actualidad, internacional","potentialAction":[{"@type":"SearchAction","target":{"@type":"EntryPoint","urlTemplate":"https:\/\/aeronoticias.com.pe\/noticiero\/?s={search_term_string}"},"query-input":{"@type":"PropertyValueSpecification","valueRequired":true,"valueName":"search_term_string"}}],"inLanguage":"es"},{"@type":"Person","@id":"https:\/\/aeronoticias.com.pe\/noticiero\/#\/schema\/person\/fc1e5d578f4b62ba1cf7ac2bba1170a0","name":"Redacci\u00f3n Aeronoticias","url":"https:\/\/aeronoticias.com.pe\/noticiero\/author\/piloto\/"}]}},"_links":{"self":[{"href":"https:\/\/aeronoticias.com.pe\/noticiero\/wp-json\/wp\/v2\/posts\/2798","targetHints":{"allow":["GET"]}}],"collection":[{"href":"https:\/\/aeronoticias.com.pe\/noticiero\/wp-json\/wp\/v2\/posts"}],"about":[{"href":"https:\/\/aeronoticias.com.pe\/noticiero\/wp-json\/wp\/v2\/types\/post"}],"author":[{"embeddable":true,"href":"https:\/\/aeronoticias.com.pe\/noticiero\/wp-json\/wp\/v2\/users\/1"}],"replies":[{"embeddable":true,"href":"https:\/\/aeronoticias.com.pe\/noticiero\/wp-json\/wp\/v2\/comments?post=2798"}],"version-history":[{"count":0,"href":"https:\/\/aeronoticias.com.pe\/noticiero\/wp-json\/wp\/v2\/posts\/2798\/revisions"}],"wp:attachment":[{"href":"https:\/\/aeronoticias.com.pe\/noticiero\/wp-json\/wp\/v2\/media?parent=2798"}],"wp:term":[{"taxonomy":"category","embeddable":true,"href":"https:\/\/aeronoticias.com.pe\/noticiero\/wp-json\/wp\/v2\/categories?post=2798"},{"taxonomy":"post_tag","embeddable":true,"href":"https:\/\/aeronoticias.com.pe\/noticiero\/wp-json\/wp\/v2\/tags?post=2798"}],"curies":[{"name":"wp","href":"https:\/\/api.w.org\/{rel}","templated":true}]}}