{"id":29000,"date":"2012-07-25T23:32:25","date_gmt":"2012-07-25T23:32:25","guid":{"rendered":"http:\/\/desarrollo.mcvicious.com\/aero2020\/2012\/07\/25\/por-excesos-con-la-prensa-en-su-gestion-abugattas-pidio-disculpas\/"},"modified":"2012-07-25T23:32:25","modified_gmt":"2012-07-25T23:32:25","slug":"por-excesos-con-la-prensa-en-su-gestion-abugattas-pidio-disculpas","status":"publish","type":"post","link":"https:\/\/aeronoticias.com.pe\/noticiero\/politica\/por-excesos-con-la-prensa-en-su-gestion-abugattas-pidio-disculpas\/","title":{"rendered":"Por excesos con la prensa en su gesti\u00f3n  Abugatt\u00e1s pidi\u00f3 disculpas"},"content":{"rendered":"<p style=\"text-align: justify;\"><strong>(Aeronoticias).-<\/strong>Admiti\u00f3 sus excesos con la prensa, y pidi\u00f3 disculpas por lo mismo, el congresista nacionalista, Daniel Abugatt\u00e1s hizo un mea culpa durante su gesti\u00f3n en la presidencia del Congreso de la Rep\u00fablica.<\/p>\n<p>\u201cEspero que  iniciemos una buena relaci\u00f3n con ustedes, si hubo algunos excesos de mi  parte les pido mil disculpas\u201d, afirm\u00f3 tras presentar el balance de su  gesti\u00f3n.<\/p>\n<p style=\"text-align: justify;\">El titular del Legislativo inform\u00f3 que ha solicitado a la Contralor\u00eda General de la Rep\u00fablica efectuar una auditor\u00eda a su gesti\u00f3n como presidente del Congreso, en aras de la transparencia en este poder del Estado.<\/p>\n<p style=\"text-align: justify;\">\u201cHemos coordinado con la Contralor\u00eda, que  estar\u00e1 enviando a sus expertos el d\u00eda lunes, he pedido que hagan una  revisi\u00f3n absoluta de todo lo actuado durante mi gesti\u00f3n\u201d, declar\u00f3 a la prensa.<\/p>\n<p style=\"text-align: justify;\">Refiri\u00f3 adem\u00e1s que esta auditor\u00eda tomar\u00e1 su  tiempo y que se encuentra \u00abcon la conciencia tranquila\u201d por las  decisiones que tom\u00f3 durante su gesti\u00f3n al mando del Congreso.<\/p>\n<p style=\"text-align: justify;\">Consider\u00f3  que uno de los mayores logros de su gesti\u00f3n fue acercar el Congreso al  pueblo, mediante las sesiones descentralizadas y los viajes de  representaci\u00f3n, y estim\u00f3 que eso es algo que la ciudadania reconoce.<\/p>\n<p style=\"text-align: justify;\">Revel\u00f3 que en su labor de congresista de Gana Per\u00fa se  orientar\u00e1\u00a0 a temas que reclama la poblaci\u00f3n, como la lucha  contra el crimen organizado y la prevenci\u00f3n de los desastres naturales.<\/p>\n<p style=\"text-align: justify;\">Anunci\u00f3  que trabajar\u00e1 para fortalecer el programa \u2018Sierra Productiva\u2019, con elfirme objetivo\u00a0 de cambiar las condiciones de vida de m\u00e1s de 3 millones de peruanos,  en la seguridad alimentaria y en la prevenci\u00f3n de los fen\u00f3menos  naturales.<\/p>\n<p style=\"text-align: justify;\"><img decoding=\"async\" src=\"images\/stories\/12\/07\/250712\/danielabugatts.jpg\" border=\"0\" alt=\"disculpas\" title=\"disculpas\" \/><\/p>\n","protected":false},"excerpt":{"rendered":"<p>(Aeronoticias).-Admiti\u00f3 sus excesos con la prensa, y pidi\u00f3 disculpas por lo mismo, el congresista nacionalista, Daniel Abugatt\u00e1s hizo un mea culpa durante su gesti\u00f3n en la presidencia del Congreso de la Rep\u00fablica. \u201cEspero que iniciemos una buena relaci\u00f3n con ustedes, si hubo algunos excesos de mi parte les pido mil disculpas\u201d, afirm\u00f3 tras presentar el [&hellip;]<\/p>\n","protected":false},"author":1,"featured_media":0,"comment_status":"open","ping_status":"open","sticky":false,"template":"","format":"standard","meta":{"tdm_status":"","tdm_grid_status":"","footnotes":""},"categories":[36],"tags":[],"class_list":{"0":"post-29000","1":"post","2":"type-post","3":"status-publish","4":"format-standard","6":"category-politica"},"yoast_head":"<!-- This site is optimized with the Yoast SEO plugin v25.1 - https:\/\/yoast.com\/wordpress\/plugins\/seo\/ -->\n<title>Por excesos con la prensa en su gesti\u00f3n Abugatt\u00e1s pidi\u00f3 disculpas<\/title>\n<meta name=\"description\" content=\"Portal de noticias del Per\u00fa sobre el transporte a\u00e9reo, aviaci\u00f3n, turismo, hoteleria, actualidad.\" \/>\n<meta name=\"robots\" content=\"index, follow, max-snippet:-1, max-image-preview:large, max-video-preview:-1\" \/>\n<link rel=\"canonical\" href=\"https:\/\/aeronoticias.com.pe\/noticiero\/politica\/por-excesos-con-la-prensa-en-su-gestion-abugattas-pidio-disculpas\/\" \/>\n<meta property=\"og:locale\" content=\"es_ES\" \/>\n<meta property=\"og:type\" content=\"article\" \/>\n<meta property=\"og:title\" content=\"Por excesos con la prensa en su gesti\u00f3n Abugatt\u00e1s pidi\u00f3 disculpas\" \/>\n<meta property=\"og:description\" content=\"Portal de noticias del Per\u00fa sobre el transporte a\u00e9reo, aviaci\u00f3n, turismo, hoteleria, actualidad.\" \/>\n<meta property=\"og:url\" content=\"https:\/\/aeronoticias.com.pe\/noticiero\/politica\/por-excesos-con-la-prensa-en-su-gestion-abugattas-pidio-disculpas\/\" \/>\n<meta property=\"og:site_name\" content=\"Aeronoticias.com.pe\" \/>\n<meta property=\"article:publisher\" content=\"https:\/\/www.facebook.com\/Aeronoticias.com.pe\/\" \/>\n<meta property=\"article:published_time\" content=\"2012-07-25T23:32:25+00:00\" \/>\n<meta name=\"author\" content=\"Redacci\u00f3n Aeronoticias\" \/>\n<meta name=\"twitter:card\" content=\"summary_large_image\" \/>\n<meta name=\"twitter:creator\" content=\"@aeronoticias\" \/>\n<meta name=\"twitter:site\" content=\"@aeronoticias\" \/>\n<meta name=\"twitter:label1\" content=\"Escrito por\" \/>\n\t<meta name=\"twitter:data1\" content=\"Redacci\u00f3n Aeronoticias\" \/>\n\t<meta name=\"twitter:label2\" content=\"Tiempo de lectura\" \/>\n\t<meta name=\"twitter:data2\" content=\"1 minuto\" \/>\n<script type=\"application\/ld+json\" class=\"yoast-schema-graph\">{\"@context\":\"https:\/\/schema.org\",\"@graph\":[{\"@type\":\"WebPage\",\"@id\":\"https:\/\/aeronoticias.com.pe\/noticiero\/politica\/por-excesos-con-la-prensa-en-su-gestion-abugattas-pidio-disculpas\/\",\"url\":\"https:\/\/aeronoticias.com.pe\/noticiero\/politica\/por-excesos-con-la-prensa-en-su-gestion-abugattas-pidio-disculpas\/\",\"name\":\"Por excesos con la prensa en su gesti\u00f3n Abugatt\u00e1s pidi\u00f3 disculpas\",\"isPartOf\":{\"@id\":\"https:\/\/aeronoticias.com.pe\/noticiero\/#website\"},\"datePublished\":\"2012-07-25T23:32:25+00:00\",\"author\":{\"@id\":\"https:\/\/aeronoticias.com.pe\/noticiero\/#\/schema\/person\/fc1e5d578f4b62ba1cf7ac2bba1170a0\"},\"description\":\"Portal de noticias del Per\u00fa sobre el transporte a\u00e9reo, aviaci\u00f3n, turismo, hoteleria, actualidad.\",\"breadcrumb\":{\"@id\":\"https:\/\/aeronoticias.com.pe\/noticiero\/politica\/por-excesos-con-la-prensa-en-su-gestion-abugattas-pidio-disculpas\/#breadcrumb\"},\"inLanguage\":\"es\",\"potentialAction\":[{\"@type\":\"ReadAction\",\"target\":[\"https:\/\/aeronoticias.com.pe\/noticiero\/politica\/por-excesos-con-la-prensa-en-su-gestion-abugattas-pidio-disculpas\/\"]}]},{\"@type\":\"BreadcrumbList\",\"@id\":\"https:\/\/aeronoticias.com.pe\/noticiero\/politica\/por-excesos-con-la-prensa-en-su-gestion-abugattas-pidio-disculpas\/#breadcrumb\",\"itemListElement\":[{\"@type\":\"ListItem\",\"position\":1,\"name\":\"Portada\",\"item\":\"https:\/\/aeronoticias.com.pe\/noticiero\/\"},{\"@type\":\"ListItem\",\"position\":2,\"name\":\"Por excesos con la prensa en su gesti\u00f3n Abugatt\u00e1s pidi\u00f3 disculpas\"}]},{\"@type\":\"WebSite\",\"@id\":\"https:\/\/aeronoticias.com.pe\/noticiero\/#website\",\"url\":\"https:\/\/aeronoticias.com.pe\/noticiero\/\",\"name\":\"Aeronoticias.com.pe\",\"description\":\"Noticias de tranporte aereo, turismo, hoteles, gastronomia, actualidad, internacional\",\"potentialAction\":[{\"@type\":\"SearchAction\",\"target\":{\"@type\":\"EntryPoint\",\"urlTemplate\":\"https:\/\/aeronoticias.com.pe\/noticiero\/?s={search_term_string}\"},\"query-input\":{\"@type\":\"PropertyValueSpecification\",\"valueRequired\":true,\"valueName\":\"search_term_string\"}}],\"inLanguage\":\"es\"},{\"@type\":\"Person\",\"@id\":\"https:\/\/aeronoticias.com.pe\/noticiero\/#\/schema\/person\/fc1e5d578f4b62ba1cf7ac2bba1170a0\",\"name\":\"Redacci\u00f3n Aeronoticias\",\"url\":\"https:\/\/aeronoticias.com.pe\/noticiero\/author\/piloto\/\"}]}<\/script>\n<!-- \/ Yoast SEO plugin. -->","yoast_head_json":{"title":"Por excesos con la prensa en su gesti\u00f3n Abugatt\u00e1s pidi\u00f3 disculpas","description":"Portal de noticias del Per\u00fa sobre el transporte a\u00e9reo, aviaci\u00f3n, turismo, hoteleria, actualidad.","robots":{"index":"index","follow":"follow","max-snippet":"max-snippet:-1","max-image-preview":"max-image-preview:large","max-video-preview":"max-video-preview:-1"},"canonical":"https:\/\/aeronoticias.com.pe\/noticiero\/politica\/por-excesos-con-la-prensa-en-su-gestion-abugattas-pidio-disculpas\/","og_locale":"es_ES","og_type":"article","og_title":"Por excesos con la prensa en su gesti\u00f3n Abugatt\u00e1s pidi\u00f3 disculpas","og_description":"Portal de noticias del Per\u00fa sobre el transporte a\u00e9reo, aviaci\u00f3n, turismo, hoteleria, actualidad.","og_url":"https:\/\/aeronoticias.com.pe\/noticiero\/politica\/por-excesos-con-la-prensa-en-su-gestion-abugattas-pidio-disculpas\/","og_site_name":"Aeronoticias.com.pe","article_publisher":"https:\/\/www.facebook.com\/Aeronoticias.com.pe\/","article_published_time":"2012-07-25T23:32:25+00:00","author":"Redacci\u00f3n Aeronoticias","twitter_card":"summary_large_image","twitter_creator":"@aeronoticias","twitter_site":"@aeronoticias","twitter_misc":{"Escrito por":"Redacci\u00f3n Aeronoticias","Tiempo de lectura":"1 minuto"},"schema":{"@context":"https:\/\/schema.org","@graph":[{"@type":"WebPage","@id":"https:\/\/aeronoticias.com.pe\/noticiero\/politica\/por-excesos-con-la-prensa-en-su-gestion-abugattas-pidio-disculpas\/","url":"https:\/\/aeronoticias.com.pe\/noticiero\/politica\/por-excesos-con-la-prensa-en-su-gestion-abugattas-pidio-disculpas\/","name":"Por excesos con la prensa en su gesti\u00f3n Abugatt\u00e1s pidi\u00f3 disculpas","isPartOf":{"@id":"https:\/\/aeronoticias.com.pe\/noticiero\/#website"},"datePublished":"2012-07-25T23:32:25+00:00","author":{"@id":"https:\/\/aeronoticias.com.pe\/noticiero\/#\/schema\/person\/fc1e5d578f4b62ba1cf7ac2bba1170a0"},"description":"Portal de noticias del Per\u00fa sobre el transporte a\u00e9reo, aviaci\u00f3n, turismo, hoteleria, actualidad.","breadcrumb":{"@id":"https:\/\/aeronoticias.com.pe\/noticiero\/politica\/por-excesos-con-la-prensa-en-su-gestion-abugattas-pidio-disculpas\/#breadcrumb"},"inLanguage":"es","potentialAction":[{"@type":"ReadAction","target":["https:\/\/aeronoticias.com.pe\/noticiero\/politica\/por-excesos-con-la-prensa-en-su-gestion-abugattas-pidio-disculpas\/"]}]},{"@type":"BreadcrumbList","@id":"https:\/\/aeronoticias.com.pe\/noticiero\/politica\/por-excesos-con-la-prensa-en-su-gestion-abugattas-pidio-disculpas\/#breadcrumb","itemListElement":[{"@type":"ListItem","position":1,"name":"Portada","item":"https:\/\/aeronoticias.com.pe\/noticiero\/"},{"@type":"ListItem","position":2,"name":"Por excesos con la prensa en su gesti\u00f3n Abugatt\u00e1s pidi\u00f3 disculpas"}]},{"@type":"WebSite","@id":"https:\/\/aeronoticias.com.pe\/noticiero\/#website","url":"https:\/\/aeronoticias.com.pe\/noticiero\/","name":"Aeronoticias.com.pe","description":"Noticias de tranporte aereo, turismo, hoteles, gastronomia, actualidad, internacional","potentialAction":[{"@type":"SearchAction","target":{"@type":"EntryPoint","urlTemplate":"https:\/\/aeronoticias.com.pe\/noticiero\/?s={search_term_string}"},"query-input":{"@type":"PropertyValueSpecification","valueRequired":true,"valueName":"search_term_string"}}],"inLanguage":"es"},{"@type":"Person","@id":"https:\/\/aeronoticias.com.pe\/noticiero\/#\/schema\/person\/fc1e5d578f4b62ba1cf7ac2bba1170a0","name":"Redacci\u00f3n Aeronoticias","url":"https:\/\/aeronoticias.com.pe\/noticiero\/author\/piloto\/"}]}},"_links":{"self":[{"href":"https:\/\/aeronoticias.com.pe\/noticiero\/wp-json\/wp\/v2\/posts\/29000","targetHints":{"allow":["GET"]}}],"collection":[{"href":"https:\/\/aeronoticias.com.pe\/noticiero\/wp-json\/wp\/v2\/posts"}],"about":[{"href":"https:\/\/aeronoticias.com.pe\/noticiero\/wp-json\/wp\/v2\/types\/post"}],"author":[{"embeddable":true,"href":"https:\/\/aeronoticias.com.pe\/noticiero\/wp-json\/wp\/v2\/users\/1"}],"replies":[{"embeddable":true,"href":"https:\/\/aeronoticias.com.pe\/noticiero\/wp-json\/wp\/v2\/comments?post=29000"}],"version-history":[{"count":0,"href":"https:\/\/aeronoticias.com.pe\/noticiero\/wp-json\/wp\/v2\/posts\/29000\/revisions"}],"wp:attachment":[{"href":"https:\/\/aeronoticias.com.pe\/noticiero\/wp-json\/wp\/v2\/media?parent=29000"}],"wp:term":[{"taxonomy":"category","embeddable":true,"href":"https:\/\/aeronoticias.com.pe\/noticiero\/wp-json\/wp\/v2\/categories?post=29000"},{"taxonomy":"post_tag","embeddable":true,"href":"https:\/\/aeronoticias.com.pe\/noticiero\/wp-json\/wp\/v2\/tags?post=29000"}],"curies":[{"name":"wp","href":"https:\/\/api.w.org\/{rel}","templated":true}]}}