{"id":29002,"date":"2012-07-25T23:41:13","date_gmt":"2012-07-25T23:41:13","guid":{"rendered":"http:\/\/desarrollo.mcvicious.com\/aero2020\/2012\/07\/25\/tras-incendio-de-su-auto-ramon-ferreyros-se-salva-de-milagro-en-competencia-en-espana\/"},"modified":"2012-07-25T23:41:13","modified_gmt":"2012-07-25T23:41:13","slug":"tras-incendio-de-su-auto-ramon-ferreyros-se-salva-de-milagro-en-competencia-en-espana","status":"publish","type":"post","link":"https:\/\/aeronoticias.com.pe\/noticiero\/deportes\/tras-incendio-de-su-auto-ramon-ferreyros-se-salva-de-milagro-en-competencia-en-espana\/","title":{"rendered":"Tras incendio de su auto Ram\u00f3n Ferreyros se salva de milagro en competencia en Espa\u00f1a"},"content":{"rendered":"<p style=\"text-align: justify;\"><strong>(Aeronoticias).-<\/strong>Un verdadero milagro, el famoso piloto nacional, Ram\u00f3n Ferreyros y su copiloto espa\u00f1ol, Diego Vallejo salvaron de morir el pasado domigo cuando en pleno Campeonato de Espa\u00f1a de Rally de Tierra 2012, su auto se despistara e incendiara.<\/p>\n<p style=\"text-align: justify;\">Cabe precisar que Ram\u00f3n sali\u00f3 el domingo con un firme objetivo:ganar.\u00a0 En el primer especial el reconocido piloto espa\u00f1ol \u2018Xevi\u2019 Pons fue once  segundos m\u00e1s r\u00e1pido y en el segundo cinco m\u00e1s, por lo que la diferencia  antes del tercer tramo cronometrado era de diecis\u00e9is segundos. Es  cuando toma la decisi\u00f3n de arriesgar y manejar al l\u00edmite en busca de  cazar la punta.<\/p>\n<p>El resultado de esta\u00a0 arriesgada maniobra\u00a0 fue una salida de pista, que propici\u00f3 que su\u00a0 Ford Fiesta\u00a0<strong><\/strong> se prendiera fuego. Tanto Ram\u00f3n como Diego, estaban dentro del auto y tuvieron que utilizar toda su preparaci\u00f3n  f\u00edsica para abandonarlo de inmediato. A pesar de los golpes y lesiones  sufridas escaparon de morir entre las llamas a instantes que el coche  explotara y se terminara de incendiar por completo.<\/p>\n<p><strong><\/strong>Ferreyros ahora enfrenta una situaci\u00f3n muy especial, dado que el auto ha sido declarado  como p\u00e9rdida total y necesita presupuesto para seguir compitiendo en  uno de los rallys m\u00e1s exigentes de Europa.<\/p>\n<p style=\"text-align: justify;\">A trav\u00e9s de un comunicado enviado por su \u00e1rea de prensa espera que la empresa privada, sus seguidores, amigos y el Estado lo apoyen en estos dif\u00edciles momentos.<br \/><strong><\/strong><br \/><img decoding=\"async\" src=\"images\/stories\/12\/07\/250712\/autosiniestrado.jpg\" border=\"0\" alt=\"incendio\" title=\"incendio\" \/><br \/><strong><\/strong><\/p>\n","protected":false},"excerpt":{"rendered":"<p>(Aeronoticias).-Un verdadero milagro, el famoso piloto nacional, Ram\u00f3n Ferreyros y su copiloto espa\u00f1ol, Diego Vallejo salvaron de morir el pasado domigo cuando en pleno Campeonato de Espa\u00f1a de Rally de Tierra 2012, su auto se despistara e incendiara. Cabe precisar que Ram\u00f3n sali\u00f3 el domingo con un firme objetivo:ganar.\u00a0 En el primer especial el reconocido [&hellip;]<\/p>\n","protected":false},"author":1,"featured_media":0,"comment_status":"open","ping_status":"open","sticky":false,"template":"","format":"standard","meta":{"tdm_status":"","tdm_grid_status":"","footnotes":""},"categories":[40],"tags":[],"class_list":{"0":"post-29002","1":"post","2":"type-post","3":"status-publish","4":"format-standard","6":"category-deportes"},"yoast_head":"<!-- This site is optimized with the Yoast SEO plugin v25.1 - https:\/\/yoast.com\/wordpress\/plugins\/seo\/ -->\n<title>Tras incendio de su auto Ram\u00f3n Ferreyros se salva de milagro en competencia en Espa\u00f1a<\/title>\n<meta name=\"description\" content=\"Portal de noticias del Per\u00fa sobre el transporte a\u00e9reo, aviaci\u00f3n, turismo, hoteleria, actualidad.\" \/>\n<meta name=\"robots\" content=\"index, follow, max-snippet:-1, max-image-preview:large, max-video-preview:-1\" \/>\n<link rel=\"canonical\" href=\"https:\/\/aeronoticias.com.pe\/noticiero\/deportes\/tras-incendio-de-su-auto-ramon-ferreyros-se-salva-de-milagro-en-competencia-en-espana\/\" \/>\n<meta property=\"og:locale\" content=\"es_ES\" \/>\n<meta property=\"og:type\" content=\"article\" \/>\n<meta property=\"og:title\" content=\"Tras incendio de su auto Ram\u00f3n Ferreyros se salva de milagro en competencia en Espa\u00f1a\" \/>\n<meta property=\"og:description\" content=\"Portal de noticias del Per\u00fa sobre el transporte a\u00e9reo, aviaci\u00f3n, turismo, hoteleria, actualidad.\" \/>\n<meta property=\"og:url\" content=\"https:\/\/aeronoticias.com.pe\/noticiero\/deportes\/tras-incendio-de-su-auto-ramon-ferreyros-se-salva-de-milagro-en-competencia-en-espana\/\" \/>\n<meta property=\"og:site_name\" content=\"Aeronoticias.com.pe\" \/>\n<meta property=\"article:publisher\" content=\"https:\/\/www.facebook.com\/Aeronoticias.com.pe\/\" \/>\n<meta property=\"article:published_time\" content=\"2012-07-25T23:41:13+00:00\" \/>\n<meta name=\"author\" content=\"Redacci\u00f3n Aeronoticias\" \/>\n<meta name=\"twitter:card\" content=\"summary_large_image\" \/>\n<meta name=\"twitter:creator\" content=\"@aeronoticias\" \/>\n<meta name=\"twitter:site\" content=\"@aeronoticias\" \/>\n<meta name=\"twitter:label1\" content=\"Escrito por\" \/>\n\t<meta name=\"twitter:data1\" content=\"Redacci\u00f3n Aeronoticias\" \/>\n\t<meta name=\"twitter:label2\" content=\"Tiempo de lectura\" \/>\n\t<meta name=\"twitter:data2\" content=\"1 minuto\" \/>\n<script type=\"application\/ld+json\" class=\"yoast-schema-graph\">{\"@context\":\"https:\/\/schema.org\",\"@graph\":[{\"@type\":\"WebPage\",\"@id\":\"https:\/\/aeronoticias.com.pe\/noticiero\/deportes\/tras-incendio-de-su-auto-ramon-ferreyros-se-salva-de-milagro-en-competencia-en-espana\/\",\"url\":\"https:\/\/aeronoticias.com.pe\/noticiero\/deportes\/tras-incendio-de-su-auto-ramon-ferreyros-se-salva-de-milagro-en-competencia-en-espana\/\",\"name\":\"Tras incendio de su auto Ram\u00f3n Ferreyros se salva de milagro en competencia en Espa\u00f1a\",\"isPartOf\":{\"@id\":\"https:\/\/aeronoticias.com.pe\/noticiero\/#website\"},\"datePublished\":\"2012-07-25T23:41:13+00:00\",\"author\":{\"@id\":\"https:\/\/aeronoticias.com.pe\/noticiero\/#\/schema\/person\/fc1e5d578f4b62ba1cf7ac2bba1170a0\"},\"description\":\"Portal de noticias del Per\u00fa sobre el transporte a\u00e9reo, aviaci\u00f3n, turismo, hoteleria, actualidad.\",\"breadcrumb\":{\"@id\":\"https:\/\/aeronoticias.com.pe\/noticiero\/deportes\/tras-incendio-de-su-auto-ramon-ferreyros-se-salva-de-milagro-en-competencia-en-espana\/#breadcrumb\"},\"inLanguage\":\"es\",\"potentialAction\":[{\"@type\":\"ReadAction\",\"target\":[\"https:\/\/aeronoticias.com.pe\/noticiero\/deportes\/tras-incendio-de-su-auto-ramon-ferreyros-se-salva-de-milagro-en-competencia-en-espana\/\"]}]},{\"@type\":\"BreadcrumbList\",\"@id\":\"https:\/\/aeronoticias.com.pe\/noticiero\/deportes\/tras-incendio-de-su-auto-ramon-ferreyros-se-salva-de-milagro-en-competencia-en-espana\/#breadcrumb\",\"itemListElement\":[{\"@type\":\"ListItem\",\"position\":1,\"name\":\"Portada\",\"item\":\"https:\/\/aeronoticias.com.pe\/noticiero\/\"},{\"@type\":\"ListItem\",\"position\":2,\"name\":\"Tras incendio de su auto Ram\u00f3n Ferreyros se salva de milagro en competencia en Espa\u00f1a\"}]},{\"@type\":\"WebSite\",\"@id\":\"https:\/\/aeronoticias.com.pe\/noticiero\/#website\",\"url\":\"https:\/\/aeronoticias.com.pe\/noticiero\/\",\"name\":\"Aeronoticias.com.pe\",\"description\":\"Noticias de tranporte aereo, turismo, hoteles, gastronomia, actualidad, internacional\",\"potentialAction\":[{\"@type\":\"SearchAction\",\"target\":{\"@type\":\"EntryPoint\",\"urlTemplate\":\"https:\/\/aeronoticias.com.pe\/noticiero\/?s={search_term_string}\"},\"query-input\":{\"@type\":\"PropertyValueSpecification\",\"valueRequired\":true,\"valueName\":\"search_term_string\"}}],\"inLanguage\":\"es\"},{\"@type\":\"Person\",\"@id\":\"https:\/\/aeronoticias.com.pe\/noticiero\/#\/schema\/person\/fc1e5d578f4b62ba1cf7ac2bba1170a0\",\"name\":\"Redacci\u00f3n Aeronoticias\",\"url\":\"https:\/\/aeronoticias.com.pe\/noticiero\/author\/piloto\/\"}]}<\/script>\n<!-- \/ Yoast SEO plugin. -->","yoast_head_json":{"title":"Tras incendio de su auto Ram\u00f3n Ferreyros se salva de milagro en competencia en Espa\u00f1a","description":"Portal de noticias del Per\u00fa sobre el transporte a\u00e9reo, aviaci\u00f3n, turismo, hoteleria, actualidad.","robots":{"index":"index","follow":"follow","max-snippet":"max-snippet:-1","max-image-preview":"max-image-preview:large","max-video-preview":"max-video-preview:-1"},"canonical":"https:\/\/aeronoticias.com.pe\/noticiero\/deportes\/tras-incendio-de-su-auto-ramon-ferreyros-se-salva-de-milagro-en-competencia-en-espana\/","og_locale":"es_ES","og_type":"article","og_title":"Tras incendio de su auto Ram\u00f3n Ferreyros se salva de milagro en competencia en Espa\u00f1a","og_description":"Portal de noticias del Per\u00fa sobre el transporte a\u00e9reo, aviaci\u00f3n, turismo, hoteleria, actualidad.","og_url":"https:\/\/aeronoticias.com.pe\/noticiero\/deportes\/tras-incendio-de-su-auto-ramon-ferreyros-se-salva-de-milagro-en-competencia-en-espana\/","og_site_name":"Aeronoticias.com.pe","article_publisher":"https:\/\/www.facebook.com\/Aeronoticias.com.pe\/","article_published_time":"2012-07-25T23:41:13+00:00","author":"Redacci\u00f3n Aeronoticias","twitter_card":"summary_large_image","twitter_creator":"@aeronoticias","twitter_site":"@aeronoticias","twitter_misc":{"Escrito por":"Redacci\u00f3n Aeronoticias","Tiempo de lectura":"1 minuto"},"schema":{"@context":"https:\/\/schema.org","@graph":[{"@type":"WebPage","@id":"https:\/\/aeronoticias.com.pe\/noticiero\/deportes\/tras-incendio-de-su-auto-ramon-ferreyros-se-salva-de-milagro-en-competencia-en-espana\/","url":"https:\/\/aeronoticias.com.pe\/noticiero\/deportes\/tras-incendio-de-su-auto-ramon-ferreyros-se-salva-de-milagro-en-competencia-en-espana\/","name":"Tras incendio de su auto Ram\u00f3n Ferreyros se salva de milagro en competencia en Espa\u00f1a","isPartOf":{"@id":"https:\/\/aeronoticias.com.pe\/noticiero\/#website"},"datePublished":"2012-07-25T23:41:13+00:00","author":{"@id":"https:\/\/aeronoticias.com.pe\/noticiero\/#\/schema\/person\/fc1e5d578f4b62ba1cf7ac2bba1170a0"},"description":"Portal de noticias del Per\u00fa sobre el transporte a\u00e9reo, aviaci\u00f3n, turismo, hoteleria, actualidad.","breadcrumb":{"@id":"https:\/\/aeronoticias.com.pe\/noticiero\/deportes\/tras-incendio-de-su-auto-ramon-ferreyros-se-salva-de-milagro-en-competencia-en-espana\/#breadcrumb"},"inLanguage":"es","potentialAction":[{"@type":"ReadAction","target":["https:\/\/aeronoticias.com.pe\/noticiero\/deportes\/tras-incendio-de-su-auto-ramon-ferreyros-se-salva-de-milagro-en-competencia-en-espana\/"]}]},{"@type":"BreadcrumbList","@id":"https:\/\/aeronoticias.com.pe\/noticiero\/deportes\/tras-incendio-de-su-auto-ramon-ferreyros-se-salva-de-milagro-en-competencia-en-espana\/#breadcrumb","itemListElement":[{"@type":"ListItem","position":1,"name":"Portada","item":"https:\/\/aeronoticias.com.pe\/noticiero\/"},{"@type":"ListItem","position":2,"name":"Tras incendio de su auto Ram\u00f3n Ferreyros se salva de milagro en competencia en Espa\u00f1a"}]},{"@type":"WebSite","@id":"https:\/\/aeronoticias.com.pe\/noticiero\/#website","url":"https:\/\/aeronoticias.com.pe\/noticiero\/","name":"Aeronoticias.com.pe","description":"Noticias de tranporte aereo, turismo, hoteles, gastronomia, actualidad, internacional","potentialAction":[{"@type":"SearchAction","target":{"@type":"EntryPoint","urlTemplate":"https:\/\/aeronoticias.com.pe\/noticiero\/?s={search_term_string}"},"query-input":{"@type":"PropertyValueSpecification","valueRequired":true,"valueName":"search_term_string"}}],"inLanguage":"es"},{"@type":"Person","@id":"https:\/\/aeronoticias.com.pe\/noticiero\/#\/schema\/person\/fc1e5d578f4b62ba1cf7ac2bba1170a0","name":"Redacci\u00f3n Aeronoticias","url":"https:\/\/aeronoticias.com.pe\/noticiero\/author\/piloto\/"}]}},"_links":{"self":[{"href":"https:\/\/aeronoticias.com.pe\/noticiero\/wp-json\/wp\/v2\/posts\/29002","targetHints":{"allow":["GET"]}}],"collection":[{"href":"https:\/\/aeronoticias.com.pe\/noticiero\/wp-json\/wp\/v2\/posts"}],"about":[{"href":"https:\/\/aeronoticias.com.pe\/noticiero\/wp-json\/wp\/v2\/types\/post"}],"author":[{"embeddable":true,"href":"https:\/\/aeronoticias.com.pe\/noticiero\/wp-json\/wp\/v2\/users\/1"}],"replies":[{"embeddable":true,"href":"https:\/\/aeronoticias.com.pe\/noticiero\/wp-json\/wp\/v2\/comments?post=29002"}],"version-history":[{"count":0,"href":"https:\/\/aeronoticias.com.pe\/noticiero\/wp-json\/wp\/v2\/posts\/29002\/revisions"}],"wp:attachment":[{"href":"https:\/\/aeronoticias.com.pe\/noticiero\/wp-json\/wp\/v2\/media?parent=29002"}],"wp:term":[{"taxonomy":"category","embeddable":true,"href":"https:\/\/aeronoticias.com.pe\/noticiero\/wp-json\/wp\/v2\/categories?post=29002"},{"taxonomy":"post_tag","embeddable":true,"href":"https:\/\/aeronoticias.com.pe\/noticiero\/wp-json\/wp\/v2\/tags?post=29002"}],"curies":[{"name":"wp","href":"https:\/\/api.w.org\/{rel}","templated":true}]}}