{"id":29004,"date":"2012-07-26T01:02:55","date_gmt":"2012-07-26T01:02:55","guid":{"rendered":"http:\/\/desarrollo.mcvicious.com\/aero2020\/2012\/07\/26\/sedena-de-mexico-pide-adquirir-superavion-que-transportaria-a-presidente-y-su-comitiva-al-extranjero\/"},"modified":"2012-07-26T01:02:55","modified_gmt":"2012-07-26T01:02:55","slug":"sedena-de-mexico-pide-adquirir-superavion-que-transportaria-a-presidente-y-su-comitiva-al-extranjero","status":"publish","type":"post","link":"https:\/\/aeronoticias.com.pe\/noticiero\/transporte-aereo\/internacional\/sedena-de-mexico-pide-adquirir-superavion-que-transportaria-a-presidente-y-su-comitiva-al-extranjero\/","title":{"rendered":"SEDENA de M\u00e9xico pide adquirir superavi\u00f3n que transportar\u00eda a presidente y su comitiva al extranjero"},"content":{"rendered":"<p style=\"text-align: justify;\"><strong>(Aeronoticias).-<\/strong> Por segunda  ocasi\u00f3n consecutiva, la Secretar\u00eda de la Defensa Nacional (SEDENA) de  M\u00e9xico, pidi\u00f3 la compra de un avi\u00f3n para transporte   estrat\u00e9gico con capacidad de realizar vuelos de largo alcance o los  denominados   (transatl\u00e1nticos), cuyo costo con gastos de mantenimiento se estima en 9    mil 840 millones 132 mil 481 pesos, a pagar en 22 a\u00f1os bajo un esquema   de arrendamiento<\/p>\n<p style=\"text-align: justify;\">Seg\u00fan la SEDENA, con esta nave se  intenta cubrir las necesidades  del personal militar (incluido el  titular de la dependencia o al propio  Presidente de la Rep\u00fablica)  designado para realizar visitas de trabajo  al extranjero.<\/p>\n<p> La  dependencia federal ya hab\u00eda pedido presupuesto para la  compra, en el  2011,\u00a0 pero en aqu\u00e9l entonces, cuando obtuvo una negativa, el costo   estimado era de 3 mil 682 millones 927 mil 968 pesos, a pagar en un   plazo de dos a\u00f1os.<\/p>\n<p style=\"text-align: justify;\">El primer monto a desembolsar ascend\u00eda a m\u00e1s de 203 millones de pesos,  mientras que el segundo a\u00f1o ser\u00eda de 2 mil 34 millones de pesos. El  costo de mantenimiento estar\u00eda cerca de los mil 649 millones de pesos.<\/p>\n<p> Con la propuesta actual, en 2012 se desembolsar\u00edan 13 millones 792 mil  pesos; 102 millones 477 mil pesos en 2013 y 222 millones 661 mil pesos  en 2014. A partir del cuarto a\u00f1o y hasta 2031, se pagar\u00edan mensualidades  de 465 millones 125 mil 525 pesos, 389 millones 685 mil 225 pesos en  2032 y 60 millones 133 mil 32 pesos en 2033. El mantenimiento durante 25  a\u00f1os representar\u00eda otros mil 170 millones 378 mil 554 pesos.<\/p>\n<p> En un oficio enviado el pasado 5 de julio a la Unidad de Inversi\u00f3n de la  Secretar\u00eda de Hacienda y Cr\u00e9dito para registrar la solicitud, la Sedena cree conveniente la adquisici\u00f3n de la aeronave, \u201cpara realizar  eficientemente sus funciones y satisfacer los requerimientos de  transporte a\u00e9reo de militares de alto rango, as\u00ed como proporcionar este  apoyo a civiles en misiones de cooperaci\u00f3n y coordinaci\u00f3n  internacional\u201d.<\/p>\n<p> La Defensa busca, contar  con una aeronave de transporte de personal capaz de llevar a cabo vuelos de  largo alcance que cumpla con los requerimientos y regulaciones de la  normativa aeron\u00e1utica nacional e internacional, y que sea segura y  eficiente, con tecnolog\u00eda de punta y telefon\u00eda satelital, que puede ser  empleada en forma inmediata y expedita a cualquier hora y bajo  condiciones atmosf\u00e9ricas adversas.<\/p>\n<p> <img decoding=\"async\" src=\"images\/stories\/12\/07\/250712\/superavin.jpg\" border=\"0\" alt=\"avi\u00f3n\" title=\"avi\u00f3n\" \/><\/p>\n","protected":false},"excerpt":{"rendered":"<p>(Aeronoticias).- Por segunda ocasi\u00f3n consecutiva, la Secretar\u00eda de la Defensa Nacional (SEDENA) de M\u00e9xico, pidi\u00f3 la compra de un avi\u00f3n para transporte estrat\u00e9gico con capacidad de realizar vuelos de largo alcance o los denominados (transatl\u00e1nticos), cuyo costo con gastos de mantenimiento se estima en 9 mil 840 millones 132 mil 481 pesos, a pagar en [&hellip;]<\/p>\n","protected":false},"author":1,"featured_media":0,"comment_status":"open","ping_status":"open","sticky":false,"template":"","format":"standard","meta":{"tdm_status":"","tdm_grid_status":"","footnotes":""},"categories":[32],"tags":[],"class_list":{"0":"post-29004","1":"post","2":"type-post","3":"status-publish","4":"format-standard","6":"category-internacional"},"yoast_head":"<!-- This site is optimized with the Yoast SEO plugin v25.1 - https:\/\/yoast.com\/wordpress\/plugins\/seo\/ -->\n<title>SEDENA de M\u00e9xico pide adquirir superavi\u00f3n que transportar\u00eda a presidente y su comitiva al extranjero<\/title>\n<meta name=\"description\" content=\"Portal de noticias del Per\u00fa sobre el transporte a\u00e9reo, aviaci\u00f3n, turismo, hoteleria, actualidad.\" \/>\n<meta name=\"robots\" content=\"index, follow, max-snippet:-1, max-image-preview:large, max-video-preview:-1\" \/>\n<link rel=\"canonical\" href=\"https:\/\/aeronoticias.com.pe\/noticiero\/transporte-aereo\/internacional\/sedena-de-mexico-pide-adquirir-superavion-que-transportaria-a-presidente-y-su-comitiva-al-extranjero\/\" \/>\n<meta property=\"og:locale\" content=\"es_ES\" \/>\n<meta property=\"og:type\" content=\"article\" \/>\n<meta property=\"og:title\" content=\"SEDENA de M\u00e9xico pide adquirir superavi\u00f3n que transportar\u00eda a presidente y su comitiva al extranjero\" \/>\n<meta property=\"og:description\" content=\"Portal de noticias del Per\u00fa sobre el transporte a\u00e9reo, aviaci\u00f3n, turismo, hoteleria, actualidad.\" \/>\n<meta property=\"og:url\" content=\"https:\/\/aeronoticias.com.pe\/noticiero\/transporte-aereo\/internacional\/sedena-de-mexico-pide-adquirir-superavion-que-transportaria-a-presidente-y-su-comitiva-al-extranjero\/\" \/>\n<meta property=\"og:site_name\" content=\"Aeronoticias.com.pe\" \/>\n<meta property=\"article:publisher\" content=\"https:\/\/www.facebook.com\/Aeronoticias.com.pe\/\" \/>\n<meta property=\"article:published_time\" content=\"2012-07-26T01:02:55+00:00\" \/>\n<meta name=\"author\" content=\"Redacci\u00f3n Aeronoticias\" \/>\n<meta name=\"twitter:card\" content=\"summary_large_image\" \/>\n<meta name=\"twitter:creator\" content=\"@aeronoticias\" \/>\n<meta name=\"twitter:site\" content=\"@aeronoticias\" \/>\n<meta name=\"twitter:label1\" content=\"Escrito por\" \/>\n\t<meta name=\"twitter:data1\" content=\"Redacci\u00f3n Aeronoticias\" \/>\n\t<meta name=\"twitter:label2\" content=\"Tiempo de lectura\" \/>\n\t<meta name=\"twitter:data2\" content=\"2 minutos\" \/>\n<script type=\"application\/ld+json\" class=\"yoast-schema-graph\">{\"@context\":\"https:\/\/schema.org\",\"@graph\":[{\"@type\":\"WebPage\",\"@id\":\"https:\/\/aeronoticias.com.pe\/noticiero\/transporte-aereo\/internacional\/sedena-de-mexico-pide-adquirir-superavion-que-transportaria-a-presidente-y-su-comitiva-al-extranjero\/\",\"url\":\"https:\/\/aeronoticias.com.pe\/noticiero\/transporte-aereo\/internacional\/sedena-de-mexico-pide-adquirir-superavion-que-transportaria-a-presidente-y-su-comitiva-al-extranjero\/\",\"name\":\"SEDENA de M\u00e9xico pide adquirir superavi\u00f3n que transportar\u00eda a presidente y su comitiva al extranjero\",\"isPartOf\":{\"@id\":\"https:\/\/aeronoticias.com.pe\/noticiero\/#website\"},\"datePublished\":\"2012-07-26T01:02:55+00:00\",\"author\":{\"@id\":\"https:\/\/aeronoticias.com.pe\/noticiero\/#\/schema\/person\/fc1e5d578f4b62ba1cf7ac2bba1170a0\"},\"description\":\"Portal de noticias del Per\u00fa sobre el transporte a\u00e9reo, aviaci\u00f3n, turismo, hoteleria, actualidad.\",\"breadcrumb\":{\"@id\":\"https:\/\/aeronoticias.com.pe\/noticiero\/transporte-aereo\/internacional\/sedena-de-mexico-pide-adquirir-superavion-que-transportaria-a-presidente-y-su-comitiva-al-extranjero\/#breadcrumb\"},\"inLanguage\":\"es\",\"potentialAction\":[{\"@type\":\"ReadAction\",\"target\":[\"https:\/\/aeronoticias.com.pe\/noticiero\/transporte-aereo\/internacional\/sedena-de-mexico-pide-adquirir-superavion-que-transportaria-a-presidente-y-su-comitiva-al-extranjero\/\"]}]},{\"@type\":\"BreadcrumbList\",\"@id\":\"https:\/\/aeronoticias.com.pe\/noticiero\/transporte-aereo\/internacional\/sedena-de-mexico-pide-adquirir-superavion-que-transportaria-a-presidente-y-su-comitiva-al-extranjero\/#breadcrumb\",\"itemListElement\":[{\"@type\":\"ListItem\",\"position\":1,\"name\":\"Portada\",\"item\":\"https:\/\/aeronoticias.com.pe\/noticiero\/\"},{\"@type\":\"ListItem\",\"position\":2,\"name\":\"SEDENA de M\u00e9xico pide adquirir superavi\u00f3n que transportar\u00eda a presidente y su comitiva al extranjero\"}]},{\"@type\":\"WebSite\",\"@id\":\"https:\/\/aeronoticias.com.pe\/noticiero\/#website\",\"url\":\"https:\/\/aeronoticias.com.pe\/noticiero\/\",\"name\":\"Aeronoticias.com.pe\",\"description\":\"Noticias de tranporte aereo, turismo, hoteles, gastronomia, actualidad, internacional\",\"potentialAction\":[{\"@type\":\"SearchAction\",\"target\":{\"@type\":\"EntryPoint\",\"urlTemplate\":\"https:\/\/aeronoticias.com.pe\/noticiero\/?s={search_term_string}\"},\"query-input\":{\"@type\":\"PropertyValueSpecification\",\"valueRequired\":true,\"valueName\":\"search_term_string\"}}],\"inLanguage\":\"es\"},{\"@type\":\"Person\",\"@id\":\"https:\/\/aeronoticias.com.pe\/noticiero\/#\/schema\/person\/fc1e5d578f4b62ba1cf7ac2bba1170a0\",\"name\":\"Redacci\u00f3n Aeronoticias\",\"url\":\"https:\/\/aeronoticias.com.pe\/noticiero\/author\/piloto\/\"}]}<\/script>\n<!-- \/ Yoast SEO plugin. -->","yoast_head_json":{"title":"SEDENA de M\u00e9xico pide adquirir superavi\u00f3n que transportar\u00eda a presidente y su comitiva al extranjero","description":"Portal de noticias del Per\u00fa sobre el transporte a\u00e9reo, aviaci\u00f3n, turismo, hoteleria, actualidad.","robots":{"index":"index","follow":"follow","max-snippet":"max-snippet:-1","max-image-preview":"max-image-preview:large","max-video-preview":"max-video-preview:-1"},"canonical":"https:\/\/aeronoticias.com.pe\/noticiero\/transporte-aereo\/internacional\/sedena-de-mexico-pide-adquirir-superavion-que-transportaria-a-presidente-y-su-comitiva-al-extranjero\/","og_locale":"es_ES","og_type":"article","og_title":"SEDENA de M\u00e9xico pide adquirir superavi\u00f3n que transportar\u00eda a presidente y su comitiva al extranjero","og_description":"Portal de noticias del Per\u00fa sobre el transporte a\u00e9reo, aviaci\u00f3n, turismo, hoteleria, actualidad.","og_url":"https:\/\/aeronoticias.com.pe\/noticiero\/transporte-aereo\/internacional\/sedena-de-mexico-pide-adquirir-superavion-que-transportaria-a-presidente-y-su-comitiva-al-extranjero\/","og_site_name":"Aeronoticias.com.pe","article_publisher":"https:\/\/www.facebook.com\/Aeronoticias.com.pe\/","article_published_time":"2012-07-26T01:02:55+00:00","author":"Redacci\u00f3n Aeronoticias","twitter_card":"summary_large_image","twitter_creator":"@aeronoticias","twitter_site":"@aeronoticias","twitter_misc":{"Escrito por":"Redacci\u00f3n Aeronoticias","Tiempo de lectura":"2 minutos"},"schema":{"@context":"https:\/\/schema.org","@graph":[{"@type":"WebPage","@id":"https:\/\/aeronoticias.com.pe\/noticiero\/transporte-aereo\/internacional\/sedena-de-mexico-pide-adquirir-superavion-que-transportaria-a-presidente-y-su-comitiva-al-extranjero\/","url":"https:\/\/aeronoticias.com.pe\/noticiero\/transporte-aereo\/internacional\/sedena-de-mexico-pide-adquirir-superavion-que-transportaria-a-presidente-y-su-comitiva-al-extranjero\/","name":"SEDENA de M\u00e9xico pide adquirir superavi\u00f3n que transportar\u00eda a presidente y su comitiva al extranjero","isPartOf":{"@id":"https:\/\/aeronoticias.com.pe\/noticiero\/#website"},"datePublished":"2012-07-26T01:02:55+00:00","author":{"@id":"https:\/\/aeronoticias.com.pe\/noticiero\/#\/schema\/person\/fc1e5d578f4b62ba1cf7ac2bba1170a0"},"description":"Portal de noticias del Per\u00fa sobre el transporte a\u00e9reo, aviaci\u00f3n, turismo, hoteleria, actualidad.","breadcrumb":{"@id":"https:\/\/aeronoticias.com.pe\/noticiero\/transporte-aereo\/internacional\/sedena-de-mexico-pide-adquirir-superavion-que-transportaria-a-presidente-y-su-comitiva-al-extranjero\/#breadcrumb"},"inLanguage":"es","potentialAction":[{"@type":"ReadAction","target":["https:\/\/aeronoticias.com.pe\/noticiero\/transporte-aereo\/internacional\/sedena-de-mexico-pide-adquirir-superavion-que-transportaria-a-presidente-y-su-comitiva-al-extranjero\/"]}]},{"@type":"BreadcrumbList","@id":"https:\/\/aeronoticias.com.pe\/noticiero\/transporte-aereo\/internacional\/sedena-de-mexico-pide-adquirir-superavion-que-transportaria-a-presidente-y-su-comitiva-al-extranjero\/#breadcrumb","itemListElement":[{"@type":"ListItem","position":1,"name":"Portada","item":"https:\/\/aeronoticias.com.pe\/noticiero\/"},{"@type":"ListItem","position":2,"name":"SEDENA de M\u00e9xico pide adquirir superavi\u00f3n que transportar\u00eda a presidente y su comitiva al extranjero"}]},{"@type":"WebSite","@id":"https:\/\/aeronoticias.com.pe\/noticiero\/#website","url":"https:\/\/aeronoticias.com.pe\/noticiero\/","name":"Aeronoticias.com.pe","description":"Noticias de tranporte aereo, turismo, hoteles, gastronomia, actualidad, internacional","potentialAction":[{"@type":"SearchAction","target":{"@type":"EntryPoint","urlTemplate":"https:\/\/aeronoticias.com.pe\/noticiero\/?s={search_term_string}"},"query-input":{"@type":"PropertyValueSpecification","valueRequired":true,"valueName":"search_term_string"}}],"inLanguage":"es"},{"@type":"Person","@id":"https:\/\/aeronoticias.com.pe\/noticiero\/#\/schema\/person\/fc1e5d578f4b62ba1cf7ac2bba1170a0","name":"Redacci\u00f3n Aeronoticias","url":"https:\/\/aeronoticias.com.pe\/noticiero\/author\/piloto\/"}]}},"_links":{"self":[{"href":"https:\/\/aeronoticias.com.pe\/noticiero\/wp-json\/wp\/v2\/posts\/29004","targetHints":{"allow":["GET"]}}],"collection":[{"href":"https:\/\/aeronoticias.com.pe\/noticiero\/wp-json\/wp\/v2\/posts"}],"about":[{"href":"https:\/\/aeronoticias.com.pe\/noticiero\/wp-json\/wp\/v2\/types\/post"}],"author":[{"embeddable":true,"href":"https:\/\/aeronoticias.com.pe\/noticiero\/wp-json\/wp\/v2\/users\/1"}],"replies":[{"embeddable":true,"href":"https:\/\/aeronoticias.com.pe\/noticiero\/wp-json\/wp\/v2\/comments?post=29004"}],"version-history":[{"count":0,"href":"https:\/\/aeronoticias.com.pe\/noticiero\/wp-json\/wp\/v2\/posts\/29004\/revisions"}],"wp:attachment":[{"href":"https:\/\/aeronoticias.com.pe\/noticiero\/wp-json\/wp\/v2\/media?parent=29004"}],"wp:term":[{"taxonomy":"category","embeddable":true,"href":"https:\/\/aeronoticias.com.pe\/noticiero\/wp-json\/wp\/v2\/categories?post=29004"},{"taxonomy":"post_tag","embeddable":true,"href":"https:\/\/aeronoticias.com.pe\/noticiero\/wp-json\/wp\/v2\/tags?post=29004"}],"curies":[{"name":"wp","href":"https:\/\/api.w.org\/{rel}","templated":true}]}}