{"id":29005,"date":"2012-07-26T01:05:36","date_gmt":"2012-07-26T01:05:36","guid":{"rendered":"http:\/\/desarrollo.mcvicious.com\/aero2020\/2012\/07\/26\/presidente-humala-afirma-que-el-estado-no-tiene-animo-de-confrontar\/"},"modified":"2012-07-26T01:05:36","modified_gmt":"2012-07-26T01:05:36","slug":"presidente-humala-afirma-que-el-estado-no-tiene-animo-de-confrontar","status":"publish","type":"post","link":"https:\/\/aeronoticias.com.pe\/noticiero\/politica\/presidente-humala-afirma-que-el-estado-no-tiene-animo-de-confrontar\/","title":{"rendered":"Presidente Humala afirma que el Estado no tiene \u00e1nimo de confrontar"},"content":{"rendered":"<p style=\"text-align: justify;\"><strong>(Aeronoticias).-<\/strong>El presidente de la Rep\u00fablica, Ollanta Humala, al ser consultado por la prensa respecto a c\u00f3mo manejar\u00e1 el nuevo gabinete el conflicto social debido al proyecto antiminero Conga en Cajamarca, afirm\u00f3 que su gobierno no tiene ning\u00fan \u00e1nimo de confrontar con los sectores sociales del Pa\u00eds.<\/p>\n<p style=\"text-align: justify;\">\u00abNo hay ning\u00fan \u00e1nimo del gobierno de confrontar ni utilizar la fuerza, creemos que ese es el \u00faltimo recurso y siempre hemos estado abiertos al di\u00e1logo,\u00bb asegur\u00f3 Humala Tasso.<\/p>\n<p style=\"text-align: justify;\">Explic\u00f3 que una de las carencias del Estado es la falta de institucionalidad, por lo que crey\u00f3 conveniente que la ciudadan\u00eda debe de aprender a resolver los problemas por medio del di\u00e1logo.<\/p>\n<p style=\"text-align: justify;\">\u201cNormalmente,  nos hemos acostumbrado a resolver las cosas a patadas en las calles y  eso no le hace bien a la democracia ni a nadie. Tenemos que aprender\u00a0  los peruanos y peruanas a resolver los problemas canalizando  democr\u00e1ticamente nuestras protestas y convertirlas en propuestas\u201d, reiter\u00f3 el mandatario.<\/p>\n<p style=\"text-align: justify;\">Reafirm\u00f3 que el respeto a la vida es trascendental para su gobierno.<\/p>\n<p style=\"text-align: justify;\"><img decoding=\"async\" src=\"images\/stories\/12\/07\/250712\/gabinetejimnez.jpg\" border=\"0\" alt=\"di\u00e1logo\" title=\"di\u00e1logo\" \/><\/p>\n<p style=\"text-align: justify;\"><strong><\/strong><\/p>\n","protected":false},"excerpt":{"rendered":"<p>(Aeronoticias).-El presidente de la Rep\u00fablica, Ollanta Humala, al ser consultado por la prensa respecto a c\u00f3mo manejar\u00e1 el nuevo gabinete el conflicto social debido al proyecto antiminero Conga en Cajamarca, afirm\u00f3 que su gobierno no tiene ning\u00fan \u00e1nimo de confrontar con los sectores sociales del Pa\u00eds. \u00abNo hay ning\u00fan \u00e1nimo del gobierno de confrontar ni [&hellip;]<\/p>\n","protected":false},"author":1,"featured_media":0,"comment_status":"open","ping_status":"open","sticky":false,"template":"","format":"standard","meta":{"tdm_status":"","tdm_grid_status":"","footnotes":""},"categories":[36],"tags":[],"class_list":{"0":"post-29005","1":"post","2":"type-post","3":"status-publish","4":"format-standard","6":"category-politica"},"yoast_head":"<!-- This site is optimized with the Yoast SEO plugin v25.1 - https:\/\/yoast.com\/wordpress\/plugins\/seo\/ -->\n<title>Presidente Humala afirma que el Estado no tiene \u00e1nimo de confrontar<\/title>\n<meta name=\"description\" content=\"Portal de noticias del Per\u00fa sobre el transporte a\u00e9reo, aviaci\u00f3n, turismo, hoteleria, actualidad.\" \/>\n<meta name=\"robots\" content=\"index, follow, max-snippet:-1, max-image-preview:large, max-video-preview:-1\" \/>\n<link rel=\"canonical\" href=\"https:\/\/aeronoticias.com.pe\/noticiero\/politica\/presidente-humala-afirma-que-el-estado-no-tiene-animo-de-confrontar\/\" \/>\n<meta property=\"og:locale\" content=\"es_ES\" \/>\n<meta property=\"og:type\" content=\"article\" \/>\n<meta property=\"og:title\" content=\"Presidente Humala afirma que el Estado no tiene \u00e1nimo de confrontar\" \/>\n<meta property=\"og:description\" content=\"Portal de noticias del Per\u00fa sobre el transporte a\u00e9reo, aviaci\u00f3n, turismo, hoteleria, actualidad.\" \/>\n<meta property=\"og:url\" content=\"https:\/\/aeronoticias.com.pe\/noticiero\/politica\/presidente-humala-afirma-que-el-estado-no-tiene-animo-de-confrontar\/\" \/>\n<meta property=\"og:site_name\" content=\"Aeronoticias.com.pe\" \/>\n<meta property=\"article:publisher\" content=\"https:\/\/www.facebook.com\/Aeronoticias.com.pe\/\" \/>\n<meta property=\"article:published_time\" content=\"2012-07-26T01:05:36+00:00\" \/>\n<meta name=\"author\" content=\"Redacci\u00f3n Aeronoticias\" \/>\n<meta name=\"twitter:card\" content=\"summary_large_image\" \/>\n<meta name=\"twitter:creator\" content=\"@aeronoticias\" \/>\n<meta name=\"twitter:site\" content=\"@aeronoticias\" \/>\n<meta name=\"twitter:label1\" content=\"Escrito por\" \/>\n\t<meta name=\"twitter:data1\" content=\"Redacci\u00f3n Aeronoticias\" \/>\n\t<meta name=\"twitter:label2\" content=\"Tiempo de lectura\" \/>\n\t<meta name=\"twitter:data2\" content=\"1 minuto\" \/>\n<script type=\"application\/ld+json\" class=\"yoast-schema-graph\">{\"@context\":\"https:\/\/schema.org\",\"@graph\":[{\"@type\":\"WebPage\",\"@id\":\"https:\/\/aeronoticias.com.pe\/noticiero\/politica\/presidente-humala-afirma-que-el-estado-no-tiene-animo-de-confrontar\/\",\"url\":\"https:\/\/aeronoticias.com.pe\/noticiero\/politica\/presidente-humala-afirma-que-el-estado-no-tiene-animo-de-confrontar\/\",\"name\":\"Presidente Humala afirma que el Estado no tiene \u00e1nimo de confrontar\",\"isPartOf\":{\"@id\":\"https:\/\/aeronoticias.com.pe\/noticiero\/#website\"},\"datePublished\":\"2012-07-26T01:05:36+00:00\",\"author\":{\"@id\":\"https:\/\/aeronoticias.com.pe\/noticiero\/#\/schema\/person\/fc1e5d578f4b62ba1cf7ac2bba1170a0\"},\"description\":\"Portal de noticias del Per\u00fa sobre el transporte a\u00e9reo, aviaci\u00f3n, turismo, hoteleria, actualidad.\",\"breadcrumb\":{\"@id\":\"https:\/\/aeronoticias.com.pe\/noticiero\/politica\/presidente-humala-afirma-que-el-estado-no-tiene-animo-de-confrontar\/#breadcrumb\"},\"inLanguage\":\"es\",\"potentialAction\":[{\"@type\":\"ReadAction\",\"target\":[\"https:\/\/aeronoticias.com.pe\/noticiero\/politica\/presidente-humala-afirma-que-el-estado-no-tiene-animo-de-confrontar\/\"]}]},{\"@type\":\"BreadcrumbList\",\"@id\":\"https:\/\/aeronoticias.com.pe\/noticiero\/politica\/presidente-humala-afirma-que-el-estado-no-tiene-animo-de-confrontar\/#breadcrumb\",\"itemListElement\":[{\"@type\":\"ListItem\",\"position\":1,\"name\":\"Portada\",\"item\":\"https:\/\/aeronoticias.com.pe\/noticiero\/\"},{\"@type\":\"ListItem\",\"position\":2,\"name\":\"Presidente Humala afirma que el Estado no tiene \u00e1nimo de confrontar\"}]},{\"@type\":\"WebSite\",\"@id\":\"https:\/\/aeronoticias.com.pe\/noticiero\/#website\",\"url\":\"https:\/\/aeronoticias.com.pe\/noticiero\/\",\"name\":\"Aeronoticias.com.pe\",\"description\":\"Noticias de tranporte aereo, turismo, hoteles, gastronomia, actualidad, internacional\",\"potentialAction\":[{\"@type\":\"SearchAction\",\"target\":{\"@type\":\"EntryPoint\",\"urlTemplate\":\"https:\/\/aeronoticias.com.pe\/noticiero\/?s={search_term_string}\"},\"query-input\":{\"@type\":\"PropertyValueSpecification\",\"valueRequired\":true,\"valueName\":\"search_term_string\"}}],\"inLanguage\":\"es\"},{\"@type\":\"Person\",\"@id\":\"https:\/\/aeronoticias.com.pe\/noticiero\/#\/schema\/person\/fc1e5d578f4b62ba1cf7ac2bba1170a0\",\"name\":\"Redacci\u00f3n Aeronoticias\",\"url\":\"https:\/\/aeronoticias.com.pe\/noticiero\/author\/piloto\/\"}]}<\/script>\n<!-- \/ Yoast SEO plugin. -->","yoast_head_json":{"title":"Presidente Humala afirma que el Estado no tiene \u00e1nimo de confrontar","description":"Portal de noticias del Per\u00fa sobre el transporte a\u00e9reo, aviaci\u00f3n, turismo, hoteleria, actualidad.","robots":{"index":"index","follow":"follow","max-snippet":"max-snippet:-1","max-image-preview":"max-image-preview:large","max-video-preview":"max-video-preview:-1"},"canonical":"https:\/\/aeronoticias.com.pe\/noticiero\/politica\/presidente-humala-afirma-que-el-estado-no-tiene-animo-de-confrontar\/","og_locale":"es_ES","og_type":"article","og_title":"Presidente Humala afirma que el Estado no tiene \u00e1nimo de confrontar","og_description":"Portal de noticias del Per\u00fa sobre el transporte a\u00e9reo, aviaci\u00f3n, turismo, hoteleria, actualidad.","og_url":"https:\/\/aeronoticias.com.pe\/noticiero\/politica\/presidente-humala-afirma-que-el-estado-no-tiene-animo-de-confrontar\/","og_site_name":"Aeronoticias.com.pe","article_publisher":"https:\/\/www.facebook.com\/Aeronoticias.com.pe\/","article_published_time":"2012-07-26T01:05:36+00:00","author":"Redacci\u00f3n Aeronoticias","twitter_card":"summary_large_image","twitter_creator":"@aeronoticias","twitter_site":"@aeronoticias","twitter_misc":{"Escrito por":"Redacci\u00f3n Aeronoticias","Tiempo de lectura":"1 minuto"},"schema":{"@context":"https:\/\/schema.org","@graph":[{"@type":"WebPage","@id":"https:\/\/aeronoticias.com.pe\/noticiero\/politica\/presidente-humala-afirma-que-el-estado-no-tiene-animo-de-confrontar\/","url":"https:\/\/aeronoticias.com.pe\/noticiero\/politica\/presidente-humala-afirma-que-el-estado-no-tiene-animo-de-confrontar\/","name":"Presidente Humala afirma que el Estado no tiene \u00e1nimo de confrontar","isPartOf":{"@id":"https:\/\/aeronoticias.com.pe\/noticiero\/#website"},"datePublished":"2012-07-26T01:05:36+00:00","author":{"@id":"https:\/\/aeronoticias.com.pe\/noticiero\/#\/schema\/person\/fc1e5d578f4b62ba1cf7ac2bba1170a0"},"description":"Portal de noticias del Per\u00fa sobre el transporte a\u00e9reo, aviaci\u00f3n, turismo, hoteleria, actualidad.","breadcrumb":{"@id":"https:\/\/aeronoticias.com.pe\/noticiero\/politica\/presidente-humala-afirma-que-el-estado-no-tiene-animo-de-confrontar\/#breadcrumb"},"inLanguage":"es","potentialAction":[{"@type":"ReadAction","target":["https:\/\/aeronoticias.com.pe\/noticiero\/politica\/presidente-humala-afirma-que-el-estado-no-tiene-animo-de-confrontar\/"]}]},{"@type":"BreadcrumbList","@id":"https:\/\/aeronoticias.com.pe\/noticiero\/politica\/presidente-humala-afirma-que-el-estado-no-tiene-animo-de-confrontar\/#breadcrumb","itemListElement":[{"@type":"ListItem","position":1,"name":"Portada","item":"https:\/\/aeronoticias.com.pe\/noticiero\/"},{"@type":"ListItem","position":2,"name":"Presidente Humala afirma que el Estado no tiene \u00e1nimo de confrontar"}]},{"@type":"WebSite","@id":"https:\/\/aeronoticias.com.pe\/noticiero\/#website","url":"https:\/\/aeronoticias.com.pe\/noticiero\/","name":"Aeronoticias.com.pe","description":"Noticias de tranporte aereo, turismo, hoteles, gastronomia, actualidad, internacional","potentialAction":[{"@type":"SearchAction","target":{"@type":"EntryPoint","urlTemplate":"https:\/\/aeronoticias.com.pe\/noticiero\/?s={search_term_string}"},"query-input":{"@type":"PropertyValueSpecification","valueRequired":true,"valueName":"search_term_string"}}],"inLanguage":"es"},{"@type":"Person","@id":"https:\/\/aeronoticias.com.pe\/noticiero\/#\/schema\/person\/fc1e5d578f4b62ba1cf7ac2bba1170a0","name":"Redacci\u00f3n Aeronoticias","url":"https:\/\/aeronoticias.com.pe\/noticiero\/author\/piloto\/"}]}},"_links":{"self":[{"href":"https:\/\/aeronoticias.com.pe\/noticiero\/wp-json\/wp\/v2\/posts\/29005","targetHints":{"allow":["GET"]}}],"collection":[{"href":"https:\/\/aeronoticias.com.pe\/noticiero\/wp-json\/wp\/v2\/posts"}],"about":[{"href":"https:\/\/aeronoticias.com.pe\/noticiero\/wp-json\/wp\/v2\/types\/post"}],"author":[{"embeddable":true,"href":"https:\/\/aeronoticias.com.pe\/noticiero\/wp-json\/wp\/v2\/users\/1"}],"replies":[{"embeddable":true,"href":"https:\/\/aeronoticias.com.pe\/noticiero\/wp-json\/wp\/v2\/comments?post=29005"}],"version-history":[{"count":0,"href":"https:\/\/aeronoticias.com.pe\/noticiero\/wp-json\/wp\/v2\/posts\/29005\/revisions"}],"wp:attachment":[{"href":"https:\/\/aeronoticias.com.pe\/noticiero\/wp-json\/wp\/v2\/media?parent=29005"}],"wp:term":[{"taxonomy":"category","embeddable":true,"href":"https:\/\/aeronoticias.com.pe\/noticiero\/wp-json\/wp\/v2\/categories?post=29005"},{"taxonomy":"post_tag","embeddable":true,"href":"https:\/\/aeronoticias.com.pe\/noticiero\/wp-json\/wp\/v2\/tags?post=29005"}],"curies":[{"name":"wp","href":"https:\/\/api.w.org\/{rel}","templated":true}]}}