{"id":29006,"date":"2012-07-26T03:18:25","date_gmt":"2012-07-26T03:18:25","guid":{"rendered":"http:\/\/desarrollo.mcvicious.com\/aero2020\/2012\/07\/26\/con-documental-sobre-trujillo-en-festival-de-cannes-buscan-incentivar-turismo-a-esa-ciudad\/"},"modified":"2012-07-26T03:18:25","modified_gmt":"2012-07-26T03:18:25","slug":"con-documental-sobre-trujillo-en-festival-de-cannes-buscan-incentivar-turismo-a-esa-ciudad","status":"publish","type":"post","link":"https:\/\/aeronoticias.com.pe\/noticiero\/turismo\/13\/con-documental-sobre-trujillo-en-festival-de-cannes-buscan-incentivar-turismo-a-esa-ciudad\/","title":{"rendered":"Con documental sobre Trujillo en Festival de Cannes buscan incentivar turismo a esa ciudad"},"content":{"rendered":"<p style=\"text-align: justify;\"><strong>(Aeronoticias).-<\/strong>Un documental sobre Trujillo, denominado la tierra de los dioses Mochica y Chim\u00fa, se estrenar\u00e1 a nivel mundial en el Festival de Cannes 2013, as\u00ed lo dio a conocer su realizador Santiago Vitteri. Este  documental, muestra la historia y atractivos de esta bella y c\u00e1lida ciudad norte\u00f1a,  ser\u00e1 exhibido, en otros 40 festivales internacionales de cine  documental con el firme objetivo de difundir las diversas riquezas gastron\u00f3micas,  arqueol\u00f3gicas y naturales que caracterizan y distinguen a Trujillo.<\/p>\n<p>\u00a0<\/p>\n<p style=\"text-align: justify;\">\u00a0<\/p>\n<p style=\"text-align: justify;\">\u201cLa idea es mostrar al mundo una  faceta distinta de los peruanos; es decir, resaltar nuestro pasado sin  dejar de lado la modernidad que alcanzamos como sociedad\u201d, asegur\u00f3 Vitteri.<\/p>\n<p style=\"text-align: justify;\">Cabe se\u00f1alar que el rodaje de este importante documental comenzar\u00e1  en setiembre y tendr\u00e1 una duraci\u00f3n de entre 25 y 50 minutos.\u00a0 Se  mostrar\u00e1 monumentos arqueol\u00f3gicos como la huaca de la Luna y la  ciudadela de Chan Chan, adem\u00e1s de sus bellas playas y otros parajes  trujillanos. Tambi\u00e9n, incentivar\u00e1 al turismo externo para que turistas extranjeros visiten la  llamada \u2018capital de la eterna primavera\u2019, atra\u00eddos por sus platos  t\u00edpicos como la sopa te\u00f3loga, el cabrito norte\u00f1o, el ceviche entre  otros.<\/p>\n<p style=\"text-align: justify;\">La producci\u00f3n contar\u00e1 con un presupuesto de  US$ 168.000 y ser\u00e1 rodada en ingl\u00e9s dado que el p\u00fablico objetivo ser\u00e1\u00a0  Norteam\u00e9rica, Europa y Asia. Vitteri resalt\u00f3 adem\u00e1s que los ministerios  de Comercio Exterior y Turismo, Relaciones Exteriores y Cultura se han  comprometido a gestionar la difusi\u00f3n del v\u00eddeo en los aeropuertos m\u00e1s  importantes del mundo.<\/p>\n<p style=\"text-align: justify;\"><img decoding=\"async\" src=\"images\/stories\/12\/07\/250712\/trujillo.jpg\" border=\"0\" alt=\"turismo\" title=\"turismo\" \/><\/p>\n","protected":false},"excerpt":{"rendered":"<p>(Aeronoticias).-Un documental sobre Trujillo, denominado la tierra de los dioses Mochica y Chim\u00fa, se estrenar\u00e1 a nivel mundial en el Festival de Cannes 2013, as\u00ed lo dio a conocer su realizador Santiago Vitteri. Este documental, muestra la historia y atractivos de esta bella y c\u00e1lida ciudad norte\u00f1a, ser\u00e1 exhibido, en otros 40 festivales internacionales de [&hellip;]<\/p>\n","protected":false},"author":1,"featured_media":0,"comment_status":"open","ping_status":"open","sticky":false,"template":"","format":"standard","meta":{"tdm_status":"","tdm_grid_status":"","footnotes":""},"categories":[31],"tags":[],"class_list":{"0":"post-29006","1":"post","2":"type-post","3":"status-publish","4":"format-standard","6":"category-31"},"yoast_head":"<!-- This site is optimized with the Yoast SEO plugin v25.1 - https:\/\/yoast.com\/wordpress\/plugins\/seo\/ -->\n<title>Con documental sobre Trujillo en Festival de Cannes buscan incentivar turismo a esa ciudad<\/title>\n<meta name=\"description\" content=\"Portal de noticias del Per\u00fa sobre el transporte a\u00e9reo, aviaci\u00f3n, turismo, hoteleria, actualidad.\" \/>\n<meta name=\"robots\" content=\"index, follow, max-snippet:-1, max-image-preview:large, max-video-preview:-1\" \/>\n<link rel=\"canonical\" href=\"https:\/\/aeronoticias.com.pe\/noticiero\/turismo\/13\/con-documental-sobre-trujillo-en-festival-de-cannes-buscan-incentivar-turismo-a-esa-ciudad\/\" \/>\n<meta property=\"og:locale\" content=\"es_ES\" \/>\n<meta property=\"og:type\" content=\"article\" \/>\n<meta property=\"og:title\" content=\"Con documental sobre Trujillo en Festival de Cannes buscan incentivar turismo a esa ciudad\" \/>\n<meta property=\"og:description\" content=\"Portal de noticias del Per\u00fa sobre el transporte a\u00e9reo, aviaci\u00f3n, turismo, hoteleria, actualidad.\" \/>\n<meta property=\"og:url\" content=\"https:\/\/aeronoticias.com.pe\/noticiero\/turismo\/13\/con-documental-sobre-trujillo-en-festival-de-cannes-buscan-incentivar-turismo-a-esa-ciudad\/\" \/>\n<meta property=\"og:site_name\" content=\"Aeronoticias.com.pe\" \/>\n<meta property=\"article:publisher\" content=\"https:\/\/www.facebook.com\/Aeronoticias.com.pe\/\" \/>\n<meta property=\"article:published_time\" content=\"2012-07-26T03:18:25+00:00\" \/>\n<meta name=\"author\" content=\"Redacci\u00f3n Aeronoticias\" \/>\n<meta name=\"twitter:card\" content=\"summary_large_image\" \/>\n<meta name=\"twitter:creator\" content=\"@aeronoticias\" \/>\n<meta name=\"twitter:site\" content=\"@aeronoticias\" \/>\n<meta name=\"twitter:label1\" content=\"Escrito por\" \/>\n\t<meta name=\"twitter:data1\" content=\"Redacci\u00f3n Aeronoticias\" \/>\n\t<meta name=\"twitter:label2\" content=\"Tiempo de lectura\" \/>\n\t<meta name=\"twitter:data2\" content=\"1 minuto\" \/>\n<script type=\"application\/ld+json\" class=\"yoast-schema-graph\">{\"@context\":\"https:\/\/schema.org\",\"@graph\":[{\"@type\":\"WebPage\",\"@id\":\"https:\/\/aeronoticias.com.pe\/noticiero\/turismo\/13\/con-documental-sobre-trujillo-en-festival-de-cannes-buscan-incentivar-turismo-a-esa-ciudad\/\",\"url\":\"https:\/\/aeronoticias.com.pe\/noticiero\/turismo\/13\/con-documental-sobre-trujillo-en-festival-de-cannes-buscan-incentivar-turismo-a-esa-ciudad\/\",\"name\":\"Con documental sobre Trujillo en Festival de Cannes buscan incentivar turismo a esa ciudad\",\"isPartOf\":{\"@id\":\"https:\/\/aeronoticias.com.pe\/noticiero\/#website\"},\"datePublished\":\"2012-07-26T03:18:25+00:00\",\"author\":{\"@id\":\"https:\/\/aeronoticias.com.pe\/noticiero\/#\/schema\/person\/fc1e5d578f4b62ba1cf7ac2bba1170a0\"},\"description\":\"Portal de noticias del Per\u00fa sobre el transporte a\u00e9reo, aviaci\u00f3n, turismo, hoteleria, actualidad.\",\"breadcrumb\":{\"@id\":\"https:\/\/aeronoticias.com.pe\/noticiero\/turismo\/13\/con-documental-sobre-trujillo-en-festival-de-cannes-buscan-incentivar-turismo-a-esa-ciudad\/#breadcrumb\"},\"inLanguage\":\"es\",\"potentialAction\":[{\"@type\":\"ReadAction\",\"target\":[\"https:\/\/aeronoticias.com.pe\/noticiero\/turismo\/13\/con-documental-sobre-trujillo-en-festival-de-cannes-buscan-incentivar-turismo-a-esa-ciudad\/\"]}]},{\"@type\":\"BreadcrumbList\",\"@id\":\"https:\/\/aeronoticias.com.pe\/noticiero\/turismo\/13\/con-documental-sobre-trujillo-en-festival-de-cannes-buscan-incentivar-turismo-a-esa-ciudad\/#breadcrumb\",\"itemListElement\":[{\"@type\":\"ListItem\",\"position\":1,\"name\":\"Portada\",\"item\":\"https:\/\/aeronoticias.com.pe\/noticiero\/\"},{\"@type\":\"ListItem\",\"position\":2,\"name\":\"Con documental sobre Trujillo en Festival de Cannes buscan incentivar turismo a esa ciudad\"}]},{\"@type\":\"WebSite\",\"@id\":\"https:\/\/aeronoticias.com.pe\/noticiero\/#website\",\"url\":\"https:\/\/aeronoticias.com.pe\/noticiero\/\",\"name\":\"Aeronoticias.com.pe\",\"description\":\"Noticias de tranporte aereo, turismo, hoteles, gastronomia, actualidad, internacional\",\"potentialAction\":[{\"@type\":\"SearchAction\",\"target\":{\"@type\":\"EntryPoint\",\"urlTemplate\":\"https:\/\/aeronoticias.com.pe\/noticiero\/?s={search_term_string}\"},\"query-input\":{\"@type\":\"PropertyValueSpecification\",\"valueRequired\":true,\"valueName\":\"search_term_string\"}}],\"inLanguage\":\"es\"},{\"@type\":\"Person\",\"@id\":\"https:\/\/aeronoticias.com.pe\/noticiero\/#\/schema\/person\/fc1e5d578f4b62ba1cf7ac2bba1170a0\",\"name\":\"Redacci\u00f3n Aeronoticias\",\"url\":\"https:\/\/aeronoticias.com.pe\/noticiero\/author\/piloto\/\"}]}<\/script>\n<!-- \/ Yoast SEO plugin. -->","yoast_head_json":{"title":"Con documental sobre Trujillo en Festival de Cannes buscan incentivar turismo a esa ciudad","description":"Portal de noticias del Per\u00fa sobre el transporte a\u00e9reo, aviaci\u00f3n, turismo, hoteleria, actualidad.","robots":{"index":"index","follow":"follow","max-snippet":"max-snippet:-1","max-image-preview":"max-image-preview:large","max-video-preview":"max-video-preview:-1"},"canonical":"https:\/\/aeronoticias.com.pe\/noticiero\/turismo\/13\/con-documental-sobre-trujillo-en-festival-de-cannes-buscan-incentivar-turismo-a-esa-ciudad\/","og_locale":"es_ES","og_type":"article","og_title":"Con documental sobre Trujillo en Festival de Cannes buscan incentivar turismo a esa ciudad","og_description":"Portal de noticias del Per\u00fa sobre el transporte a\u00e9reo, aviaci\u00f3n, turismo, hoteleria, actualidad.","og_url":"https:\/\/aeronoticias.com.pe\/noticiero\/turismo\/13\/con-documental-sobre-trujillo-en-festival-de-cannes-buscan-incentivar-turismo-a-esa-ciudad\/","og_site_name":"Aeronoticias.com.pe","article_publisher":"https:\/\/www.facebook.com\/Aeronoticias.com.pe\/","article_published_time":"2012-07-26T03:18:25+00:00","author":"Redacci\u00f3n Aeronoticias","twitter_card":"summary_large_image","twitter_creator":"@aeronoticias","twitter_site":"@aeronoticias","twitter_misc":{"Escrito por":"Redacci\u00f3n Aeronoticias","Tiempo de lectura":"1 minuto"},"schema":{"@context":"https:\/\/schema.org","@graph":[{"@type":"WebPage","@id":"https:\/\/aeronoticias.com.pe\/noticiero\/turismo\/13\/con-documental-sobre-trujillo-en-festival-de-cannes-buscan-incentivar-turismo-a-esa-ciudad\/","url":"https:\/\/aeronoticias.com.pe\/noticiero\/turismo\/13\/con-documental-sobre-trujillo-en-festival-de-cannes-buscan-incentivar-turismo-a-esa-ciudad\/","name":"Con documental sobre Trujillo en Festival de Cannes buscan incentivar turismo a esa ciudad","isPartOf":{"@id":"https:\/\/aeronoticias.com.pe\/noticiero\/#website"},"datePublished":"2012-07-26T03:18:25+00:00","author":{"@id":"https:\/\/aeronoticias.com.pe\/noticiero\/#\/schema\/person\/fc1e5d578f4b62ba1cf7ac2bba1170a0"},"description":"Portal de noticias del Per\u00fa sobre el transporte a\u00e9reo, aviaci\u00f3n, turismo, hoteleria, actualidad.","breadcrumb":{"@id":"https:\/\/aeronoticias.com.pe\/noticiero\/turismo\/13\/con-documental-sobre-trujillo-en-festival-de-cannes-buscan-incentivar-turismo-a-esa-ciudad\/#breadcrumb"},"inLanguage":"es","potentialAction":[{"@type":"ReadAction","target":["https:\/\/aeronoticias.com.pe\/noticiero\/turismo\/13\/con-documental-sobre-trujillo-en-festival-de-cannes-buscan-incentivar-turismo-a-esa-ciudad\/"]}]},{"@type":"BreadcrumbList","@id":"https:\/\/aeronoticias.com.pe\/noticiero\/turismo\/13\/con-documental-sobre-trujillo-en-festival-de-cannes-buscan-incentivar-turismo-a-esa-ciudad\/#breadcrumb","itemListElement":[{"@type":"ListItem","position":1,"name":"Portada","item":"https:\/\/aeronoticias.com.pe\/noticiero\/"},{"@type":"ListItem","position":2,"name":"Con documental sobre Trujillo en Festival de Cannes buscan incentivar turismo a esa ciudad"}]},{"@type":"WebSite","@id":"https:\/\/aeronoticias.com.pe\/noticiero\/#website","url":"https:\/\/aeronoticias.com.pe\/noticiero\/","name":"Aeronoticias.com.pe","description":"Noticias de tranporte aereo, turismo, hoteles, gastronomia, actualidad, internacional","potentialAction":[{"@type":"SearchAction","target":{"@type":"EntryPoint","urlTemplate":"https:\/\/aeronoticias.com.pe\/noticiero\/?s={search_term_string}"},"query-input":{"@type":"PropertyValueSpecification","valueRequired":true,"valueName":"search_term_string"}}],"inLanguage":"es"},{"@type":"Person","@id":"https:\/\/aeronoticias.com.pe\/noticiero\/#\/schema\/person\/fc1e5d578f4b62ba1cf7ac2bba1170a0","name":"Redacci\u00f3n Aeronoticias","url":"https:\/\/aeronoticias.com.pe\/noticiero\/author\/piloto\/"}]}},"_links":{"self":[{"href":"https:\/\/aeronoticias.com.pe\/noticiero\/wp-json\/wp\/v2\/posts\/29006","targetHints":{"allow":["GET"]}}],"collection":[{"href":"https:\/\/aeronoticias.com.pe\/noticiero\/wp-json\/wp\/v2\/posts"}],"about":[{"href":"https:\/\/aeronoticias.com.pe\/noticiero\/wp-json\/wp\/v2\/types\/post"}],"author":[{"embeddable":true,"href":"https:\/\/aeronoticias.com.pe\/noticiero\/wp-json\/wp\/v2\/users\/1"}],"replies":[{"embeddable":true,"href":"https:\/\/aeronoticias.com.pe\/noticiero\/wp-json\/wp\/v2\/comments?post=29006"}],"version-history":[{"count":0,"href":"https:\/\/aeronoticias.com.pe\/noticiero\/wp-json\/wp\/v2\/posts\/29006\/revisions"}],"wp:attachment":[{"href":"https:\/\/aeronoticias.com.pe\/noticiero\/wp-json\/wp\/v2\/media?parent=29006"}],"wp:term":[{"taxonomy":"category","embeddable":true,"href":"https:\/\/aeronoticias.com.pe\/noticiero\/wp-json\/wp\/v2\/categories?post=29006"},{"taxonomy":"post_tag","embeddable":true,"href":"https:\/\/aeronoticias.com.pe\/noticiero\/wp-json\/wp\/v2\/tags?post=29006"}],"curies":[{"name":"wp","href":"https:\/\/api.w.org\/{rel}","templated":true}]}}