{"id":29008,"date":"2012-07-26T10:47:20","date_gmt":"2012-07-26T10:47:20","guid":{"rendered":"http:\/\/desarrollo.mcvicious.com\/aero2020\/2012\/07\/26\/llamado-a-la-concordia-es-respaldado-por-gobierno-chileno\/"},"modified":"2012-07-26T10:47:20","modified_gmt":"2012-07-26T10:47:20","slug":"llamado-a-la-concordia-es-respaldado-por-gobierno-chileno","status":"publish","type":"post","link":"https:\/\/aeronoticias.com.pe\/noticiero\/internacionales\/llamado-a-la-concordia-es-respaldado-por-gobierno-chileno\/","title":{"rendered":"Llamado a la Concordia es respaldado por Gobierno Chileno"},"content":{"rendered":"<p style=\"text-align: justify;\"><strong>(Aeronoticias).-<\/strong>El manifiesto presentado ayer mi\u00e9rcoles por los escritores, Mario Vargas Llosa y Jorge Edwards para fomentar la concordia y el buen \u00e1nimo entre Chile y Per\u00fa, que como todos sabemos mantienen un litigio fronterizo ante la Corte Internacional de La Haya, fue respaldado por el Gobierno chileno.<\/p>\n<p>\u00abEste  tipo de acciones van originando un clima muy positivo\u00bb, afirm\u00f3 a los  periodistas el ministro de Relaciones Exteriores chileno, Alfredo  Moreno.<\/p>\n<p>El canciller Moreno indic\u00f3 que le parece una iniciativa positiva, de personas que tienen una gran autoridad moral, \u00aby que pone la relaci\u00f3n entre las dos naciones en el pie que corresponde, que es mirar en el largo plazo\u00bb.<\/p>\n<p style=\"text-align: justify;\">Cabe precisar que el \u00abLlamado a la  Concordia\u00bb, que Vargas Llosa y Edwards presentaron este mi\u00e9rcoles en  Madrid, es un manifiesto firmado por treinta personalidades peruanas y  chilenas de la sociedad civil para apoyar una salida \u00absin hostilidad\u00bb al  problema de fronteras que mantienen los dos pa\u00edses latinoamericanos.<\/p>\n<p style=\"text-align: justify;\">El  canciller chileno asegur\u00f3 que el objetivo de la iniciativa coincide  \u00abplenamente con el pensamiento que tiene el Gobierno de Chile de que las  relaciones entre Chile y Per\u00fa tienen un futuro muy auspicioso, m\u00e1s all\u00e1  del fallo de La Haya\u00bb.<\/p>\n<p style=\"text-align: justify;\">Per\u00fa demand\u00f3 a Chile en 2008 con el  argumento de que la frontera mar\u00edtima con su vecino del sur no est\u00e1  delimitada por ning\u00fan tratado, lo que Chile refuta sobre la base de dos  convenios, firmados en los a\u00f1os 50, que Lima considera solo acuerdos  pesqueros.<\/p>\n<p style=\"text-align: justify;\">En diciembre pr\u00f3ximo se llevar\u00e1 a cabo la fase oral del  litigio y se estima que el alto tribunal emita un fallo durante el  primer semestre de 2013.<\/p>\n<p style=\"text-align: justify;\">Reiter\u00f3 el llamado a mantener y fortalecer las relaciones bilaterales m\u00e1s all\u00e1 del litigio mar\u00edtimo.<\/p>\n<p style=\"text-align: justify;\">Tambi\u00e9n respald\u00f3 la iniciativa del ministro  de Defensa, Andr\u00e9s Allamand, quien asegur\u00f3 que cualquier proyecto que  ayude a \u00abprofundizar a\u00fan m\u00e1s la amistad chileno-peruana\u00bb ser\u00e1  \u00abbienvenido\u00bb.<\/p>\n<p style=\"text-align: justify;\"><img decoding=\"async\" src=\"images\/stories\/12\/07\/250712\/cancillerchileno.jpg\" border=\"0\" alt=\"concordia\" title=\"concordia\" \/><\/p>\n<p style=\"text-align: justify;\"><strong> <\/strong><\/p>\n","protected":false},"excerpt":{"rendered":"<p>(Aeronoticias).-El manifiesto presentado ayer mi\u00e9rcoles por los escritores, Mario Vargas Llosa y Jorge Edwards para fomentar la concordia y el buen \u00e1nimo entre Chile y Per\u00fa, que como todos sabemos mantienen un litigio fronterizo ante la Corte Internacional de La Haya, fue respaldado por el Gobierno chileno. \u00abEste tipo de acciones van originando un clima [&hellip;]<\/p>\n","protected":false},"author":1,"featured_media":0,"comment_status":"open","ping_status":"open","sticky":false,"template":"","format":"standard","meta":{"tdm_status":"","tdm_grid_status":"","footnotes":""},"categories":[34],"tags":[],"class_list":{"0":"post-29008","1":"post","2":"type-post","3":"status-publish","4":"format-standard","6":"category-internacionales"},"yoast_head":"<!-- This site is optimized with the Yoast SEO plugin v25.1 - https:\/\/yoast.com\/wordpress\/plugins\/seo\/ -->\n<title>Llamado a la Concordia es respaldado por Gobierno Chileno<\/title>\n<meta name=\"description\" content=\"Portal de noticias del Per\u00fa sobre el transporte a\u00e9reo, aviaci\u00f3n, turismo, hoteleria, actualidad.\" \/>\n<meta name=\"robots\" content=\"index, follow, max-snippet:-1, max-image-preview:large, max-video-preview:-1\" \/>\n<link rel=\"canonical\" href=\"https:\/\/aeronoticias.com.pe\/noticiero\/internacionales\/llamado-a-la-concordia-es-respaldado-por-gobierno-chileno\/\" \/>\n<meta property=\"og:locale\" content=\"es_ES\" \/>\n<meta property=\"og:type\" content=\"article\" \/>\n<meta property=\"og:title\" content=\"Llamado a la Concordia es respaldado por Gobierno Chileno\" \/>\n<meta property=\"og:description\" content=\"Portal de noticias del Per\u00fa sobre el transporte a\u00e9reo, aviaci\u00f3n, turismo, hoteleria, actualidad.\" \/>\n<meta property=\"og:url\" content=\"https:\/\/aeronoticias.com.pe\/noticiero\/internacionales\/llamado-a-la-concordia-es-respaldado-por-gobierno-chileno\/\" \/>\n<meta property=\"og:site_name\" content=\"Aeronoticias.com.pe\" \/>\n<meta property=\"article:publisher\" content=\"https:\/\/www.facebook.com\/Aeronoticias.com.pe\/\" \/>\n<meta property=\"article:published_time\" content=\"2012-07-26T10:47:20+00:00\" \/>\n<meta name=\"author\" content=\"Redacci\u00f3n Aeronoticias\" \/>\n<meta name=\"twitter:card\" content=\"summary_large_image\" \/>\n<meta name=\"twitter:creator\" content=\"@aeronoticias\" \/>\n<meta name=\"twitter:site\" content=\"@aeronoticias\" \/>\n<meta name=\"twitter:label1\" content=\"Escrito por\" \/>\n\t<meta name=\"twitter:data1\" content=\"Redacci\u00f3n Aeronoticias\" \/>\n\t<meta name=\"twitter:label2\" content=\"Tiempo de lectura\" \/>\n\t<meta name=\"twitter:data2\" content=\"2 minutos\" \/>\n<script type=\"application\/ld+json\" class=\"yoast-schema-graph\">{\"@context\":\"https:\/\/schema.org\",\"@graph\":[{\"@type\":\"WebPage\",\"@id\":\"https:\/\/aeronoticias.com.pe\/noticiero\/internacionales\/llamado-a-la-concordia-es-respaldado-por-gobierno-chileno\/\",\"url\":\"https:\/\/aeronoticias.com.pe\/noticiero\/internacionales\/llamado-a-la-concordia-es-respaldado-por-gobierno-chileno\/\",\"name\":\"Llamado a la Concordia es respaldado por Gobierno Chileno\",\"isPartOf\":{\"@id\":\"https:\/\/aeronoticias.com.pe\/noticiero\/#website\"},\"datePublished\":\"2012-07-26T10:47:20+00:00\",\"author\":{\"@id\":\"https:\/\/aeronoticias.com.pe\/noticiero\/#\/schema\/person\/fc1e5d578f4b62ba1cf7ac2bba1170a0\"},\"description\":\"Portal de noticias del Per\u00fa sobre el transporte a\u00e9reo, aviaci\u00f3n, turismo, hoteleria, actualidad.\",\"breadcrumb\":{\"@id\":\"https:\/\/aeronoticias.com.pe\/noticiero\/internacionales\/llamado-a-la-concordia-es-respaldado-por-gobierno-chileno\/#breadcrumb\"},\"inLanguage\":\"es\",\"potentialAction\":[{\"@type\":\"ReadAction\",\"target\":[\"https:\/\/aeronoticias.com.pe\/noticiero\/internacionales\/llamado-a-la-concordia-es-respaldado-por-gobierno-chileno\/\"]}]},{\"@type\":\"BreadcrumbList\",\"@id\":\"https:\/\/aeronoticias.com.pe\/noticiero\/internacionales\/llamado-a-la-concordia-es-respaldado-por-gobierno-chileno\/#breadcrumb\",\"itemListElement\":[{\"@type\":\"ListItem\",\"position\":1,\"name\":\"Portada\",\"item\":\"https:\/\/aeronoticias.com.pe\/noticiero\/\"},{\"@type\":\"ListItem\",\"position\":2,\"name\":\"Llamado a la Concordia es respaldado por Gobierno Chileno\"}]},{\"@type\":\"WebSite\",\"@id\":\"https:\/\/aeronoticias.com.pe\/noticiero\/#website\",\"url\":\"https:\/\/aeronoticias.com.pe\/noticiero\/\",\"name\":\"Aeronoticias.com.pe\",\"description\":\"Noticias de tranporte aereo, turismo, hoteles, gastronomia, actualidad, internacional\",\"potentialAction\":[{\"@type\":\"SearchAction\",\"target\":{\"@type\":\"EntryPoint\",\"urlTemplate\":\"https:\/\/aeronoticias.com.pe\/noticiero\/?s={search_term_string}\"},\"query-input\":{\"@type\":\"PropertyValueSpecification\",\"valueRequired\":true,\"valueName\":\"search_term_string\"}}],\"inLanguage\":\"es\"},{\"@type\":\"Person\",\"@id\":\"https:\/\/aeronoticias.com.pe\/noticiero\/#\/schema\/person\/fc1e5d578f4b62ba1cf7ac2bba1170a0\",\"name\":\"Redacci\u00f3n Aeronoticias\",\"url\":\"https:\/\/aeronoticias.com.pe\/noticiero\/author\/piloto\/\"}]}<\/script>\n<!-- \/ Yoast SEO plugin. -->","yoast_head_json":{"title":"Llamado a la Concordia es respaldado por Gobierno Chileno","description":"Portal de noticias del Per\u00fa sobre el transporte a\u00e9reo, aviaci\u00f3n, turismo, hoteleria, actualidad.","robots":{"index":"index","follow":"follow","max-snippet":"max-snippet:-1","max-image-preview":"max-image-preview:large","max-video-preview":"max-video-preview:-1"},"canonical":"https:\/\/aeronoticias.com.pe\/noticiero\/internacionales\/llamado-a-la-concordia-es-respaldado-por-gobierno-chileno\/","og_locale":"es_ES","og_type":"article","og_title":"Llamado a la Concordia es respaldado por Gobierno Chileno","og_description":"Portal de noticias del Per\u00fa sobre el transporte a\u00e9reo, aviaci\u00f3n, turismo, hoteleria, actualidad.","og_url":"https:\/\/aeronoticias.com.pe\/noticiero\/internacionales\/llamado-a-la-concordia-es-respaldado-por-gobierno-chileno\/","og_site_name":"Aeronoticias.com.pe","article_publisher":"https:\/\/www.facebook.com\/Aeronoticias.com.pe\/","article_published_time":"2012-07-26T10:47:20+00:00","author":"Redacci\u00f3n Aeronoticias","twitter_card":"summary_large_image","twitter_creator":"@aeronoticias","twitter_site":"@aeronoticias","twitter_misc":{"Escrito por":"Redacci\u00f3n Aeronoticias","Tiempo de lectura":"2 minutos"},"schema":{"@context":"https:\/\/schema.org","@graph":[{"@type":"WebPage","@id":"https:\/\/aeronoticias.com.pe\/noticiero\/internacionales\/llamado-a-la-concordia-es-respaldado-por-gobierno-chileno\/","url":"https:\/\/aeronoticias.com.pe\/noticiero\/internacionales\/llamado-a-la-concordia-es-respaldado-por-gobierno-chileno\/","name":"Llamado a la Concordia es respaldado por Gobierno Chileno","isPartOf":{"@id":"https:\/\/aeronoticias.com.pe\/noticiero\/#website"},"datePublished":"2012-07-26T10:47:20+00:00","author":{"@id":"https:\/\/aeronoticias.com.pe\/noticiero\/#\/schema\/person\/fc1e5d578f4b62ba1cf7ac2bba1170a0"},"description":"Portal de noticias del Per\u00fa sobre el transporte a\u00e9reo, aviaci\u00f3n, turismo, hoteleria, actualidad.","breadcrumb":{"@id":"https:\/\/aeronoticias.com.pe\/noticiero\/internacionales\/llamado-a-la-concordia-es-respaldado-por-gobierno-chileno\/#breadcrumb"},"inLanguage":"es","potentialAction":[{"@type":"ReadAction","target":["https:\/\/aeronoticias.com.pe\/noticiero\/internacionales\/llamado-a-la-concordia-es-respaldado-por-gobierno-chileno\/"]}]},{"@type":"BreadcrumbList","@id":"https:\/\/aeronoticias.com.pe\/noticiero\/internacionales\/llamado-a-la-concordia-es-respaldado-por-gobierno-chileno\/#breadcrumb","itemListElement":[{"@type":"ListItem","position":1,"name":"Portada","item":"https:\/\/aeronoticias.com.pe\/noticiero\/"},{"@type":"ListItem","position":2,"name":"Llamado a la Concordia es respaldado por Gobierno Chileno"}]},{"@type":"WebSite","@id":"https:\/\/aeronoticias.com.pe\/noticiero\/#website","url":"https:\/\/aeronoticias.com.pe\/noticiero\/","name":"Aeronoticias.com.pe","description":"Noticias de tranporte aereo, turismo, hoteles, gastronomia, actualidad, internacional","potentialAction":[{"@type":"SearchAction","target":{"@type":"EntryPoint","urlTemplate":"https:\/\/aeronoticias.com.pe\/noticiero\/?s={search_term_string}"},"query-input":{"@type":"PropertyValueSpecification","valueRequired":true,"valueName":"search_term_string"}}],"inLanguage":"es"},{"@type":"Person","@id":"https:\/\/aeronoticias.com.pe\/noticiero\/#\/schema\/person\/fc1e5d578f4b62ba1cf7ac2bba1170a0","name":"Redacci\u00f3n Aeronoticias","url":"https:\/\/aeronoticias.com.pe\/noticiero\/author\/piloto\/"}]}},"_links":{"self":[{"href":"https:\/\/aeronoticias.com.pe\/noticiero\/wp-json\/wp\/v2\/posts\/29008","targetHints":{"allow":["GET"]}}],"collection":[{"href":"https:\/\/aeronoticias.com.pe\/noticiero\/wp-json\/wp\/v2\/posts"}],"about":[{"href":"https:\/\/aeronoticias.com.pe\/noticiero\/wp-json\/wp\/v2\/types\/post"}],"author":[{"embeddable":true,"href":"https:\/\/aeronoticias.com.pe\/noticiero\/wp-json\/wp\/v2\/users\/1"}],"replies":[{"embeddable":true,"href":"https:\/\/aeronoticias.com.pe\/noticiero\/wp-json\/wp\/v2\/comments?post=29008"}],"version-history":[{"count":0,"href":"https:\/\/aeronoticias.com.pe\/noticiero\/wp-json\/wp\/v2\/posts\/29008\/revisions"}],"wp:attachment":[{"href":"https:\/\/aeronoticias.com.pe\/noticiero\/wp-json\/wp\/v2\/media?parent=29008"}],"wp:term":[{"taxonomy":"category","embeddable":true,"href":"https:\/\/aeronoticias.com.pe\/noticiero\/wp-json\/wp\/v2\/categories?post=29008"},{"taxonomy":"post_tag","embeddable":true,"href":"https:\/\/aeronoticias.com.pe\/noticiero\/wp-json\/wp\/v2\/tags?post=29008"}],"curies":[{"name":"wp","href":"https:\/\/api.w.org\/{rel}","templated":true}]}}