{"id":29009,"date":"2012-07-26T12:02:19","date_gmt":"2012-07-26T12:02:19","guid":{"rendered":"http:\/\/desarrollo.mcvicious.com\/aero2020\/2012\/07\/26\/movilizan-un-caza-por-avion-que-violo-espacio-aereo-en-londres\/"},"modified":"2012-07-26T12:02:19","modified_gmt":"2012-07-26T12:02:19","slug":"movilizan-un-caza-por-avion-que-violo-espacio-aereo-en-londres","status":"publish","type":"post","link":"https:\/\/aeronoticias.com.pe\/noticiero\/internacionales\/movilizan-un-caza-por-avion-que-violo-espacio-aereo-en-londres\/","title":{"rendered":"Movilizan un caza por avi\u00f3n que viol\u00f3 espacio a\u00e9reo en Londres"},"content":{"rendered":"<p style=\"text-align: justify;\"><strong>(Aeronoticias).-<\/strong> Las autoridades brit\u00e1nicas movilizaron el mi\u00e9rcoles un caza de combate tras la intrusi\u00f3n de un avi\u00f3n de l\u00ednea en el espacio a\u00e9reo del sitio ol\u00edmpico de Londres-2012, indic\u00f3 el ministerio de Defensa.<\/p>\n<p style=\"text-align: justify;\">El avi\u00f3n de combate de la Royal Air Force, un Eurofighter, despeg\u00f3 a las 11H30 locales luego de que los controladores a\u00e9reos perdiesen contacto con un aparato comercial.<\/p>\n<p>  <!--more-->  <\/p>\n<p style=\"text-align: justify;\">Sin embargo, el contacto fue r\u00e1pidamente restablecido y el Eurofighter regres\u00f3 a su base.<\/p>\n<p style=\"text-align: justify;\">\u00abNo fue necesaria ninguna acci\u00f3n complementaria\u00bb, precis\u00f3 el ministerio de Defensa brit\u00e1nico.<\/p>\n<p style=\"text-align: justify;\">El Reino Unido ha desplegado en ocasi\u00f3n de los Juegos Ol\u00edmpicos su dispositivo de seguridad m\u00e1s importante en tiempos de paz, con 40.000 hombres en total, adem\u00e1s de la fuerza \u00e1rea, la marina y bater\u00edas de misiles tierra-aire instalados en puntos estrat\u00e9gicos de Londres.<\/p>\n<p style=\"text-align: justify;\">AFP<\/p>\n<p><img decoding=\"async\" src=\"images\/stories\/12\/07\/f18.jpg\" border=\"0\" alt=\"Movilizan un caza por avi\u00f3n que viol\u00f3 espacio a\u00e9reo en Londres\" title=\"Movilizan un caza por avi\u00f3n que viol\u00f3 espacio a\u00e9reo en Londres\" \/><\/p>\n<p><\/p>\n","protected":false},"excerpt":{"rendered":"<p>(Aeronoticias).- Las autoridades brit\u00e1nicas movilizaron el mi\u00e9rcoles un caza de combate tras la intrusi\u00f3n de un avi\u00f3n de l\u00ednea en el espacio a\u00e9reo del sitio ol\u00edmpico de Londres-2012, indic\u00f3 el ministerio de Defensa. El avi\u00f3n de combate de la Royal Air Force, un Eurofighter, despeg\u00f3 a las 11H30 locales luego de que los controladores a\u00e9reos [&hellip;]<\/p>\n","protected":false},"author":1,"featured_media":0,"comment_status":"open","ping_status":"open","sticky":false,"template":"","format":"standard","meta":{"tdm_status":"","tdm_grid_status":"","footnotes":""},"categories":[34],"tags":[],"class_list":{"0":"post-29009","1":"post","2":"type-post","3":"status-publish","4":"format-standard","6":"category-internacionales"},"yoast_head":"<!-- This site is optimized with the Yoast SEO plugin v25.1 - https:\/\/yoast.com\/wordpress\/plugins\/seo\/ -->\n<title>Movilizan un caza por avi\u00f3n que viol\u00f3 espacio a\u00e9reo en Londres<\/title>\n<meta name=\"description\" content=\"Portal de noticias del Per\u00fa sobre el transporte a\u00e9reo, aviaci\u00f3n, turismo, hoteleria, actualidad.\" \/>\n<meta name=\"robots\" content=\"index, follow, max-snippet:-1, max-image-preview:large, max-video-preview:-1\" \/>\n<link rel=\"canonical\" href=\"https:\/\/aeronoticias.com.pe\/noticiero\/internacionales\/movilizan-un-caza-por-avion-que-violo-espacio-aereo-en-londres\/\" \/>\n<meta property=\"og:locale\" content=\"es_ES\" \/>\n<meta property=\"og:type\" content=\"article\" \/>\n<meta property=\"og:title\" content=\"Movilizan un caza por avi\u00f3n que viol\u00f3 espacio a\u00e9reo en Londres\" \/>\n<meta property=\"og:description\" content=\"Portal de noticias del Per\u00fa sobre el transporte a\u00e9reo, aviaci\u00f3n, turismo, hoteleria, actualidad.\" \/>\n<meta property=\"og:url\" content=\"https:\/\/aeronoticias.com.pe\/noticiero\/internacionales\/movilizan-un-caza-por-avion-que-violo-espacio-aereo-en-londres\/\" \/>\n<meta property=\"og:site_name\" content=\"Aeronoticias.com.pe\" \/>\n<meta property=\"article:publisher\" content=\"https:\/\/www.facebook.com\/Aeronoticias.com.pe\/\" \/>\n<meta property=\"article:published_time\" content=\"2012-07-26T12:02:19+00:00\" \/>\n<meta name=\"author\" content=\"Redacci\u00f3n Aeronoticias\" \/>\n<meta name=\"twitter:card\" content=\"summary_large_image\" \/>\n<meta name=\"twitter:creator\" content=\"@aeronoticias\" \/>\n<meta name=\"twitter:site\" content=\"@aeronoticias\" \/>\n<meta name=\"twitter:label1\" content=\"Escrito por\" \/>\n\t<meta name=\"twitter:data1\" content=\"Redacci\u00f3n Aeronoticias\" \/>\n\t<meta name=\"twitter:label2\" content=\"Tiempo de lectura\" \/>\n\t<meta name=\"twitter:data2\" content=\"1 minuto\" \/>\n<script type=\"application\/ld+json\" class=\"yoast-schema-graph\">{\"@context\":\"https:\/\/schema.org\",\"@graph\":[{\"@type\":\"WebPage\",\"@id\":\"https:\/\/aeronoticias.com.pe\/noticiero\/internacionales\/movilizan-un-caza-por-avion-que-violo-espacio-aereo-en-londres\/\",\"url\":\"https:\/\/aeronoticias.com.pe\/noticiero\/internacionales\/movilizan-un-caza-por-avion-que-violo-espacio-aereo-en-londres\/\",\"name\":\"Movilizan un caza por avi\u00f3n que viol\u00f3 espacio a\u00e9reo en Londres\",\"isPartOf\":{\"@id\":\"https:\/\/aeronoticias.com.pe\/noticiero\/#website\"},\"datePublished\":\"2012-07-26T12:02:19+00:00\",\"author\":{\"@id\":\"https:\/\/aeronoticias.com.pe\/noticiero\/#\/schema\/person\/fc1e5d578f4b62ba1cf7ac2bba1170a0\"},\"description\":\"Portal de noticias del Per\u00fa sobre el transporte a\u00e9reo, aviaci\u00f3n, turismo, hoteleria, actualidad.\",\"breadcrumb\":{\"@id\":\"https:\/\/aeronoticias.com.pe\/noticiero\/internacionales\/movilizan-un-caza-por-avion-que-violo-espacio-aereo-en-londres\/#breadcrumb\"},\"inLanguage\":\"es\",\"potentialAction\":[{\"@type\":\"ReadAction\",\"target\":[\"https:\/\/aeronoticias.com.pe\/noticiero\/internacionales\/movilizan-un-caza-por-avion-que-violo-espacio-aereo-en-londres\/\"]}]},{\"@type\":\"BreadcrumbList\",\"@id\":\"https:\/\/aeronoticias.com.pe\/noticiero\/internacionales\/movilizan-un-caza-por-avion-que-violo-espacio-aereo-en-londres\/#breadcrumb\",\"itemListElement\":[{\"@type\":\"ListItem\",\"position\":1,\"name\":\"Portada\",\"item\":\"https:\/\/aeronoticias.com.pe\/noticiero\/\"},{\"@type\":\"ListItem\",\"position\":2,\"name\":\"Movilizan un caza por avi\u00f3n que viol\u00f3 espacio a\u00e9reo en Londres\"}]},{\"@type\":\"WebSite\",\"@id\":\"https:\/\/aeronoticias.com.pe\/noticiero\/#website\",\"url\":\"https:\/\/aeronoticias.com.pe\/noticiero\/\",\"name\":\"Aeronoticias.com.pe\",\"description\":\"Noticias de tranporte aereo, turismo, hoteles, gastronomia, actualidad, internacional\",\"potentialAction\":[{\"@type\":\"SearchAction\",\"target\":{\"@type\":\"EntryPoint\",\"urlTemplate\":\"https:\/\/aeronoticias.com.pe\/noticiero\/?s={search_term_string}\"},\"query-input\":{\"@type\":\"PropertyValueSpecification\",\"valueRequired\":true,\"valueName\":\"search_term_string\"}}],\"inLanguage\":\"es\"},{\"@type\":\"Person\",\"@id\":\"https:\/\/aeronoticias.com.pe\/noticiero\/#\/schema\/person\/fc1e5d578f4b62ba1cf7ac2bba1170a0\",\"name\":\"Redacci\u00f3n Aeronoticias\",\"url\":\"https:\/\/aeronoticias.com.pe\/noticiero\/author\/piloto\/\"}]}<\/script>\n<!-- \/ Yoast SEO plugin. -->","yoast_head_json":{"title":"Movilizan un caza por avi\u00f3n que viol\u00f3 espacio a\u00e9reo en Londres","description":"Portal de noticias del Per\u00fa sobre el transporte a\u00e9reo, aviaci\u00f3n, turismo, hoteleria, actualidad.","robots":{"index":"index","follow":"follow","max-snippet":"max-snippet:-1","max-image-preview":"max-image-preview:large","max-video-preview":"max-video-preview:-1"},"canonical":"https:\/\/aeronoticias.com.pe\/noticiero\/internacionales\/movilizan-un-caza-por-avion-que-violo-espacio-aereo-en-londres\/","og_locale":"es_ES","og_type":"article","og_title":"Movilizan un caza por avi\u00f3n que viol\u00f3 espacio a\u00e9reo en Londres","og_description":"Portal de noticias del Per\u00fa sobre el transporte a\u00e9reo, aviaci\u00f3n, turismo, hoteleria, actualidad.","og_url":"https:\/\/aeronoticias.com.pe\/noticiero\/internacionales\/movilizan-un-caza-por-avion-que-violo-espacio-aereo-en-londres\/","og_site_name":"Aeronoticias.com.pe","article_publisher":"https:\/\/www.facebook.com\/Aeronoticias.com.pe\/","article_published_time":"2012-07-26T12:02:19+00:00","author":"Redacci\u00f3n Aeronoticias","twitter_card":"summary_large_image","twitter_creator":"@aeronoticias","twitter_site":"@aeronoticias","twitter_misc":{"Escrito por":"Redacci\u00f3n Aeronoticias","Tiempo de lectura":"1 minuto"},"schema":{"@context":"https:\/\/schema.org","@graph":[{"@type":"WebPage","@id":"https:\/\/aeronoticias.com.pe\/noticiero\/internacionales\/movilizan-un-caza-por-avion-que-violo-espacio-aereo-en-londres\/","url":"https:\/\/aeronoticias.com.pe\/noticiero\/internacionales\/movilizan-un-caza-por-avion-que-violo-espacio-aereo-en-londres\/","name":"Movilizan un caza por avi\u00f3n que viol\u00f3 espacio a\u00e9reo en Londres","isPartOf":{"@id":"https:\/\/aeronoticias.com.pe\/noticiero\/#website"},"datePublished":"2012-07-26T12:02:19+00:00","author":{"@id":"https:\/\/aeronoticias.com.pe\/noticiero\/#\/schema\/person\/fc1e5d578f4b62ba1cf7ac2bba1170a0"},"description":"Portal de noticias del Per\u00fa sobre el transporte a\u00e9reo, aviaci\u00f3n, turismo, hoteleria, actualidad.","breadcrumb":{"@id":"https:\/\/aeronoticias.com.pe\/noticiero\/internacionales\/movilizan-un-caza-por-avion-que-violo-espacio-aereo-en-londres\/#breadcrumb"},"inLanguage":"es","potentialAction":[{"@type":"ReadAction","target":["https:\/\/aeronoticias.com.pe\/noticiero\/internacionales\/movilizan-un-caza-por-avion-que-violo-espacio-aereo-en-londres\/"]}]},{"@type":"BreadcrumbList","@id":"https:\/\/aeronoticias.com.pe\/noticiero\/internacionales\/movilizan-un-caza-por-avion-que-violo-espacio-aereo-en-londres\/#breadcrumb","itemListElement":[{"@type":"ListItem","position":1,"name":"Portada","item":"https:\/\/aeronoticias.com.pe\/noticiero\/"},{"@type":"ListItem","position":2,"name":"Movilizan un caza por avi\u00f3n que viol\u00f3 espacio a\u00e9reo en Londres"}]},{"@type":"WebSite","@id":"https:\/\/aeronoticias.com.pe\/noticiero\/#website","url":"https:\/\/aeronoticias.com.pe\/noticiero\/","name":"Aeronoticias.com.pe","description":"Noticias de tranporte aereo, turismo, hoteles, gastronomia, actualidad, internacional","potentialAction":[{"@type":"SearchAction","target":{"@type":"EntryPoint","urlTemplate":"https:\/\/aeronoticias.com.pe\/noticiero\/?s={search_term_string}"},"query-input":{"@type":"PropertyValueSpecification","valueRequired":true,"valueName":"search_term_string"}}],"inLanguage":"es"},{"@type":"Person","@id":"https:\/\/aeronoticias.com.pe\/noticiero\/#\/schema\/person\/fc1e5d578f4b62ba1cf7ac2bba1170a0","name":"Redacci\u00f3n Aeronoticias","url":"https:\/\/aeronoticias.com.pe\/noticiero\/author\/piloto\/"}]}},"_links":{"self":[{"href":"https:\/\/aeronoticias.com.pe\/noticiero\/wp-json\/wp\/v2\/posts\/29009","targetHints":{"allow":["GET"]}}],"collection":[{"href":"https:\/\/aeronoticias.com.pe\/noticiero\/wp-json\/wp\/v2\/posts"}],"about":[{"href":"https:\/\/aeronoticias.com.pe\/noticiero\/wp-json\/wp\/v2\/types\/post"}],"author":[{"embeddable":true,"href":"https:\/\/aeronoticias.com.pe\/noticiero\/wp-json\/wp\/v2\/users\/1"}],"replies":[{"embeddable":true,"href":"https:\/\/aeronoticias.com.pe\/noticiero\/wp-json\/wp\/v2\/comments?post=29009"}],"version-history":[{"count":0,"href":"https:\/\/aeronoticias.com.pe\/noticiero\/wp-json\/wp\/v2\/posts\/29009\/revisions"}],"wp:attachment":[{"href":"https:\/\/aeronoticias.com.pe\/noticiero\/wp-json\/wp\/v2\/media?parent=29009"}],"wp:term":[{"taxonomy":"category","embeddable":true,"href":"https:\/\/aeronoticias.com.pe\/noticiero\/wp-json\/wp\/v2\/categories?post=29009"},{"taxonomy":"post_tag","embeddable":true,"href":"https:\/\/aeronoticias.com.pe\/noticiero\/wp-json\/wp\/v2\/tags?post=29009"}],"curies":[{"name":"wp","href":"https:\/\/api.w.org\/{rel}","templated":true}]}}