{"id":29202,"date":"2012-08-01T17:39:12","date_gmt":"2012-08-01T17:39:12","guid":{"rendered":"http:\/\/desarrollo.mcvicious.com\/aero2020\/2012\/08\/01\/segundo-simulacro-nacional-de-sismo-este-15-de-agosto-sera-nocturno\/"},"modified":"2012-08-01T17:39:12","modified_gmt":"2012-08-01T17:39:12","slug":"segundo-simulacro-nacional-de-sismo-este-15-de-agosto-sera-nocturno","status":"publish","type":"post","link":"https:\/\/aeronoticias.com.pe\/noticiero\/nacionales\/segundo-simulacro-nacional-de-sismo-este-15-de-agosto-sera-nocturno\/","title":{"rendered":"Segundo Simulacro Nacional de Sismo este 15 de agosto ser\u00e1 nocturno"},"content":{"rendered":"<p style=\"text-align: justify; \"><strong>(Aeronoticias).-<\/strong> El Instituto Nacional de Defensa Civil (Indeci) inform\u00f3 que el Segundo Simulacro Nacional de Sismo y Tsunami se realizar\u00e1 este 15 de agosto a las 9:00 p.m. y recrear\u00e1 un movimiento tel\u00farico de ocho grados.<\/p>\n<p style=\"text-align: justify; \">Alberto Bisbal, director de Prevenci\u00f3n del Indeci, detall\u00f3 que este nuevo ensayo se iniciar\u00e1 de manera simult\u00e1nea en todas las regiones del Per\u00fa, por lo que se espera una masiva participaci\u00f3n de la poblaci\u00f3n.<\/p>\n<p>  <!--more-->  <\/p>\n<p style=\"text-align: justify; \">\u201cQueremos recordar a los peruanos que el 15 de agosto del a\u00f1o 2007 ocurri\u00f3 un terremoto en la ciudad de Pisco, el cual dej\u00f3 muchos heridos y fallecidos. Por ello, es importante este ensayo de prevenci\u00f3n sea en la noche\u201d, explic\u00f3.<\/p>\n<p style=\"text-align: justify; \">En esta nueva pr\u00e1ctica, las personas que residen cerca al mar deber\u00e1n dejar sus viviendas y buscar edificios altos previamente se\u00f1alizados por Defensa Civil, debido a que se simular\u00e1 un tsunami de gran magnitud.<\/p>\n<p style=\"text-align: justify; \">Bisbal se\u00f1al\u00f3 que Indeci est\u00e1 coordinando con los representantes de los gobiernos regionales y locales, con el fin de que estos difundan entre la comunidad la importancia del simulacro.<\/p>\n<p><img decoding=\"async\" src=\"images\/stories\/12\/simulacro.jpg\" border=\"0\" alt=\"Segundo Simulacro Nacional de Sismo este 15 de agosto ser\u00e1 nocturno\" title=\"Segundo Simulacro Nacional de Sismo este 15 de agosto ser\u00e1 nocturno\" \/><\/p>\n<p><\/p>\n","protected":false},"excerpt":{"rendered":"<p>(Aeronoticias).- El Instituto Nacional de Defensa Civil (Indeci) inform\u00f3 que el Segundo Simulacro Nacional de Sismo y Tsunami se realizar\u00e1 este 15 de agosto a las 9:00 p.m. y recrear\u00e1 un movimiento tel\u00farico de ocho grados. Alberto Bisbal, director de Prevenci\u00f3n del Indeci, detall\u00f3 que este nuevo ensayo se iniciar\u00e1 de manera simult\u00e1nea en todas [&hellip;]<\/p>\n","protected":false},"author":1,"featured_media":0,"comment_status":"open","ping_status":"open","sticky":false,"template":"","format":"standard","meta":{"tdm_status":"","tdm_grid_status":"","footnotes":""},"categories":[38],"tags":[],"class_list":{"0":"post-29202","1":"post","2":"type-post","3":"status-publish","4":"format-standard","6":"category-nacionales"},"yoast_head":"<!-- This site is optimized with the Yoast SEO plugin v25.1 - https:\/\/yoast.com\/wordpress\/plugins\/seo\/ -->\n<title>Segundo Simulacro Nacional de Sismo este 15 de agosto ser\u00e1 nocturno<\/title>\n<meta name=\"description\" content=\"Portal de noticias del Per\u00fa sobre el transporte a\u00e9reo, aviaci\u00f3n, turismo, hoteleria, actualidad.\" \/>\n<meta name=\"robots\" content=\"index, follow, max-snippet:-1, max-image-preview:large, max-video-preview:-1\" \/>\n<link rel=\"canonical\" href=\"https:\/\/aeronoticias.com.pe\/noticiero\/nacionales\/segundo-simulacro-nacional-de-sismo-este-15-de-agosto-sera-nocturno\/\" \/>\n<meta property=\"og:locale\" content=\"es_ES\" \/>\n<meta property=\"og:type\" content=\"article\" \/>\n<meta property=\"og:title\" content=\"Segundo Simulacro Nacional de Sismo este 15 de agosto ser\u00e1 nocturno\" \/>\n<meta property=\"og:description\" content=\"Portal de noticias del Per\u00fa sobre el transporte a\u00e9reo, aviaci\u00f3n, turismo, hoteleria, actualidad.\" \/>\n<meta property=\"og:url\" content=\"https:\/\/aeronoticias.com.pe\/noticiero\/nacionales\/segundo-simulacro-nacional-de-sismo-este-15-de-agosto-sera-nocturno\/\" \/>\n<meta property=\"og:site_name\" content=\"Aeronoticias.com.pe\" \/>\n<meta property=\"article:publisher\" content=\"https:\/\/www.facebook.com\/Aeronoticias.com.pe\/\" \/>\n<meta property=\"article:published_time\" content=\"2012-08-01T17:39:12+00:00\" \/>\n<meta name=\"author\" content=\"Redacci\u00f3n Aeronoticias\" \/>\n<meta name=\"twitter:card\" content=\"summary_large_image\" \/>\n<meta name=\"twitter:creator\" content=\"@aeronoticias\" \/>\n<meta name=\"twitter:site\" content=\"@aeronoticias\" \/>\n<meta name=\"twitter:label1\" content=\"Escrito por\" \/>\n\t<meta name=\"twitter:data1\" content=\"Redacci\u00f3n Aeronoticias\" \/>\n\t<meta name=\"twitter:label2\" content=\"Tiempo de lectura\" \/>\n\t<meta name=\"twitter:data2\" content=\"1 minuto\" \/>\n<script type=\"application\/ld+json\" class=\"yoast-schema-graph\">{\"@context\":\"https:\/\/schema.org\",\"@graph\":[{\"@type\":\"WebPage\",\"@id\":\"https:\/\/aeronoticias.com.pe\/noticiero\/nacionales\/segundo-simulacro-nacional-de-sismo-este-15-de-agosto-sera-nocturno\/\",\"url\":\"https:\/\/aeronoticias.com.pe\/noticiero\/nacionales\/segundo-simulacro-nacional-de-sismo-este-15-de-agosto-sera-nocturno\/\",\"name\":\"Segundo Simulacro Nacional de Sismo este 15 de agosto ser\u00e1 nocturno\",\"isPartOf\":{\"@id\":\"https:\/\/aeronoticias.com.pe\/noticiero\/#website\"},\"datePublished\":\"2012-08-01T17:39:12+00:00\",\"author\":{\"@id\":\"https:\/\/aeronoticias.com.pe\/noticiero\/#\/schema\/person\/fc1e5d578f4b62ba1cf7ac2bba1170a0\"},\"description\":\"Portal de noticias del Per\u00fa sobre el transporte a\u00e9reo, aviaci\u00f3n, turismo, hoteleria, actualidad.\",\"breadcrumb\":{\"@id\":\"https:\/\/aeronoticias.com.pe\/noticiero\/nacionales\/segundo-simulacro-nacional-de-sismo-este-15-de-agosto-sera-nocturno\/#breadcrumb\"},\"inLanguage\":\"es\",\"potentialAction\":[{\"@type\":\"ReadAction\",\"target\":[\"https:\/\/aeronoticias.com.pe\/noticiero\/nacionales\/segundo-simulacro-nacional-de-sismo-este-15-de-agosto-sera-nocturno\/\"]}]},{\"@type\":\"BreadcrumbList\",\"@id\":\"https:\/\/aeronoticias.com.pe\/noticiero\/nacionales\/segundo-simulacro-nacional-de-sismo-este-15-de-agosto-sera-nocturno\/#breadcrumb\",\"itemListElement\":[{\"@type\":\"ListItem\",\"position\":1,\"name\":\"Portada\",\"item\":\"https:\/\/aeronoticias.com.pe\/noticiero\/\"},{\"@type\":\"ListItem\",\"position\":2,\"name\":\"Segundo Simulacro Nacional de Sismo este 15 de agosto ser\u00e1 nocturno\"}]},{\"@type\":\"WebSite\",\"@id\":\"https:\/\/aeronoticias.com.pe\/noticiero\/#website\",\"url\":\"https:\/\/aeronoticias.com.pe\/noticiero\/\",\"name\":\"Aeronoticias.com.pe\",\"description\":\"Noticias de tranporte aereo, turismo, hoteles, gastronomia, actualidad, internacional\",\"potentialAction\":[{\"@type\":\"SearchAction\",\"target\":{\"@type\":\"EntryPoint\",\"urlTemplate\":\"https:\/\/aeronoticias.com.pe\/noticiero\/?s={search_term_string}\"},\"query-input\":{\"@type\":\"PropertyValueSpecification\",\"valueRequired\":true,\"valueName\":\"search_term_string\"}}],\"inLanguage\":\"es\"},{\"@type\":\"Person\",\"@id\":\"https:\/\/aeronoticias.com.pe\/noticiero\/#\/schema\/person\/fc1e5d578f4b62ba1cf7ac2bba1170a0\",\"name\":\"Redacci\u00f3n Aeronoticias\",\"url\":\"https:\/\/aeronoticias.com.pe\/noticiero\/author\/piloto\/\"}]}<\/script>\n<!-- \/ Yoast SEO plugin. -->","yoast_head_json":{"title":"Segundo Simulacro Nacional de Sismo este 15 de agosto ser\u00e1 nocturno","description":"Portal de noticias del Per\u00fa sobre el transporte a\u00e9reo, aviaci\u00f3n, turismo, hoteleria, actualidad.","robots":{"index":"index","follow":"follow","max-snippet":"max-snippet:-1","max-image-preview":"max-image-preview:large","max-video-preview":"max-video-preview:-1"},"canonical":"https:\/\/aeronoticias.com.pe\/noticiero\/nacionales\/segundo-simulacro-nacional-de-sismo-este-15-de-agosto-sera-nocturno\/","og_locale":"es_ES","og_type":"article","og_title":"Segundo Simulacro Nacional de Sismo este 15 de agosto ser\u00e1 nocturno","og_description":"Portal de noticias del Per\u00fa sobre el transporte a\u00e9reo, aviaci\u00f3n, turismo, hoteleria, actualidad.","og_url":"https:\/\/aeronoticias.com.pe\/noticiero\/nacionales\/segundo-simulacro-nacional-de-sismo-este-15-de-agosto-sera-nocturno\/","og_site_name":"Aeronoticias.com.pe","article_publisher":"https:\/\/www.facebook.com\/Aeronoticias.com.pe\/","article_published_time":"2012-08-01T17:39:12+00:00","author":"Redacci\u00f3n Aeronoticias","twitter_card":"summary_large_image","twitter_creator":"@aeronoticias","twitter_site":"@aeronoticias","twitter_misc":{"Escrito por":"Redacci\u00f3n Aeronoticias","Tiempo de lectura":"1 minuto"},"schema":{"@context":"https:\/\/schema.org","@graph":[{"@type":"WebPage","@id":"https:\/\/aeronoticias.com.pe\/noticiero\/nacionales\/segundo-simulacro-nacional-de-sismo-este-15-de-agosto-sera-nocturno\/","url":"https:\/\/aeronoticias.com.pe\/noticiero\/nacionales\/segundo-simulacro-nacional-de-sismo-este-15-de-agosto-sera-nocturno\/","name":"Segundo Simulacro Nacional de Sismo este 15 de agosto ser\u00e1 nocturno","isPartOf":{"@id":"https:\/\/aeronoticias.com.pe\/noticiero\/#website"},"datePublished":"2012-08-01T17:39:12+00:00","author":{"@id":"https:\/\/aeronoticias.com.pe\/noticiero\/#\/schema\/person\/fc1e5d578f4b62ba1cf7ac2bba1170a0"},"description":"Portal de noticias del Per\u00fa sobre el transporte a\u00e9reo, aviaci\u00f3n, turismo, hoteleria, actualidad.","breadcrumb":{"@id":"https:\/\/aeronoticias.com.pe\/noticiero\/nacionales\/segundo-simulacro-nacional-de-sismo-este-15-de-agosto-sera-nocturno\/#breadcrumb"},"inLanguage":"es","potentialAction":[{"@type":"ReadAction","target":["https:\/\/aeronoticias.com.pe\/noticiero\/nacionales\/segundo-simulacro-nacional-de-sismo-este-15-de-agosto-sera-nocturno\/"]}]},{"@type":"BreadcrumbList","@id":"https:\/\/aeronoticias.com.pe\/noticiero\/nacionales\/segundo-simulacro-nacional-de-sismo-este-15-de-agosto-sera-nocturno\/#breadcrumb","itemListElement":[{"@type":"ListItem","position":1,"name":"Portada","item":"https:\/\/aeronoticias.com.pe\/noticiero\/"},{"@type":"ListItem","position":2,"name":"Segundo Simulacro Nacional de Sismo este 15 de agosto ser\u00e1 nocturno"}]},{"@type":"WebSite","@id":"https:\/\/aeronoticias.com.pe\/noticiero\/#website","url":"https:\/\/aeronoticias.com.pe\/noticiero\/","name":"Aeronoticias.com.pe","description":"Noticias de tranporte aereo, turismo, hoteles, gastronomia, actualidad, internacional","potentialAction":[{"@type":"SearchAction","target":{"@type":"EntryPoint","urlTemplate":"https:\/\/aeronoticias.com.pe\/noticiero\/?s={search_term_string}"},"query-input":{"@type":"PropertyValueSpecification","valueRequired":true,"valueName":"search_term_string"}}],"inLanguage":"es"},{"@type":"Person","@id":"https:\/\/aeronoticias.com.pe\/noticiero\/#\/schema\/person\/fc1e5d578f4b62ba1cf7ac2bba1170a0","name":"Redacci\u00f3n Aeronoticias","url":"https:\/\/aeronoticias.com.pe\/noticiero\/author\/piloto\/"}]}},"_links":{"self":[{"href":"https:\/\/aeronoticias.com.pe\/noticiero\/wp-json\/wp\/v2\/posts\/29202","targetHints":{"allow":["GET"]}}],"collection":[{"href":"https:\/\/aeronoticias.com.pe\/noticiero\/wp-json\/wp\/v2\/posts"}],"about":[{"href":"https:\/\/aeronoticias.com.pe\/noticiero\/wp-json\/wp\/v2\/types\/post"}],"author":[{"embeddable":true,"href":"https:\/\/aeronoticias.com.pe\/noticiero\/wp-json\/wp\/v2\/users\/1"}],"replies":[{"embeddable":true,"href":"https:\/\/aeronoticias.com.pe\/noticiero\/wp-json\/wp\/v2\/comments?post=29202"}],"version-history":[{"count":0,"href":"https:\/\/aeronoticias.com.pe\/noticiero\/wp-json\/wp\/v2\/posts\/29202\/revisions"}],"wp:attachment":[{"href":"https:\/\/aeronoticias.com.pe\/noticiero\/wp-json\/wp\/v2\/media?parent=29202"}],"wp:term":[{"taxonomy":"category","embeddable":true,"href":"https:\/\/aeronoticias.com.pe\/noticiero\/wp-json\/wp\/v2\/categories?post=29202"},{"taxonomy":"post_tag","embeddable":true,"href":"https:\/\/aeronoticias.com.pe\/noticiero\/wp-json\/wp\/v2\/tags?post=29202"}],"curies":[{"name":"wp","href":"https:\/\/api.w.org\/{rel}","templated":true}]}}