{"id":29205,"date":"2012-08-01T20:33:50","date_gmt":"2012-08-01T20:33:50","guid":{"rendered":"http:\/\/desarrollo.mcvicious.com\/aero2020\/2012\/08\/01\/presidente-ollanta-humala-inauguro-obras-de-agua-y-desaguee-que-benefician-a-mas-100-mil-personas\/"},"modified":"2012-08-01T20:33:50","modified_gmt":"2012-08-01T20:33:50","slug":"presidente-ollanta-humala-inauguro-obras-de-agua-y-desaguee-que-benefician-a-mas-100-mil-personas","status":"publish","type":"post","link":"https:\/\/aeronoticias.com.pe\/noticiero\/nacionales\/presidente-ollanta-humala-inauguro-obras-de-agua-y-desaguee-que-benefician-a-mas-100-mil-personas\/","title":{"rendered":"Humala inaugur\u00f3 obras de agua y desag\u00fce que benefician a m\u00e1s 100 mil personas"},"content":{"rendered":"<p style=\"text-align: justify;\"><strong>(Aeronoticias)<\/strong> Al pie del conocido Cerro Candela y ante cientos de pobladores del distrito de San Mart\u00edn de Porres y del Callao, el presidente Ollanta Humala inaugur\u00f3 hoy obras de agua potable y desag\u00fce que benefician a 105 mil personas de 256 asentamientos humanos.<\/p>\n<p>El proyecto, que fue ejecutado por SEDAPAL con una inversi\u00f3n superior a los S\/. 105 millones,\u00a0 incluye la instalaci\u00f3n de m\u00e1s de 250 km de tuber\u00edas de agua potable y 246 km de tuber\u00edas de alcantarillado. Asimismo, comprende el mejoramiento de dos reservorios de agua potable de 5 mil m3 de capacidad cada uno, la construcci\u00f3n de un reservorio elevado de 50 m3, la instalaci\u00f3n de c\u00e1maras de sectorizaci\u00f3n, v\u00e1lvulas y reductoras de presi\u00f3n.<\/p>\n<p>Pese la implementaci\u00f3n de este proyecto de gran envergadura, el mandatario se\u00f1al\u00f3 que el Gobierno trabaja para resolver los diversos problemas de la poblaci\u00f3n, que han sido desatendidos a lo largo de los 191 a\u00f1os de vida Republicana de nuestro pa\u00eds. <\/p>\n<p>\u201cTambi\u00e9n hay otros sitios que demandan agua, pistas, veredas. La verdad es que tenemos que cumplir con todos. Son proyectos que van de la mano con el agua, porque el principal instrumento de inclusi\u00f3n social es el agua y eso es lo que estamos trabajando de la mano con sus gobiernos regionales y gobiernos locales\u201d, expres\u00f3 el jefe de Estado.\u00a0 <\/p>\n<p>En ese sentido, remarc\u00f3 que durante el primer a\u00f1o de su gesti\u00f3n se sentaron las bases de la gran transformaci\u00f3n del pa\u00eds y se continuar\u00e1 trabajando por la inclusi\u00f3n social con la ampliaci\u00f3n de los programas Pensi\u00f3n 65, Cuna M\u00e1s y Beca 18 que est\u00e1n focalizados en atender a las familias m\u00e1s necesitadas.<\/p>\n<p>Enfatiz\u00f3 que ahora se trabaja para implementar tambi\u00e9n el Seguro Oncol\u00f3gico y para extender el Fondo de Inclusi\u00f3n Social Energ\u00e9tico, para que m\u00e1s peruanos tengan gas barato. Adem\u00e1s, indic\u00f3 que el Gobierno est\u00e1 enfrentado la problem\u00e1tica de la miner\u00eda ilegal y se ha logrado formalizar a m\u00e1s de 20 mil peque\u00f1os mineros que ahora cuentan con RUC. <\/p>\n<p>Asimismo, a\u00f1adi\u00f3 que se est\u00e1 avanzando en la mejora de la Carrera P\u00fablica Magisterial para \u201cdarle a los maestros mejores escalas y mejores remuneraciones, porque no queremos que nuestros profesores est\u00e9n mal pagados y que no se preparen\u201d. <\/p>\n<p>Luego de dirigirse a la poblaci\u00f3n de San Mart\u00edn de Porres y del Callao, el presidente Ollanta Humala visit\u00f3 la vivienda de la familia Osorio, donde inaugur\u00f3 la primera conexi\u00f3n de agua potable de la zona y abri\u00f3 un ca\u00f1o para comprobar la efectividad del proyecto.<\/p>\n<p>En esta actividad participaron tambi\u00e9n el ministro de Vivienda, Construcci\u00f3n y Saneamiento, Ren\u00e9 Cornejo; el alcalde de San Mart\u00edn de Porres, Freddy Ternero; y el presidente regional del Callao, F\u00e9lix Moreno.<\/p>\n<p style=\"text-align: justify;\"><img decoding=\"async\" src=\"images\/stories\/12\/08\/010812\/humala1.jpg\" border=\"0\" alt=\"Humala inaugur\u00f3 obras de agua y desag\u00fce que benefician a m\u00e1s 100 mil personas\" \/><\/p>\n","protected":false},"excerpt":{"rendered":"<p>(Aeronoticias) Al pie del conocido Cerro Candela y ante cientos de pobladores del distrito de San Mart\u00edn de Porres y del Callao, el presidente Ollanta Humala inaugur\u00f3 hoy obras de agua potable y desag\u00fce que benefician a 105 mil personas de 256 asentamientos humanos. El proyecto, que fue ejecutado por SEDAPAL con una inversi\u00f3n superior [&hellip;]<\/p>\n","protected":false},"author":1,"featured_media":0,"comment_status":"open","ping_status":"open","sticky":false,"template":"","format":"standard","meta":{"tdm_status":"","tdm_grid_status":"","footnotes":""},"categories":[38],"tags":[],"class_list":{"0":"post-29205","1":"post","2":"type-post","3":"status-publish","4":"format-standard","6":"category-nacionales"},"yoast_head":"<!-- This site is optimized with the Yoast SEO plugin v25.1 - https:\/\/yoast.com\/wordpress\/plugins\/seo\/ -->\n<title>Humala inaugur\u00f3 obras de agua y desag\u00fce que benefician a m\u00e1s 100 mil personas<\/title>\n<meta name=\"description\" content=\"Portal de noticias del Per\u00fa sobre el transporte a\u00e9reo, aviaci\u00f3n, turismo, hoteleria, actualidad.\" \/>\n<meta name=\"robots\" content=\"index, follow, max-snippet:-1, max-image-preview:large, max-video-preview:-1\" \/>\n<link rel=\"canonical\" href=\"https:\/\/aeronoticias.com.pe\/noticiero\/nacionales\/presidente-ollanta-humala-inauguro-obras-de-agua-y-desaguee-que-benefician-a-mas-100-mil-personas\/\" \/>\n<meta property=\"og:locale\" content=\"es_ES\" \/>\n<meta property=\"og:type\" content=\"article\" \/>\n<meta property=\"og:title\" content=\"Humala inaugur\u00f3 obras de agua y desag\u00fce que benefician a m\u00e1s 100 mil personas\" \/>\n<meta property=\"og:description\" content=\"Portal de noticias del Per\u00fa sobre el transporte a\u00e9reo, aviaci\u00f3n, turismo, hoteleria, actualidad.\" \/>\n<meta property=\"og:url\" content=\"https:\/\/aeronoticias.com.pe\/noticiero\/nacionales\/presidente-ollanta-humala-inauguro-obras-de-agua-y-desaguee-que-benefician-a-mas-100-mil-personas\/\" \/>\n<meta property=\"og:site_name\" content=\"Aeronoticias.com.pe\" \/>\n<meta property=\"article:publisher\" content=\"https:\/\/www.facebook.com\/Aeronoticias.com.pe\/\" \/>\n<meta property=\"article:published_time\" content=\"2012-08-01T20:33:50+00:00\" \/>\n<meta name=\"author\" content=\"Redacci\u00f3n Aeronoticias\" \/>\n<meta name=\"twitter:card\" content=\"summary_large_image\" \/>\n<meta name=\"twitter:creator\" content=\"@aeronoticias\" \/>\n<meta name=\"twitter:site\" content=\"@aeronoticias\" \/>\n<meta name=\"twitter:label1\" content=\"Escrito por\" \/>\n\t<meta name=\"twitter:data1\" content=\"Redacci\u00f3n Aeronoticias\" \/>\n\t<meta name=\"twitter:label2\" content=\"Tiempo de lectura\" \/>\n\t<meta name=\"twitter:data2\" content=\"2 minutos\" \/>\n<script type=\"application\/ld+json\" class=\"yoast-schema-graph\">{\"@context\":\"https:\/\/schema.org\",\"@graph\":[{\"@type\":\"WebPage\",\"@id\":\"https:\/\/aeronoticias.com.pe\/noticiero\/nacionales\/presidente-ollanta-humala-inauguro-obras-de-agua-y-desaguee-que-benefician-a-mas-100-mil-personas\/\",\"url\":\"https:\/\/aeronoticias.com.pe\/noticiero\/nacionales\/presidente-ollanta-humala-inauguro-obras-de-agua-y-desaguee-que-benefician-a-mas-100-mil-personas\/\",\"name\":\"Humala inaugur\u00f3 obras de agua y desag\u00fce que benefician a m\u00e1s 100 mil personas\",\"isPartOf\":{\"@id\":\"https:\/\/aeronoticias.com.pe\/noticiero\/#website\"},\"datePublished\":\"2012-08-01T20:33:50+00:00\",\"author\":{\"@id\":\"https:\/\/aeronoticias.com.pe\/noticiero\/#\/schema\/person\/fc1e5d578f4b62ba1cf7ac2bba1170a0\"},\"description\":\"Portal de noticias del Per\u00fa sobre el transporte a\u00e9reo, aviaci\u00f3n, turismo, hoteleria, actualidad.\",\"breadcrumb\":{\"@id\":\"https:\/\/aeronoticias.com.pe\/noticiero\/nacionales\/presidente-ollanta-humala-inauguro-obras-de-agua-y-desaguee-que-benefician-a-mas-100-mil-personas\/#breadcrumb\"},\"inLanguage\":\"es\",\"potentialAction\":[{\"@type\":\"ReadAction\",\"target\":[\"https:\/\/aeronoticias.com.pe\/noticiero\/nacionales\/presidente-ollanta-humala-inauguro-obras-de-agua-y-desaguee-que-benefician-a-mas-100-mil-personas\/\"]}]},{\"@type\":\"BreadcrumbList\",\"@id\":\"https:\/\/aeronoticias.com.pe\/noticiero\/nacionales\/presidente-ollanta-humala-inauguro-obras-de-agua-y-desaguee-que-benefician-a-mas-100-mil-personas\/#breadcrumb\",\"itemListElement\":[{\"@type\":\"ListItem\",\"position\":1,\"name\":\"Portada\",\"item\":\"https:\/\/aeronoticias.com.pe\/noticiero\/\"},{\"@type\":\"ListItem\",\"position\":2,\"name\":\"Humala inaugur\u00f3 obras de agua y desag\u00fce que benefician a m\u00e1s 100 mil personas\"}]},{\"@type\":\"WebSite\",\"@id\":\"https:\/\/aeronoticias.com.pe\/noticiero\/#website\",\"url\":\"https:\/\/aeronoticias.com.pe\/noticiero\/\",\"name\":\"Aeronoticias.com.pe\",\"description\":\"Noticias de tranporte aereo, turismo, hoteles, gastronomia, actualidad, internacional\",\"potentialAction\":[{\"@type\":\"SearchAction\",\"target\":{\"@type\":\"EntryPoint\",\"urlTemplate\":\"https:\/\/aeronoticias.com.pe\/noticiero\/?s={search_term_string}\"},\"query-input\":{\"@type\":\"PropertyValueSpecification\",\"valueRequired\":true,\"valueName\":\"search_term_string\"}}],\"inLanguage\":\"es\"},{\"@type\":\"Person\",\"@id\":\"https:\/\/aeronoticias.com.pe\/noticiero\/#\/schema\/person\/fc1e5d578f4b62ba1cf7ac2bba1170a0\",\"name\":\"Redacci\u00f3n Aeronoticias\",\"url\":\"https:\/\/aeronoticias.com.pe\/noticiero\/author\/piloto\/\"}]}<\/script>\n<!-- \/ Yoast SEO plugin. -->","yoast_head_json":{"title":"Humala inaugur\u00f3 obras de agua y desag\u00fce que benefician a m\u00e1s 100 mil personas","description":"Portal de noticias del Per\u00fa sobre el transporte a\u00e9reo, aviaci\u00f3n, turismo, hoteleria, actualidad.","robots":{"index":"index","follow":"follow","max-snippet":"max-snippet:-1","max-image-preview":"max-image-preview:large","max-video-preview":"max-video-preview:-1"},"canonical":"https:\/\/aeronoticias.com.pe\/noticiero\/nacionales\/presidente-ollanta-humala-inauguro-obras-de-agua-y-desaguee-que-benefician-a-mas-100-mil-personas\/","og_locale":"es_ES","og_type":"article","og_title":"Humala inaugur\u00f3 obras de agua y desag\u00fce que benefician a m\u00e1s 100 mil personas","og_description":"Portal de noticias del Per\u00fa sobre el transporte a\u00e9reo, aviaci\u00f3n, turismo, hoteleria, actualidad.","og_url":"https:\/\/aeronoticias.com.pe\/noticiero\/nacionales\/presidente-ollanta-humala-inauguro-obras-de-agua-y-desaguee-que-benefician-a-mas-100-mil-personas\/","og_site_name":"Aeronoticias.com.pe","article_publisher":"https:\/\/www.facebook.com\/Aeronoticias.com.pe\/","article_published_time":"2012-08-01T20:33:50+00:00","author":"Redacci\u00f3n Aeronoticias","twitter_card":"summary_large_image","twitter_creator":"@aeronoticias","twitter_site":"@aeronoticias","twitter_misc":{"Escrito por":"Redacci\u00f3n Aeronoticias","Tiempo de lectura":"2 minutos"},"schema":{"@context":"https:\/\/schema.org","@graph":[{"@type":"WebPage","@id":"https:\/\/aeronoticias.com.pe\/noticiero\/nacionales\/presidente-ollanta-humala-inauguro-obras-de-agua-y-desaguee-que-benefician-a-mas-100-mil-personas\/","url":"https:\/\/aeronoticias.com.pe\/noticiero\/nacionales\/presidente-ollanta-humala-inauguro-obras-de-agua-y-desaguee-que-benefician-a-mas-100-mil-personas\/","name":"Humala inaugur\u00f3 obras de agua y desag\u00fce que benefician a m\u00e1s 100 mil personas","isPartOf":{"@id":"https:\/\/aeronoticias.com.pe\/noticiero\/#website"},"datePublished":"2012-08-01T20:33:50+00:00","author":{"@id":"https:\/\/aeronoticias.com.pe\/noticiero\/#\/schema\/person\/fc1e5d578f4b62ba1cf7ac2bba1170a0"},"description":"Portal de noticias del Per\u00fa sobre el transporte a\u00e9reo, aviaci\u00f3n, turismo, hoteleria, actualidad.","breadcrumb":{"@id":"https:\/\/aeronoticias.com.pe\/noticiero\/nacionales\/presidente-ollanta-humala-inauguro-obras-de-agua-y-desaguee-que-benefician-a-mas-100-mil-personas\/#breadcrumb"},"inLanguage":"es","potentialAction":[{"@type":"ReadAction","target":["https:\/\/aeronoticias.com.pe\/noticiero\/nacionales\/presidente-ollanta-humala-inauguro-obras-de-agua-y-desaguee-que-benefician-a-mas-100-mil-personas\/"]}]},{"@type":"BreadcrumbList","@id":"https:\/\/aeronoticias.com.pe\/noticiero\/nacionales\/presidente-ollanta-humala-inauguro-obras-de-agua-y-desaguee-que-benefician-a-mas-100-mil-personas\/#breadcrumb","itemListElement":[{"@type":"ListItem","position":1,"name":"Portada","item":"https:\/\/aeronoticias.com.pe\/noticiero\/"},{"@type":"ListItem","position":2,"name":"Humala inaugur\u00f3 obras de agua y desag\u00fce que benefician a m\u00e1s 100 mil personas"}]},{"@type":"WebSite","@id":"https:\/\/aeronoticias.com.pe\/noticiero\/#website","url":"https:\/\/aeronoticias.com.pe\/noticiero\/","name":"Aeronoticias.com.pe","description":"Noticias de tranporte aereo, turismo, hoteles, gastronomia, actualidad, internacional","potentialAction":[{"@type":"SearchAction","target":{"@type":"EntryPoint","urlTemplate":"https:\/\/aeronoticias.com.pe\/noticiero\/?s={search_term_string}"},"query-input":{"@type":"PropertyValueSpecification","valueRequired":true,"valueName":"search_term_string"}}],"inLanguage":"es"},{"@type":"Person","@id":"https:\/\/aeronoticias.com.pe\/noticiero\/#\/schema\/person\/fc1e5d578f4b62ba1cf7ac2bba1170a0","name":"Redacci\u00f3n Aeronoticias","url":"https:\/\/aeronoticias.com.pe\/noticiero\/author\/piloto\/"}]}},"_links":{"self":[{"href":"https:\/\/aeronoticias.com.pe\/noticiero\/wp-json\/wp\/v2\/posts\/29205","targetHints":{"allow":["GET"]}}],"collection":[{"href":"https:\/\/aeronoticias.com.pe\/noticiero\/wp-json\/wp\/v2\/posts"}],"about":[{"href":"https:\/\/aeronoticias.com.pe\/noticiero\/wp-json\/wp\/v2\/types\/post"}],"author":[{"embeddable":true,"href":"https:\/\/aeronoticias.com.pe\/noticiero\/wp-json\/wp\/v2\/users\/1"}],"replies":[{"embeddable":true,"href":"https:\/\/aeronoticias.com.pe\/noticiero\/wp-json\/wp\/v2\/comments?post=29205"}],"version-history":[{"count":0,"href":"https:\/\/aeronoticias.com.pe\/noticiero\/wp-json\/wp\/v2\/posts\/29205\/revisions"}],"wp:attachment":[{"href":"https:\/\/aeronoticias.com.pe\/noticiero\/wp-json\/wp\/v2\/media?parent=29205"}],"wp:term":[{"taxonomy":"category","embeddable":true,"href":"https:\/\/aeronoticias.com.pe\/noticiero\/wp-json\/wp\/v2\/categories?post=29205"},{"taxonomy":"post_tag","embeddable":true,"href":"https:\/\/aeronoticias.com.pe\/noticiero\/wp-json\/wp\/v2\/tags?post=29205"}],"curies":[{"name":"wp","href":"https:\/\/api.w.org\/{rel}","templated":true}]}}