{"id":29218,"date":"2012-08-02T12:59:56","date_gmt":"2012-08-02T12:59:56","guid":{"rendered":"http:\/\/desarrollo.mcvicious.com\/aero2020\/2012\/08\/02\/en-fiestas-patrias-el-museo-de-arte-de-lima-batio-record-de-visitas\/"},"modified":"2012-08-02T12:59:56","modified_gmt":"2012-08-02T12:59:56","slug":"en-fiestas-patrias-el-museo-de-arte-de-lima-batio-record-de-visitas","status":"publish","type":"post","link":"https:\/\/aeronoticias.com.pe\/noticiero\/nacionales\/en-fiestas-patrias-el-museo-de-arte-de-lima-batio-record-de-visitas\/","title":{"rendered":"En Fiestas Patrias el Museo de Arte de Lima bati\u00f3 r\u00e9cord de visitas"},"content":{"rendered":"<p style=\"text-align: justify;\"><strong>(Aeronoticias).-<\/strong>Bati\u00f3 r\u00e9cord de visitas, durante las Fiestas Patrias debido a una oferta cultural de calidad, variada, gratuita y dirigida a todas las edades sin distinci\u00f3n, el Museo de Arte de Lima (MALI), recibi\u00f3 en sus instalaciones m\u00e1s de 27 mil visitas, cifra que supera largamente la alcanzada el a\u00f1o pasado.<\/p>\n<p style=\"text-align: justify;\">Cabe precisar que gracias  a la cuarta edici\u00f3n de `Un d\u00eda en el MALI\u00b4, ejecutado gracias al apoyo  de la empresa Edelnor, se logr\u00f3 triplicar el n\u00famero m\u00e1ximo de visitas en  un mes en lo que va del a\u00f1o.<\/p>\n<p> El s\u00e1bado 28 y domingo 29 de julio, el museo bati\u00f3 record de visitas al recibir m\u00e1s de 5,000 y 6,000 personas respectivamente.<\/p>\n<p style=\"text-align: justify;\">La directora de MALI, Natalia Majluf afirm\u00f3 que est\u00e1n buscando que el Museo sea un espacio inclusivo, porque estos resultados demuestran que el p\u00fablico tiene un enorme inter\u00e9s por la cultura y que se est\u00e1 buscando nuevas alternativas de esparcimiento.<br \/><strong><\/strong><br \/>Durante  esa semana, el MALI abri\u00f3 sus puertas completamente gratis de 10:00  a.m. a 8:00 p.m. para brindar visitas guiadas a las exposiciones  temporales del MALI (El MALI: formando colecciones 2009-2011 y Carlos  Baca-Flor, el \u00faltimo acad\u00e9mico), as\u00ed como funciones de teatro (El  lenguaje de las sirenas y El Monstruo de los mares-La leyenda parte I),  cine (en colaboraci\u00f3n con la Filmoteca PUCP) y talleres creativos donde  los ni\u00f1os pusieron en pr\u00e1ctica toda su creatividad e ingenio.<\/p>\n<p style=\"text-align: justify;\"><img decoding=\"async\" src=\"images\/stories\/12\/08\/020812\/museoartelima.jpg\" border=\"0\" alt=\"r\u00e9cord\" title=\"r\u00e9cord\" \/><\/p>\n","protected":false},"excerpt":{"rendered":"<p>(Aeronoticias).-Bati\u00f3 r\u00e9cord de visitas, durante las Fiestas Patrias debido a una oferta cultural de calidad, variada, gratuita y dirigida a todas las edades sin distinci\u00f3n, el Museo de Arte de Lima (MALI), recibi\u00f3 en sus instalaciones m\u00e1s de 27 mil visitas, cifra que supera largamente la alcanzada el a\u00f1o pasado. Cabe precisar que gracias a [&hellip;]<\/p>\n","protected":false},"author":1,"featured_media":0,"comment_status":"open","ping_status":"open","sticky":false,"template":"","format":"standard","meta":{"tdm_status":"","tdm_grid_status":"","footnotes":""},"categories":[38],"tags":[],"class_list":{"0":"post-29218","1":"post","2":"type-post","3":"status-publish","4":"format-standard","6":"category-nacionales"},"yoast_head":"<!-- This site is optimized with the Yoast SEO plugin v25.1 - https:\/\/yoast.com\/wordpress\/plugins\/seo\/ -->\n<title>En Fiestas Patrias el Museo de Arte de Lima bati\u00f3 r\u00e9cord de visitas<\/title>\n<meta name=\"description\" content=\"Portal de noticias del Per\u00fa sobre el transporte a\u00e9reo, aviaci\u00f3n, turismo, hoteleria, actualidad.\" \/>\n<meta name=\"robots\" content=\"index, follow, max-snippet:-1, max-image-preview:large, max-video-preview:-1\" \/>\n<link rel=\"canonical\" href=\"https:\/\/aeronoticias.com.pe\/noticiero\/nacionales\/en-fiestas-patrias-el-museo-de-arte-de-lima-batio-record-de-visitas\/\" \/>\n<meta property=\"og:locale\" content=\"es_ES\" \/>\n<meta property=\"og:type\" content=\"article\" \/>\n<meta property=\"og:title\" content=\"En Fiestas Patrias el Museo de Arte de Lima bati\u00f3 r\u00e9cord de visitas\" \/>\n<meta property=\"og:description\" content=\"Portal de noticias del Per\u00fa sobre el transporte a\u00e9reo, aviaci\u00f3n, turismo, hoteleria, actualidad.\" \/>\n<meta property=\"og:url\" content=\"https:\/\/aeronoticias.com.pe\/noticiero\/nacionales\/en-fiestas-patrias-el-museo-de-arte-de-lima-batio-record-de-visitas\/\" \/>\n<meta property=\"og:site_name\" content=\"Aeronoticias.com.pe\" \/>\n<meta property=\"article:publisher\" content=\"https:\/\/www.facebook.com\/Aeronoticias.com.pe\/\" \/>\n<meta property=\"article:published_time\" content=\"2012-08-02T12:59:56+00:00\" \/>\n<meta name=\"author\" content=\"Redacci\u00f3n Aeronoticias\" \/>\n<meta name=\"twitter:card\" content=\"summary_large_image\" \/>\n<meta name=\"twitter:creator\" content=\"@aeronoticias\" \/>\n<meta name=\"twitter:site\" content=\"@aeronoticias\" \/>\n<meta name=\"twitter:label1\" content=\"Escrito por\" \/>\n\t<meta name=\"twitter:data1\" content=\"Redacci\u00f3n Aeronoticias\" \/>\n\t<meta name=\"twitter:label2\" content=\"Tiempo de lectura\" \/>\n\t<meta name=\"twitter:data2\" content=\"1 minuto\" \/>\n<script type=\"application\/ld+json\" class=\"yoast-schema-graph\">{\"@context\":\"https:\/\/schema.org\",\"@graph\":[{\"@type\":\"WebPage\",\"@id\":\"https:\/\/aeronoticias.com.pe\/noticiero\/nacionales\/en-fiestas-patrias-el-museo-de-arte-de-lima-batio-record-de-visitas\/\",\"url\":\"https:\/\/aeronoticias.com.pe\/noticiero\/nacionales\/en-fiestas-patrias-el-museo-de-arte-de-lima-batio-record-de-visitas\/\",\"name\":\"En Fiestas Patrias el Museo de Arte de Lima bati\u00f3 r\u00e9cord de visitas\",\"isPartOf\":{\"@id\":\"https:\/\/aeronoticias.com.pe\/noticiero\/#website\"},\"datePublished\":\"2012-08-02T12:59:56+00:00\",\"author\":{\"@id\":\"https:\/\/aeronoticias.com.pe\/noticiero\/#\/schema\/person\/fc1e5d578f4b62ba1cf7ac2bba1170a0\"},\"description\":\"Portal de noticias del Per\u00fa sobre el transporte a\u00e9reo, aviaci\u00f3n, turismo, hoteleria, actualidad.\",\"breadcrumb\":{\"@id\":\"https:\/\/aeronoticias.com.pe\/noticiero\/nacionales\/en-fiestas-patrias-el-museo-de-arte-de-lima-batio-record-de-visitas\/#breadcrumb\"},\"inLanguage\":\"es\",\"potentialAction\":[{\"@type\":\"ReadAction\",\"target\":[\"https:\/\/aeronoticias.com.pe\/noticiero\/nacionales\/en-fiestas-patrias-el-museo-de-arte-de-lima-batio-record-de-visitas\/\"]}]},{\"@type\":\"BreadcrumbList\",\"@id\":\"https:\/\/aeronoticias.com.pe\/noticiero\/nacionales\/en-fiestas-patrias-el-museo-de-arte-de-lima-batio-record-de-visitas\/#breadcrumb\",\"itemListElement\":[{\"@type\":\"ListItem\",\"position\":1,\"name\":\"Portada\",\"item\":\"https:\/\/aeronoticias.com.pe\/noticiero\/\"},{\"@type\":\"ListItem\",\"position\":2,\"name\":\"En Fiestas Patrias el Museo de Arte de Lima bati\u00f3 r\u00e9cord de visitas\"}]},{\"@type\":\"WebSite\",\"@id\":\"https:\/\/aeronoticias.com.pe\/noticiero\/#website\",\"url\":\"https:\/\/aeronoticias.com.pe\/noticiero\/\",\"name\":\"Aeronoticias.com.pe\",\"description\":\"Noticias de tranporte aereo, turismo, hoteles, gastronomia, actualidad, internacional\",\"potentialAction\":[{\"@type\":\"SearchAction\",\"target\":{\"@type\":\"EntryPoint\",\"urlTemplate\":\"https:\/\/aeronoticias.com.pe\/noticiero\/?s={search_term_string}\"},\"query-input\":{\"@type\":\"PropertyValueSpecification\",\"valueRequired\":true,\"valueName\":\"search_term_string\"}}],\"inLanguage\":\"es\"},{\"@type\":\"Person\",\"@id\":\"https:\/\/aeronoticias.com.pe\/noticiero\/#\/schema\/person\/fc1e5d578f4b62ba1cf7ac2bba1170a0\",\"name\":\"Redacci\u00f3n Aeronoticias\",\"url\":\"https:\/\/aeronoticias.com.pe\/noticiero\/author\/piloto\/\"}]}<\/script>\n<!-- \/ Yoast SEO plugin. -->","yoast_head_json":{"title":"En Fiestas Patrias el Museo de Arte de Lima bati\u00f3 r\u00e9cord de visitas","description":"Portal de noticias del Per\u00fa sobre el transporte a\u00e9reo, aviaci\u00f3n, turismo, hoteleria, actualidad.","robots":{"index":"index","follow":"follow","max-snippet":"max-snippet:-1","max-image-preview":"max-image-preview:large","max-video-preview":"max-video-preview:-1"},"canonical":"https:\/\/aeronoticias.com.pe\/noticiero\/nacionales\/en-fiestas-patrias-el-museo-de-arte-de-lima-batio-record-de-visitas\/","og_locale":"es_ES","og_type":"article","og_title":"En Fiestas Patrias el Museo de Arte de Lima bati\u00f3 r\u00e9cord de visitas","og_description":"Portal de noticias del Per\u00fa sobre el transporte a\u00e9reo, aviaci\u00f3n, turismo, hoteleria, actualidad.","og_url":"https:\/\/aeronoticias.com.pe\/noticiero\/nacionales\/en-fiestas-patrias-el-museo-de-arte-de-lima-batio-record-de-visitas\/","og_site_name":"Aeronoticias.com.pe","article_publisher":"https:\/\/www.facebook.com\/Aeronoticias.com.pe\/","article_published_time":"2012-08-02T12:59:56+00:00","author":"Redacci\u00f3n Aeronoticias","twitter_card":"summary_large_image","twitter_creator":"@aeronoticias","twitter_site":"@aeronoticias","twitter_misc":{"Escrito por":"Redacci\u00f3n Aeronoticias","Tiempo de lectura":"1 minuto"},"schema":{"@context":"https:\/\/schema.org","@graph":[{"@type":"WebPage","@id":"https:\/\/aeronoticias.com.pe\/noticiero\/nacionales\/en-fiestas-patrias-el-museo-de-arte-de-lima-batio-record-de-visitas\/","url":"https:\/\/aeronoticias.com.pe\/noticiero\/nacionales\/en-fiestas-patrias-el-museo-de-arte-de-lima-batio-record-de-visitas\/","name":"En Fiestas Patrias el Museo de Arte de Lima bati\u00f3 r\u00e9cord de visitas","isPartOf":{"@id":"https:\/\/aeronoticias.com.pe\/noticiero\/#website"},"datePublished":"2012-08-02T12:59:56+00:00","author":{"@id":"https:\/\/aeronoticias.com.pe\/noticiero\/#\/schema\/person\/fc1e5d578f4b62ba1cf7ac2bba1170a0"},"description":"Portal de noticias del Per\u00fa sobre el transporte a\u00e9reo, aviaci\u00f3n, turismo, hoteleria, actualidad.","breadcrumb":{"@id":"https:\/\/aeronoticias.com.pe\/noticiero\/nacionales\/en-fiestas-patrias-el-museo-de-arte-de-lima-batio-record-de-visitas\/#breadcrumb"},"inLanguage":"es","potentialAction":[{"@type":"ReadAction","target":["https:\/\/aeronoticias.com.pe\/noticiero\/nacionales\/en-fiestas-patrias-el-museo-de-arte-de-lima-batio-record-de-visitas\/"]}]},{"@type":"BreadcrumbList","@id":"https:\/\/aeronoticias.com.pe\/noticiero\/nacionales\/en-fiestas-patrias-el-museo-de-arte-de-lima-batio-record-de-visitas\/#breadcrumb","itemListElement":[{"@type":"ListItem","position":1,"name":"Portada","item":"https:\/\/aeronoticias.com.pe\/noticiero\/"},{"@type":"ListItem","position":2,"name":"En Fiestas Patrias el Museo de Arte de Lima bati\u00f3 r\u00e9cord de visitas"}]},{"@type":"WebSite","@id":"https:\/\/aeronoticias.com.pe\/noticiero\/#website","url":"https:\/\/aeronoticias.com.pe\/noticiero\/","name":"Aeronoticias.com.pe","description":"Noticias de tranporte aereo, turismo, hoteles, gastronomia, actualidad, internacional","potentialAction":[{"@type":"SearchAction","target":{"@type":"EntryPoint","urlTemplate":"https:\/\/aeronoticias.com.pe\/noticiero\/?s={search_term_string}"},"query-input":{"@type":"PropertyValueSpecification","valueRequired":true,"valueName":"search_term_string"}}],"inLanguage":"es"},{"@type":"Person","@id":"https:\/\/aeronoticias.com.pe\/noticiero\/#\/schema\/person\/fc1e5d578f4b62ba1cf7ac2bba1170a0","name":"Redacci\u00f3n Aeronoticias","url":"https:\/\/aeronoticias.com.pe\/noticiero\/author\/piloto\/"}]}},"_links":{"self":[{"href":"https:\/\/aeronoticias.com.pe\/noticiero\/wp-json\/wp\/v2\/posts\/29218","targetHints":{"allow":["GET"]}}],"collection":[{"href":"https:\/\/aeronoticias.com.pe\/noticiero\/wp-json\/wp\/v2\/posts"}],"about":[{"href":"https:\/\/aeronoticias.com.pe\/noticiero\/wp-json\/wp\/v2\/types\/post"}],"author":[{"embeddable":true,"href":"https:\/\/aeronoticias.com.pe\/noticiero\/wp-json\/wp\/v2\/users\/1"}],"replies":[{"embeddable":true,"href":"https:\/\/aeronoticias.com.pe\/noticiero\/wp-json\/wp\/v2\/comments?post=29218"}],"version-history":[{"count":0,"href":"https:\/\/aeronoticias.com.pe\/noticiero\/wp-json\/wp\/v2\/posts\/29218\/revisions"}],"wp:attachment":[{"href":"https:\/\/aeronoticias.com.pe\/noticiero\/wp-json\/wp\/v2\/media?parent=29218"}],"wp:term":[{"taxonomy":"category","embeddable":true,"href":"https:\/\/aeronoticias.com.pe\/noticiero\/wp-json\/wp\/v2\/categories?post=29218"},{"taxonomy":"post_tag","embeddable":true,"href":"https:\/\/aeronoticias.com.pe\/noticiero\/wp-json\/wp\/v2\/tags?post=29218"}],"curies":[{"name":"wp","href":"https:\/\/api.w.org\/{rel}","templated":true}]}}