{"id":29454,"date":"2012-08-10T14:14:01","date_gmt":"2012-08-10T14:14:01","guid":{"rendered":"http:\/\/desarrollo.mcvicious.com\/aero2020\/2012\/08\/10\/huelga-de-policia-genera-retrasos-en-el-aeropuerto-de-sao-paulo\/"},"modified":"2012-08-10T14:14:01","modified_gmt":"2012-08-10T14:14:01","slug":"huelga-de-policia-genera-retrasos-en-el-aeropuerto-de-sao-paulo","status":"publish","type":"post","link":"https:\/\/aeronoticias.com.pe\/noticiero\/internacionales\/huelga-de-policia-genera-retrasos-en-el-aeropuerto-de-sao-paulo\/","title":{"rendered":"Huelga de Polic\u00eda genera retrasos en el aeropuerto de Sao Paulo"},"content":{"rendered":"<p style=\"text-align: justify;\"><strong>(Aeronoticias).-<\/strong> La huelga de la Polic\u00eda Federal de Brasil, iniciada el martes, gener\u00f3 hoy largas colas de pasajero en el embarque y el retraso de casi el 20 por ciento de los vuelos internacionales en el principal aeropuerto de Sao Paulo, informaron fuentes oficiales.<\/p>\n<p style=\"text-align: justify;\">El presidente del Sindicato de Servidores P\u00fablicos de la Polic\u00eda Federal de Sao Paulo, Alexandre Santana Sally, explic\u00f3 que las largas filas ten\u00edan lugar en el embarque de pasajeros debido a la falta de personal disponible en las inspecciones y en la seguridad.<\/p>\n<p style=\"text-align: justify;\">Por su parte, la compa\u00f1\u00eda encargada de la administraci\u00f3n del aeropuerto confirm\u00f3 que el paro caus\u00f3 el atraso del 19,7 por ciento de los vuelos internacionales hasta las 19 horas locales (22.00 GMT).<\/p>\n<p>  <!--more-->  <\/p>\n<p><span style=\"text-align: justify;\">Durante la tarde llegaron a vivirse momentos de tensi\u00f3n cuando los empleados decidieron parar completamente el servicio, que fue reanudado ante la protesta de los viajeros, seg\u00fan im\u00e1genes difundidas por la cadena Globo.<\/span><\/p>\n<p style=\"text-align: justify;\"><strong>M\u00e1s informaci\u00f3n<\/strong><\/p>\n<p style=\"text-align: justify;\">La \u00faltima huelga nacional de los agentes de la Polic\u00eda Federal se registr\u00f3 en 2004 y se prolong\u00f3 por cerca de dos meses.<\/p>\n<p><img decoding=\"async\" src=\"images\/stories\/12\/08\/100812\/policia.jpg\" border=\"0\" alt=\"Huelga de Polic\u00eda genera retrasos en el aeropuerto de Sao Paulo  \" title=\"Huelga de Polic\u00eda genera retrasos en el aeropuerto de Sao Paulo  \" \/><<\/p>\n<p style=\"text-align: justify;\">\u00a0<\/p>\n","protected":false},"excerpt":{"rendered":"<p>(Aeronoticias).- La huelga de la Polic\u00eda Federal de Brasil, iniciada el martes, gener\u00f3 hoy largas colas de pasajero en el embarque y el retraso de casi el 20 por ciento de los vuelos internacionales en el principal aeropuerto de Sao Paulo, informaron fuentes oficiales. El presidente del Sindicato de Servidores P\u00fablicos de la Polic\u00eda Federal [&hellip;]<\/p>\n","protected":false},"author":1,"featured_media":0,"comment_status":"open","ping_status":"open","sticky":false,"template":"","format":"standard","meta":{"tdm_status":"","tdm_grid_status":"","footnotes":""},"categories":[34],"tags":[],"class_list":{"0":"post-29454","1":"post","2":"type-post","3":"status-publish","4":"format-standard","6":"category-internacionales"},"yoast_head":"<!-- This site is optimized with the Yoast SEO plugin v25.1 - https:\/\/yoast.com\/wordpress\/plugins\/seo\/ -->\n<title>Huelga de Polic\u00eda genera retrasos en el aeropuerto de Sao Paulo<\/title>\n<meta name=\"description\" content=\"Portal de noticias del Per\u00fa sobre el transporte a\u00e9reo, aviaci\u00f3n, turismo, hoteleria, actualidad.\" \/>\n<meta name=\"robots\" content=\"index, follow, max-snippet:-1, max-image-preview:large, max-video-preview:-1\" \/>\n<link rel=\"canonical\" href=\"https:\/\/aeronoticias.com.pe\/noticiero\/internacionales\/huelga-de-policia-genera-retrasos-en-el-aeropuerto-de-sao-paulo\/\" \/>\n<meta property=\"og:locale\" content=\"es_ES\" \/>\n<meta property=\"og:type\" content=\"article\" \/>\n<meta property=\"og:title\" content=\"Huelga de Polic\u00eda genera retrasos en el aeropuerto de Sao Paulo\" \/>\n<meta property=\"og:description\" content=\"Portal de noticias del Per\u00fa sobre el transporte a\u00e9reo, aviaci\u00f3n, turismo, hoteleria, actualidad.\" \/>\n<meta property=\"og:url\" content=\"https:\/\/aeronoticias.com.pe\/noticiero\/internacionales\/huelga-de-policia-genera-retrasos-en-el-aeropuerto-de-sao-paulo\/\" \/>\n<meta property=\"og:site_name\" content=\"Aeronoticias.com.pe\" \/>\n<meta property=\"article:publisher\" content=\"https:\/\/www.facebook.com\/Aeronoticias.com.pe\/\" \/>\n<meta property=\"article:published_time\" content=\"2012-08-10T14:14:01+00:00\" \/>\n<meta name=\"author\" content=\"Redacci\u00f3n Aeronoticias\" \/>\n<meta name=\"twitter:card\" content=\"summary_large_image\" \/>\n<meta name=\"twitter:creator\" content=\"@aeronoticias\" \/>\n<meta name=\"twitter:site\" content=\"@aeronoticias\" \/>\n<meta name=\"twitter:label1\" content=\"Escrito por\" \/>\n\t<meta name=\"twitter:data1\" content=\"Redacci\u00f3n Aeronoticias\" \/>\n\t<meta name=\"twitter:label2\" content=\"Tiempo de lectura\" \/>\n\t<meta name=\"twitter:data2\" content=\"1 minuto\" \/>\n<script type=\"application\/ld+json\" class=\"yoast-schema-graph\">{\"@context\":\"https:\/\/schema.org\",\"@graph\":[{\"@type\":\"WebPage\",\"@id\":\"https:\/\/aeronoticias.com.pe\/noticiero\/internacionales\/huelga-de-policia-genera-retrasos-en-el-aeropuerto-de-sao-paulo\/\",\"url\":\"https:\/\/aeronoticias.com.pe\/noticiero\/internacionales\/huelga-de-policia-genera-retrasos-en-el-aeropuerto-de-sao-paulo\/\",\"name\":\"Huelga de Polic\u00eda genera retrasos en el aeropuerto de Sao Paulo\",\"isPartOf\":{\"@id\":\"https:\/\/aeronoticias.com.pe\/noticiero\/#website\"},\"datePublished\":\"2012-08-10T14:14:01+00:00\",\"author\":{\"@id\":\"https:\/\/aeronoticias.com.pe\/noticiero\/#\/schema\/person\/fc1e5d578f4b62ba1cf7ac2bba1170a0\"},\"description\":\"Portal de noticias del Per\u00fa sobre el transporte a\u00e9reo, aviaci\u00f3n, turismo, hoteleria, actualidad.\",\"breadcrumb\":{\"@id\":\"https:\/\/aeronoticias.com.pe\/noticiero\/internacionales\/huelga-de-policia-genera-retrasos-en-el-aeropuerto-de-sao-paulo\/#breadcrumb\"},\"inLanguage\":\"es\",\"potentialAction\":[{\"@type\":\"ReadAction\",\"target\":[\"https:\/\/aeronoticias.com.pe\/noticiero\/internacionales\/huelga-de-policia-genera-retrasos-en-el-aeropuerto-de-sao-paulo\/\"]}]},{\"@type\":\"BreadcrumbList\",\"@id\":\"https:\/\/aeronoticias.com.pe\/noticiero\/internacionales\/huelga-de-policia-genera-retrasos-en-el-aeropuerto-de-sao-paulo\/#breadcrumb\",\"itemListElement\":[{\"@type\":\"ListItem\",\"position\":1,\"name\":\"Portada\",\"item\":\"https:\/\/aeronoticias.com.pe\/noticiero\/\"},{\"@type\":\"ListItem\",\"position\":2,\"name\":\"Huelga de Polic\u00eda genera retrasos en el aeropuerto de Sao Paulo\"}]},{\"@type\":\"WebSite\",\"@id\":\"https:\/\/aeronoticias.com.pe\/noticiero\/#website\",\"url\":\"https:\/\/aeronoticias.com.pe\/noticiero\/\",\"name\":\"Aeronoticias.com.pe\",\"description\":\"Noticias de tranporte aereo, turismo, hoteles, gastronomia, actualidad, internacional\",\"potentialAction\":[{\"@type\":\"SearchAction\",\"target\":{\"@type\":\"EntryPoint\",\"urlTemplate\":\"https:\/\/aeronoticias.com.pe\/noticiero\/?s={search_term_string}\"},\"query-input\":{\"@type\":\"PropertyValueSpecification\",\"valueRequired\":true,\"valueName\":\"search_term_string\"}}],\"inLanguage\":\"es\"},{\"@type\":\"Person\",\"@id\":\"https:\/\/aeronoticias.com.pe\/noticiero\/#\/schema\/person\/fc1e5d578f4b62ba1cf7ac2bba1170a0\",\"name\":\"Redacci\u00f3n Aeronoticias\",\"url\":\"https:\/\/aeronoticias.com.pe\/noticiero\/author\/piloto\/\"}]}<\/script>\n<!-- \/ Yoast SEO plugin. -->","yoast_head_json":{"title":"Huelga de Polic\u00eda genera retrasos en el aeropuerto de Sao Paulo","description":"Portal de noticias del Per\u00fa sobre el transporte a\u00e9reo, aviaci\u00f3n, turismo, hoteleria, actualidad.","robots":{"index":"index","follow":"follow","max-snippet":"max-snippet:-1","max-image-preview":"max-image-preview:large","max-video-preview":"max-video-preview:-1"},"canonical":"https:\/\/aeronoticias.com.pe\/noticiero\/internacionales\/huelga-de-policia-genera-retrasos-en-el-aeropuerto-de-sao-paulo\/","og_locale":"es_ES","og_type":"article","og_title":"Huelga de Polic\u00eda genera retrasos en el aeropuerto de Sao Paulo","og_description":"Portal de noticias del Per\u00fa sobre el transporte a\u00e9reo, aviaci\u00f3n, turismo, hoteleria, actualidad.","og_url":"https:\/\/aeronoticias.com.pe\/noticiero\/internacionales\/huelga-de-policia-genera-retrasos-en-el-aeropuerto-de-sao-paulo\/","og_site_name":"Aeronoticias.com.pe","article_publisher":"https:\/\/www.facebook.com\/Aeronoticias.com.pe\/","article_published_time":"2012-08-10T14:14:01+00:00","author":"Redacci\u00f3n Aeronoticias","twitter_card":"summary_large_image","twitter_creator":"@aeronoticias","twitter_site":"@aeronoticias","twitter_misc":{"Escrito por":"Redacci\u00f3n Aeronoticias","Tiempo de lectura":"1 minuto"},"schema":{"@context":"https:\/\/schema.org","@graph":[{"@type":"WebPage","@id":"https:\/\/aeronoticias.com.pe\/noticiero\/internacionales\/huelga-de-policia-genera-retrasos-en-el-aeropuerto-de-sao-paulo\/","url":"https:\/\/aeronoticias.com.pe\/noticiero\/internacionales\/huelga-de-policia-genera-retrasos-en-el-aeropuerto-de-sao-paulo\/","name":"Huelga de Polic\u00eda genera retrasos en el aeropuerto de Sao Paulo","isPartOf":{"@id":"https:\/\/aeronoticias.com.pe\/noticiero\/#website"},"datePublished":"2012-08-10T14:14:01+00:00","author":{"@id":"https:\/\/aeronoticias.com.pe\/noticiero\/#\/schema\/person\/fc1e5d578f4b62ba1cf7ac2bba1170a0"},"description":"Portal de noticias del Per\u00fa sobre el transporte a\u00e9reo, aviaci\u00f3n, turismo, hoteleria, actualidad.","breadcrumb":{"@id":"https:\/\/aeronoticias.com.pe\/noticiero\/internacionales\/huelga-de-policia-genera-retrasos-en-el-aeropuerto-de-sao-paulo\/#breadcrumb"},"inLanguage":"es","potentialAction":[{"@type":"ReadAction","target":["https:\/\/aeronoticias.com.pe\/noticiero\/internacionales\/huelga-de-policia-genera-retrasos-en-el-aeropuerto-de-sao-paulo\/"]}]},{"@type":"BreadcrumbList","@id":"https:\/\/aeronoticias.com.pe\/noticiero\/internacionales\/huelga-de-policia-genera-retrasos-en-el-aeropuerto-de-sao-paulo\/#breadcrumb","itemListElement":[{"@type":"ListItem","position":1,"name":"Portada","item":"https:\/\/aeronoticias.com.pe\/noticiero\/"},{"@type":"ListItem","position":2,"name":"Huelga de Polic\u00eda genera retrasos en el aeropuerto de Sao Paulo"}]},{"@type":"WebSite","@id":"https:\/\/aeronoticias.com.pe\/noticiero\/#website","url":"https:\/\/aeronoticias.com.pe\/noticiero\/","name":"Aeronoticias.com.pe","description":"Noticias de tranporte aereo, turismo, hoteles, gastronomia, actualidad, internacional","potentialAction":[{"@type":"SearchAction","target":{"@type":"EntryPoint","urlTemplate":"https:\/\/aeronoticias.com.pe\/noticiero\/?s={search_term_string}"},"query-input":{"@type":"PropertyValueSpecification","valueRequired":true,"valueName":"search_term_string"}}],"inLanguage":"es"},{"@type":"Person","@id":"https:\/\/aeronoticias.com.pe\/noticiero\/#\/schema\/person\/fc1e5d578f4b62ba1cf7ac2bba1170a0","name":"Redacci\u00f3n Aeronoticias","url":"https:\/\/aeronoticias.com.pe\/noticiero\/author\/piloto\/"}]}},"_links":{"self":[{"href":"https:\/\/aeronoticias.com.pe\/noticiero\/wp-json\/wp\/v2\/posts\/29454","targetHints":{"allow":["GET"]}}],"collection":[{"href":"https:\/\/aeronoticias.com.pe\/noticiero\/wp-json\/wp\/v2\/posts"}],"about":[{"href":"https:\/\/aeronoticias.com.pe\/noticiero\/wp-json\/wp\/v2\/types\/post"}],"author":[{"embeddable":true,"href":"https:\/\/aeronoticias.com.pe\/noticiero\/wp-json\/wp\/v2\/users\/1"}],"replies":[{"embeddable":true,"href":"https:\/\/aeronoticias.com.pe\/noticiero\/wp-json\/wp\/v2\/comments?post=29454"}],"version-history":[{"count":0,"href":"https:\/\/aeronoticias.com.pe\/noticiero\/wp-json\/wp\/v2\/posts\/29454\/revisions"}],"wp:attachment":[{"href":"https:\/\/aeronoticias.com.pe\/noticiero\/wp-json\/wp\/v2\/media?parent=29454"}],"wp:term":[{"taxonomy":"category","embeddable":true,"href":"https:\/\/aeronoticias.com.pe\/noticiero\/wp-json\/wp\/v2\/categories?post=29454"},{"taxonomy":"post_tag","embeddable":true,"href":"https:\/\/aeronoticias.com.pe\/noticiero\/wp-json\/wp\/v2\/tags?post=29454"}],"curies":[{"name":"wp","href":"https:\/\/api.w.org\/{rel}","templated":true}]}}