{"id":29455,"date":"2012-08-10T14:23:53","date_gmt":"2012-08-10T14:23:53","guid":{"rendered":"http:\/\/desarrollo.mcvicious.com\/aero2020\/2012\/08\/10\/aeropuerto-aleman-de-frankfurt-cierra-el-mes-de-julio-con-un-crecimiento-del-37\/"},"modified":"2012-08-10T14:23:53","modified_gmt":"2012-08-10T14:23:53","slug":"aeropuerto-aleman-de-frankfurt-cierra-el-mes-de-julio-con-un-crecimiento-del-37","status":"publish","type":"post","link":"https:\/\/aeronoticias.com.pe\/noticiero\/transporte-aereo\/internacional\/aeropuerto-aleman-de-frankfurt-cierra-el-mes-de-julio-con-un-crecimiento-del-37\/","title":{"rendered":"Aeropuerto alem\u00e1n de Frankfurt cierra el mes de julio con un crecimiento del 3,7%"},"content":{"rendered":"<p style=\"text-align: justify;\"><strong>(Aeronoticias).-<\/strong> El aeropuerto de la ciudad alemana de Frankurt registr\u00f3 un total de 5,8 millones de pasajeros durante julio de 2012, lo que supone un incremento del 3,7% en comparaci\u00f3n con el mismo mes del a\u00f1o anterior, seg\u00fan ha informado el Grupo aeroportuario Fraport.<\/p>\n<p style=\"text-align: justify;\">As\u00ed, el aeropuerto alem\u00e1n registr\u00f3 la mejor cifra de su historia en el mes de julio. Asimismo, en cuanto al peso de despegue m\u00e1ximo acumulado (MTOW), tambi\u00e9n registr\u00f3 un nuevo r\u00e9cord de 2,6 millones de toneladas.<\/p>\n<p style=\"text-align: justify;\">Por otra parte, el movimiento de aviones aument\u00f3 un 1,3%, con un total de 43.269 despegues y aterrizajes en el s\u00e9ptimo mes del a\u00f1o. En cuanto, al volumen de carga descendi\u00f3 un 7,6% respecto al mismo mes de 2011, registrando 180.468 toneladas.<\/p>\n<p>  <!--more-->  <\/p>\n<p style=\"text-align: justify;\">El tr\u00e1fico de los cinco aeropuertos del Grupo Fraport (Frankfurt, Antalya, Burgas, Lima y Varna) creci\u00f3 un 3,2% en julio, hasta 11,8 millones de pasajeros.<\/p>\n<p style=\"text-align: justify;\">Europa Press<\/p>\n<p><img decoding=\"async\" src=\"images\/stories\/12\/08\/100812\/frankfurt.jpg\" border=\"0\" alt=\"Aeropuerto alem\u00e1n de Frankfurt cierra el mes de julio con un crecimiento del 3,7%\" title=\"Aeropuerto alem\u00e1n de Frankfurt cierra el mes de julio con un crecimiento del 3,7%\" \/><\/p>\n","protected":false},"excerpt":{"rendered":"<p>(Aeronoticias).- El aeropuerto de la ciudad alemana de Frankurt registr\u00f3 un total de 5,8 millones de pasajeros durante julio de 2012, lo que supone un incremento del 3,7% en comparaci\u00f3n con el mismo mes del a\u00f1o anterior, seg\u00fan ha informado el Grupo aeroportuario Fraport. As\u00ed, el aeropuerto alem\u00e1n registr\u00f3 la mejor cifra de su historia [&hellip;]<\/p>\n","protected":false},"author":1,"featured_media":0,"comment_status":"open","ping_status":"open","sticky":false,"template":"","format":"standard","meta":{"tdm_status":"","tdm_grid_status":"","footnotes":""},"categories":[32],"tags":[],"class_list":{"0":"post-29455","1":"post","2":"type-post","3":"status-publish","4":"format-standard","6":"category-internacional"},"yoast_head":"<!-- This site is optimized with the Yoast SEO plugin v25.1 - https:\/\/yoast.com\/wordpress\/plugins\/seo\/ -->\n<title>Aeropuerto alem\u00e1n de Frankfurt cierra el mes de julio con un crecimiento del 3,7%<\/title>\n<meta name=\"description\" content=\"Portal de noticias del Per\u00fa sobre el transporte a\u00e9reo, aviaci\u00f3n, turismo, hoteleria, actualidad.\" \/>\n<meta name=\"robots\" content=\"index, follow, max-snippet:-1, max-image-preview:large, max-video-preview:-1\" \/>\n<link rel=\"canonical\" href=\"https:\/\/aeronoticias.com.pe\/noticiero\/transporte-aereo\/internacional\/aeropuerto-aleman-de-frankfurt-cierra-el-mes-de-julio-con-un-crecimiento-del-37\/\" \/>\n<meta property=\"og:locale\" content=\"es_ES\" \/>\n<meta property=\"og:type\" content=\"article\" \/>\n<meta property=\"og:title\" content=\"Aeropuerto alem\u00e1n de Frankfurt cierra el mes de julio con un crecimiento del 3,7%\" \/>\n<meta property=\"og:description\" content=\"Portal de noticias del Per\u00fa sobre el transporte a\u00e9reo, aviaci\u00f3n, turismo, hoteleria, actualidad.\" \/>\n<meta property=\"og:url\" content=\"https:\/\/aeronoticias.com.pe\/noticiero\/transporte-aereo\/internacional\/aeropuerto-aleman-de-frankfurt-cierra-el-mes-de-julio-con-un-crecimiento-del-37\/\" \/>\n<meta property=\"og:site_name\" content=\"Aeronoticias.com.pe\" \/>\n<meta property=\"article:publisher\" content=\"https:\/\/www.facebook.com\/Aeronoticias.com.pe\/\" \/>\n<meta property=\"article:published_time\" content=\"2012-08-10T14:23:53+00:00\" \/>\n<meta name=\"author\" content=\"Redacci\u00f3n Aeronoticias\" \/>\n<meta name=\"twitter:card\" content=\"summary_large_image\" \/>\n<meta name=\"twitter:creator\" content=\"@aeronoticias\" \/>\n<meta name=\"twitter:site\" content=\"@aeronoticias\" \/>\n<meta name=\"twitter:label1\" content=\"Escrito por\" \/>\n\t<meta name=\"twitter:data1\" content=\"Redacci\u00f3n Aeronoticias\" \/>\n\t<meta name=\"twitter:label2\" content=\"Tiempo de lectura\" \/>\n\t<meta name=\"twitter:data2\" content=\"1 minuto\" \/>\n<script type=\"application\/ld+json\" class=\"yoast-schema-graph\">{\"@context\":\"https:\/\/schema.org\",\"@graph\":[{\"@type\":\"WebPage\",\"@id\":\"https:\/\/aeronoticias.com.pe\/noticiero\/transporte-aereo\/internacional\/aeropuerto-aleman-de-frankfurt-cierra-el-mes-de-julio-con-un-crecimiento-del-37\/\",\"url\":\"https:\/\/aeronoticias.com.pe\/noticiero\/transporte-aereo\/internacional\/aeropuerto-aleman-de-frankfurt-cierra-el-mes-de-julio-con-un-crecimiento-del-37\/\",\"name\":\"Aeropuerto alem\u00e1n de Frankfurt cierra el mes de julio con un crecimiento del 3,7%\",\"isPartOf\":{\"@id\":\"https:\/\/aeronoticias.com.pe\/noticiero\/#website\"},\"datePublished\":\"2012-08-10T14:23:53+00:00\",\"author\":{\"@id\":\"https:\/\/aeronoticias.com.pe\/noticiero\/#\/schema\/person\/fc1e5d578f4b62ba1cf7ac2bba1170a0\"},\"description\":\"Portal de noticias del Per\u00fa sobre el transporte a\u00e9reo, aviaci\u00f3n, turismo, hoteleria, actualidad.\",\"breadcrumb\":{\"@id\":\"https:\/\/aeronoticias.com.pe\/noticiero\/transporte-aereo\/internacional\/aeropuerto-aleman-de-frankfurt-cierra-el-mes-de-julio-con-un-crecimiento-del-37\/#breadcrumb\"},\"inLanguage\":\"es\",\"potentialAction\":[{\"@type\":\"ReadAction\",\"target\":[\"https:\/\/aeronoticias.com.pe\/noticiero\/transporte-aereo\/internacional\/aeropuerto-aleman-de-frankfurt-cierra-el-mes-de-julio-con-un-crecimiento-del-37\/\"]}]},{\"@type\":\"BreadcrumbList\",\"@id\":\"https:\/\/aeronoticias.com.pe\/noticiero\/transporte-aereo\/internacional\/aeropuerto-aleman-de-frankfurt-cierra-el-mes-de-julio-con-un-crecimiento-del-37\/#breadcrumb\",\"itemListElement\":[{\"@type\":\"ListItem\",\"position\":1,\"name\":\"Portada\",\"item\":\"https:\/\/aeronoticias.com.pe\/noticiero\/\"},{\"@type\":\"ListItem\",\"position\":2,\"name\":\"Aeropuerto alem\u00e1n de Frankfurt cierra el mes de julio con un crecimiento del 3,7%\"}]},{\"@type\":\"WebSite\",\"@id\":\"https:\/\/aeronoticias.com.pe\/noticiero\/#website\",\"url\":\"https:\/\/aeronoticias.com.pe\/noticiero\/\",\"name\":\"Aeronoticias.com.pe\",\"description\":\"Noticias de tranporte aereo, turismo, hoteles, gastronomia, actualidad, internacional\",\"potentialAction\":[{\"@type\":\"SearchAction\",\"target\":{\"@type\":\"EntryPoint\",\"urlTemplate\":\"https:\/\/aeronoticias.com.pe\/noticiero\/?s={search_term_string}\"},\"query-input\":{\"@type\":\"PropertyValueSpecification\",\"valueRequired\":true,\"valueName\":\"search_term_string\"}}],\"inLanguage\":\"es\"},{\"@type\":\"Person\",\"@id\":\"https:\/\/aeronoticias.com.pe\/noticiero\/#\/schema\/person\/fc1e5d578f4b62ba1cf7ac2bba1170a0\",\"name\":\"Redacci\u00f3n Aeronoticias\",\"url\":\"https:\/\/aeronoticias.com.pe\/noticiero\/author\/piloto\/\"}]}<\/script>\n<!-- \/ Yoast SEO plugin. -->","yoast_head_json":{"title":"Aeropuerto alem\u00e1n de Frankfurt cierra el mes de julio con un crecimiento del 3,7%","description":"Portal de noticias del Per\u00fa sobre el transporte a\u00e9reo, aviaci\u00f3n, turismo, hoteleria, actualidad.","robots":{"index":"index","follow":"follow","max-snippet":"max-snippet:-1","max-image-preview":"max-image-preview:large","max-video-preview":"max-video-preview:-1"},"canonical":"https:\/\/aeronoticias.com.pe\/noticiero\/transporte-aereo\/internacional\/aeropuerto-aleman-de-frankfurt-cierra-el-mes-de-julio-con-un-crecimiento-del-37\/","og_locale":"es_ES","og_type":"article","og_title":"Aeropuerto alem\u00e1n de Frankfurt cierra el mes de julio con un crecimiento del 3,7%","og_description":"Portal de noticias del Per\u00fa sobre el transporte a\u00e9reo, aviaci\u00f3n, turismo, hoteleria, actualidad.","og_url":"https:\/\/aeronoticias.com.pe\/noticiero\/transporte-aereo\/internacional\/aeropuerto-aleman-de-frankfurt-cierra-el-mes-de-julio-con-un-crecimiento-del-37\/","og_site_name":"Aeronoticias.com.pe","article_publisher":"https:\/\/www.facebook.com\/Aeronoticias.com.pe\/","article_published_time":"2012-08-10T14:23:53+00:00","author":"Redacci\u00f3n Aeronoticias","twitter_card":"summary_large_image","twitter_creator":"@aeronoticias","twitter_site":"@aeronoticias","twitter_misc":{"Escrito por":"Redacci\u00f3n Aeronoticias","Tiempo de lectura":"1 minuto"},"schema":{"@context":"https:\/\/schema.org","@graph":[{"@type":"WebPage","@id":"https:\/\/aeronoticias.com.pe\/noticiero\/transporte-aereo\/internacional\/aeropuerto-aleman-de-frankfurt-cierra-el-mes-de-julio-con-un-crecimiento-del-37\/","url":"https:\/\/aeronoticias.com.pe\/noticiero\/transporte-aereo\/internacional\/aeropuerto-aleman-de-frankfurt-cierra-el-mes-de-julio-con-un-crecimiento-del-37\/","name":"Aeropuerto alem\u00e1n de Frankfurt cierra el mes de julio con un crecimiento del 3,7%","isPartOf":{"@id":"https:\/\/aeronoticias.com.pe\/noticiero\/#website"},"datePublished":"2012-08-10T14:23:53+00:00","author":{"@id":"https:\/\/aeronoticias.com.pe\/noticiero\/#\/schema\/person\/fc1e5d578f4b62ba1cf7ac2bba1170a0"},"description":"Portal de noticias del Per\u00fa sobre el transporte a\u00e9reo, aviaci\u00f3n, turismo, hoteleria, actualidad.","breadcrumb":{"@id":"https:\/\/aeronoticias.com.pe\/noticiero\/transporte-aereo\/internacional\/aeropuerto-aleman-de-frankfurt-cierra-el-mes-de-julio-con-un-crecimiento-del-37\/#breadcrumb"},"inLanguage":"es","potentialAction":[{"@type":"ReadAction","target":["https:\/\/aeronoticias.com.pe\/noticiero\/transporte-aereo\/internacional\/aeropuerto-aleman-de-frankfurt-cierra-el-mes-de-julio-con-un-crecimiento-del-37\/"]}]},{"@type":"BreadcrumbList","@id":"https:\/\/aeronoticias.com.pe\/noticiero\/transporte-aereo\/internacional\/aeropuerto-aleman-de-frankfurt-cierra-el-mes-de-julio-con-un-crecimiento-del-37\/#breadcrumb","itemListElement":[{"@type":"ListItem","position":1,"name":"Portada","item":"https:\/\/aeronoticias.com.pe\/noticiero\/"},{"@type":"ListItem","position":2,"name":"Aeropuerto alem\u00e1n de Frankfurt cierra el mes de julio con un crecimiento del 3,7%"}]},{"@type":"WebSite","@id":"https:\/\/aeronoticias.com.pe\/noticiero\/#website","url":"https:\/\/aeronoticias.com.pe\/noticiero\/","name":"Aeronoticias.com.pe","description":"Noticias de tranporte aereo, turismo, hoteles, gastronomia, actualidad, internacional","potentialAction":[{"@type":"SearchAction","target":{"@type":"EntryPoint","urlTemplate":"https:\/\/aeronoticias.com.pe\/noticiero\/?s={search_term_string}"},"query-input":{"@type":"PropertyValueSpecification","valueRequired":true,"valueName":"search_term_string"}}],"inLanguage":"es"},{"@type":"Person","@id":"https:\/\/aeronoticias.com.pe\/noticiero\/#\/schema\/person\/fc1e5d578f4b62ba1cf7ac2bba1170a0","name":"Redacci\u00f3n Aeronoticias","url":"https:\/\/aeronoticias.com.pe\/noticiero\/author\/piloto\/"}]}},"_links":{"self":[{"href":"https:\/\/aeronoticias.com.pe\/noticiero\/wp-json\/wp\/v2\/posts\/29455","targetHints":{"allow":["GET"]}}],"collection":[{"href":"https:\/\/aeronoticias.com.pe\/noticiero\/wp-json\/wp\/v2\/posts"}],"about":[{"href":"https:\/\/aeronoticias.com.pe\/noticiero\/wp-json\/wp\/v2\/types\/post"}],"author":[{"embeddable":true,"href":"https:\/\/aeronoticias.com.pe\/noticiero\/wp-json\/wp\/v2\/users\/1"}],"replies":[{"embeddable":true,"href":"https:\/\/aeronoticias.com.pe\/noticiero\/wp-json\/wp\/v2\/comments?post=29455"}],"version-history":[{"count":0,"href":"https:\/\/aeronoticias.com.pe\/noticiero\/wp-json\/wp\/v2\/posts\/29455\/revisions"}],"wp:attachment":[{"href":"https:\/\/aeronoticias.com.pe\/noticiero\/wp-json\/wp\/v2\/media?parent=29455"}],"wp:term":[{"taxonomy":"category","embeddable":true,"href":"https:\/\/aeronoticias.com.pe\/noticiero\/wp-json\/wp\/v2\/categories?post=29455"},{"taxonomy":"post_tag","embeddable":true,"href":"https:\/\/aeronoticias.com.pe\/noticiero\/wp-json\/wp\/v2\/tags?post=29455"}],"curies":[{"name":"wp","href":"https:\/\/api.w.org\/{rel}","templated":true}]}}