{"id":29459,"date":"2012-08-10T14:41:13","date_gmt":"2012-08-10T14:41:13","guid":{"rendered":"http:\/\/desarrollo.mcvicious.com\/aero2020\/2012\/08\/10\/trafico-de-pasajeros-de-latam-airlines-crecio-79-en-julio\/"},"modified":"2012-08-10T14:41:13","modified_gmt":"2012-08-10T14:41:13","slug":"trafico-de-pasajeros-de-latam-airlines-crecio-79-en-julio","status":"publish","type":"post","link":"https:\/\/aeronoticias.com.pe\/noticiero\/transporte-aereo\/internacional\/trafico-de-pasajeros-de-latam-airlines-crecio-79-en-julio\/","title":{"rendered":"Tr\u00e1fico de pasajeros de LATAM Airlines creci\u00f3 7.9% en julio"},"content":{"rendered":"<p style=\"text-align: justify;\"><strong>(Aeronoticias).-<\/strong> LATAM Airlines Group S.A. y sus filiales (\u201cLATAM Airlines Group\u201d o \u201cla Compa\u00f1\u00eda\u201d), dieron a conocer este jueves las estad\u00edsticas preliminares de tr\u00e1fico para julio de 2012 comparadas con julio de 2011.<\/p>\n<p style=\"text-align: justify;\">El tr\u00e1fico de pasajeros aument\u00f3 7,9%, mientras que la capacidad se increment\u00f3 en un 2,9%. Como resultado, el factor de ocupaci\u00f3n para el mes aument\u00f3 3,9 puntos porcentuales a 83,6%. El tr\u00e1fico\u00a0internacional de pasajeros represent\u00f3 aproximadamente un 49% del total del tr\u00e1fico de pasajeros del mes.<\/p>\n<p style=\"text-align: justify;\">El tr\u00e1fico dom\u00e9stico de pasajeros en las operaciones de habla hispana de la compa\u00f1\u00eda (Argentina,\u00a0Chile, Per\u00fa, Ecuador y Colombia) aument\u00f3 24,7%, mientras que la capacidad se increment\u00f3 en un\u00a022,4%. Como resultado, el factor de ocupaci\u00f3n aument\u00f3 1,5 puntos porcentuales a 81,8%.<\/p>\n<p style=\"text-align: justify;\">El tr\u00e1fico dom\u00e9stico de pasajeros en Brasil aument\u00f3 10,1%, mientras que la capacidad se\u00a0disminuy\u00f3 en 1,4%. Como resultado, el factor de ocupaci\u00f3n aument\u00f3 8,5 puntos porcentuales a\u00a081,4%.<\/p>\n<p style=\"text-align: justify;\">El tr\u00e1fico internacional de pasajeros aument\u00f3 2,6%, mientras que la capacidad se increment\u00f3 en 1,6%. Como resultado, el factor de ocupaci\u00f3n para el mes aument\u00f3 0,8 puntos porcentuales a 85,8%.<\/p>\n<p style=\"text-align: justify;\">El tr\u00e1fico internacional incluye las operaciones internacionales de LAN y TAM en rutas regionales y de largo alcance.<\/p>\n<p>  <!--more-->  <\/p>\n<p style=\"text-align: justify;\">El tr\u00e1fico de carga de LAN cay\u00f3 4,5%, mientras que la capacidad decreci\u00f3 un 2,8%. Como resultado, el factor de ocupaci\u00f3n cay\u00f3 1,2 puntos porcentuales a 68,1%.<\/p>\n<p style=\"text-align: justify;\">La ca\u00edda en la capacidad de carga se debe a la baja en la demanda, la cual ha estado afectada por menores importaciones en Am\u00e9rica Latina, parcialmente compensada por una mayor demanda de materias primas desde Am\u00e9rica del Sur.<\/p>\n<p style=\"text-align: justify;\">Am\u00e9ricaEconom\u00eda.com<\/p>\n<p style=\"text-align: justify;\"><img decoding=\"async\" src=\"images\/stories\/12\/06\/220612\/latam.jpg\" border=\"0\" alt=\"Tr\u00e1fico de pasajeros de LATAM Airlines creci\u00f3 7.9% en julio\" title=\"Tr\u00e1fico de pasajeros de LATAM Airlines creci\u00f3 7.9% en julio\" \/><\/p>\n","protected":false},"excerpt":{"rendered":"<p>(Aeronoticias).- LATAM Airlines Group S.A. y sus filiales (\u201cLATAM Airlines Group\u201d o \u201cla Compa\u00f1\u00eda\u201d), dieron a conocer este jueves las estad\u00edsticas preliminares de tr\u00e1fico para julio de 2012 comparadas con julio de 2011. El tr\u00e1fico de pasajeros aument\u00f3 7,9%, mientras que la capacidad se increment\u00f3 en un 2,9%. Como resultado, el factor de ocupaci\u00f3n para [&hellip;]<\/p>\n","protected":false},"author":1,"featured_media":0,"comment_status":"open","ping_status":"open","sticky":false,"template":"","format":"standard","meta":{"tdm_status":"","tdm_grid_status":"","footnotes":""},"categories":[32],"tags":[],"class_list":{"0":"post-29459","1":"post","2":"type-post","3":"status-publish","4":"format-standard","6":"category-internacional"},"yoast_head":"<!-- This site is optimized with the Yoast SEO plugin v25.1 - https:\/\/yoast.com\/wordpress\/plugins\/seo\/ -->\n<title>Tr\u00e1fico de pasajeros de LATAM Airlines creci\u00f3 7.9% en julio<\/title>\n<meta name=\"description\" content=\"Portal de noticias del Per\u00fa sobre el transporte a\u00e9reo, aviaci\u00f3n, turismo, hoteleria, actualidad.\" \/>\n<meta name=\"robots\" content=\"index, follow, max-snippet:-1, max-image-preview:large, max-video-preview:-1\" \/>\n<link rel=\"canonical\" href=\"https:\/\/aeronoticias.com.pe\/noticiero\/transporte-aereo\/internacional\/trafico-de-pasajeros-de-latam-airlines-crecio-79-en-julio\/\" \/>\n<meta property=\"og:locale\" content=\"es_ES\" \/>\n<meta property=\"og:type\" content=\"article\" \/>\n<meta property=\"og:title\" content=\"Tr\u00e1fico de pasajeros de LATAM Airlines creci\u00f3 7.9% en julio\" \/>\n<meta property=\"og:description\" content=\"Portal de noticias del Per\u00fa sobre el transporte a\u00e9reo, aviaci\u00f3n, turismo, hoteleria, actualidad.\" \/>\n<meta property=\"og:url\" content=\"https:\/\/aeronoticias.com.pe\/noticiero\/transporte-aereo\/internacional\/trafico-de-pasajeros-de-latam-airlines-crecio-79-en-julio\/\" \/>\n<meta property=\"og:site_name\" content=\"Aeronoticias.com.pe\" \/>\n<meta property=\"article:publisher\" content=\"https:\/\/www.facebook.com\/Aeronoticias.com.pe\/\" \/>\n<meta property=\"article:published_time\" content=\"2012-08-10T14:41:13+00:00\" \/>\n<meta name=\"author\" content=\"Redacci\u00f3n Aeronoticias\" \/>\n<meta name=\"twitter:card\" content=\"summary_large_image\" \/>\n<meta name=\"twitter:creator\" content=\"@aeronoticias\" \/>\n<meta name=\"twitter:site\" content=\"@aeronoticias\" \/>\n<meta name=\"twitter:label1\" content=\"Escrito por\" \/>\n\t<meta name=\"twitter:data1\" content=\"Redacci\u00f3n Aeronoticias\" \/>\n\t<meta name=\"twitter:label2\" content=\"Tiempo de lectura\" \/>\n\t<meta name=\"twitter:data2\" content=\"1 minuto\" \/>\n<script type=\"application\/ld+json\" class=\"yoast-schema-graph\">{\"@context\":\"https:\/\/schema.org\",\"@graph\":[{\"@type\":\"WebPage\",\"@id\":\"https:\/\/aeronoticias.com.pe\/noticiero\/transporte-aereo\/internacional\/trafico-de-pasajeros-de-latam-airlines-crecio-79-en-julio\/\",\"url\":\"https:\/\/aeronoticias.com.pe\/noticiero\/transporte-aereo\/internacional\/trafico-de-pasajeros-de-latam-airlines-crecio-79-en-julio\/\",\"name\":\"Tr\u00e1fico de pasajeros de LATAM Airlines creci\u00f3 7.9% en julio\",\"isPartOf\":{\"@id\":\"https:\/\/aeronoticias.com.pe\/noticiero\/#website\"},\"datePublished\":\"2012-08-10T14:41:13+00:00\",\"author\":{\"@id\":\"https:\/\/aeronoticias.com.pe\/noticiero\/#\/schema\/person\/fc1e5d578f4b62ba1cf7ac2bba1170a0\"},\"description\":\"Portal de noticias del Per\u00fa sobre el transporte a\u00e9reo, aviaci\u00f3n, turismo, hoteleria, actualidad.\",\"breadcrumb\":{\"@id\":\"https:\/\/aeronoticias.com.pe\/noticiero\/transporte-aereo\/internacional\/trafico-de-pasajeros-de-latam-airlines-crecio-79-en-julio\/#breadcrumb\"},\"inLanguage\":\"es\",\"potentialAction\":[{\"@type\":\"ReadAction\",\"target\":[\"https:\/\/aeronoticias.com.pe\/noticiero\/transporte-aereo\/internacional\/trafico-de-pasajeros-de-latam-airlines-crecio-79-en-julio\/\"]}]},{\"@type\":\"BreadcrumbList\",\"@id\":\"https:\/\/aeronoticias.com.pe\/noticiero\/transporte-aereo\/internacional\/trafico-de-pasajeros-de-latam-airlines-crecio-79-en-julio\/#breadcrumb\",\"itemListElement\":[{\"@type\":\"ListItem\",\"position\":1,\"name\":\"Portada\",\"item\":\"https:\/\/aeronoticias.com.pe\/noticiero\/\"},{\"@type\":\"ListItem\",\"position\":2,\"name\":\"Tr\u00e1fico de pasajeros de LATAM Airlines creci\u00f3 7.9% en julio\"}]},{\"@type\":\"WebSite\",\"@id\":\"https:\/\/aeronoticias.com.pe\/noticiero\/#website\",\"url\":\"https:\/\/aeronoticias.com.pe\/noticiero\/\",\"name\":\"Aeronoticias.com.pe\",\"description\":\"Noticias de tranporte aereo, turismo, hoteles, gastronomia, actualidad, internacional\",\"potentialAction\":[{\"@type\":\"SearchAction\",\"target\":{\"@type\":\"EntryPoint\",\"urlTemplate\":\"https:\/\/aeronoticias.com.pe\/noticiero\/?s={search_term_string}\"},\"query-input\":{\"@type\":\"PropertyValueSpecification\",\"valueRequired\":true,\"valueName\":\"search_term_string\"}}],\"inLanguage\":\"es\"},{\"@type\":\"Person\",\"@id\":\"https:\/\/aeronoticias.com.pe\/noticiero\/#\/schema\/person\/fc1e5d578f4b62ba1cf7ac2bba1170a0\",\"name\":\"Redacci\u00f3n Aeronoticias\",\"url\":\"https:\/\/aeronoticias.com.pe\/noticiero\/author\/piloto\/\"}]}<\/script>\n<!-- \/ Yoast SEO plugin. -->","yoast_head_json":{"title":"Tr\u00e1fico de pasajeros de LATAM Airlines creci\u00f3 7.9% en julio","description":"Portal de noticias del Per\u00fa sobre el transporte a\u00e9reo, aviaci\u00f3n, turismo, hoteleria, actualidad.","robots":{"index":"index","follow":"follow","max-snippet":"max-snippet:-1","max-image-preview":"max-image-preview:large","max-video-preview":"max-video-preview:-1"},"canonical":"https:\/\/aeronoticias.com.pe\/noticiero\/transporte-aereo\/internacional\/trafico-de-pasajeros-de-latam-airlines-crecio-79-en-julio\/","og_locale":"es_ES","og_type":"article","og_title":"Tr\u00e1fico de pasajeros de LATAM Airlines creci\u00f3 7.9% en julio","og_description":"Portal de noticias del Per\u00fa sobre el transporte a\u00e9reo, aviaci\u00f3n, turismo, hoteleria, actualidad.","og_url":"https:\/\/aeronoticias.com.pe\/noticiero\/transporte-aereo\/internacional\/trafico-de-pasajeros-de-latam-airlines-crecio-79-en-julio\/","og_site_name":"Aeronoticias.com.pe","article_publisher":"https:\/\/www.facebook.com\/Aeronoticias.com.pe\/","article_published_time":"2012-08-10T14:41:13+00:00","author":"Redacci\u00f3n Aeronoticias","twitter_card":"summary_large_image","twitter_creator":"@aeronoticias","twitter_site":"@aeronoticias","twitter_misc":{"Escrito por":"Redacci\u00f3n Aeronoticias","Tiempo de lectura":"1 minuto"},"schema":{"@context":"https:\/\/schema.org","@graph":[{"@type":"WebPage","@id":"https:\/\/aeronoticias.com.pe\/noticiero\/transporte-aereo\/internacional\/trafico-de-pasajeros-de-latam-airlines-crecio-79-en-julio\/","url":"https:\/\/aeronoticias.com.pe\/noticiero\/transporte-aereo\/internacional\/trafico-de-pasajeros-de-latam-airlines-crecio-79-en-julio\/","name":"Tr\u00e1fico de pasajeros de LATAM Airlines creci\u00f3 7.9% en julio","isPartOf":{"@id":"https:\/\/aeronoticias.com.pe\/noticiero\/#website"},"datePublished":"2012-08-10T14:41:13+00:00","author":{"@id":"https:\/\/aeronoticias.com.pe\/noticiero\/#\/schema\/person\/fc1e5d578f4b62ba1cf7ac2bba1170a0"},"description":"Portal de noticias del Per\u00fa sobre el transporte a\u00e9reo, aviaci\u00f3n, turismo, hoteleria, actualidad.","breadcrumb":{"@id":"https:\/\/aeronoticias.com.pe\/noticiero\/transporte-aereo\/internacional\/trafico-de-pasajeros-de-latam-airlines-crecio-79-en-julio\/#breadcrumb"},"inLanguage":"es","potentialAction":[{"@type":"ReadAction","target":["https:\/\/aeronoticias.com.pe\/noticiero\/transporte-aereo\/internacional\/trafico-de-pasajeros-de-latam-airlines-crecio-79-en-julio\/"]}]},{"@type":"BreadcrumbList","@id":"https:\/\/aeronoticias.com.pe\/noticiero\/transporte-aereo\/internacional\/trafico-de-pasajeros-de-latam-airlines-crecio-79-en-julio\/#breadcrumb","itemListElement":[{"@type":"ListItem","position":1,"name":"Portada","item":"https:\/\/aeronoticias.com.pe\/noticiero\/"},{"@type":"ListItem","position":2,"name":"Tr\u00e1fico de pasajeros de LATAM Airlines creci\u00f3 7.9% en julio"}]},{"@type":"WebSite","@id":"https:\/\/aeronoticias.com.pe\/noticiero\/#website","url":"https:\/\/aeronoticias.com.pe\/noticiero\/","name":"Aeronoticias.com.pe","description":"Noticias de tranporte aereo, turismo, hoteles, gastronomia, actualidad, internacional","potentialAction":[{"@type":"SearchAction","target":{"@type":"EntryPoint","urlTemplate":"https:\/\/aeronoticias.com.pe\/noticiero\/?s={search_term_string}"},"query-input":{"@type":"PropertyValueSpecification","valueRequired":true,"valueName":"search_term_string"}}],"inLanguage":"es"},{"@type":"Person","@id":"https:\/\/aeronoticias.com.pe\/noticiero\/#\/schema\/person\/fc1e5d578f4b62ba1cf7ac2bba1170a0","name":"Redacci\u00f3n Aeronoticias","url":"https:\/\/aeronoticias.com.pe\/noticiero\/author\/piloto\/"}]}},"_links":{"self":[{"href":"https:\/\/aeronoticias.com.pe\/noticiero\/wp-json\/wp\/v2\/posts\/29459","targetHints":{"allow":["GET"]}}],"collection":[{"href":"https:\/\/aeronoticias.com.pe\/noticiero\/wp-json\/wp\/v2\/posts"}],"about":[{"href":"https:\/\/aeronoticias.com.pe\/noticiero\/wp-json\/wp\/v2\/types\/post"}],"author":[{"embeddable":true,"href":"https:\/\/aeronoticias.com.pe\/noticiero\/wp-json\/wp\/v2\/users\/1"}],"replies":[{"embeddable":true,"href":"https:\/\/aeronoticias.com.pe\/noticiero\/wp-json\/wp\/v2\/comments?post=29459"}],"version-history":[{"count":0,"href":"https:\/\/aeronoticias.com.pe\/noticiero\/wp-json\/wp\/v2\/posts\/29459\/revisions"}],"wp:attachment":[{"href":"https:\/\/aeronoticias.com.pe\/noticiero\/wp-json\/wp\/v2\/media?parent=29459"}],"wp:term":[{"taxonomy":"category","embeddable":true,"href":"https:\/\/aeronoticias.com.pe\/noticiero\/wp-json\/wp\/v2\/categories?post=29459"},{"taxonomy":"post_tag","embeddable":true,"href":"https:\/\/aeronoticias.com.pe\/noticiero\/wp-json\/wp\/v2\/tags?post=29459"}],"curies":[{"name":"wp","href":"https:\/\/api.w.org\/{rel}","templated":true}]}}