{"id":29498,"date":"2012-08-12T15:05:08","date_gmt":"2012-08-12T15:05:08","guid":{"rendered":"http:\/\/desarrollo.mcvicious.com\/aero2020\/2012\/08\/12\/nuevas-inversiones-brasilenas-iran-tambien-a-sectores-hotelero-y-gastronomico\/"},"modified":"2012-08-12T15:05:08","modified_gmt":"2012-08-12T15:05:08","slug":"nuevas-inversiones-brasilenas-iran-tambien-a-sectores-hotelero-y-gastronomico","status":"publish","type":"post","link":"https:\/\/aeronoticias.com.pe\/noticiero\/turismo\/13\/nuevas-inversiones-brasilenas-iran-tambien-a-sectores-hotelero-y-gastronomico\/","title":{"rendered":"Nuevas inversiones brasile\u00f1as ir\u00e1n tambi\u00e9n a sectores hotelero y gastron\u00f3mico"},"content":{"rendered":"<p style=\"text-align: justify;\"><strong>(Aeronoticias).-<\/strong> Per\u00fa es uno de los destinos m\u00e1s atractivos para las inversiones de Brasil por lo que la nueva ola de inversiones de ese pa\u00eds ir\u00e1 al sector servicios, incluyendo franquicias, hoteler\u00eda y gastronom\u00eda, se\u00f1al\u00f3 hoy el embajador brasile\u00f1o en Lima, Carlos Lazary Teixeira.<\/p>\n<p style=\"text-align: justify;\">\u201cEstoy seguro que la nueva ola de inversiones brasile\u00f1as vendr\u00e1 del sector servicios. Muchos empresarios brasile\u00f1os est\u00e1n mirando el sector de franquicias, hay muchos grupos brasile\u00f1os interesados en el boom de la gastronom\u00eda peruana, turismo y otros sectores\u201d, declar\u00f3 a la agencia Andina.<\/p>\n<p style=\"text-align: justify;\">Afirm\u00f3 que Per\u00fa tiene uno de los ambientes econ\u00f3micos m\u00e1s competitivos y favorables del mundo para atraer inversiones porque es un pa\u00eds en franco crecimiento con una creciente demanda y consumo.<\/p>\n<p style=\"text-align: justify;\">\u201cPer\u00fa es muy atractivo para las empresas brasile\u00f1as porque ha mostrado un comportamiento econ\u00f3mico ejemplar y est\u00e1 incorporando nuevos grupos de su poblaci\u00f3n a los niveles de consumo, lo que constituye un atractivo irresistible para las inversiones brasile\u00f1as en Per\u00fa\u201d, asever\u00f3.<\/p>\n<p style=\"text-align: justify;\">Agreg\u00f3 que el crecimiento de ciudades del interior del pa\u00eds como Pucallpa (Ucayali), Iquitos (Loreto) y Puerto Maldonado (Madre de Dios), atrae mucho a los inversionistas.<\/p>\n<p style=\"text-align: justify;\">Asimismo, el embajador indic\u00f3 que las inversiones peruanas tambi\u00e9n est\u00e1n creciendo en Brasil en diversos sectores y tambi\u00e9n en el de franquicias.<\/p>\n<p>  <!--more-->  <\/p>\n<p style=\"text-align: justify;\">Destac\u00f3 la voluntad de integraci\u00f3n fronteriza de Per\u00fa y Brasil y, en ese sentido, plante\u00f3 la necesidad de cambiar la cultura de los organismos encargados de la supervisi\u00f3n de las fronteras para promover el comercio bilateral.<\/p>\n<p style=\"text-align: justify;\">\u201cTenemos que pasar de una cultura de frontera como punto de control a una cultura de frontera como punto de apoyo al desarrollo, al crecimiento del comercio y de la circulaci\u00f3n de bienes y de personas\u201d, subray\u00f3.<\/p>\n<p style=\"text-align: justify;\">Explic\u00f3 que el desarrollo de las carreteras entre Per\u00fa y Brasil debe servir para el flujo bilateral de las inversionistas, pero tambi\u00e9n se debe aprovechar sus potencialidades para atraer turistas de todo el mundo.<\/p>\n<p style=\"text-align: justify;\">Explic\u00f3 que Brasil atrae a muchos turistas por sus eventos deportivos, mientras que Per\u00fa lo hace por sus atractivos naturales y tur\u00edsticos por sus civilizaciones antiguas, y por todo lo que est\u00e1 logrando con la promoci\u00f3n de la Marca Pa\u00eds, sobre todo en gastronom\u00eda.<\/p>\n<p style=\"text-align: justify;\">\u201cHay inter\u00e9s de los dos pa\u00edses, de su potencial de integrar la atracci\u00f3n de turistas en toda la carretera (Interoce\u00e1nica Sur), porque la carretera en s\u00ed misma es una atracci\u00f3n tur\u00edstica excepcional\u201d, asever\u00f3.<\/p>\n<p style=\"text-align: justify;\">Lazary Teixeira particip\u00f3 en el Encuentro Econ\u00f3mico Regi\u00f3n Ucayali, que organiza el Banco Central de Reserva (BCR) en Pucallpa (Ucayali) y que concluye hoy.<\/p>\n<p style=\"text-align: justify;\">(FIN) LVT\/JPC<\/p>\n<p style=\"text-align: justify;\">Agencia Andina.<\/p>\n<p style=\"text-align: justify;\"><img decoding=\"async\" src=\"..\/fotonoticias\/0109\/03\/270309\/hotel.jpg\" border=\"0\" alt=\"Nuevas inversiones brasile\u00f1as ir\u00e1n tambi\u00e9n a sectores hotelero y gastron\u00f3mico\" title=\"Nuevas inversiones brasile\u00f1as ir\u00e1n tambi\u00e9n a sectores hotelero y gastron\u00f3mico\" \/><\/p>\n","protected":false},"excerpt":{"rendered":"<p>(Aeronoticias).- Per\u00fa es uno de los destinos m\u00e1s atractivos para las inversiones de Brasil por lo que la nueva ola de inversiones de ese pa\u00eds ir\u00e1 al sector servicios, incluyendo franquicias, hoteler\u00eda y gastronom\u00eda, se\u00f1al\u00f3 hoy el embajador brasile\u00f1o en Lima, Carlos Lazary Teixeira. \u201cEstoy seguro que la nueva ola de inversiones brasile\u00f1as vendr\u00e1 del [&hellip;]<\/p>\n","protected":false},"author":1,"featured_media":0,"comment_status":"open","ping_status":"open","sticky":false,"template":"","format":"standard","meta":{"tdm_status":"","tdm_grid_status":"","footnotes":""},"categories":[31],"tags":[],"class_list":{"0":"post-29498","1":"post","2":"type-post","3":"status-publish","4":"format-standard","6":"category-31"},"yoast_head":"<!-- This site is optimized with the Yoast SEO plugin v25.1 - https:\/\/yoast.com\/wordpress\/plugins\/seo\/ -->\n<title>Nuevas inversiones brasile\u00f1as ir\u00e1n tambi\u00e9n a sectores hotelero y gastron\u00f3mico<\/title>\n<meta name=\"description\" content=\"Portal de noticias del Per\u00fa sobre el transporte a\u00e9reo, aviaci\u00f3n, turismo, hoteleria, actualidad.\" \/>\n<meta name=\"robots\" content=\"index, follow, max-snippet:-1, max-image-preview:large, max-video-preview:-1\" \/>\n<link rel=\"canonical\" href=\"https:\/\/aeronoticias.com.pe\/noticiero\/turismo\/13\/nuevas-inversiones-brasilenas-iran-tambien-a-sectores-hotelero-y-gastronomico\/\" \/>\n<meta property=\"og:locale\" content=\"es_ES\" \/>\n<meta property=\"og:type\" content=\"article\" \/>\n<meta property=\"og:title\" content=\"Nuevas inversiones brasile\u00f1as ir\u00e1n tambi\u00e9n a sectores hotelero y gastron\u00f3mico\" \/>\n<meta property=\"og:description\" content=\"Portal de noticias del Per\u00fa sobre el transporte a\u00e9reo, aviaci\u00f3n, turismo, hoteleria, actualidad.\" \/>\n<meta property=\"og:url\" content=\"https:\/\/aeronoticias.com.pe\/noticiero\/turismo\/13\/nuevas-inversiones-brasilenas-iran-tambien-a-sectores-hotelero-y-gastronomico\/\" \/>\n<meta property=\"og:site_name\" content=\"Aeronoticias.com.pe\" \/>\n<meta property=\"article:publisher\" content=\"https:\/\/www.facebook.com\/Aeronoticias.com.pe\/\" \/>\n<meta property=\"article:published_time\" content=\"2012-08-12T15:05:08+00:00\" \/>\n<meta name=\"author\" content=\"Redacci\u00f3n Aeronoticias\" \/>\n<meta name=\"twitter:card\" content=\"summary_large_image\" \/>\n<meta name=\"twitter:creator\" content=\"@aeronoticias\" \/>\n<meta name=\"twitter:site\" content=\"@aeronoticias\" \/>\n<meta name=\"twitter:label1\" content=\"Escrito por\" \/>\n\t<meta name=\"twitter:data1\" content=\"Redacci\u00f3n Aeronoticias\" \/>\n\t<meta name=\"twitter:label2\" content=\"Tiempo de lectura\" \/>\n\t<meta name=\"twitter:data2\" content=\"2 minutos\" \/>\n<script type=\"application\/ld+json\" class=\"yoast-schema-graph\">{\"@context\":\"https:\/\/schema.org\",\"@graph\":[{\"@type\":\"WebPage\",\"@id\":\"https:\/\/aeronoticias.com.pe\/noticiero\/turismo\/13\/nuevas-inversiones-brasilenas-iran-tambien-a-sectores-hotelero-y-gastronomico\/\",\"url\":\"https:\/\/aeronoticias.com.pe\/noticiero\/turismo\/13\/nuevas-inversiones-brasilenas-iran-tambien-a-sectores-hotelero-y-gastronomico\/\",\"name\":\"Nuevas inversiones brasile\u00f1as ir\u00e1n tambi\u00e9n a sectores hotelero y gastron\u00f3mico\",\"isPartOf\":{\"@id\":\"https:\/\/aeronoticias.com.pe\/noticiero\/#website\"},\"datePublished\":\"2012-08-12T15:05:08+00:00\",\"author\":{\"@id\":\"https:\/\/aeronoticias.com.pe\/noticiero\/#\/schema\/person\/fc1e5d578f4b62ba1cf7ac2bba1170a0\"},\"description\":\"Portal de noticias del Per\u00fa sobre el transporte a\u00e9reo, aviaci\u00f3n, turismo, hoteleria, actualidad.\",\"breadcrumb\":{\"@id\":\"https:\/\/aeronoticias.com.pe\/noticiero\/turismo\/13\/nuevas-inversiones-brasilenas-iran-tambien-a-sectores-hotelero-y-gastronomico\/#breadcrumb\"},\"inLanguage\":\"es\",\"potentialAction\":[{\"@type\":\"ReadAction\",\"target\":[\"https:\/\/aeronoticias.com.pe\/noticiero\/turismo\/13\/nuevas-inversiones-brasilenas-iran-tambien-a-sectores-hotelero-y-gastronomico\/\"]}]},{\"@type\":\"BreadcrumbList\",\"@id\":\"https:\/\/aeronoticias.com.pe\/noticiero\/turismo\/13\/nuevas-inversiones-brasilenas-iran-tambien-a-sectores-hotelero-y-gastronomico\/#breadcrumb\",\"itemListElement\":[{\"@type\":\"ListItem\",\"position\":1,\"name\":\"Portada\",\"item\":\"https:\/\/aeronoticias.com.pe\/noticiero\/\"},{\"@type\":\"ListItem\",\"position\":2,\"name\":\"Nuevas inversiones brasile\u00f1as ir\u00e1n tambi\u00e9n a sectores hotelero y gastron\u00f3mico\"}]},{\"@type\":\"WebSite\",\"@id\":\"https:\/\/aeronoticias.com.pe\/noticiero\/#website\",\"url\":\"https:\/\/aeronoticias.com.pe\/noticiero\/\",\"name\":\"Aeronoticias.com.pe\",\"description\":\"Noticias de tranporte aereo, turismo, hoteles, gastronomia, actualidad, internacional\",\"potentialAction\":[{\"@type\":\"SearchAction\",\"target\":{\"@type\":\"EntryPoint\",\"urlTemplate\":\"https:\/\/aeronoticias.com.pe\/noticiero\/?s={search_term_string}\"},\"query-input\":{\"@type\":\"PropertyValueSpecification\",\"valueRequired\":true,\"valueName\":\"search_term_string\"}}],\"inLanguage\":\"es\"},{\"@type\":\"Person\",\"@id\":\"https:\/\/aeronoticias.com.pe\/noticiero\/#\/schema\/person\/fc1e5d578f4b62ba1cf7ac2bba1170a0\",\"name\":\"Redacci\u00f3n Aeronoticias\",\"url\":\"https:\/\/aeronoticias.com.pe\/noticiero\/author\/piloto\/\"}]}<\/script>\n<!-- \/ Yoast SEO plugin. -->","yoast_head_json":{"title":"Nuevas inversiones brasile\u00f1as ir\u00e1n tambi\u00e9n a sectores hotelero y gastron\u00f3mico","description":"Portal de noticias del Per\u00fa sobre el transporte a\u00e9reo, aviaci\u00f3n, turismo, hoteleria, actualidad.","robots":{"index":"index","follow":"follow","max-snippet":"max-snippet:-1","max-image-preview":"max-image-preview:large","max-video-preview":"max-video-preview:-1"},"canonical":"https:\/\/aeronoticias.com.pe\/noticiero\/turismo\/13\/nuevas-inversiones-brasilenas-iran-tambien-a-sectores-hotelero-y-gastronomico\/","og_locale":"es_ES","og_type":"article","og_title":"Nuevas inversiones brasile\u00f1as ir\u00e1n tambi\u00e9n a sectores hotelero y gastron\u00f3mico","og_description":"Portal de noticias del Per\u00fa sobre el transporte a\u00e9reo, aviaci\u00f3n, turismo, hoteleria, actualidad.","og_url":"https:\/\/aeronoticias.com.pe\/noticiero\/turismo\/13\/nuevas-inversiones-brasilenas-iran-tambien-a-sectores-hotelero-y-gastronomico\/","og_site_name":"Aeronoticias.com.pe","article_publisher":"https:\/\/www.facebook.com\/Aeronoticias.com.pe\/","article_published_time":"2012-08-12T15:05:08+00:00","author":"Redacci\u00f3n Aeronoticias","twitter_card":"summary_large_image","twitter_creator":"@aeronoticias","twitter_site":"@aeronoticias","twitter_misc":{"Escrito por":"Redacci\u00f3n Aeronoticias","Tiempo de lectura":"2 minutos"},"schema":{"@context":"https:\/\/schema.org","@graph":[{"@type":"WebPage","@id":"https:\/\/aeronoticias.com.pe\/noticiero\/turismo\/13\/nuevas-inversiones-brasilenas-iran-tambien-a-sectores-hotelero-y-gastronomico\/","url":"https:\/\/aeronoticias.com.pe\/noticiero\/turismo\/13\/nuevas-inversiones-brasilenas-iran-tambien-a-sectores-hotelero-y-gastronomico\/","name":"Nuevas inversiones brasile\u00f1as ir\u00e1n tambi\u00e9n a sectores hotelero y gastron\u00f3mico","isPartOf":{"@id":"https:\/\/aeronoticias.com.pe\/noticiero\/#website"},"datePublished":"2012-08-12T15:05:08+00:00","author":{"@id":"https:\/\/aeronoticias.com.pe\/noticiero\/#\/schema\/person\/fc1e5d578f4b62ba1cf7ac2bba1170a0"},"description":"Portal de noticias del Per\u00fa sobre el transporte a\u00e9reo, aviaci\u00f3n, turismo, hoteleria, actualidad.","breadcrumb":{"@id":"https:\/\/aeronoticias.com.pe\/noticiero\/turismo\/13\/nuevas-inversiones-brasilenas-iran-tambien-a-sectores-hotelero-y-gastronomico\/#breadcrumb"},"inLanguage":"es","potentialAction":[{"@type":"ReadAction","target":["https:\/\/aeronoticias.com.pe\/noticiero\/turismo\/13\/nuevas-inversiones-brasilenas-iran-tambien-a-sectores-hotelero-y-gastronomico\/"]}]},{"@type":"BreadcrumbList","@id":"https:\/\/aeronoticias.com.pe\/noticiero\/turismo\/13\/nuevas-inversiones-brasilenas-iran-tambien-a-sectores-hotelero-y-gastronomico\/#breadcrumb","itemListElement":[{"@type":"ListItem","position":1,"name":"Portada","item":"https:\/\/aeronoticias.com.pe\/noticiero\/"},{"@type":"ListItem","position":2,"name":"Nuevas inversiones brasile\u00f1as ir\u00e1n tambi\u00e9n a sectores hotelero y gastron\u00f3mico"}]},{"@type":"WebSite","@id":"https:\/\/aeronoticias.com.pe\/noticiero\/#website","url":"https:\/\/aeronoticias.com.pe\/noticiero\/","name":"Aeronoticias.com.pe","description":"Noticias de tranporte aereo, turismo, hoteles, gastronomia, actualidad, internacional","potentialAction":[{"@type":"SearchAction","target":{"@type":"EntryPoint","urlTemplate":"https:\/\/aeronoticias.com.pe\/noticiero\/?s={search_term_string}"},"query-input":{"@type":"PropertyValueSpecification","valueRequired":true,"valueName":"search_term_string"}}],"inLanguage":"es"},{"@type":"Person","@id":"https:\/\/aeronoticias.com.pe\/noticiero\/#\/schema\/person\/fc1e5d578f4b62ba1cf7ac2bba1170a0","name":"Redacci\u00f3n Aeronoticias","url":"https:\/\/aeronoticias.com.pe\/noticiero\/author\/piloto\/"}]}},"_links":{"self":[{"href":"https:\/\/aeronoticias.com.pe\/noticiero\/wp-json\/wp\/v2\/posts\/29498","targetHints":{"allow":["GET"]}}],"collection":[{"href":"https:\/\/aeronoticias.com.pe\/noticiero\/wp-json\/wp\/v2\/posts"}],"about":[{"href":"https:\/\/aeronoticias.com.pe\/noticiero\/wp-json\/wp\/v2\/types\/post"}],"author":[{"embeddable":true,"href":"https:\/\/aeronoticias.com.pe\/noticiero\/wp-json\/wp\/v2\/users\/1"}],"replies":[{"embeddable":true,"href":"https:\/\/aeronoticias.com.pe\/noticiero\/wp-json\/wp\/v2\/comments?post=29498"}],"version-history":[{"count":0,"href":"https:\/\/aeronoticias.com.pe\/noticiero\/wp-json\/wp\/v2\/posts\/29498\/revisions"}],"wp:attachment":[{"href":"https:\/\/aeronoticias.com.pe\/noticiero\/wp-json\/wp\/v2\/media?parent=29498"}],"wp:term":[{"taxonomy":"category","embeddable":true,"href":"https:\/\/aeronoticias.com.pe\/noticiero\/wp-json\/wp\/v2\/categories?post=29498"},{"taxonomy":"post_tag","embeddable":true,"href":"https:\/\/aeronoticias.com.pe\/noticiero\/wp-json\/wp\/v2\/tags?post=29498"}],"curies":[{"name":"wp","href":"https:\/\/api.w.org\/{rel}","templated":true}]}}