{"id":29499,"date":"2012-08-12T15:11:06","date_gmt":"2012-08-12T15:11:06","guid":{"rendered":"http:\/\/desarrollo.mcvicious.com\/aero2020\/2012\/08\/12\/valle-del-colca-recibio-al-menos-4000-turistas-durante-fiestas-patrias\/"},"modified":"2012-08-12T15:11:06","modified_gmt":"2012-08-12T15:11:06","slug":"valle-del-colca-recibio-al-menos-4000-turistas-durante-fiestas-patrias","status":"publish","type":"post","link":"https:\/\/aeronoticias.com.pe\/noticiero\/turismo\/13\/valle-del-colca-recibio-al-menos-4000-turistas-durante-fiestas-patrias\/","title":{"rendered":"Valle del Colca recibi\u00f3 al menos 4,000 turistas durante Fiestas Patrias"},"content":{"rendered":"<p style=\"text-align: justify;\"><strong>(Aeronoticias).-<\/strong> Al menos 4,000 turistas llegaron al valle del Colca, ubicado en la provincia arequipe\u00f1a de Caylloma, durante el fin de semana largo por Fiestas Patrias, inform\u00f3 hoy la Autoridad Aut\u00f3noma del Colca (Autocolca).<\/p>\n<p style=\"text-align: justify;\">Fredy Jim\u00e9nez Barrios, gerente de la entidad, refiri\u00f3 a la Agencia Andina que m\u00e1s de 1,300 turistas arribaron por d\u00eda.<\/p>\n<p style=\"text-align: justify;\">\u201cM\u00e1s del 60 por ciento de los turistas que lleg\u00f3 al valle del Colca correspondi\u00f3 a visitantes nacionales y locales, quienes aprovecharon las Fiestas Patrias para conocer los atractivos naturales, arquitect\u00f3nicos y arqueol\u00f3gicos de la zona\u201d, manifest\u00f3.<\/p>\n<p style=\"text-align: justify;\">Jim\u00e9nez destac\u00f3 la gran afluencia de turistas locales, quienes ingresan gratis a la zona gracias a la promoci\u00f3n lanzada recientemente con el prop\u00f3sito de atraer a los visitantes arequipe\u00f1os.<\/p>\n<p style=\"text-align: justify;\">El ingreso gratuito para los arequipe\u00f1os al valle del Colca se prolongar\u00e1 hasta fines de agosto con motivo del mes aniversario de Arequipa, cuya fecha central se celebra el 15 de agosto.<\/p>\n<p style=\"text-align: justify;\">Los arequipe\u00f1os pueden ingresar al Colca con la sola presentaci\u00f3n de su documento de identidad.<\/p>\n<p>  <!--more-->  <\/p>\n<p style=\"text-align: justify;\">El valle del Colca est\u00e1 ubicado a cuatro horas de viaje desde la ciudad de Arequipa. En esta zona existen 16 poblados de descendientes de las etnias de los Collaguas y Cabanas, herederos de una rica tradici\u00f3n cultural.<\/p>\n<p style=\"text-align: justify;\">Los pueblos de Chivay y Cabanaconde son los m\u00e1s visitados por los turistas. En este \u00faltimo lugar es posible avistar c\u00f3ndores en pleno vuelo desde el mirador de la Cruz del C\u00f3ndor.<\/p>\n<p style=\"text-align: justify;\">El valle del Colca forma parte de la placa tect\u00f3nica sudamericana y alberga un volc\u00e1n en actividad llamado Sabancaya, ubicado en el macizo volc\u00e1nico del Hualca Hualca.<\/p>\n<p style=\"text-align: justify;\">Posee una gran diversidad de flora y fauna. Entre las especies de fauna m\u00e1s representativas se hallan el c\u00f3ndor, el cern\u00edcalo, el halc\u00f3n peregrino y la perdiz serrana.<\/p>\n<p style=\"text-align: justify;\">Su gran belleza natural es complementada con arquitectura religiosa de la \u00e9poca de la Colonia y complejos arqueol\u00f3gicos preincaicos.<\/p>\n<p style=\"text-align: justify;\">(FIN) RMC\/JOT<\/p>\n<p style=\"text-align: justify;\">Agencia Andina.<\/p>\n<p style=\"text-align: justify;\"><img decoding=\"async\" src=\"images\/stories\/11\/11\/231111\/valle_colca_turismo.jpg\" border=\"0\" alt=\"Valle del Colca recibi\u00f3 al menos 4,000 turistas durante Fiestas Patrias\" title=\"Valle del Colca recibi\u00f3 al menos 4,000 turistas durante Fiestas Patrias\" \/><\/p>\n","protected":false},"excerpt":{"rendered":"<p>(Aeronoticias).- Al menos 4,000 turistas llegaron al valle del Colca, ubicado en la provincia arequipe\u00f1a de Caylloma, durante el fin de semana largo por Fiestas Patrias, inform\u00f3 hoy la Autoridad Aut\u00f3noma del Colca (Autocolca). Fredy Jim\u00e9nez Barrios, gerente de la entidad, refiri\u00f3 a la Agencia Andina que m\u00e1s de 1,300 turistas arribaron por d\u00eda. \u201cM\u00e1s [&hellip;]<\/p>\n","protected":false},"author":1,"featured_media":0,"comment_status":"open","ping_status":"open","sticky":false,"template":"","format":"standard","meta":{"tdm_status":"","tdm_grid_status":"","footnotes":""},"categories":[31],"tags":[],"class_list":{"0":"post-29499","1":"post","2":"type-post","3":"status-publish","4":"format-standard","6":"category-31"},"yoast_head":"<!-- This site is optimized with the Yoast SEO plugin v25.1 - https:\/\/yoast.com\/wordpress\/plugins\/seo\/ -->\n<title>Valle del Colca recibi\u00f3 al menos 4,000 turistas durante Fiestas Patrias<\/title>\n<meta name=\"description\" content=\"Portal de noticias del Per\u00fa sobre el transporte a\u00e9reo, aviaci\u00f3n, turismo, hoteleria, actualidad.\" \/>\n<meta name=\"robots\" content=\"index, follow, max-snippet:-1, max-image-preview:large, max-video-preview:-1\" \/>\n<link rel=\"canonical\" href=\"https:\/\/aeronoticias.com.pe\/noticiero\/turismo\/13\/valle-del-colca-recibio-al-menos-4000-turistas-durante-fiestas-patrias\/\" \/>\n<meta property=\"og:locale\" content=\"es_ES\" \/>\n<meta property=\"og:type\" content=\"article\" \/>\n<meta property=\"og:title\" content=\"Valle del Colca recibi\u00f3 al menos 4,000 turistas durante Fiestas Patrias\" \/>\n<meta property=\"og:description\" content=\"Portal de noticias del Per\u00fa sobre el transporte a\u00e9reo, aviaci\u00f3n, turismo, hoteleria, actualidad.\" \/>\n<meta property=\"og:url\" content=\"https:\/\/aeronoticias.com.pe\/noticiero\/turismo\/13\/valle-del-colca-recibio-al-menos-4000-turistas-durante-fiestas-patrias\/\" \/>\n<meta property=\"og:site_name\" content=\"Aeronoticias.com.pe\" \/>\n<meta property=\"article:publisher\" content=\"https:\/\/www.facebook.com\/Aeronoticias.com.pe\/\" \/>\n<meta property=\"article:published_time\" content=\"2012-08-12T15:11:06+00:00\" \/>\n<meta name=\"author\" content=\"Redacci\u00f3n Aeronoticias\" \/>\n<meta name=\"twitter:card\" content=\"summary_large_image\" \/>\n<meta name=\"twitter:creator\" content=\"@aeronoticias\" \/>\n<meta name=\"twitter:site\" content=\"@aeronoticias\" \/>\n<meta name=\"twitter:label1\" content=\"Escrito por\" \/>\n\t<meta name=\"twitter:data1\" content=\"Redacci\u00f3n Aeronoticias\" \/>\n\t<meta name=\"twitter:label2\" content=\"Tiempo de lectura\" \/>\n\t<meta name=\"twitter:data2\" content=\"2 minutos\" \/>\n<script type=\"application\/ld+json\" class=\"yoast-schema-graph\">{\"@context\":\"https:\/\/schema.org\",\"@graph\":[{\"@type\":\"WebPage\",\"@id\":\"https:\/\/aeronoticias.com.pe\/noticiero\/turismo\/13\/valle-del-colca-recibio-al-menos-4000-turistas-durante-fiestas-patrias\/\",\"url\":\"https:\/\/aeronoticias.com.pe\/noticiero\/turismo\/13\/valle-del-colca-recibio-al-menos-4000-turistas-durante-fiestas-patrias\/\",\"name\":\"Valle del Colca recibi\u00f3 al menos 4,000 turistas durante Fiestas Patrias\",\"isPartOf\":{\"@id\":\"https:\/\/aeronoticias.com.pe\/noticiero\/#website\"},\"datePublished\":\"2012-08-12T15:11:06+00:00\",\"author\":{\"@id\":\"https:\/\/aeronoticias.com.pe\/noticiero\/#\/schema\/person\/fc1e5d578f4b62ba1cf7ac2bba1170a0\"},\"description\":\"Portal de noticias del Per\u00fa sobre el transporte a\u00e9reo, aviaci\u00f3n, turismo, hoteleria, actualidad.\",\"breadcrumb\":{\"@id\":\"https:\/\/aeronoticias.com.pe\/noticiero\/turismo\/13\/valle-del-colca-recibio-al-menos-4000-turistas-durante-fiestas-patrias\/#breadcrumb\"},\"inLanguage\":\"es\",\"potentialAction\":[{\"@type\":\"ReadAction\",\"target\":[\"https:\/\/aeronoticias.com.pe\/noticiero\/turismo\/13\/valle-del-colca-recibio-al-menos-4000-turistas-durante-fiestas-patrias\/\"]}]},{\"@type\":\"BreadcrumbList\",\"@id\":\"https:\/\/aeronoticias.com.pe\/noticiero\/turismo\/13\/valle-del-colca-recibio-al-menos-4000-turistas-durante-fiestas-patrias\/#breadcrumb\",\"itemListElement\":[{\"@type\":\"ListItem\",\"position\":1,\"name\":\"Portada\",\"item\":\"https:\/\/aeronoticias.com.pe\/noticiero\/\"},{\"@type\":\"ListItem\",\"position\":2,\"name\":\"Valle del Colca recibi\u00f3 al menos 4,000 turistas durante Fiestas Patrias\"}]},{\"@type\":\"WebSite\",\"@id\":\"https:\/\/aeronoticias.com.pe\/noticiero\/#website\",\"url\":\"https:\/\/aeronoticias.com.pe\/noticiero\/\",\"name\":\"Aeronoticias.com.pe\",\"description\":\"Noticias de tranporte aereo, turismo, hoteles, gastronomia, actualidad, internacional\",\"potentialAction\":[{\"@type\":\"SearchAction\",\"target\":{\"@type\":\"EntryPoint\",\"urlTemplate\":\"https:\/\/aeronoticias.com.pe\/noticiero\/?s={search_term_string}\"},\"query-input\":{\"@type\":\"PropertyValueSpecification\",\"valueRequired\":true,\"valueName\":\"search_term_string\"}}],\"inLanguage\":\"es\"},{\"@type\":\"Person\",\"@id\":\"https:\/\/aeronoticias.com.pe\/noticiero\/#\/schema\/person\/fc1e5d578f4b62ba1cf7ac2bba1170a0\",\"name\":\"Redacci\u00f3n Aeronoticias\",\"url\":\"https:\/\/aeronoticias.com.pe\/noticiero\/author\/piloto\/\"}]}<\/script>\n<!-- \/ Yoast SEO plugin. -->","yoast_head_json":{"title":"Valle del Colca recibi\u00f3 al menos 4,000 turistas durante Fiestas Patrias","description":"Portal de noticias del Per\u00fa sobre el transporte a\u00e9reo, aviaci\u00f3n, turismo, hoteleria, actualidad.","robots":{"index":"index","follow":"follow","max-snippet":"max-snippet:-1","max-image-preview":"max-image-preview:large","max-video-preview":"max-video-preview:-1"},"canonical":"https:\/\/aeronoticias.com.pe\/noticiero\/turismo\/13\/valle-del-colca-recibio-al-menos-4000-turistas-durante-fiestas-patrias\/","og_locale":"es_ES","og_type":"article","og_title":"Valle del Colca recibi\u00f3 al menos 4,000 turistas durante Fiestas Patrias","og_description":"Portal de noticias del Per\u00fa sobre el transporte a\u00e9reo, aviaci\u00f3n, turismo, hoteleria, actualidad.","og_url":"https:\/\/aeronoticias.com.pe\/noticiero\/turismo\/13\/valle-del-colca-recibio-al-menos-4000-turistas-durante-fiestas-patrias\/","og_site_name":"Aeronoticias.com.pe","article_publisher":"https:\/\/www.facebook.com\/Aeronoticias.com.pe\/","article_published_time":"2012-08-12T15:11:06+00:00","author":"Redacci\u00f3n Aeronoticias","twitter_card":"summary_large_image","twitter_creator":"@aeronoticias","twitter_site":"@aeronoticias","twitter_misc":{"Escrito por":"Redacci\u00f3n Aeronoticias","Tiempo de lectura":"2 minutos"},"schema":{"@context":"https:\/\/schema.org","@graph":[{"@type":"WebPage","@id":"https:\/\/aeronoticias.com.pe\/noticiero\/turismo\/13\/valle-del-colca-recibio-al-menos-4000-turistas-durante-fiestas-patrias\/","url":"https:\/\/aeronoticias.com.pe\/noticiero\/turismo\/13\/valle-del-colca-recibio-al-menos-4000-turistas-durante-fiestas-patrias\/","name":"Valle del Colca recibi\u00f3 al menos 4,000 turistas durante Fiestas Patrias","isPartOf":{"@id":"https:\/\/aeronoticias.com.pe\/noticiero\/#website"},"datePublished":"2012-08-12T15:11:06+00:00","author":{"@id":"https:\/\/aeronoticias.com.pe\/noticiero\/#\/schema\/person\/fc1e5d578f4b62ba1cf7ac2bba1170a0"},"description":"Portal de noticias del Per\u00fa sobre el transporte a\u00e9reo, aviaci\u00f3n, turismo, hoteleria, actualidad.","breadcrumb":{"@id":"https:\/\/aeronoticias.com.pe\/noticiero\/turismo\/13\/valle-del-colca-recibio-al-menos-4000-turistas-durante-fiestas-patrias\/#breadcrumb"},"inLanguage":"es","potentialAction":[{"@type":"ReadAction","target":["https:\/\/aeronoticias.com.pe\/noticiero\/turismo\/13\/valle-del-colca-recibio-al-menos-4000-turistas-durante-fiestas-patrias\/"]}]},{"@type":"BreadcrumbList","@id":"https:\/\/aeronoticias.com.pe\/noticiero\/turismo\/13\/valle-del-colca-recibio-al-menos-4000-turistas-durante-fiestas-patrias\/#breadcrumb","itemListElement":[{"@type":"ListItem","position":1,"name":"Portada","item":"https:\/\/aeronoticias.com.pe\/noticiero\/"},{"@type":"ListItem","position":2,"name":"Valle del Colca recibi\u00f3 al menos 4,000 turistas durante Fiestas Patrias"}]},{"@type":"WebSite","@id":"https:\/\/aeronoticias.com.pe\/noticiero\/#website","url":"https:\/\/aeronoticias.com.pe\/noticiero\/","name":"Aeronoticias.com.pe","description":"Noticias de tranporte aereo, turismo, hoteles, gastronomia, actualidad, internacional","potentialAction":[{"@type":"SearchAction","target":{"@type":"EntryPoint","urlTemplate":"https:\/\/aeronoticias.com.pe\/noticiero\/?s={search_term_string}"},"query-input":{"@type":"PropertyValueSpecification","valueRequired":true,"valueName":"search_term_string"}}],"inLanguage":"es"},{"@type":"Person","@id":"https:\/\/aeronoticias.com.pe\/noticiero\/#\/schema\/person\/fc1e5d578f4b62ba1cf7ac2bba1170a0","name":"Redacci\u00f3n Aeronoticias","url":"https:\/\/aeronoticias.com.pe\/noticiero\/author\/piloto\/"}]}},"_links":{"self":[{"href":"https:\/\/aeronoticias.com.pe\/noticiero\/wp-json\/wp\/v2\/posts\/29499","targetHints":{"allow":["GET"]}}],"collection":[{"href":"https:\/\/aeronoticias.com.pe\/noticiero\/wp-json\/wp\/v2\/posts"}],"about":[{"href":"https:\/\/aeronoticias.com.pe\/noticiero\/wp-json\/wp\/v2\/types\/post"}],"author":[{"embeddable":true,"href":"https:\/\/aeronoticias.com.pe\/noticiero\/wp-json\/wp\/v2\/users\/1"}],"replies":[{"embeddable":true,"href":"https:\/\/aeronoticias.com.pe\/noticiero\/wp-json\/wp\/v2\/comments?post=29499"}],"version-history":[{"count":0,"href":"https:\/\/aeronoticias.com.pe\/noticiero\/wp-json\/wp\/v2\/posts\/29499\/revisions"}],"wp:attachment":[{"href":"https:\/\/aeronoticias.com.pe\/noticiero\/wp-json\/wp\/v2\/media?parent=29499"}],"wp:term":[{"taxonomy":"category","embeddable":true,"href":"https:\/\/aeronoticias.com.pe\/noticiero\/wp-json\/wp\/v2\/categories?post=29499"},{"taxonomy":"post_tag","embeddable":true,"href":"https:\/\/aeronoticias.com.pe\/noticiero\/wp-json\/wp\/v2\/tags?post=29499"}],"curies":[{"name":"wp","href":"https:\/\/api.w.org\/{rel}","templated":true}]}}