{"id":29500,"date":"2012-08-12T15:20:20","date_gmt":"2012-08-12T15:20:20","guid":{"rendered":"http:\/\/desarrollo.mcvicious.com\/aero2020\/2012\/08\/12\/tras-derrame-de-cobre-de-antamina-confirman-contaminacion-en-6-ninos-en-ancash\/"},"modified":"2012-08-12T15:20:20","modified_gmt":"2012-08-12T15:20:20","slug":"tras-derrame-de-cobre-de-antamina-confirman-contaminacion-en-6-ninos-en-ancash","status":"publish","type":"post","link":"https:\/\/aeronoticias.com.pe\/noticiero\/politica\/tras-derrame-de-cobre-de-antamina-confirman-contaminacion-en-6-ninos-en-ancash\/","title":{"rendered":"Tras derrame de cobre de Antamina confirman contaminaci\u00f3n en 6 ni\u00f1os en \u00c1ncash"},"content":{"rendered":"<div id=\"mp0_ctr\" style=\"width: auto;\">\n<div id=\"mp0_msgPartBody\" class=\"MsgPartBody ClearBoth\">\n<div>\n<div id=\"mpf0_readMsgBodyContainer\" class=\"ReadMsgBody\">\n<div id=\"mpf0_MsgContainer\" class=\"SandboxScopeClass ExternalClass\">.ExternalClass .ecxhmmessage P {padding:0px;} .ExternalClass body.ecxhmmessage {font-size:10pt;font-family:Tahoma;} <\/p>\n<div dir=\"ltr\">\n<p style=\"text-align: justify;\"><strong>(Aeronoticias).-<\/strong>El alcalde de  Cajacay, L\u00e1zaro Santos Sandoval revel\u00f3 que unos 6 menores de edad y 13  adultos tienen valores de metal en su sangre por encima de los l\u00edmites  establecidos, luego del derrame de cobre de la compa\u00f1\u00eda minera Antamina  en la comunidad de Santa Rosa, distrito de Cajacay, provincia de  Bolognesi en la regi\u00f3n Ancash.<\/p>\n<p class=\"ecxMsoNormal\" style=\"text-align: justify;\">Santos Sandoval, precis\u00f3 que el Centro Nacional de Salud Ocupacional y Protecci\u00f3n del Ambiente   para la Salud (Censopas) lleg\u00f3 a tal conclusi\u00f3n luego de evaluar a 52   afectados por el mencionado derrame, ocurrido el 25 de julio.<\/p>\n<p class=\"ecxMsoNormal\" style=\"text-align: justify;\">\u00a0<\/p>\n<p style=\"text-align: justify;\">En   declaraciones a una radio local, Santos detall\u00f3 que en el estudio  participaron  18 ni\u00f1os y 34 adultos afectados por la inhalaci\u00f3n del  concentrado que,  seg\u00fan la Hoja de Seguridad de la compa\u00f1\u00eda minera, est\u00e1 compuesto de  cobre, sulfuro de hierro, zinc y azufre, entre otros  metales con muy  baja prevalencia en la mezcla como plomo y ars\u00e9nico.<\/p>\n<p style=\"text-align: justify;\">Explic\u00f3  que la evaluaci\u00f3n arroj\u00f3 que 6 ni\u00f1os y 13 adultos presentan metales en  su sangre. Sin embargo, consider\u00f3 que los examenes presentan   deficiencias por cuanto los otros pacientes tambi\u00e9n sufrieron estragos   en su salud.<\/p>\n<p style=\"text-align: justify;\">Cabe  precisar que seg\u00fan inform\u00f3  Antamina, desde el 25 de julio,  210  personas han sido atendidas con s\u00edntomas como dolor  de cabeza, n\u00e1useas, irritaci\u00f3n de las v\u00edas respiratorias altas y, en otros casos, sangrado  nasal.  <\/p>\n<p>De ellas, 42 han sido ingresadas  y dadas de alta en la  cl\u00ednica San Pablo de Huaraz y al menos 5 han sido  trasladadas a Lima,  entre ellas la ni\u00f1a Joselyn Dami\u00e1n Rivera (7) y los  hermanos William  (12) y Giovanni (4) Mor\u00e1n Dami\u00e1n.<\/p>\n<\/p><\/div>\n<\/p><\/div>\n<\/p><\/div>\n<\/p><\/div>\n<\/p><\/div>\n<\/p><\/div>\n<p><img decoding=\"async\" src=\"images\/stories\/12\/08\/120812\/derramecobre.jpg\" border=\"0\" alt=\"afectados\" title=\"afectados\" \/><\/p>\n<p>\u00a0<\/p>\n<p>\u00a0<\/p>\n<p>\u00a0<\/p>\n<p>\u00a0<\/p>\n<p><strong><br \/><\/strong><\/p>\n<p>\u00a0<\/p>\n","protected":false},"excerpt":{"rendered":"<p>.ExternalClass .ecxhmmessage P {padding:0px;} .ExternalClass body.ecxhmmessage {font-size:10pt;font-family:Tahoma;} (Aeronoticias).-El alcalde de Cajacay, L\u00e1zaro Santos Sandoval revel\u00f3 que unos 6 menores de edad y 13 adultos tienen valores de metal en su sangre por encima de los l\u00edmites establecidos, luego del derrame de cobre de la compa\u00f1\u00eda minera Antamina en la comunidad de Santa Rosa, distrito de [&hellip;]<\/p>\n","protected":false},"author":1,"featured_media":0,"comment_status":"open","ping_status":"open","sticky":false,"template":"","format":"standard","meta":{"tdm_status":"","tdm_grid_status":"","footnotes":""},"categories":[36],"tags":[],"class_list":{"0":"post-29500","1":"post","2":"type-post","3":"status-publish","4":"format-standard","6":"category-politica"},"yoast_head":"<!-- This site is optimized with the Yoast SEO plugin v25.1 - https:\/\/yoast.com\/wordpress\/plugins\/seo\/ -->\n<title>Tras derrame de cobre de Antamina confirman contaminaci\u00f3n en 6 ni\u00f1os en \u00c1ncash<\/title>\n<meta name=\"description\" content=\"Portal de noticias del Per\u00fa sobre el transporte a\u00e9reo, aviaci\u00f3n, turismo, hoteleria, actualidad.\" \/>\n<meta name=\"robots\" content=\"index, follow, max-snippet:-1, max-image-preview:large, max-video-preview:-1\" \/>\n<link rel=\"canonical\" href=\"https:\/\/aeronoticias.com.pe\/noticiero\/politica\/tras-derrame-de-cobre-de-antamina-confirman-contaminacion-en-6-ninos-en-ancash\/\" \/>\n<meta property=\"og:locale\" content=\"es_ES\" \/>\n<meta property=\"og:type\" content=\"article\" \/>\n<meta property=\"og:title\" content=\"Tras derrame de cobre de Antamina confirman contaminaci\u00f3n en 6 ni\u00f1os en \u00c1ncash\" \/>\n<meta property=\"og:description\" content=\"Portal de noticias del Per\u00fa sobre el transporte a\u00e9reo, aviaci\u00f3n, turismo, hoteleria, actualidad.\" \/>\n<meta property=\"og:url\" content=\"https:\/\/aeronoticias.com.pe\/noticiero\/politica\/tras-derrame-de-cobre-de-antamina-confirman-contaminacion-en-6-ninos-en-ancash\/\" \/>\n<meta property=\"og:site_name\" content=\"Aeronoticias.com.pe\" \/>\n<meta property=\"article:publisher\" content=\"https:\/\/www.facebook.com\/Aeronoticias.com.pe\/\" \/>\n<meta property=\"article:published_time\" content=\"2012-08-12T15:20:20+00:00\" \/>\n<meta name=\"author\" content=\"Redacci\u00f3n Aeronoticias\" \/>\n<meta name=\"twitter:card\" content=\"summary_large_image\" \/>\n<meta name=\"twitter:creator\" content=\"@aeronoticias\" \/>\n<meta name=\"twitter:site\" content=\"@aeronoticias\" \/>\n<meta name=\"twitter:label1\" content=\"Escrito por\" \/>\n\t<meta name=\"twitter:data1\" content=\"Redacci\u00f3n Aeronoticias\" \/>\n\t<meta name=\"twitter:label2\" content=\"Tiempo de lectura\" \/>\n\t<meta name=\"twitter:data2\" content=\"1 minuto\" \/>\n<script type=\"application\/ld+json\" class=\"yoast-schema-graph\">{\"@context\":\"https:\/\/schema.org\",\"@graph\":[{\"@type\":\"WebPage\",\"@id\":\"https:\/\/aeronoticias.com.pe\/noticiero\/politica\/tras-derrame-de-cobre-de-antamina-confirman-contaminacion-en-6-ninos-en-ancash\/\",\"url\":\"https:\/\/aeronoticias.com.pe\/noticiero\/politica\/tras-derrame-de-cobre-de-antamina-confirman-contaminacion-en-6-ninos-en-ancash\/\",\"name\":\"Tras derrame de cobre de Antamina confirman contaminaci\u00f3n en 6 ni\u00f1os en \u00c1ncash\",\"isPartOf\":{\"@id\":\"https:\/\/aeronoticias.com.pe\/noticiero\/#website\"},\"datePublished\":\"2012-08-12T15:20:20+00:00\",\"author\":{\"@id\":\"https:\/\/aeronoticias.com.pe\/noticiero\/#\/schema\/person\/fc1e5d578f4b62ba1cf7ac2bba1170a0\"},\"description\":\"Portal de noticias del Per\u00fa sobre el transporte a\u00e9reo, aviaci\u00f3n, turismo, hoteleria, actualidad.\",\"breadcrumb\":{\"@id\":\"https:\/\/aeronoticias.com.pe\/noticiero\/politica\/tras-derrame-de-cobre-de-antamina-confirman-contaminacion-en-6-ninos-en-ancash\/#breadcrumb\"},\"inLanguage\":\"es\",\"potentialAction\":[{\"@type\":\"ReadAction\",\"target\":[\"https:\/\/aeronoticias.com.pe\/noticiero\/politica\/tras-derrame-de-cobre-de-antamina-confirman-contaminacion-en-6-ninos-en-ancash\/\"]}]},{\"@type\":\"BreadcrumbList\",\"@id\":\"https:\/\/aeronoticias.com.pe\/noticiero\/politica\/tras-derrame-de-cobre-de-antamina-confirman-contaminacion-en-6-ninos-en-ancash\/#breadcrumb\",\"itemListElement\":[{\"@type\":\"ListItem\",\"position\":1,\"name\":\"Portada\",\"item\":\"https:\/\/aeronoticias.com.pe\/noticiero\/\"},{\"@type\":\"ListItem\",\"position\":2,\"name\":\"Tras derrame de cobre de Antamina confirman contaminaci\u00f3n en 6 ni\u00f1os en \u00c1ncash\"}]},{\"@type\":\"WebSite\",\"@id\":\"https:\/\/aeronoticias.com.pe\/noticiero\/#website\",\"url\":\"https:\/\/aeronoticias.com.pe\/noticiero\/\",\"name\":\"Aeronoticias.com.pe\",\"description\":\"Noticias de tranporte aereo, turismo, hoteles, gastronomia, actualidad, internacional\",\"potentialAction\":[{\"@type\":\"SearchAction\",\"target\":{\"@type\":\"EntryPoint\",\"urlTemplate\":\"https:\/\/aeronoticias.com.pe\/noticiero\/?s={search_term_string}\"},\"query-input\":{\"@type\":\"PropertyValueSpecification\",\"valueRequired\":true,\"valueName\":\"search_term_string\"}}],\"inLanguage\":\"es\"},{\"@type\":\"Person\",\"@id\":\"https:\/\/aeronoticias.com.pe\/noticiero\/#\/schema\/person\/fc1e5d578f4b62ba1cf7ac2bba1170a0\",\"name\":\"Redacci\u00f3n Aeronoticias\",\"url\":\"https:\/\/aeronoticias.com.pe\/noticiero\/author\/piloto\/\"}]}<\/script>\n<!-- \/ Yoast SEO plugin. -->","yoast_head_json":{"title":"Tras derrame de cobre de Antamina confirman contaminaci\u00f3n en 6 ni\u00f1os en \u00c1ncash","description":"Portal de noticias del Per\u00fa sobre el transporte a\u00e9reo, aviaci\u00f3n, turismo, hoteleria, actualidad.","robots":{"index":"index","follow":"follow","max-snippet":"max-snippet:-1","max-image-preview":"max-image-preview:large","max-video-preview":"max-video-preview:-1"},"canonical":"https:\/\/aeronoticias.com.pe\/noticiero\/politica\/tras-derrame-de-cobre-de-antamina-confirman-contaminacion-en-6-ninos-en-ancash\/","og_locale":"es_ES","og_type":"article","og_title":"Tras derrame de cobre de Antamina confirman contaminaci\u00f3n en 6 ni\u00f1os en \u00c1ncash","og_description":"Portal de noticias del Per\u00fa sobre el transporte a\u00e9reo, aviaci\u00f3n, turismo, hoteleria, actualidad.","og_url":"https:\/\/aeronoticias.com.pe\/noticiero\/politica\/tras-derrame-de-cobre-de-antamina-confirman-contaminacion-en-6-ninos-en-ancash\/","og_site_name":"Aeronoticias.com.pe","article_publisher":"https:\/\/www.facebook.com\/Aeronoticias.com.pe\/","article_published_time":"2012-08-12T15:20:20+00:00","author":"Redacci\u00f3n Aeronoticias","twitter_card":"summary_large_image","twitter_creator":"@aeronoticias","twitter_site":"@aeronoticias","twitter_misc":{"Escrito por":"Redacci\u00f3n Aeronoticias","Tiempo de lectura":"1 minuto"},"schema":{"@context":"https:\/\/schema.org","@graph":[{"@type":"WebPage","@id":"https:\/\/aeronoticias.com.pe\/noticiero\/politica\/tras-derrame-de-cobre-de-antamina-confirman-contaminacion-en-6-ninos-en-ancash\/","url":"https:\/\/aeronoticias.com.pe\/noticiero\/politica\/tras-derrame-de-cobre-de-antamina-confirman-contaminacion-en-6-ninos-en-ancash\/","name":"Tras derrame de cobre de Antamina confirman contaminaci\u00f3n en 6 ni\u00f1os en \u00c1ncash","isPartOf":{"@id":"https:\/\/aeronoticias.com.pe\/noticiero\/#website"},"datePublished":"2012-08-12T15:20:20+00:00","author":{"@id":"https:\/\/aeronoticias.com.pe\/noticiero\/#\/schema\/person\/fc1e5d578f4b62ba1cf7ac2bba1170a0"},"description":"Portal de noticias del Per\u00fa sobre el transporte a\u00e9reo, aviaci\u00f3n, turismo, hoteleria, actualidad.","breadcrumb":{"@id":"https:\/\/aeronoticias.com.pe\/noticiero\/politica\/tras-derrame-de-cobre-de-antamina-confirman-contaminacion-en-6-ninos-en-ancash\/#breadcrumb"},"inLanguage":"es","potentialAction":[{"@type":"ReadAction","target":["https:\/\/aeronoticias.com.pe\/noticiero\/politica\/tras-derrame-de-cobre-de-antamina-confirman-contaminacion-en-6-ninos-en-ancash\/"]}]},{"@type":"BreadcrumbList","@id":"https:\/\/aeronoticias.com.pe\/noticiero\/politica\/tras-derrame-de-cobre-de-antamina-confirman-contaminacion-en-6-ninos-en-ancash\/#breadcrumb","itemListElement":[{"@type":"ListItem","position":1,"name":"Portada","item":"https:\/\/aeronoticias.com.pe\/noticiero\/"},{"@type":"ListItem","position":2,"name":"Tras derrame de cobre de Antamina confirman contaminaci\u00f3n en 6 ni\u00f1os en \u00c1ncash"}]},{"@type":"WebSite","@id":"https:\/\/aeronoticias.com.pe\/noticiero\/#website","url":"https:\/\/aeronoticias.com.pe\/noticiero\/","name":"Aeronoticias.com.pe","description":"Noticias de tranporte aereo, turismo, hoteles, gastronomia, actualidad, internacional","potentialAction":[{"@type":"SearchAction","target":{"@type":"EntryPoint","urlTemplate":"https:\/\/aeronoticias.com.pe\/noticiero\/?s={search_term_string}"},"query-input":{"@type":"PropertyValueSpecification","valueRequired":true,"valueName":"search_term_string"}}],"inLanguage":"es"},{"@type":"Person","@id":"https:\/\/aeronoticias.com.pe\/noticiero\/#\/schema\/person\/fc1e5d578f4b62ba1cf7ac2bba1170a0","name":"Redacci\u00f3n Aeronoticias","url":"https:\/\/aeronoticias.com.pe\/noticiero\/author\/piloto\/"}]}},"_links":{"self":[{"href":"https:\/\/aeronoticias.com.pe\/noticiero\/wp-json\/wp\/v2\/posts\/29500","targetHints":{"allow":["GET"]}}],"collection":[{"href":"https:\/\/aeronoticias.com.pe\/noticiero\/wp-json\/wp\/v2\/posts"}],"about":[{"href":"https:\/\/aeronoticias.com.pe\/noticiero\/wp-json\/wp\/v2\/types\/post"}],"author":[{"embeddable":true,"href":"https:\/\/aeronoticias.com.pe\/noticiero\/wp-json\/wp\/v2\/users\/1"}],"replies":[{"embeddable":true,"href":"https:\/\/aeronoticias.com.pe\/noticiero\/wp-json\/wp\/v2\/comments?post=29500"}],"version-history":[{"count":0,"href":"https:\/\/aeronoticias.com.pe\/noticiero\/wp-json\/wp\/v2\/posts\/29500\/revisions"}],"wp:attachment":[{"href":"https:\/\/aeronoticias.com.pe\/noticiero\/wp-json\/wp\/v2\/media?parent=29500"}],"wp:term":[{"taxonomy":"category","embeddable":true,"href":"https:\/\/aeronoticias.com.pe\/noticiero\/wp-json\/wp\/v2\/categories?post=29500"},{"taxonomy":"post_tag","embeddable":true,"href":"https:\/\/aeronoticias.com.pe\/noticiero\/wp-json\/wp\/v2\/tags?post=29500"}],"curies":[{"name":"wp","href":"https:\/\/api.w.org\/{rel}","templated":true}]}}