{"id":29501,"date":"2012-08-12T15:25:17","date_gmt":"2012-08-12T15:25:17","guid":{"rendered":"http:\/\/desarrollo.mcvicious.com\/aero2020\/2012\/08\/12\/por-terremotos-en-iran-mas-de-220-muertos-y-138-heridos\/"},"modified":"2012-08-12T15:25:17","modified_gmt":"2012-08-12T15:25:17","slug":"por-terremotos-en-iran-mas-de-220-muertos-y-138-heridos","status":"publish","type":"post","link":"https:\/\/aeronoticias.com.pe\/noticiero\/internacionales\/por-terremotos-en-iran-mas-de-220-muertos-y-138-heridos\/","title":{"rendered":"Por terremotos en Ir\u00e1n m\u00e1s de 220 muertos y 1380 heridos"},"content":{"rendered":"<p style=\"text-align: justify;\"><strong>(Aeronoticias).-<\/strong>Hoy las autoridades iran\u00edes han finalizado la b\u00fasqueda de v\u00edctimas de los dos fuertes movimientos tel\u00faricos consecutivos que ayer devastaron parte de la provincia de Azerbaiy\u00e1n Oriental, noroeste de Ir\u00e1n, causando hasta el momento al menos unos 227 muertos y 1.380 heridos.<\/p>\n<p style=\"text-align: justify;\">En declaraciones a la televisi\u00f3n oficial IRIB, el ministro iran\u00ed del Interior, Mostafa Mohamad Nayar inform\u00f3 que el n\u00famero de fallecidos hasta el momento son 227, los heridos 1.380, otras fuentes hablan de unos 300 muertos y 2.000 heridos.<\/p>\n<p style=\"text-align: justify;\">\u00a0<\/p>\n<p style=\"text-align: justify;\">\u00abLas  operaciones de b\u00fasqueda y rescate han concluido y ahora trabajamos para  asegurar a los supervivientes refugio y comida\u00bb, afirm\u00f3 Nayar en relaci\u00f3n\u00a0 a los damnificados por los terremotos, de 6,2 y 6 grados de  magnitud en la escala de Richter.<\/p>\n<p style=\"text-align: justify;\">Nayar,  que se encuentra en la regi\u00f3n de los sismos junto a la ministra de  Salud, Marzie Vahid Dastyerdi, agreg\u00f3 que \u00ablas \u00e1reas devastadas ser\u00e1n  reconstruidas lo m\u00e1s pronto posible.\u00bb<\/p>\n<p style=\"text-align: justify;\">Explic\u00f3,  adem\u00e1s, que las zonas donde se han registrado los movimientos son muy  fr\u00edas en invierno, por lo que se deben adelantar los trabajos antes de  la llegada de esa estaci\u00f3n.<\/p>\n<p style=\"text-align: justify;\">El Servicio Forense de Ir\u00e1n, seg\u00fan las autoridades  provinciales, se\u00f1al\u00f3 que los fallecidos en los terremotos son \u00abentre 250  y 300\u00bb y que ha enviado a la zona afectada siete equipos para hacerse  cargo de los cuerpos, seg\u00fan un comunicado.<\/p>\n<p style=\"text-align: justify;\">En  otra nota,\u00a0 informa que el Ministerio de Salud indic\u00f3 que de los m\u00e1s de 2.000  heridos registrados 961 fueron ingresados en hospitales de la provincia  y, de ellos, 35 murieron en los centros sanitarios.<\/p>\n<p style=\"text-align: justify;\">El  director de la Media Luna Roja de Ir\u00e1n, Mahmud Mozafar, tambi\u00e9n dio por  finalizadas las labores de b\u00fasqueda de v\u00edctimas y se\u00f1al\u00f3 que su  organizaci\u00f3n hab\u00eda instalado 5.625 tiendas de campa\u00f1a para las personas  que han quedado sin hogar.<\/p>\n<p style=\"text-align: justify;\">Adem\u00e1s,  los 863 voluntarios de 92 equipos de la Media Luna Roja han repartido  32.567 paquetes de comida de larga duraci\u00f3n y tambi\u00e9n agua potable a los  afectados, adem\u00e1s de abrigos.<\/p>\n<p style=\"text-align: justify;\">Mozafar agreg\u00f3 que, a  partir de hoy, comenzar\u00e1n a retirar con maquinaria pesada los escombros  dejados por los terremotos para poder empezar cuanto antes la  reconstrucci\u00f3n.<\/p>\n<p style=\"text-align: justify;\"><img decoding=\"async\" src=\"images\/stories\/12\/08\/120812\/sismosirn.jpg\" border=\"0\" alt=\"sismos\" title=\"sismos\" \/><\/p>\n<p>\u00a0<\/p>\n","protected":false},"excerpt":{"rendered":"<p>(Aeronoticias).-Hoy las autoridades iran\u00edes han finalizado la b\u00fasqueda de v\u00edctimas de los dos fuertes movimientos tel\u00faricos consecutivos que ayer devastaron parte de la provincia de Azerbaiy\u00e1n Oriental, noroeste de Ir\u00e1n, causando hasta el momento al menos unos 227 muertos y 1.380 heridos. En declaraciones a la televisi\u00f3n oficial IRIB, el ministro iran\u00ed del Interior, Mostafa [&hellip;]<\/p>\n","protected":false},"author":1,"featured_media":0,"comment_status":"open","ping_status":"open","sticky":false,"template":"","format":"standard","meta":{"tdm_status":"","tdm_grid_status":"","footnotes":""},"categories":[34],"tags":[],"class_list":{"0":"post-29501","1":"post","2":"type-post","3":"status-publish","4":"format-standard","6":"category-internacionales"},"yoast_head":"<!-- This site is optimized with the Yoast SEO plugin v25.1 - https:\/\/yoast.com\/wordpress\/plugins\/seo\/ -->\n<title>Por terremotos en Ir\u00e1n m\u00e1s de 220 muertos y 1380 heridos<\/title>\n<meta name=\"description\" content=\"Portal de noticias del Per\u00fa sobre el transporte a\u00e9reo, aviaci\u00f3n, turismo, hoteleria, actualidad.\" \/>\n<meta name=\"robots\" content=\"index, follow, max-snippet:-1, max-image-preview:large, max-video-preview:-1\" \/>\n<link rel=\"canonical\" href=\"https:\/\/aeronoticias.com.pe\/noticiero\/internacionales\/por-terremotos-en-iran-mas-de-220-muertos-y-138-heridos\/\" \/>\n<meta property=\"og:locale\" content=\"es_ES\" \/>\n<meta property=\"og:type\" content=\"article\" \/>\n<meta property=\"og:title\" content=\"Por terremotos en Ir\u00e1n m\u00e1s de 220 muertos y 1380 heridos\" \/>\n<meta property=\"og:description\" content=\"Portal de noticias del Per\u00fa sobre el transporte a\u00e9reo, aviaci\u00f3n, turismo, hoteleria, actualidad.\" \/>\n<meta property=\"og:url\" content=\"https:\/\/aeronoticias.com.pe\/noticiero\/internacionales\/por-terremotos-en-iran-mas-de-220-muertos-y-138-heridos\/\" \/>\n<meta property=\"og:site_name\" content=\"Aeronoticias.com.pe\" \/>\n<meta property=\"article:publisher\" content=\"https:\/\/www.facebook.com\/Aeronoticias.com.pe\/\" \/>\n<meta property=\"article:published_time\" content=\"2012-08-12T15:25:17+00:00\" \/>\n<meta name=\"author\" content=\"Redacci\u00f3n Aeronoticias\" \/>\n<meta name=\"twitter:card\" content=\"summary_large_image\" \/>\n<meta name=\"twitter:creator\" content=\"@aeronoticias\" \/>\n<meta name=\"twitter:site\" content=\"@aeronoticias\" \/>\n<meta name=\"twitter:label1\" content=\"Escrito por\" \/>\n\t<meta name=\"twitter:data1\" content=\"Redacci\u00f3n Aeronoticias\" \/>\n\t<meta name=\"twitter:label2\" content=\"Tiempo de lectura\" \/>\n\t<meta name=\"twitter:data2\" content=\"2 minutos\" \/>\n<script type=\"application\/ld+json\" class=\"yoast-schema-graph\">{\"@context\":\"https:\/\/schema.org\",\"@graph\":[{\"@type\":\"WebPage\",\"@id\":\"https:\/\/aeronoticias.com.pe\/noticiero\/internacionales\/por-terremotos-en-iran-mas-de-220-muertos-y-138-heridos\/\",\"url\":\"https:\/\/aeronoticias.com.pe\/noticiero\/internacionales\/por-terremotos-en-iran-mas-de-220-muertos-y-138-heridos\/\",\"name\":\"Por terremotos en Ir\u00e1n m\u00e1s de 220 muertos y 1380 heridos\",\"isPartOf\":{\"@id\":\"https:\/\/aeronoticias.com.pe\/noticiero\/#website\"},\"datePublished\":\"2012-08-12T15:25:17+00:00\",\"author\":{\"@id\":\"https:\/\/aeronoticias.com.pe\/noticiero\/#\/schema\/person\/fc1e5d578f4b62ba1cf7ac2bba1170a0\"},\"description\":\"Portal de noticias del Per\u00fa sobre el transporte a\u00e9reo, aviaci\u00f3n, turismo, hoteleria, actualidad.\",\"breadcrumb\":{\"@id\":\"https:\/\/aeronoticias.com.pe\/noticiero\/internacionales\/por-terremotos-en-iran-mas-de-220-muertos-y-138-heridos\/#breadcrumb\"},\"inLanguage\":\"es\",\"potentialAction\":[{\"@type\":\"ReadAction\",\"target\":[\"https:\/\/aeronoticias.com.pe\/noticiero\/internacionales\/por-terremotos-en-iran-mas-de-220-muertos-y-138-heridos\/\"]}]},{\"@type\":\"BreadcrumbList\",\"@id\":\"https:\/\/aeronoticias.com.pe\/noticiero\/internacionales\/por-terremotos-en-iran-mas-de-220-muertos-y-138-heridos\/#breadcrumb\",\"itemListElement\":[{\"@type\":\"ListItem\",\"position\":1,\"name\":\"Portada\",\"item\":\"https:\/\/aeronoticias.com.pe\/noticiero\/\"},{\"@type\":\"ListItem\",\"position\":2,\"name\":\"Por terremotos en Ir\u00e1n m\u00e1s de 220 muertos y 1380 heridos\"}]},{\"@type\":\"WebSite\",\"@id\":\"https:\/\/aeronoticias.com.pe\/noticiero\/#website\",\"url\":\"https:\/\/aeronoticias.com.pe\/noticiero\/\",\"name\":\"Aeronoticias.com.pe\",\"description\":\"Noticias de tranporte aereo, turismo, hoteles, gastronomia, actualidad, internacional\",\"potentialAction\":[{\"@type\":\"SearchAction\",\"target\":{\"@type\":\"EntryPoint\",\"urlTemplate\":\"https:\/\/aeronoticias.com.pe\/noticiero\/?s={search_term_string}\"},\"query-input\":{\"@type\":\"PropertyValueSpecification\",\"valueRequired\":true,\"valueName\":\"search_term_string\"}}],\"inLanguage\":\"es\"},{\"@type\":\"Person\",\"@id\":\"https:\/\/aeronoticias.com.pe\/noticiero\/#\/schema\/person\/fc1e5d578f4b62ba1cf7ac2bba1170a0\",\"name\":\"Redacci\u00f3n Aeronoticias\",\"url\":\"https:\/\/aeronoticias.com.pe\/noticiero\/author\/piloto\/\"}]}<\/script>\n<!-- \/ Yoast SEO plugin. -->","yoast_head_json":{"title":"Por terremotos en Ir\u00e1n m\u00e1s de 220 muertos y 1380 heridos","description":"Portal de noticias del Per\u00fa sobre el transporte a\u00e9reo, aviaci\u00f3n, turismo, hoteleria, actualidad.","robots":{"index":"index","follow":"follow","max-snippet":"max-snippet:-1","max-image-preview":"max-image-preview:large","max-video-preview":"max-video-preview:-1"},"canonical":"https:\/\/aeronoticias.com.pe\/noticiero\/internacionales\/por-terremotos-en-iran-mas-de-220-muertos-y-138-heridos\/","og_locale":"es_ES","og_type":"article","og_title":"Por terremotos en Ir\u00e1n m\u00e1s de 220 muertos y 1380 heridos","og_description":"Portal de noticias del Per\u00fa sobre el transporte a\u00e9reo, aviaci\u00f3n, turismo, hoteleria, actualidad.","og_url":"https:\/\/aeronoticias.com.pe\/noticiero\/internacionales\/por-terremotos-en-iran-mas-de-220-muertos-y-138-heridos\/","og_site_name":"Aeronoticias.com.pe","article_publisher":"https:\/\/www.facebook.com\/Aeronoticias.com.pe\/","article_published_time":"2012-08-12T15:25:17+00:00","author":"Redacci\u00f3n Aeronoticias","twitter_card":"summary_large_image","twitter_creator":"@aeronoticias","twitter_site":"@aeronoticias","twitter_misc":{"Escrito por":"Redacci\u00f3n Aeronoticias","Tiempo de lectura":"2 minutos"},"schema":{"@context":"https:\/\/schema.org","@graph":[{"@type":"WebPage","@id":"https:\/\/aeronoticias.com.pe\/noticiero\/internacionales\/por-terremotos-en-iran-mas-de-220-muertos-y-138-heridos\/","url":"https:\/\/aeronoticias.com.pe\/noticiero\/internacionales\/por-terremotos-en-iran-mas-de-220-muertos-y-138-heridos\/","name":"Por terremotos en Ir\u00e1n m\u00e1s de 220 muertos y 1380 heridos","isPartOf":{"@id":"https:\/\/aeronoticias.com.pe\/noticiero\/#website"},"datePublished":"2012-08-12T15:25:17+00:00","author":{"@id":"https:\/\/aeronoticias.com.pe\/noticiero\/#\/schema\/person\/fc1e5d578f4b62ba1cf7ac2bba1170a0"},"description":"Portal de noticias del Per\u00fa sobre el transporte a\u00e9reo, aviaci\u00f3n, turismo, hoteleria, actualidad.","breadcrumb":{"@id":"https:\/\/aeronoticias.com.pe\/noticiero\/internacionales\/por-terremotos-en-iran-mas-de-220-muertos-y-138-heridos\/#breadcrumb"},"inLanguage":"es","potentialAction":[{"@type":"ReadAction","target":["https:\/\/aeronoticias.com.pe\/noticiero\/internacionales\/por-terremotos-en-iran-mas-de-220-muertos-y-138-heridos\/"]}]},{"@type":"BreadcrumbList","@id":"https:\/\/aeronoticias.com.pe\/noticiero\/internacionales\/por-terremotos-en-iran-mas-de-220-muertos-y-138-heridos\/#breadcrumb","itemListElement":[{"@type":"ListItem","position":1,"name":"Portada","item":"https:\/\/aeronoticias.com.pe\/noticiero\/"},{"@type":"ListItem","position":2,"name":"Por terremotos en Ir\u00e1n m\u00e1s de 220 muertos y 1380 heridos"}]},{"@type":"WebSite","@id":"https:\/\/aeronoticias.com.pe\/noticiero\/#website","url":"https:\/\/aeronoticias.com.pe\/noticiero\/","name":"Aeronoticias.com.pe","description":"Noticias de tranporte aereo, turismo, hoteles, gastronomia, actualidad, internacional","potentialAction":[{"@type":"SearchAction","target":{"@type":"EntryPoint","urlTemplate":"https:\/\/aeronoticias.com.pe\/noticiero\/?s={search_term_string}"},"query-input":{"@type":"PropertyValueSpecification","valueRequired":true,"valueName":"search_term_string"}}],"inLanguage":"es"},{"@type":"Person","@id":"https:\/\/aeronoticias.com.pe\/noticiero\/#\/schema\/person\/fc1e5d578f4b62ba1cf7ac2bba1170a0","name":"Redacci\u00f3n Aeronoticias","url":"https:\/\/aeronoticias.com.pe\/noticiero\/author\/piloto\/"}]}},"_links":{"self":[{"href":"https:\/\/aeronoticias.com.pe\/noticiero\/wp-json\/wp\/v2\/posts\/29501","targetHints":{"allow":["GET"]}}],"collection":[{"href":"https:\/\/aeronoticias.com.pe\/noticiero\/wp-json\/wp\/v2\/posts"}],"about":[{"href":"https:\/\/aeronoticias.com.pe\/noticiero\/wp-json\/wp\/v2\/types\/post"}],"author":[{"embeddable":true,"href":"https:\/\/aeronoticias.com.pe\/noticiero\/wp-json\/wp\/v2\/users\/1"}],"replies":[{"embeddable":true,"href":"https:\/\/aeronoticias.com.pe\/noticiero\/wp-json\/wp\/v2\/comments?post=29501"}],"version-history":[{"count":0,"href":"https:\/\/aeronoticias.com.pe\/noticiero\/wp-json\/wp\/v2\/posts\/29501\/revisions"}],"wp:attachment":[{"href":"https:\/\/aeronoticias.com.pe\/noticiero\/wp-json\/wp\/v2\/media?parent=29501"}],"wp:term":[{"taxonomy":"category","embeddable":true,"href":"https:\/\/aeronoticias.com.pe\/noticiero\/wp-json\/wp\/v2\/categories?post=29501"},{"taxonomy":"post_tag","embeddable":true,"href":"https:\/\/aeronoticias.com.pe\/noticiero\/wp-json\/wp\/v2\/tags?post=29501"}],"curies":[{"name":"wp","href":"https:\/\/api.w.org\/{rel}","templated":true}]}}