{"id":29507,"date":"2012-08-12T23:09:46","date_gmt":"2012-08-12T23:09:46","guid":{"rendered":"http:\/\/desarrollo.mcvicious.com\/aero2020\/2012\/08\/12\/produccion-de-electricidad-se-incremento-en-61-en-julio\/"},"modified":"2012-08-12T23:09:46","modified_gmt":"2012-08-12T23:09:46","slug":"produccion-de-electricidad-se-incremento-en-61-en-julio","status":"publish","type":"post","link":"https:\/\/aeronoticias.com.pe\/noticiero\/nacionales\/produccion-de-electricidad-se-incremento-en-61-en-julio\/","title":{"rendered":"Producci\u00f3n de electricidad se increment\u00f3 en 6.1% en julio"},"content":{"rendered":"<p style=\"text-align: justify;\" \/><strong>(Aeronoticias).<\/strong>&#8211;\u00a0 La producci\u00f3n total de energ\u00eda el\u00e9ctrica a nivel nacional registr\u00f3 un incremento de 6.1 por ciento en julio del presente a\u00f1o al reportar 3,420 gigavatios hora (Gwh), inform\u00f3 hoy la Direcci\u00f3n General de Electricidad (DGE) del Ministerio de Energ\u00eda y Minas (MEM). <\/p>\n<p>En la atenci\u00f3n de la m\u00e1xima demanda de potencia el\u00e9ctrica que se observ\u00f3 el 10 de julio a las 19:00 horas y que alcanz\u00f3 los 5,031 megavatios (Mw), 7.2 por ciento mayor respecto al mismo mes del 2011, hubo una participaci\u00f3n de 50 por ciento de la hidroenerg\u00eda y de 44 por ciento de la electricidad generada con gas natural.<br \/>  <!--more-->  <br \/>Por otro lado, el concurso del carb\u00f3n en la producci\u00f3n de esta energ\u00eda fue de tres por ciento, al igual que el del diesel y residual, mientras que la generaci\u00f3n con biomasa represent\u00f3 solo el 0.3 por ciento y el mismo porcentaje correspondi\u00f3 al biogas (Petram\u00e1s).<\/p>\n<p>La DGE precis\u00f3, asimismo, que las empresas del mercado el\u00e9ctrico generaron 3,208 Gwh y las de uso propio 212 Gwh, que representa el 6.2 por ciento de participaci\u00f3n en el total de la producci\u00f3n nacional de electricidad.<\/p>\n<p>En esta oportunidad, la generaci\u00f3n de las centrales hidroel\u00e9ctricas represent\u00f3 el 46.9 por ciento del total de la producci\u00f3n nacional y fue de 1,604 Gwh, descendiendo 0.4 por ciento respecto del a\u00f1o anterior en el mismo mes (1,610 Gwh).<\/p>\n<p>Mientras que la generaci\u00f3n termoel\u00e9ctrica ascendi\u00f3 a 1,817 Gwh, 12.7 por ciento m\u00e1s que el 2011, llegando a una participaci\u00f3n de 53.1 por ciento.<br \/><img decoding=\"async\" src=\"images\/stories\/12\/08\/120812\/produccion-electricidad.jpg\" border=\"0\" \/><br \/>En la producci\u00f3n de electricidad en julio, la participaci\u00f3n de las empresas del Estado fue del orden de 27 por ciento, mientras que las empresas del grupo Endesa lo hicieron con el 24 por ciento del total generado en el mercado el\u00e9ctrico. <\/p>\n<p>Los grupos Suez y Globeleq representaron el 15 y 12 por ciento, respectivamente.<\/p>\n<p>Finalmente, la producci\u00f3n del grupo Duke Energy se increment\u00f3 en 101 por ciento, seguido del grupo Suez que creci\u00f3 cuatro por ciento, en tanto que Endesa lo hizo en dos por ciento; mientras que en las empresas del Estado hubo una disminuci\u00f3n de dos por ciento.\u00a0 <\/p>\n","protected":false},"excerpt":{"rendered":"<p>(Aeronoticias).&#8211;\u00a0 La producci\u00f3n total de energ\u00eda el\u00e9ctrica a nivel nacional registr\u00f3 un incremento de 6.1 por ciento en julio del presente a\u00f1o al reportar 3,420 gigavatios hora (Gwh), inform\u00f3 hoy la Direcci\u00f3n General de Electricidad (DGE) del Ministerio de Energ\u00eda y Minas (MEM). En la atenci\u00f3n de la m\u00e1xima demanda de potencia el\u00e9ctrica que se [&hellip;]<\/p>\n","protected":false},"author":1,"featured_media":0,"comment_status":"open","ping_status":"open","sticky":false,"template":"","format":"standard","meta":{"tdm_status":"","tdm_grid_status":"","footnotes":""},"categories":[38],"tags":[],"class_list":{"0":"post-29507","1":"post","2":"type-post","3":"status-publish","4":"format-standard","6":"category-nacionales"},"yoast_head":"<!-- This site is optimized with the Yoast SEO plugin v25.1 - https:\/\/yoast.com\/wordpress\/plugins\/seo\/ -->\n<title>Producci\u00f3n de electricidad se increment\u00f3 en 6.1% en julio<\/title>\n<meta name=\"description\" content=\"Portal de noticias del Per\u00fa sobre el transporte a\u00e9reo, aviaci\u00f3n, turismo, hoteleria, actualidad.\" \/>\n<meta name=\"robots\" content=\"index, follow, max-snippet:-1, max-image-preview:large, max-video-preview:-1\" \/>\n<link rel=\"canonical\" href=\"https:\/\/aeronoticias.com.pe\/noticiero\/nacionales\/produccion-de-electricidad-se-incremento-en-61-en-julio\/\" \/>\n<meta property=\"og:locale\" content=\"es_ES\" \/>\n<meta property=\"og:type\" content=\"article\" \/>\n<meta property=\"og:title\" content=\"Producci\u00f3n de electricidad se increment\u00f3 en 6.1% en julio\" \/>\n<meta property=\"og:description\" content=\"Portal de noticias del Per\u00fa sobre el transporte a\u00e9reo, aviaci\u00f3n, turismo, hoteleria, actualidad.\" \/>\n<meta property=\"og:url\" content=\"https:\/\/aeronoticias.com.pe\/noticiero\/nacionales\/produccion-de-electricidad-se-incremento-en-61-en-julio\/\" \/>\n<meta property=\"og:site_name\" content=\"Aeronoticias.com.pe\" \/>\n<meta property=\"article:publisher\" content=\"https:\/\/www.facebook.com\/Aeronoticias.com.pe\/\" \/>\n<meta property=\"article:published_time\" content=\"2012-08-12T23:09:46+00:00\" \/>\n<meta name=\"author\" content=\"Redacci\u00f3n Aeronoticias\" \/>\n<meta name=\"twitter:card\" content=\"summary_large_image\" \/>\n<meta name=\"twitter:creator\" content=\"@aeronoticias\" \/>\n<meta name=\"twitter:site\" content=\"@aeronoticias\" \/>\n<meta name=\"twitter:label1\" content=\"Escrito por\" \/>\n\t<meta name=\"twitter:data1\" content=\"Redacci\u00f3n Aeronoticias\" \/>\n\t<meta name=\"twitter:label2\" content=\"Tiempo de lectura\" \/>\n\t<meta name=\"twitter:data2\" content=\"2 minutos\" \/>\n<script type=\"application\/ld+json\" class=\"yoast-schema-graph\">{\"@context\":\"https:\/\/schema.org\",\"@graph\":[{\"@type\":\"WebPage\",\"@id\":\"https:\/\/aeronoticias.com.pe\/noticiero\/nacionales\/produccion-de-electricidad-se-incremento-en-61-en-julio\/\",\"url\":\"https:\/\/aeronoticias.com.pe\/noticiero\/nacionales\/produccion-de-electricidad-se-incremento-en-61-en-julio\/\",\"name\":\"Producci\u00f3n de electricidad se increment\u00f3 en 6.1% en julio\",\"isPartOf\":{\"@id\":\"https:\/\/aeronoticias.com.pe\/noticiero\/#website\"},\"datePublished\":\"2012-08-12T23:09:46+00:00\",\"author\":{\"@id\":\"https:\/\/aeronoticias.com.pe\/noticiero\/#\/schema\/person\/fc1e5d578f4b62ba1cf7ac2bba1170a0\"},\"description\":\"Portal de noticias del Per\u00fa sobre el transporte a\u00e9reo, aviaci\u00f3n, turismo, hoteleria, actualidad.\",\"breadcrumb\":{\"@id\":\"https:\/\/aeronoticias.com.pe\/noticiero\/nacionales\/produccion-de-electricidad-se-incremento-en-61-en-julio\/#breadcrumb\"},\"inLanguage\":\"es\",\"potentialAction\":[{\"@type\":\"ReadAction\",\"target\":[\"https:\/\/aeronoticias.com.pe\/noticiero\/nacionales\/produccion-de-electricidad-se-incremento-en-61-en-julio\/\"]}]},{\"@type\":\"BreadcrumbList\",\"@id\":\"https:\/\/aeronoticias.com.pe\/noticiero\/nacionales\/produccion-de-electricidad-se-incremento-en-61-en-julio\/#breadcrumb\",\"itemListElement\":[{\"@type\":\"ListItem\",\"position\":1,\"name\":\"Portada\",\"item\":\"https:\/\/aeronoticias.com.pe\/noticiero\/\"},{\"@type\":\"ListItem\",\"position\":2,\"name\":\"Producci\u00f3n de electricidad se increment\u00f3 en 6.1% en julio\"}]},{\"@type\":\"WebSite\",\"@id\":\"https:\/\/aeronoticias.com.pe\/noticiero\/#website\",\"url\":\"https:\/\/aeronoticias.com.pe\/noticiero\/\",\"name\":\"Aeronoticias.com.pe\",\"description\":\"Noticias de tranporte aereo, turismo, hoteles, gastronomia, actualidad, internacional\",\"potentialAction\":[{\"@type\":\"SearchAction\",\"target\":{\"@type\":\"EntryPoint\",\"urlTemplate\":\"https:\/\/aeronoticias.com.pe\/noticiero\/?s={search_term_string}\"},\"query-input\":{\"@type\":\"PropertyValueSpecification\",\"valueRequired\":true,\"valueName\":\"search_term_string\"}}],\"inLanguage\":\"es\"},{\"@type\":\"Person\",\"@id\":\"https:\/\/aeronoticias.com.pe\/noticiero\/#\/schema\/person\/fc1e5d578f4b62ba1cf7ac2bba1170a0\",\"name\":\"Redacci\u00f3n Aeronoticias\",\"url\":\"https:\/\/aeronoticias.com.pe\/noticiero\/author\/piloto\/\"}]}<\/script>\n<!-- \/ Yoast SEO plugin. -->","yoast_head_json":{"title":"Producci\u00f3n de electricidad se increment\u00f3 en 6.1% en julio","description":"Portal de noticias del Per\u00fa sobre el transporte a\u00e9reo, aviaci\u00f3n, turismo, hoteleria, actualidad.","robots":{"index":"index","follow":"follow","max-snippet":"max-snippet:-1","max-image-preview":"max-image-preview:large","max-video-preview":"max-video-preview:-1"},"canonical":"https:\/\/aeronoticias.com.pe\/noticiero\/nacionales\/produccion-de-electricidad-se-incremento-en-61-en-julio\/","og_locale":"es_ES","og_type":"article","og_title":"Producci\u00f3n de electricidad se increment\u00f3 en 6.1% en julio","og_description":"Portal de noticias del Per\u00fa sobre el transporte a\u00e9reo, aviaci\u00f3n, turismo, hoteleria, actualidad.","og_url":"https:\/\/aeronoticias.com.pe\/noticiero\/nacionales\/produccion-de-electricidad-se-incremento-en-61-en-julio\/","og_site_name":"Aeronoticias.com.pe","article_publisher":"https:\/\/www.facebook.com\/Aeronoticias.com.pe\/","article_published_time":"2012-08-12T23:09:46+00:00","author":"Redacci\u00f3n Aeronoticias","twitter_card":"summary_large_image","twitter_creator":"@aeronoticias","twitter_site":"@aeronoticias","twitter_misc":{"Escrito por":"Redacci\u00f3n Aeronoticias","Tiempo de lectura":"2 minutos"},"schema":{"@context":"https:\/\/schema.org","@graph":[{"@type":"WebPage","@id":"https:\/\/aeronoticias.com.pe\/noticiero\/nacionales\/produccion-de-electricidad-se-incremento-en-61-en-julio\/","url":"https:\/\/aeronoticias.com.pe\/noticiero\/nacionales\/produccion-de-electricidad-se-incremento-en-61-en-julio\/","name":"Producci\u00f3n de electricidad se increment\u00f3 en 6.1% en julio","isPartOf":{"@id":"https:\/\/aeronoticias.com.pe\/noticiero\/#website"},"datePublished":"2012-08-12T23:09:46+00:00","author":{"@id":"https:\/\/aeronoticias.com.pe\/noticiero\/#\/schema\/person\/fc1e5d578f4b62ba1cf7ac2bba1170a0"},"description":"Portal de noticias del Per\u00fa sobre el transporte a\u00e9reo, aviaci\u00f3n, turismo, hoteleria, actualidad.","breadcrumb":{"@id":"https:\/\/aeronoticias.com.pe\/noticiero\/nacionales\/produccion-de-electricidad-se-incremento-en-61-en-julio\/#breadcrumb"},"inLanguage":"es","potentialAction":[{"@type":"ReadAction","target":["https:\/\/aeronoticias.com.pe\/noticiero\/nacionales\/produccion-de-electricidad-se-incremento-en-61-en-julio\/"]}]},{"@type":"BreadcrumbList","@id":"https:\/\/aeronoticias.com.pe\/noticiero\/nacionales\/produccion-de-electricidad-se-incremento-en-61-en-julio\/#breadcrumb","itemListElement":[{"@type":"ListItem","position":1,"name":"Portada","item":"https:\/\/aeronoticias.com.pe\/noticiero\/"},{"@type":"ListItem","position":2,"name":"Producci\u00f3n de electricidad se increment\u00f3 en 6.1% en julio"}]},{"@type":"WebSite","@id":"https:\/\/aeronoticias.com.pe\/noticiero\/#website","url":"https:\/\/aeronoticias.com.pe\/noticiero\/","name":"Aeronoticias.com.pe","description":"Noticias de tranporte aereo, turismo, hoteles, gastronomia, actualidad, internacional","potentialAction":[{"@type":"SearchAction","target":{"@type":"EntryPoint","urlTemplate":"https:\/\/aeronoticias.com.pe\/noticiero\/?s={search_term_string}"},"query-input":{"@type":"PropertyValueSpecification","valueRequired":true,"valueName":"search_term_string"}}],"inLanguage":"es"},{"@type":"Person","@id":"https:\/\/aeronoticias.com.pe\/noticiero\/#\/schema\/person\/fc1e5d578f4b62ba1cf7ac2bba1170a0","name":"Redacci\u00f3n Aeronoticias","url":"https:\/\/aeronoticias.com.pe\/noticiero\/author\/piloto\/"}]}},"_links":{"self":[{"href":"https:\/\/aeronoticias.com.pe\/noticiero\/wp-json\/wp\/v2\/posts\/29507","targetHints":{"allow":["GET"]}}],"collection":[{"href":"https:\/\/aeronoticias.com.pe\/noticiero\/wp-json\/wp\/v2\/posts"}],"about":[{"href":"https:\/\/aeronoticias.com.pe\/noticiero\/wp-json\/wp\/v2\/types\/post"}],"author":[{"embeddable":true,"href":"https:\/\/aeronoticias.com.pe\/noticiero\/wp-json\/wp\/v2\/users\/1"}],"replies":[{"embeddable":true,"href":"https:\/\/aeronoticias.com.pe\/noticiero\/wp-json\/wp\/v2\/comments?post=29507"}],"version-history":[{"count":0,"href":"https:\/\/aeronoticias.com.pe\/noticiero\/wp-json\/wp\/v2\/posts\/29507\/revisions"}],"wp:attachment":[{"href":"https:\/\/aeronoticias.com.pe\/noticiero\/wp-json\/wp\/v2\/media?parent=29507"}],"wp:term":[{"taxonomy":"category","embeddable":true,"href":"https:\/\/aeronoticias.com.pe\/noticiero\/wp-json\/wp\/v2\/categories?post=29507"},{"taxonomy":"post_tag","embeddable":true,"href":"https:\/\/aeronoticias.com.pe\/noticiero\/wp-json\/wp\/v2\/tags?post=29507"}],"curies":[{"name":"wp","href":"https:\/\/api.w.org\/{rel}","templated":true}]}}