{"id":29508,"date":"2012-08-12T23:18:26","date_gmt":"2012-08-12T23:18:26","guid":{"rendered":"http:\/\/desarrollo.mcvicious.com\/aero2020\/2012\/08\/12\/bandera-peruana-participo-en-la-ceremonia-de-clausura-de-las-olimpiadas\/"},"modified":"2012-08-12T23:18:26","modified_gmt":"2012-08-12T23:18:26","slug":"bandera-peruana-participo-en-la-ceremonia-de-clausura-de-las-olimpiadas","status":"publish","type":"post","link":"https:\/\/aeronoticias.com.pe\/noticiero\/deportes\/bandera-peruana-participo-en-la-ceremonia-de-clausura-de-las-olimpiadas\/","title":{"rendered":"Bandera peruana particip\u00f3 en la ceremonia de clausura de las Olimpiadas"},"content":{"rendered":"<p style=\"text-align: justify;\" \/><strong>(Aeronoticias).- <\/strong> La bandera peruana particip\u00f3 hoy de la ceremonia de clausura de los Juegos Ol\u00edmpicos de Londres 2012, la cual fue portada por la maratonista nacional In\u00e9s Melchor. <\/p>\n<p>La atleta, que durante la prueba de 42 kil\u00f3metros impuso un nuevo r\u00e9cord sudamericano para la rama femenina con 2 horas 28 minutos y 54 segundos, ingres\u00f3 al Estadio Ol\u00edmpico con el s\u00edmbolo patrio junto con los dem\u00e1s representantes de los pa\u00edses participantes.<br \/>  <!--more-->  <br \/>Melchor, como se recuerda, rompi\u00f3 el anterior registro que estaba en manos de la brasile\u00f1a Adriana Aparecida da Silva que hab\u00eda marcado 2:29:17.<\/p>\n<p>La peruana tuvo su segunda participaci\u00f3n en una marat\u00f3n de manera oficial, pues anteriormente participaba en las pruebas de 5,000 y 10,000 metros planos.<\/p>\n<p>Luego del ingreso de las banderas de las delegaciones, los atletas que participaron en todas las disciplinas tambi\u00e9n se ubicaron en diversas partes del recinto deportivo.<\/p>\n<p><img decoding=\"async\" src=\"images\/stories\/12\/08\/120812\/melchor-bandera-peruana.jpg\" border=\"0\" \/><\/p>\n","protected":false},"excerpt":{"rendered":"<p>(Aeronoticias).- La bandera peruana particip\u00f3 hoy de la ceremonia de clausura de los Juegos Ol\u00edmpicos de Londres 2012, la cual fue portada por la maratonista nacional In\u00e9s Melchor. La atleta, que durante la prueba de 42 kil\u00f3metros impuso un nuevo r\u00e9cord sudamericano para la rama femenina con 2 horas 28 minutos y 54 segundos, ingres\u00f3 [&hellip;]<\/p>\n","protected":false},"author":1,"featured_media":0,"comment_status":"open","ping_status":"open","sticky":false,"template":"","format":"standard","meta":{"tdm_status":"","tdm_grid_status":"","footnotes":""},"categories":[40],"tags":[],"class_list":{"0":"post-29508","1":"post","2":"type-post","3":"status-publish","4":"format-standard","6":"category-deportes"},"yoast_head":"<!-- This site is optimized with the Yoast SEO plugin v25.1 - https:\/\/yoast.com\/wordpress\/plugins\/seo\/ -->\n<title>Bandera peruana particip\u00f3 en la ceremonia de clausura de las Olimpiadas<\/title>\n<meta name=\"description\" content=\"Portal de noticias del Per\u00fa sobre el transporte a\u00e9reo, aviaci\u00f3n, turismo, hoteleria, actualidad.\" \/>\n<meta name=\"robots\" content=\"index, follow, max-snippet:-1, max-image-preview:large, max-video-preview:-1\" \/>\n<link rel=\"canonical\" href=\"https:\/\/aeronoticias.com.pe\/noticiero\/deportes\/bandera-peruana-participo-en-la-ceremonia-de-clausura-de-las-olimpiadas\/\" \/>\n<meta property=\"og:locale\" content=\"es_ES\" \/>\n<meta property=\"og:type\" content=\"article\" \/>\n<meta property=\"og:title\" content=\"Bandera peruana particip\u00f3 en la ceremonia de clausura de las Olimpiadas\" \/>\n<meta property=\"og:description\" content=\"Portal de noticias del Per\u00fa sobre el transporte a\u00e9reo, aviaci\u00f3n, turismo, hoteleria, actualidad.\" \/>\n<meta property=\"og:url\" content=\"https:\/\/aeronoticias.com.pe\/noticiero\/deportes\/bandera-peruana-participo-en-la-ceremonia-de-clausura-de-las-olimpiadas\/\" \/>\n<meta property=\"og:site_name\" content=\"Aeronoticias.com.pe\" \/>\n<meta property=\"article:publisher\" content=\"https:\/\/www.facebook.com\/Aeronoticias.com.pe\/\" \/>\n<meta property=\"article:published_time\" content=\"2012-08-12T23:18:26+00:00\" \/>\n<meta name=\"author\" content=\"Redacci\u00f3n Aeronoticias\" \/>\n<meta name=\"twitter:card\" content=\"summary_large_image\" \/>\n<meta name=\"twitter:creator\" content=\"@aeronoticias\" \/>\n<meta name=\"twitter:site\" content=\"@aeronoticias\" \/>\n<meta name=\"twitter:label1\" content=\"Escrito por\" \/>\n\t<meta name=\"twitter:data1\" content=\"Redacci\u00f3n Aeronoticias\" \/>\n\t<meta name=\"twitter:label2\" content=\"Tiempo de lectura\" \/>\n\t<meta name=\"twitter:data2\" content=\"1 minuto\" \/>\n<script type=\"application\/ld+json\" class=\"yoast-schema-graph\">{\"@context\":\"https:\/\/schema.org\",\"@graph\":[{\"@type\":\"WebPage\",\"@id\":\"https:\/\/aeronoticias.com.pe\/noticiero\/deportes\/bandera-peruana-participo-en-la-ceremonia-de-clausura-de-las-olimpiadas\/\",\"url\":\"https:\/\/aeronoticias.com.pe\/noticiero\/deportes\/bandera-peruana-participo-en-la-ceremonia-de-clausura-de-las-olimpiadas\/\",\"name\":\"Bandera peruana particip\u00f3 en la ceremonia de clausura de las Olimpiadas\",\"isPartOf\":{\"@id\":\"https:\/\/aeronoticias.com.pe\/noticiero\/#website\"},\"datePublished\":\"2012-08-12T23:18:26+00:00\",\"author\":{\"@id\":\"https:\/\/aeronoticias.com.pe\/noticiero\/#\/schema\/person\/fc1e5d578f4b62ba1cf7ac2bba1170a0\"},\"description\":\"Portal de noticias del Per\u00fa sobre el transporte a\u00e9reo, aviaci\u00f3n, turismo, hoteleria, actualidad.\",\"breadcrumb\":{\"@id\":\"https:\/\/aeronoticias.com.pe\/noticiero\/deportes\/bandera-peruana-participo-en-la-ceremonia-de-clausura-de-las-olimpiadas\/#breadcrumb\"},\"inLanguage\":\"es\",\"potentialAction\":[{\"@type\":\"ReadAction\",\"target\":[\"https:\/\/aeronoticias.com.pe\/noticiero\/deportes\/bandera-peruana-participo-en-la-ceremonia-de-clausura-de-las-olimpiadas\/\"]}]},{\"@type\":\"BreadcrumbList\",\"@id\":\"https:\/\/aeronoticias.com.pe\/noticiero\/deportes\/bandera-peruana-participo-en-la-ceremonia-de-clausura-de-las-olimpiadas\/#breadcrumb\",\"itemListElement\":[{\"@type\":\"ListItem\",\"position\":1,\"name\":\"Portada\",\"item\":\"https:\/\/aeronoticias.com.pe\/noticiero\/\"},{\"@type\":\"ListItem\",\"position\":2,\"name\":\"Bandera peruana particip\u00f3 en la ceremonia de clausura de las Olimpiadas\"}]},{\"@type\":\"WebSite\",\"@id\":\"https:\/\/aeronoticias.com.pe\/noticiero\/#website\",\"url\":\"https:\/\/aeronoticias.com.pe\/noticiero\/\",\"name\":\"Aeronoticias.com.pe\",\"description\":\"Noticias de tranporte aereo, turismo, hoteles, gastronomia, actualidad, internacional\",\"potentialAction\":[{\"@type\":\"SearchAction\",\"target\":{\"@type\":\"EntryPoint\",\"urlTemplate\":\"https:\/\/aeronoticias.com.pe\/noticiero\/?s={search_term_string}\"},\"query-input\":{\"@type\":\"PropertyValueSpecification\",\"valueRequired\":true,\"valueName\":\"search_term_string\"}}],\"inLanguage\":\"es\"},{\"@type\":\"Person\",\"@id\":\"https:\/\/aeronoticias.com.pe\/noticiero\/#\/schema\/person\/fc1e5d578f4b62ba1cf7ac2bba1170a0\",\"name\":\"Redacci\u00f3n Aeronoticias\",\"url\":\"https:\/\/aeronoticias.com.pe\/noticiero\/author\/piloto\/\"}]}<\/script>\n<!-- \/ Yoast SEO plugin. -->","yoast_head_json":{"title":"Bandera peruana particip\u00f3 en la ceremonia de clausura de las Olimpiadas","description":"Portal de noticias del Per\u00fa sobre el transporte a\u00e9reo, aviaci\u00f3n, turismo, hoteleria, actualidad.","robots":{"index":"index","follow":"follow","max-snippet":"max-snippet:-1","max-image-preview":"max-image-preview:large","max-video-preview":"max-video-preview:-1"},"canonical":"https:\/\/aeronoticias.com.pe\/noticiero\/deportes\/bandera-peruana-participo-en-la-ceremonia-de-clausura-de-las-olimpiadas\/","og_locale":"es_ES","og_type":"article","og_title":"Bandera peruana particip\u00f3 en la ceremonia de clausura de las Olimpiadas","og_description":"Portal de noticias del Per\u00fa sobre el transporte a\u00e9reo, aviaci\u00f3n, turismo, hoteleria, actualidad.","og_url":"https:\/\/aeronoticias.com.pe\/noticiero\/deportes\/bandera-peruana-participo-en-la-ceremonia-de-clausura-de-las-olimpiadas\/","og_site_name":"Aeronoticias.com.pe","article_publisher":"https:\/\/www.facebook.com\/Aeronoticias.com.pe\/","article_published_time":"2012-08-12T23:18:26+00:00","author":"Redacci\u00f3n Aeronoticias","twitter_card":"summary_large_image","twitter_creator":"@aeronoticias","twitter_site":"@aeronoticias","twitter_misc":{"Escrito por":"Redacci\u00f3n Aeronoticias","Tiempo de lectura":"1 minuto"},"schema":{"@context":"https:\/\/schema.org","@graph":[{"@type":"WebPage","@id":"https:\/\/aeronoticias.com.pe\/noticiero\/deportes\/bandera-peruana-participo-en-la-ceremonia-de-clausura-de-las-olimpiadas\/","url":"https:\/\/aeronoticias.com.pe\/noticiero\/deportes\/bandera-peruana-participo-en-la-ceremonia-de-clausura-de-las-olimpiadas\/","name":"Bandera peruana particip\u00f3 en la ceremonia de clausura de las Olimpiadas","isPartOf":{"@id":"https:\/\/aeronoticias.com.pe\/noticiero\/#website"},"datePublished":"2012-08-12T23:18:26+00:00","author":{"@id":"https:\/\/aeronoticias.com.pe\/noticiero\/#\/schema\/person\/fc1e5d578f4b62ba1cf7ac2bba1170a0"},"description":"Portal de noticias del Per\u00fa sobre el transporte a\u00e9reo, aviaci\u00f3n, turismo, hoteleria, actualidad.","breadcrumb":{"@id":"https:\/\/aeronoticias.com.pe\/noticiero\/deportes\/bandera-peruana-participo-en-la-ceremonia-de-clausura-de-las-olimpiadas\/#breadcrumb"},"inLanguage":"es","potentialAction":[{"@type":"ReadAction","target":["https:\/\/aeronoticias.com.pe\/noticiero\/deportes\/bandera-peruana-participo-en-la-ceremonia-de-clausura-de-las-olimpiadas\/"]}]},{"@type":"BreadcrumbList","@id":"https:\/\/aeronoticias.com.pe\/noticiero\/deportes\/bandera-peruana-participo-en-la-ceremonia-de-clausura-de-las-olimpiadas\/#breadcrumb","itemListElement":[{"@type":"ListItem","position":1,"name":"Portada","item":"https:\/\/aeronoticias.com.pe\/noticiero\/"},{"@type":"ListItem","position":2,"name":"Bandera peruana particip\u00f3 en la ceremonia de clausura de las Olimpiadas"}]},{"@type":"WebSite","@id":"https:\/\/aeronoticias.com.pe\/noticiero\/#website","url":"https:\/\/aeronoticias.com.pe\/noticiero\/","name":"Aeronoticias.com.pe","description":"Noticias de tranporte aereo, turismo, hoteles, gastronomia, actualidad, internacional","potentialAction":[{"@type":"SearchAction","target":{"@type":"EntryPoint","urlTemplate":"https:\/\/aeronoticias.com.pe\/noticiero\/?s={search_term_string}"},"query-input":{"@type":"PropertyValueSpecification","valueRequired":true,"valueName":"search_term_string"}}],"inLanguage":"es"},{"@type":"Person","@id":"https:\/\/aeronoticias.com.pe\/noticiero\/#\/schema\/person\/fc1e5d578f4b62ba1cf7ac2bba1170a0","name":"Redacci\u00f3n Aeronoticias","url":"https:\/\/aeronoticias.com.pe\/noticiero\/author\/piloto\/"}]}},"_links":{"self":[{"href":"https:\/\/aeronoticias.com.pe\/noticiero\/wp-json\/wp\/v2\/posts\/29508","targetHints":{"allow":["GET"]}}],"collection":[{"href":"https:\/\/aeronoticias.com.pe\/noticiero\/wp-json\/wp\/v2\/posts"}],"about":[{"href":"https:\/\/aeronoticias.com.pe\/noticiero\/wp-json\/wp\/v2\/types\/post"}],"author":[{"embeddable":true,"href":"https:\/\/aeronoticias.com.pe\/noticiero\/wp-json\/wp\/v2\/users\/1"}],"replies":[{"embeddable":true,"href":"https:\/\/aeronoticias.com.pe\/noticiero\/wp-json\/wp\/v2\/comments?post=29508"}],"version-history":[{"count":0,"href":"https:\/\/aeronoticias.com.pe\/noticiero\/wp-json\/wp\/v2\/posts\/29508\/revisions"}],"wp:attachment":[{"href":"https:\/\/aeronoticias.com.pe\/noticiero\/wp-json\/wp\/v2\/media?parent=29508"}],"wp:term":[{"taxonomy":"category","embeddable":true,"href":"https:\/\/aeronoticias.com.pe\/noticiero\/wp-json\/wp\/v2\/categories?post=29508"},{"taxonomy":"post_tag","embeddable":true,"href":"https:\/\/aeronoticias.com.pe\/noticiero\/wp-json\/wp\/v2\/tags?post=29508"}],"curies":[{"name":"wp","href":"https:\/\/api.w.org\/{rel}","templated":true}]}}