{"id":29598,"date":"2012-08-15T13:47:35","date_gmt":"2012-08-15T13:47:35","guid":{"rendered":"http:\/\/desarrollo.mcvicious.com\/aero2020\/2012\/08\/15\/chavez-dice-que-avion-interceptado-con-droga-en-espana-fue-duro-golpe-al-narcotrafico\/"},"modified":"2012-08-15T13:47:35","modified_gmt":"2012-08-15T13:47:35","slug":"chavez-dice-que-avion-interceptado-con-droga-en-espana-fue-duro-golpe-al-narcotrafico","status":"publish","type":"post","link":"https:\/\/aeronoticias.com.pe\/noticiero\/internacionales\/chavez-dice-que-avion-interceptado-con-droga-en-espana-fue-duro-golpe-al-narcotrafico\/","title":{"rendered":"Ch\u00e1vez dice que avi\u00f3n interceptado con droga en Espa\u00f1a fue &#8216;duro golpe al narcotr\u00e1fico&#8217;"},"content":{"rendered":"<p style=\"text-align: justify;\"><strong>(Aeronoticias).-<\/strong> El presidente de Venezuela, Hugo Ch\u00e1vez,\u00a0calific\u00f3 como \u00abun duro golpe al narcotr\u00e1fico\u00bb al <a href=\"index.php?option=com_content&#038;view=article&#038;id=30831;avion-interceptado-en-espana-transportaba-cerca-de-una-tonelada-de-droga-&#038;catid=26;26&#038;Itemid=579\" target=\"_blank\" rel=\"noopener noreferrer\">operativo que permiti\u00f3 hallar m\u00e1s de una tonelada de coca\u00edna en un avi\u00f3n<\/a> que despeg\u00f3 de Venezuela sin autorizaci\u00f3n y que fue interceptado por la polic\u00eda espa\u00f1ola en el aeropuerto de la isla de Gran Canaria.<\/p>\n<p style=\"text-align: justify;\">Asimismo, el mandatario confirm\u00f3 que por tal motivo se ha detenido a un n\u00famero no determinado a\u00fan de personas,\u00a0entre las que mencion\u00f3 a \u00abfuncionarios del aeropuerto\u00bb.<\/p>\n<p style=\"text-align: justify;\">\u00abY andamos buscando a otros con conexiones muy cercanas algunos al gobierno local del estado Carabobo y mafias\u00bb, a\u00f1adi\u00f3 Ch\u00e1vez, al aludir a esa regi\u00f3n que est\u00e1 en manos de opositores.<\/p>\n<p>  <!--more-->  <\/p>\n<p style=\"text-align: justify;\">Por su parte, el ministro de Interior de Venezuela, Tareck el Aissami, inform\u00f3 ayer que 28 personas son investigadas y fueron puestas a disposici\u00f3n del Ministerio P\u00fablico tras la salida ilegal del avi\u00f3n.<\/p>\n<p style=\"text-align: justify;\">El Aissami indic\u00f3 que la aeronave, un Bombardier BD-7000 con matr\u00edcula maltense 9HFED, aterriz\u00f3 el s\u00e1bado por la noche proveniente de Trinidad y Tobago, aunque su plan de vuelo mostraba que ven\u00eda de Granada, y que saldr\u00eda al d\u00eda siguiente hacia Brasil.<\/p>\n<p style=\"text-align: justify;\">Detall\u00f3 que de la aeronave descendi\u00f3 una mujer de nacionalidad australiana, pero permanecieron en \u00e9l dos pilotos de nacionalidad alemana y una tripulante austr\u00edaca, que salieron en el avi\u00f3n con el aeropuerto cerrado y sin autorizaci\u00f3n.<\/p>\n<p style=\"text-align: justify;\">EFE<\/p>\n<p><img decoding=\"async\" src=\"images\/stories\/12\/08\/150812\/chavez.jpg\" border=\"0\" alt=\" Ch\u00e1vez dice que avi\u00f3n interceptado con droga en Espa\u00f1a fue 'duro golpe al narcotr\u00e1fico'\" title=\" Ch\u00e1vez dice que avi\u00f3n interceptado con droga en Espa\u00f1a fue 'duro golpe al narcotr\u00e1fico'\" \/><\/p>\n<p style=\"text-align: justify;\">\u00a0<\/p>\n<p style=\"text-align: justify;\">\u00a0<\/p>\n<p style=\"text-align: justify;\">\u00a0<\/p>\n","protected":false},"excerpt":{"rendered":"<p>(Aeronoticias).- El presidente de Venezuela, Hugo Ch\u00e1vez,\u00a0calific\u00f3 como \u00abun duro golpe al narcotr\u00e1fico\u00bb al operativo que permiti\u00f3 hallar m\u00e1s de una tonelada de coca\u00edna en un avi\u00f3n que despeg\u00f3 de Venezuela sin autorizaci\u00f3n y que fue interceptado por la polic\u00eda espa\u00f1ola en el aeropuerto de la isla de Gran Canaria. Asimismo, el mandatario confirm\u00f3 que [&hellip;]<\/p>\n","protected":false},"author":1,"featured_media":0,"comment_status":"open","ping_status":"open","sticky":false,"template":"","format":"standard","meta":{"tdm_status":"","tdm_grid_status":"","footnotes":""},"categories":[34],"tags":[],"class_list":{"0":"post-29598","1":"post","2":"type-post","3":"status-publish","4":"format-standard","6":"category-internacionales"},"yoast_head":"<!-- This site is optimized with the Yoast SEO plugin v25.1 - https:\/\/yoast.com\/wordpress\/plugins\/seo\/ -->\n<title>Ch\u00e1vez dice que avi\u00f3n interceptado con droga en Espa\u00f1a fue &#039;duro golpe al narcotr\u00e1fico&#039;<\/title>\n<meta name=\"description\" content=\"Portal de noticias del Per\u00fa sobre el transporte a\u00e9reo, aviaci\u00f3n, turismo, hoteleria, actualidad.\" \/>\n<meta name=\"robots\" content=\"index, follow, max-snippet:-1, max-image-preview:large, max-video-preview:-1\" \/>\n<link rel=\"canonical\" href=\"https:\/\/aeronoticias.com.pe\/noticiero\/internacionales\/chavez-dice-que-avion-interceptado-con-droga-en-espana-fue-duro-golpe-al-narcotrafico\/\" \/>\n<meta property=\"og:locale\" content=\"es_ES\" \/>\n<meta property=\"og:type\" content=\"article\" \/>\n<meta property=\"og:title\" content=\"Ch\u00e1vez dice que avi\u00f3n interceptado con droga en Espa\u00f1a fue &#039;duro golpe al narcotr\u00e1fico&#039;\" \/>\n<meta property=\"og:description\" content=\"Portal de noticias del Per\u00fa sobre el transporte a\u00e9reo, aviaci\u00f3n, turismo, hoteleria, actualidad.\" \/>\n<meta property=\"og:url\" content=\"https:\/\/aeronoticias.com.pe\/noticiero\/internacionales\/chavez-dice-que-avion-interceptado-con-droga-en-espana-fue-duro-golpe-al-narcotrafico\/\" \/>\n<meta property=\"og:site_name\" content=\"Aeronoticias.com.pe\" \/>\n<meta property=\"article:publisher\" content=\"https:\/\/www.facebook.com\/Aeronoticias.com.pe\/\" \/>\n<meta property=\"article:published_time\" content=\"2012-08-15T13:47:35+00:00\" \/>\n<meta name=\"author\" content=\"Redacci\u00f3n Aeronoticias\" \/>\n<meta name=\"twitter:card\" content=\"summary_large_image\" \/>\n<meta name=\"twitter:creator\" content=\"@aeronoticias\" \/>\n<meta name=\"twitter:site\" content=\"@aeronoticias\" \/>\n<meta name=\"twitter:label1\" content=\"Escrito por\" \/>\n\t<meta name=\"twitter:data1\" content=\"Redacci\u00f3n Aeronoticias\" \/>\n\t<meta name=\"twitter:label2\" content=\"Tiempo de lectura\" \/>\n\t<meta name=\"twitter:data2\" content=\"1 minuto\" \/>\n<script type=\"application\/ld+json\" class=\"yoast-schema-graph\">{\"@context\":\"https:\/\/schema.org\",\"@graph\":[{\"@type\":\"WebPage\",\"@id\":\"https:\/\/aeronoticias.com.pe\/noticiero\/internacionales\/chavez-dice-que-avion-interceptado-con-droga-en-espana-fue-duro-golpe-al-narcotrafico\/\",\"url\":\"https:\/\/aeronoticias.com.pe\/noticiero\/internacionales\/chavez-dice-que-avion-interceptado-con-droga-en-espana-fue-duro-golpe-al-narcotrafico\/\",\"name\":\"Ch\u00e1vez dice que avi\u00f3n interceptado con droga en Espa\u00f1a fue 'duro golpe al narcotr\u00e1fico'\",\"isPartOf\":{\"@id\":\"https:\/\/aeronoticias.com.pe\/noticiero\/#website\"},\"datePublished\":\"2012-08-15T13:47:35+00:00\",\"author\":{\"@id\":\"https:\/\/aeronoticias.com.pe\/noticiero\/#\/schema\/person\/fc1e5d578f4b62ba1cf7ac2bba1170a0\"},\"description\":\"Portal de noticias del Per\u00fa sobre el transporte a\u00e9reo, aviaci\u00f3n, turismo, hoteleria, actualidad.\",\"breadcrumb\":{\"@id\":\"https:\/\/aeronoticias.com.pe\/noticiero\/internacionales\/chavez-dice-que-avion-interceptado-con-droga-en-espana-fue-duro-golpe-al-narcotrafico\/#breadcrumb\"},\"inLanguage\":\"es\",\"potentialAction\":[{\"@type\":\"ReadAction\",\"target\":[\"https:\/\/aeronoticias.com.pe\/noticiero\/internacionales\/chavez-dice-que-avion-interceptado-con-droga-en-espana-fue-duro-golpe-al-narcotrafico\/\"]}]},{\"@type\":\"BreadcrumbList\",\"@id\":\"https:\/\/aeronoticias.com.pe\/noticiero\/internacionales\/chavez-dice-que-avion-interceptado-con-droga-en-espana-fue-duro-golpe-al-narcotrafico\/#breadcrumb\",\"itemListElement\":[{\"@type\":\"ListItem\",\"position\":1,\"name\":\"Portada\",\"item\":\"https:\/\/aeronoticias.com.pe\/noticiero\/\"},{\"@type\":\"ListItem\",\"position\":2,\"name\":\"Ch\u00e1vez dice que avi\u00f3n interceptado con droga en Espa\u00f1a fue &#8216;duro golpe al narcotr\u00e1fico&#8217;\"}]},{\"@type\":\"WebSite\",\"@id\":\"https:\/\/aeronoticias.com.pe\/noticiero\/#website\",\"url\":\"https:\/\/aeronoticias.com.pe\/noticiero\/\",\"name\":\"Aeronoticias.com.pe\",\"description\":\"Noticias de tranporte aereo, turismo, hoteles, gastronomia, actualidad, internacional\",\"potentialAction\":[{\"@type\":\"SearchAction\",\"target\":{\"@type\":\"EntryPoint\",\"urlTemplate\":\"https:\/\/aeronoticias.com.pe\/noticiero\/?s={search_term_string}\"},\"query-input\":{\"@type\":\"PropertyValueSpecification\",\"valueRequired\":true,\"valueName\":\"search_term_string\"}}],\"inLanguage\":\"es\"},{\"@type\":\"Person\",\"@id\":\"https:\/\/aeronoticias.com.pe\/noticiero\/#\/schema\/person\/fc1e5d578f4b62ba1cf7ac2bba1170a0\",\"name\":\"Redacci\u00f3n Aeronoticias\",\"url\":\"https:\/\/aeronoticias.com.pe\/noticiero\/author\/piloto\/\"}]}<\/script>\n<!-- \/ Yoast SEO plugin. -->","yoast_head_json":{"title":"Ch\u00e1vez dice que avi\u00f3n interceptado con droga en Espa\u00f1a fue 'duro golpe al narcotr\u00e1fico'","description":"Portal de noticias del Per\u00fa sobre el transporte a\u00e9reo, aviaci\u00f3n, turismo, hoteleria, actualidad.","robots":{"index":"index","follow":"follow","max-snippet":"max-snippet:-1","max-image-preview":"max-image-preview:large","max-video-preview":"max-video-preview:-1"},"canonical":"https:\/\/aeronoticias.com.pe\/noticiero\/internacionales\/chavez-dice-que-avion-interceptado-con-droga-en-espana-fue-duro-golpe-al-narcotrafico\/","og_locale":"es_ES","og_type":"article","og_title":"Ch\u00e1vez dice que avi\u00f3n interceptado con droga en Espa\u00f1a fue 'duro golpe al narcotr\u00e1fico'","og_description":"Portal de noticias del Per\u00fa sobre el transporte a\u00e9reo, aviaci\u00f3n, turismo, hoteleria, actualidad.","og_url":"https:\/\/aeronoticias.com.pe\/noticiero\/internacionales\/chavez-dice-que-avion-interceptado-con-droga-en-espana-fue-duro-golpe-al-narcotrafico\/","og_site_name":"Aeronoticias.com.pe","article_publisher":"https:\/\/www.facebook.com\/Aeronoticias.com.pe\/","article_published_time":"2012-08-15T13:47:35+00:00","author":"Redacci\u00f3n Aeronoticias","twitter_card":"summary_large_image","twitter_creator":"@aeronoticias","twitter_site":"@aeronoticias","twitter_misc":{"Escrito por":"Redacci\u00f3n Aeronoticias","Tiempo de lectura":"1 minuto"},"schema":{"@context":"https:\/\/schema.org","@graph":[{"@type":"WebPage","@id":"https:\/\/aeronoticias.com.pe\/noticiero\/internacionales\/chavez-dice-que-avion-interceptado-con-droga-en-espana-fue-duro-golpe-al-narcotrafico\/","url":"https:\/\/aeronoticias.com.pe\/noticiero\/internacionales\/chavez-dice-que-avion-interceptado-con-droga-en-espana-fue-duro-golpe-al-narcotrafico\/","name":"Ch\u00e1vez dice que avi\u00f3n interceptado con droga en Espa\u00f1a fue 'duro golpe al narcotr\u00e1fico'","isPartOf":{"@id":"https:\/\/aeronoticias.com.pe\/noticiero\/#website"},"datePublished":"2012-08-15T13:47:35+00:00","author":{"@id":"https:\/\/aeronoticias.com.pe\/noticiero\/#\/schema\/person\/fc1e5d578f4b62ba1cf7ac2bba1170a0"},"description":"Portal de noticias del Per\u00fa sobre el transporte a\u00e9reo, aviaci\u00f3n, turismo, hoteleria, actualidad.","breadcrumb":{"@id":"https:\/\/aeronoticias.com.pe\/noticiero\/internacionales\/chavez-dice-que-avion-interceptado-con-droga-en-espana-fue-duro-golpe-al-narcotrafico\/#breadcrumb"},"inLanguage":"es","potentialAction":[{"@type":"ReadAction","target":["https:\/\/aeronoticias.com.pe\/noticiero\/internacionales\/chavez-dice-que-avion-interceptado-con-droga-en-espana-fue-duro-golpe-al-narcotrafico\/"]}]},{"@type":"BreadcrumbList","@id":"https:\/\/aeronoticias.com.pe\/noticiero\/internacionales\/chavez-dice-que-avion-interceptado-con-droga-en-espana-fue-duro-golpe-al-narcotrafico\/#breadcrumb","itemListElement":[{"@type":"ListItem","position":1,"name":"Portada","item":"https:\/\/aeronoticias.com.pe\/noticiero\/"},{"@type":"ListItem","position":2,"name":"Ch\u00e1vez dice que avi\u00f3n interceptado con droga en Espa\u00f1a fue &#8216;duro golpe al narcotr\u00e1fico&#8217;"}]},{"@type":"WebSite","@id":"https:\/\/aeronoticias.com.pe\/noticiero\/#website","url":"https:\/\/aeronoticias.com.pe\/noticiero\/","name":"Aeronoticias.com.pe","description":"Noticias de tranporte aereo, turismo, hoteles, gastronomia, actualidad, internacional","potentialAction":[{"@type":"SearchAction","target":{"@type":"EntryPoint","urlTemplate":"https:\/\/aeronoticias.com.pe\/noticiero\/?s={search_term_string}"},"query-input":{"@type":"PropertyValueSpecification","valueRequired":true,"valueName":"search_term_string"}}],"inLanguage":"es"},{"@type":"Person","@id":"https:\/\/aeronoticias.com.pe\/noticiero\/#\/schema\/person\/fc1e5d578f4b62ba1cf7ac2bba1170a0","name":"Redacci\u00f3n Aeronoticias","url":"https:\/\/aeronoticias.com.pe\/noticiero\/author\/piloto\/"}]}},"_links":{"self":[{"href":"https:\/\/aeronoticias.com.pe\/noticiero\/wp-json\/wp\/v2\/posts\/29598","targetHints":{"allow":["GET"]}}],"collection":[{"href":"https:\/\/aeronoticias.com.pe\/noticiero\/wp-json\/wp\/v2\/posts"}],"about":[{"href":"https:\/\/aeronoticias.com.pe\/noticiero\/wp-json\/wp\/v2\/types\/post"}],"author":[{"embeddable":true,"href":"https:\/\/aeronoticias.com.pe\/noticiero\/wp-json\/wp\/v2\/users\/1"}],"replies":[{"embeddable":true,"href":"https:\/\/aeronoticias.com.pe\/noticiero\/wp-json\/wp\/v2\/comments?post=29598"}],"version-history":[{"count":0,"href":"https:\/\/aeronoticias.com.pe\/noticiero\/wp-json\/wp\/v2\/posts\/29598\/revisions"}],"wp:attachment":[{"href":"https:\/\/aeronoticias.com.pe\/noticiero\/wp-json\/wp\/v2\/media?parent=29598"}],"wp:term":[{"taxonomy":"category","embeddable":true,"href":"https:\/\/aeronoticias.com.pe\/noticiero\/wp-json\/wp\/v2\/categories?post=29598"},{"taxonomy":"post_tag","embeddable":true,"href":"https:\/\/aeronoticias.com.pe\/noticiero\/wp-json\/wp\/v2\/tags?post=29598"}],"curies":[{"name":"wp","href":"https:\/\/api.w.org\/{rel}","templated":true}]}}