{"id":29599,"date":"2012-08-15T13:59:25","date_gmt":"2012-08-15T13:59:25","guid":{"rendered":"http:\/\/desarrollo.mcvicious.com\/aero2020\/2012\/08\/15\/venezuela-detiene-a-28-personas-por-el-avion-interceptado-en-espana\/"},"modified":"2012-08-15T13:59:25","modified_gmt":"2012-08-15T13:59:25","slug":"venezuela-detiene-a-28-personas-por-el-avion-interceptado-en-espana","status":"publish","type":"post","link":"https:\/\/aeronoticias.com.pe\/noticiero\/internacionales\/venezuela-detiene-a-28-personas-por-el-avion-interceptado-en-espana\/","title":{"rendered":"Venezuela detiene a 28 personas por el avi\u00f3n interceptado en Espa\u00f1a"},"content":{"rendered":"<p style=\"text-align: justify;\"><strong>(Aeronoticias).-<\/strong> El Gobierno venezolano ha puesto a 28 personas a disposici\u00f3n del Ministerio P\u00fablico tras la salida ilegal de un <a href=\"index.php?option=com_content&#038;view=article&#038;id=30831;avion-interceptado-en-espana-transportaba-cerca-de-una-tonelada-de-droga-&#038;catid=26;26&#038;Itemid=579\" target=\"_blank\" rel=\"noopener noreferrer\">avi\u00f3n que fue interceptado en el aeropuerto de Gran Canaria<\/a>, en Espa\u00f1a, indic\u00f3 el ministro del Interior de Venezuela, Tareck el Aissami.<\/p>\n<p style=\"text-align: justify;\">El ministro se\u00f1al\u00f3 que la inmovilizaci\u00f3n del avi\u00f3n se produjo despu\u00e9s de que Venezuela advirti\u00f3 a Interpol de la salida ilegal de la aeronave en horas de la madrugada del aeropuerto Arturo Michelena, en la regi\u00f3n de Valencia.<\/p>\n<p style=\"text-align: justify;\">Precis\u00f3 que el aparato, con matr\u00edcula de Malta, aterriz\u00f3 el s\u00e1bado por la noche proveniente de Trinidad y Tobago, aunque su plan de vuelo mostraba que ven\u00eda de Granada, y present\u00f3 un plan de vuelo para salir al d\u00eda siguiente hacia Brasil.<\/p>\n<p>  <!--more-->  <\/p>\n<p style=\"text-align: justify;\">Indic\u00f3 que de la aeronave descendi\u00f3 una mujer de nacionalidad australiana, pero permanecieron en \u00e9l dos pilotos de nacionalidad alemana y una tripulante austr\u00edaca, que salieron en el avi\u00f3n en horas de la madrugada, con el aeropuerto cerrado, sin autorizaci\u00f3n y sin luces en la pista.<\/p>\n<p style=\"text-align: justify;\">Una vez comprobado que la aeronave se dirig\u00eda hacia el Este, las autoridades venezolanas avisaron a Interpol y a los representantes policiales en el pa\u00eds de varios pa\u00edses europeos, incluida Espa\u00f1a, por el \u00absecuestro y presunto robo de la aeronave\u00bb.<\/p>\n<p style=\"text-align: justify;\"><strong>M\u00e1s informaci\u00f3n<\/strong><\/p>\n<p style=\"text-align: justify;\">La Polic\u00eda espa\u00f1ola inspeccion\u00f3 ayer el cargamento del avi\u00f3n encontrando m\u00e1s de una tonelada de coca\u00edna camuflada en fardos con el emblema de una organizaci\u00f3n humanitaria.<\/p>\n<p style=\"text-align: justify;\">Fuentes citadas por la agencia Efe se\u00f1alaron que el destino definitivo del avi\u00f3n no era Espa\u00f1a.<\/p>\n<p><img decoding=\"async\" src=\"images\/stories\/12\/08\/150812\/grancanaria.jpg\" border=\"0\" alt=\"Venezuela detiene a 28 personas por el avi\u00f3n interceptado en Espa\u00f1a\" title=\"Venezuela detiene a 28 personas por el avi\u00f3n interceptado en Espa\u00f1a\" \/><\/p>\n<p style=\"text-align: justify;\">\u00a0<\/p>\n","protected":false},"excerpt":{"rendered":"<p>(Aeronoticias).- El Gobierno venezolano ha puesto a 28 personas a disposici\u00f3n del Ministerio P\u00fablico tras la salida ilegal de un avi\u00f3n que fue interceptado en el aeropuerto de Gran Canaria, en Espa\u00f1a, indic\u00f3 el ministro del Interior de Venezuela, Tareck el Aissami. El ministro se\u00f1al\u00f3 que la inmovilizaci\u00f3n del avi\u00f3n se produjo despu\u00e9s de que [&hellip;]<\/p>\n","protected":false},"author":1,"featured_media":0,"comment_status":"open","ping_status":"open","sticky":false,"template":"","format":"standard","meta":{"tdm_status":"","tdm_grid_status":"","footnotes":""},"categories":[34],"tags":[],"class_list":{"0":"post-29599","1":"post","2":"type-post","3":"status-publish","4":"format-standard","6":"category-internacionales"},"yoast_head":"<!-- This site is optimized with the Yoast SEO plugin v25.1 - https:\/\/yoast.com\/wordpress\/plugins\/seo\/ -->\n<title>Venezuela detiene a 28 personas por el avi\u00f3n interceptado en Espa\u00f1a<\/title>\n<meta name=\"description\" content=\"Portal de noticias del Per\u00fa sobre el transporte a\u00e9reo, aviaci\u00f3n, turismo, hoteleria, actualidad.\" \/>\n<meta name=\"robots\" content=\"index, follow, max-snippet:-1, max-image-preview:large, max-video-preview:-1\" \/>\n<link rel=\"canonical\" href=\"https:\/\/aeronoticias.com.pe\/noticiero\/internacionales\/venezuela-detiene-a-28-personas-por-el-avion-interceptado-en-espana\/\" \/>\n<meta property=\"og:locale\" content=\"es_ES\" \/>\n<meta property=\"og:type\" content=\"article\" \/>\n<meta property=\"og:title\" content=\"Venezuela detiene a 28 personas por el avi\u00f3n interceptado en Espa\u00f1a\" \/>\n<meta property=\"og:description\" content=\"Portal de noticias del Per\u00fa sobre el transporte a\u00e9reo, aviaci\u00f3n, turismo, hoteleria, actualidad.\" \/>\n<meta property=\"og:url\" content=\"https:\/\/aeronoticias.com.pe\/noticiero\/internacionales\/venezuela-detiene-a-28-personas-por-el-avion-interceptado-en-espana\/\" \/>\n<meta property=\"og:site_name\" content=\"Aeronoticias.com.pe\" \/>\n<meta property=\"article:publisher\" content=\"https:\/\/www.facebook.com\/Aeronoticias.com.pe\/\" \/>\n<meta property=\"article:published_time\" content=\"2012-08-15T13:59:25+00:00\" \/>\n<meta name=\"author\" content=\"Redacci\u00f3n Aeronoticias\" \/>\n<meta name=\"twitter:card\" content=\"summary_large_image\" \/>\n<meta name=\"twitter:creator\" content=\"@aeronoticias\" \/>\n<meta name=\"twitter:site\" content=\"@aeronoticias\" \/>\n<meta name=\"twitter:label1\" content=\"Escrito por\" \/>\n\t<meta name=\"twitter:data1\" content=\"Redacci\u00f3n Aeronoticias\" \/>\n\t<meta name=\"twitter:label2\" content=\"Tiempo de lectura\" \/>\n\t<meta name=\"twitter:data2\" content=\"1 minuto\" \/>\n<script type=\"application\/ld+json\" class=\"yoast-schema-graph\">{\"@context\":\"https:\/\/schema.org\",\"@graph\":[{\"@type\":\"WebPage\",\"@id\":\"https:\/\/aeronoticias.com.pe\/noticiero\/internacionales\/venezuela-detiene-a-28-personas-por-el-avion-interceptado-en-espana\/\",\"url\":\"https:\/\/aeronoticias.com.pe\/noticiero\/internacionales\/venezuela-detiene-a-28-personas-por-el-avion-interceptado-en-espana\/\",\"name\":\"Venezuela detiene a 28 personas por el avi\u00f3n interceptado en Espa\u00f1a\",\"isPartOf\":{\"@id\":\"https:\/\/aeronoticias.com.pe\/noticiero\/#website\"},\"datePublished\":\"2012-08-15T13:59:25+00:00\",\"author\":{\"@id\":\"https:\/\/aeronoticias.com.pe\/noticiero\/#\/schema\/person\/fc1e5d578f4b62ba1cf7ac2bba1170a0\"},\"description\":\"Portal de noticias del Per\u00fa sobre el transporte a\u00e9reo, aviaci\u00f3n, turismo, hoteleria, actualidad.\",\"breadcrumb\":{\"@id\":\"https:\/\/aeronoticias.com.pe\/noticiero\/internacionales\/venezuela-detiene-a-28-personas-por-el-avion-interceptado-en-espana\/#breadcrumb\"},\"inLanguage\":\"es\",\"potentialAction\":[{\"@type\":\"ReadAction\",\"target\":[\"https:\/\/aeronoticias.com.pe\/noticiero\/internacionales\/venezuela-detiene-a-28-personas-por-el-avion-interceptado-en-espana\/\"]}]},{\"@type\":\"BreadcrumbList\",\"@id\":\"https:\/\/aeronoticias.com.pe\/noticiero\/internacionales\/venezuela-detiene-a-28-personas-por-el-avion-interceptado-en-espana\/#breadcrumb\",\"itemListElement\":[{\"@type\":\"ListItem\",\"position\":1,\"name\":\"Portada\",\"item\":\"https:\/\/aeronoticias.com.pe\/noticiero\/\"},{\"@type\":\"ListItem\",\"position\":2,\"name\":\"Venezuela detiene a 28 personas por el avi\u00f3n interceptado en Espa\u00f1a\"}]},{\"@type\":\"WebSite\",\"@id\":\"https:\/\/aeronoticias.com.pe\/noticiero\/#website\",\"url\":\"https:\/\/aeronoticias.com.pe\/noticiero\/\",\"name\":\"Aeronoticias.com.pe\",\"description\":\"Noticias de tranporte aereo, turismo, hoteles, gastronomia, actualidad, internacional\",\"potentialAction\":[{\"@type\":\"SearchAction\",\"target\":{\"@type\":\"EntryPoint\",\"urlTemplate\":\"https:\/\/aeronoticias.com.pe\/noticiero\/?s={search_term_string}\"},\"query-input\":{\"@type\":\"PropertyValueSpecification\",\"valueRequired\":true,\"valueName\":\"search_term_string\"}}],\"inLanguage\":\"es\"},{\"@type\":\"Person\",\"@id\":\"https:\/\/aeronoticias.com.pe\/noticiero\/#\/schema\/person\/fc1e5d578f4b62ba1cf7ac2bba1170a0\",\"name\":\"Redacci\u00f3n Aeronoticias\",\"url\":\"https:\/\/aeronoticias.com.pe\/noticiero\/author\/piloto\/\"}]}<\/script>\n<!-- \/ Yoast SEO plugin. -->","yoast_head_json":{"title":"Venezuela detiene a 28 personas por el avi\u00f3n interceptado en Espa\u00f1a","description":"Portal de noticias del Per\u00fa sobre el transporte a\u00e9reo, aviaci\u00f3n, turismo, hoteleria, actualidad.","robots":{"index":"index","follow":"follow","max-snippet":"max-snippet:-1","max-image-preview":"max-image-preview:large","max-video-preview":"max-video-preview:-1"},"canonical":"https:\/\/aeronoticias.com.pe\/noticiero\/internacionales\/venezuela-detiene-a-28-personas-por-el-avion-interceptado-en-espana\/","og_locale":"es_ES","og_type":"article","og_title":"Venezuela detiene a 28 personas por el avi\u00f3n interceptado en Espa\u00f1a","og_description":"Portal de noticias del Per\u00fa sobre el transporte a\u00e9reo, aviaci\u00f3n, turismo, hoteleria, actualidad.","og_url":"https:\/\/aeronoticias.com.pe\/noticiero\/internacionales\/venezuela-detiene-a-28-personas-por-el-avion-interceptado-en-espana\/","og_site_name":"Aeronoticias.com.pe","article_publisher":"https:\/\/www.facebook.com\/Aeronoticias.com.pe\/","article_published_time":"2012-08-15T13:59:25+00:00","author":"Redacci\u00f3n Aeronoticias","twitter_card":"summary_large_image","twitter_creator":"@aeronoticias","twitter_site":"@aeronoticias","twitter_misc":{"Escrito por":"Redacci\u00f3n Aeronoticias","Tiempo de lectura":"1 minuto"},"schema":{"@context":"https:\/\/schema.org","@graph":[{"@type":"WebPage","@id":"https:\/\/aeronoticias.com.pe\/noticiero\/internacionales\/venezuela-detiene-a-28-personas-por-el-avion-interceptado-en-espana\/","url":"https:\/\/aeronoticias.com.pe\/noticiero\/internacionales\/venezuela-detiene-a-28-personas-por-el-avion-interceptado-en-espana\/","name":"Venezuela detiene a 28 personas por el avi\u00f3n interceptado en Espa\u00f1a","isPartOf":{"@id":"https:\/\/aeronoticias.com.pe\/noticiero\/#website"},"datePublished":"2012-08-15T13:59:25+00:00","author":{"@id":"https:\/\/aeronoticias.com.pe\/noticiero\/#\/schema\/person\/fc1e5d578f4b62ba1cf7ac2bba1170a0"},"description":"Portal de noticias del Per\u00fa sobre el transporte a\u00e9reo, aviaci\u00f3n, turismo, hoteleria, actualidad.","breadcrumb":{"@id":"https:\/\/aeronoticias.com.pe\/noticiero\/internacionales\/venezuela-detiene-a-28-personas-por-el-avion-interceptado-en-espana\/#breadcrumb"},"inLanguage":"es","potentialAction":[{"@type":"ReadAction","target":["https:\/\/aeronoticias.com.pe\/noticiero\/internacionales\/venezuela-detiene-a-28-personas-por-el-avion-interceptado-en-espana\/"]}]},{"@type":"BreadcrumbList","@id":"https:\/\/aeronoticias.com.pe\/noticiero\/internacionales\/venezuela-detiene-a-28-personas-por-el-avion-interceptado-en-espana\/#breadcrumb","itemListElement":[{"@type":"ListItem","position":1,"name":"Portada","item":"https:\/\/aeronoticias.com.pe\/noticiero\/"},{"@type":"ListItem","position":2,"name":"Venezuela detiene a 28 personas por el avi\u00f3n interceptado en Espa\u00f1a"}]},{"@type":"WebSite","@id":"https:\/\/aeronoticias.com.pe\/noticiero\/#website","url":"https:\/\/aeronoticias.com.pe\/noticiero\/","name":"Aeronoticias.com.pe","description":"Noticias de tranporte aereo, turismo, hoteles, gastronomia, actualidad, internacional","potentialAction":[{"@type":"SearchAction","target":{"@type":"EntryPoint","urlTemplate":"https:\/\/aeronoticias.com.pe\/noticiero\/?s={search_term_string}"},"query-input":{"@type":"PropertyValueSpecification","valueRequired":true,"valueName":"search_term_string"}}],"inLanguage":"es"},{"@type":"Person","@id":"https:\/\/aeronoticias.com.pe\/noticiero\/#\/schema\/person\/fc1e5d578f4b62ba1cf7ac2bba1170a0","name":"Redacci\u00f3n Aeronoticias","url":"https:\/\/aeronoticias.com.pe\/noticiero\/author\/piloto\/"}]}},"_links":{"self":[{"href":"https:\/\/aeronoticias.com.pe\/noticiero\/wp-json\/wp\/v2\/posts\/29599","targetHints":{"allow":["GET"]}}],"collection":[{"href":"https:\/\/aeronoticias.com.pe\/noticiero\/wp-json\/wp\/v2\/posts"}],"about":[{"href":"https:\/\/aeronoticias.com.pe\/noticiero\/wp-json\/wp\/v2\/types\/post"}],"author":[{"embeddable":true,"href":"https:\/\/aeronoticias.com.pe\/noticiero\/wp-json\/wp\/v2\/users\/1"}],"replies":[{"embeddable":true,"href":"https:\/\/aeronoticias.com.pe\/noticiero\/wp-json\/wp\/v2\/comments?post=29599"}],"version-history":[{"count":0,"href":"https:\/\/aeronoticias.com.pe\/noticiero\/wp-json\/wp\/v2\/posts\/29599\/revisions"}],"wp:attachment":[{"href":"https:\/\/aeronoticias.com.pe\/noticiero\/wp-json\/wp\/v2\/media?parent=29599"}],"wp:term":[{"taxonomy":"category","embeddable":true,"href":"https:\/\/aeronoticias.com.pe\/noticiero\/wp-json\/wp\/v2\/categories?post=29599"},{"taxonomy":"post_tag","embeddable":true,"href":"https:\/\/aeronoticias.com.pe\/noticiero\/wp-json\/wp\/v2\/tags?post=29599"}],"curies":[{"name":"wp","href":"https:\/\/api.w.org\/{rel}","templated":true}]}}