{"id":29603,"date":"2012-08-15T13:40:43","date_gmt":"2012-08-15T13:40:43","guid":{"rendered":"http:\/\/desarrollo.mcvicious.com\/aero2020\/2012\/08\/15\/un-grupo-de-empresas-de-la-region-participara-en-la-expoalimentaria-feria-que-se-realizara-en-lima-del-19-al-21-de-septiembre-proximo\/"},"modified":"2012-08-15T13:40:43","modified_gmt":"2012-08-15T13:40:43","slug":"un-grupo-de-empresas-de-la-region-participara-en-la-expoalimentaria-feria-que-se-realizara-en-lima-del-19-al-21-de-septiembre-proximo","status":"publish","type":"post","link":"https:\/\/aeronoticias.com.pe\/noticiero\/economia\/un-grupo-de-empresas-de-la-region-participara-en-la-expoalimentaria-feria-que-se-realizara-en-lima-del-19-al-21-de-septiembre-proximo\/","title":{"rendered":"Un grupo de empresas de la regi\u00f3n participar\u00e1 en la Expoalimentaria, feria que se realizar\u00e1 en Lima del 19 al 21 de septiembre pr\u00f3ximo"},"content":{"rendered":"<p style=\"text-align: justify;\" \/><strong>(Aeronoticias).-<\/strong> Precisamente, para promover la oferta agroexportable de la regi\u00f3n, un grupo de empresas participar\u00e1 en la IV Expoalimentaria, feria que se realizar\u00e1 del 19 al 21 de septiembre pr\u00f3ximo en Lima y que unir\u00e1 la oferta de alimentos peruanos (agro y pesca), con la demanda de m\u00e1s de 2,000 compradores internacionales. Adicionalmente, y para desarrollar a\u00fan m\u00e1s la oferta exportable, ADEX tiene previsto realizar una serie de acciones en materia educativa que se detallar\u00e1 oportunamente, entre los que se destaca la exportaci\u00f3n de alcachofas envasadas.<br \/>  <!--more-->  <\/p>\n<p style=\"text-align: justify;\">Respecto a la principal partida arancelaria exportada, ADEX inform\u00f3 que fue \u201cMinerales en cobre y sus concentrados\u201d, que sum\u00f3 ventas por US$ 896.2 millones (-23.2%), \u201cOro en las dem\u00e1s formas en bruto\u201d (12.5%), \u201cMinerales de plata y sus concentrados\u201d (-39.7%), entre otros.<\/p>\n<p style=\"text-align: justify;\"><strong>Destinos y empresas<\/strong><\/p>\n<p>Arequipa tiene como principales destinos de exportaci\u00f3n Canad\u00e1 (US$ 357.7 millones), seguido por Jap\u00f3n (US$ 354.8 millones) y China (US$ 249.8 millones)que son grandes compradores de minerales peruanos.<\/p>\n<p>En el caso de los productos con valor agregado, el ranking es liderado por Bolivia con US$ 69.4 millones. El segundo destino es EE.UU. (US$ 31.8 millones), seguido de China (US$ 15.1 millones), Espa\u00f1a, Italia y Brasil, Hay que se\u00f1alar que mercados como Espa\u00f1a, Italia, Colombia y Alemania presentaron una contracci\u00f3n en su demanda de 27.2%, 21.4%, 16.1% y 13.5%, respectivamente.<\/p>\n<p>Las principales empresas exportadoras de la regi\u00f3n arequipe\u00f1a son Sociedad Minera Cerro Verde S.A.A., Compa\u00f1\u00eda de Minas Buenaventura S.A.A., Consorcio Minero Cormin, Minera Suyamarca S.A.C., Minera Laytaruma S.A., Compa\u00f1\u00eda Minera Ares S.A.C. y Glencore Per\u00fa S.A.C, entre otras.<\/p>\n<p><img decoding=\"async\" src=\"images\/stories\/12\/08\/150812\/alcachofas.jpg\" border=\"0\" \/><\/p>\n","protected":false},"excerpt":{"rendered":"<p>(Aeronoticias).- Precisamente, para promover la oferta agroexportable de la regi\u00f3n, un grupo de empresas participar\u00e1 en la IV Expoalimentaria, feria que se realizar\u00e1 del 19 al 21 de septiembre pr\u00f3ximo en Lima y que unir\u00e1 la oferta de alimentos peruanos (agro y pesca), con la demanda de m\u00e1s de 2,000 compradores internacionales. Adicionalmente, y para [&hellip;]<\/p>\n","protected":false},"author":1,"featured_media":0,"comment_status":"open","ping_status":"open","sticky":false,"template":"","format":"standard","meta":{"tdm_status":"","tdm_grid_status":"","footnotes":""},"categories":[33],"tags":[],"class_list":{"0":"post-29603","1":"post","2":"type-post","3":"status-publish","4":"format-standard","6":"category-economia"},"yoast_head":"<!-- This site is optimized with the Yoast SEO plugin v25.1 - https:\/\/yoast.com\/wordpress\/plugins\/seo\/ -->\n<title>Un grupo de empresas de la regi\u00f3n participar\u00e1 en la Expoalimentaria, feria que se realizar\u00e1 en Lima del 19 al 21 de septiembre pr\u00f3ximo<\/title>\n<meta name=\"description\" content=\"Portal de noticias del Per\u00fa sobre el transporte a\u00e9reo, aviaci\u00f3n, turismo, hoteleria, actualidad.\" \/>\n<meta name=\"robots\" content=\"index, follow, max-snippet:-1, max-image-preview:large, max-video-preview:-1\" \/>\n<link rel=\"canonical\" href=\"https:\/\/aeronoticias.com.pe\/noticiero\/economia\/un-grupo-de-empresas-de-la-region-participara-en-la-expoalimentaria-feria-que-se-realizara-en-lima-del-19-al-21-de-septiembre-proximo\/\" \/>\n<meta property=\"og:locale\" content=\"es_ES\" \/>\n<meta property=\"og:type\" content=\"article\" \/>\n<meta property=\"og:title\" content=\"Un grupo de empresas de la regi\u00f3n participar\u00e1 en la Expoalimentaria, feria que se realizar\u00e1 en Lima del 19 al 21 de septiembre pr\u00f3ximo\" \/>\n<meta property=\"og:description\" content=\"Portal de noticias del Per\u00fa sobre el transporte a\u00e9reo, aviaci\u00f3n, turismo, hoteleria, actualidad.\" \/>\n<meta property=\"og:url\" content=\"https:\/\/aeronoticias.com.pe\/noticiero\/economia\/un-grupo-de-empresas-de-la-region-participara-en-la-expoalimentaria-feria-que-se-realizara-en-lima-del-19-al-21-de-septiembre-proximo\/\" \/>\n<meta property=\"og:site_name\" content=\"Aeronoticias.com.pe\" \/>\n<meta property=\"article:publisher\" content=\"https:\/\/www.facebook.com\/Aeronoticias.com.pe\/\" \/>\n<meta property=\"article:published_time\" content=\"2012-08-15T13:40:43+00:00\" \/>\n<meta name=\"author\" content=\"Redacci\u00f3n Aeronoticias\" \/>\n<meta name=\"twitter:card\" content=\"summary_large_image\" \/>\n<meta name=\"twitter:creator\" content=\"@aeronoticias\" \/>\n<meta name=\"twitter:site\" content=\"@aeronoticias\" \/>\n<meta name=\"twitter:label1\" content=\"Escrito por\" \/>\n\t<meta name=\"twitter:data1\" content=\"Redacci\u00f3n Aeronoticias\" \/>\n\t<meta name=\"twitter:label2\" content=\"Tiempo de lectura\" \/>\n\t<meta name=\"twitter:data2\" content=\"1 minuto\" \/>\n<script type=\"application\/ld+json\" class=\"yoast-schema-graph\">{\"@context\":\"https:\/\/schema.org\",\"@graph\":[{\"@type\":\"WebPage\",\"@id\":\"https:\/\/aeronoticias.com.pe\/noticiero\/economia\/un-grupo-de-empresas-de-la-region-participara-en-la-expoalimentaria-feria-que-se-realizara-en-lima-del-19-al-21-de-septiembre-proximo\/\",\"url\":\"https:\/\/aeronoticias.com.pe\/noticiero\/economia\/un-grupo-de-empresas-de-la-region-participara-en-la-expoalimentaria-feria-que-se-realizara-en-lima-del-19-al-21-de-septiembre-proximo\/\",\"name\":\"Un grupo de empresas de la regi\u00f3n participar\u00e1 en la Expoalimentaria, feria que se realizar\u00e1 en Lima del 19 al 21 de septiembre pr\u00f3ximo\",\"isPartOf\":{\"@id\":\"https:\/\/aeronoticias.com.pe\/noticiero\/#website\"},\"datePublished\":\"2012-08-15T13:40:43+00:00\",\"author\":{\"@id\":\"https:\/\/aeronoticias.com.pe\/noticiero\/#\/schema\/person\/fc1e5d578f4b62ba1cf7ac2bba1170a0\"},\"description\":\"Portal de noticias del Per\u00fa sobre el transporte a\u00e9reo, aviaci\u00f3n, turismo, hoteleria, actualidad.\",\"breadcrumb\":{\"@id\":\"https:\/\/aeronoticias.com.pe\/noticiero\/economia\/un-grupo-de-empresas-de-la-region-participara-en-la-expoalimentaria-feria-que-se-realizara-en-lima-del-19-al-21-de-septiembre-proximo\/#breadcrumb\"},\"inLanguage\":\"es\",\"potentialAction\":[{\"@type\":\"ReadAction\",\"target\":[\"https:\/\/aeronoticias.com.pe\/noticiero\/economia\/un-grupo-de-empresas-de-la-region-participara-en-la-expoalimentaria-feria-que-se-realizara-en-lima-del-19-al-21-de-septiembre-proximo\/\"]}]},{\"@type\":\"BreadcrumbList\",\"@id\":\"https:\/\/aeronoticias.com.pe\/noticiero\/economia\/un-grupo-de-empresas-de-la-region-participara-en-la-expoalimentaria-feria-que-se-realizara-en-lima-del-19-al-21-de-septiembre-proximo\/#breadcrumb\",\"itemListElement\":[{\"@type\":\"ListItem\",\"position\":1,\"name\":\"Portada\",\"item\":\"https:\/\/aeronoticias.com.pe\/noticiero\/\"},{\"@type\":\"ListItem\",\"position\":2,\"name\":\"Un grupo de empresas de la regi\u00f3n participar\u00e1 en la Expoalimentaria, feria que se realizar\u00e1 en Lima del 19 al 21 de septiembre pr\u00f3ximo\"}]},{\"@type\":\"WebSite\",\"@id\":\"https:\/\/aeronoticias.com.pe\/noticiero\/#website\",\"url\":\"https:\/\/aeronoticias.com.pe\/noticiero\/\",\"name\":\"Aeronoticias.com.pe\",\"description\":\"Noticias de tranporte aereo, turismo, hoteles, gastronomia, actualidad, internacional\",\"potentialAction\":[{\"@type\":\"SearchAction\",\"target\":{\"@type\":\"EntryPoint\",\"urlTemplate\":\"https:\/\/aeronoticias.com.pe\/noticiero\/?s={search_term_string}\"},\"query-input\":{\"@type\":\"PropertyValueSpecification\",\"valueRequired\":true,\"valueName\":\"search_term_string\"}}],\"inLanguage\":\"es\"},{\"@type\":\"Person\",\"@id\":\"https:\/\/aeronoticias.com.pe\/noticiero\/#\/schema\/person\/fc1e5d578f4b62ba1cf7ac2bba1170a0\",\"name\":\"Redacci\u00f3n Aeronoticias\",\"url\":\"https:\/\/aeronoticias.com.pe\/noticiero\/author\/piloto\/\"}]}<\/script>\n<!-- \/ Yoast SEO plugin. -->","yoast_head_json":{"title":"Un grupo de empresas de la regi\u00f3n participar\u00e1 en la Expoalimentaria, feria que se realizar\u00e1 en Lima del 19 al 21 de septiembre pr\u00f3ximo","description":"Portal de noticias del Per\u00fa sobre el transporte a\u00e9reo, aviaci\u00f3n, turismo, hoteleria, actualidad.","robots":{"index":"index","follow":"follow","max-snippet":"max-snippet:-1","max-image-preview":"max-image-preview:large","max-video-preview":"max-video-preview:-1"},"canonical":"https:\/\/aeronoticias.com.pe\/noticiero\/economia\/un-grupo-de-empresas-de-la-region-participara-en-la-expoalimentaria-feria-que-se-realizara-en-lima-del-19-al-21-de-septiembre-proximo\/","og_locale":"es_ES","og_type":"article","og_title":"Un grupo de empresas de la regi\u00f3n participar\u00e1 en la Expoalimentaria, feria que se realizar\u00e1 en Lima del 19 al 21 de septiembre pr\u00f3ximo","og_description":"Portal de noticias del Per\u00fa sobre el transporte a\u00e9reo, aviaci\u00f3n, turismo, hoteleria, actualidad.","og_url":"https:\/\/aeronoticias.com.pe\/noticiero\/economia\/un-grupo-de-empresas-de-la-region-participara-en-la-expoalimentaria-feria-que-se-realizara-en-lima-del-19-al-21-de-septiembre-proximo\/","og_site_name":"Aeronoticias.com.pe","article_publisher":"https:\/\/www.facebook.com\/Aeronoticias.com.pe\/","article_published_time":"2012-08-15T13:40:43+00:00","author":"Redacci\u00f3n Aeronoticias","twitter_card":"summary_large_image","twitter_creator":"@aeronoticias","twitter_site":"@aeronoticias","twitter_misc":{"Escrito por":"Redacci\u00f3n Aeronoticias","Tiempo de lectura":"1 minuto"},"schema":{"@context":"https:\/\/schema.org","@graph":[{"@type":"WebPage","@id":"https:\/\/aeronoticias.com.pe\/noticiero\/economia\/un-grupo-de-empresas-de-la-region-participara-en-la-expoalimentaria-feria-que-se-realizara-en-lima-del-19-al-21-de-septiembre-proximo\/","url":"https:\/\/aeronoticias.com.pe\/noticiero\/economia\/un-grupo-de-empresas-de-la-region-participara-en-la-expoalimentaria-feria-que-se-realizara-en-lima-del-19-al-21-de-septiembre-proximo\/","name":"Un grupo de empresas de la regi\u00f3n participar\u00e1 en la Expoalimentaria, feria que se realizar\u00e1 en Lima del 19 al 21 de septiembre pr\u00f3ximo","isPartOf":{"@id":"https:\/\/aeronoticias.com.pe\/noticiero\/#website"},"datePublished":"2012-08-15T13:40:43+00:00","author":{"@id":"https:\/\/aeronoticias.com.pe\/noticiero\/#\/schema\/person\/fc1e5d578f4b62ba1cf7ac2bba1170a0"},"description":"Portal de noticias del Per\u00fa sobre el transporte a\u00e9reo, aviaci\u00f3n, turismo, hoteleria, actualidad.","breadcrumb":{"@id":"https:\/\/aeronoticias.com.pe\/noticiero\/economia\/un-grupo-de-empresas-de-la-region-participara-en-la-expoalimentaria-feria-que-se-realizara-en-lima-del-19-al-21-de-septiembre-proximo\/#breadcrumb"},"inLanguage":"es","potentialAction":[{"@type":"ReadAction","target":["https:\/\/aeronoticias.com.pe\/noticiero\/economia\/un-grupo-de-empresas-de-la-region-participara-en-la-expoalimentaria-feria-que-se-realizara-en-lima-del-19-al-21-de-septiembre-proximo\/"]}]},{"@type":"BreadcrumbList","@id":"https:\/\/aeronoticias.com.pe\/noticiero\/economia\/un-grupo-de-empresas-de-la-region-participara-en-la-expoalimentaria-feria-que-se-realizara-en-lima-del-19-al-21-de-septiembre-proximo\/#breadcrumb","itemListElement":[{"@type":"ListItem","position":1,"name":"Portada","item":"https:\/\/aeronoticias.com.pe\/noticiero\/"},{"@type":"ListItem","position":2,"name":"Un grupo de empresas de la regi\u00f3n participar\u00e1 en la Expoalimentaria, feria que se realizar\u00e1 en Lima del 19 al 21 de septiembre pr\u00f3ximo"}]},{"@type":"WebSite","@id":"https:\/\/aeronoticias.com.pe\/noticiero\/#website","url":"https:\/\/aeronoticias.com.pe\/noticiero\/","name":"Aeronoticias.com.pe","description":"Noticias de tranporte aereo, turismo, hoteles, gastronomia, actualidad, internacional","potentialAction":[{"@type":"SearchAction","target":{"@type":"EntryPoint","urlTemplate":"https:\/\/aeronoticias.com.pe\/noticiero\/?s={search_term_string}"},"query-input":{"@type":"PropertyValueSpecification","valueRequired":true,"valueName":"search_term_string"}}],"inLanguage":"es"},{"@type":"Person","@id":"https:\/\/aeronoticias.com.pe\/noticiero\/#\/schema\/person\/fc1e5d578f4b62ba1cf7ac2bba1170a0","name":"Redacci\u00f3n Aeronoticias","url":"https:\/\/aeronoticias.com.pe\/noticiero\/author\/piloto\/"}]}},"_links":{"self":[{"href":"https:\/\/aeronoticias.com.pe\/noticiero\/wp-json\/wp\/v2\/posts\/29603","targetHints":{"allow":["GET"]}}],"collection":[{"href":"https:\/\/aeronoticias.com.pe\/noticiero\/wp-json\/wp\/v2\/posts"}],"about":[{"href":"https:\/\/aeronoticias.com.pe\/noticiero\/wp-json\/wp\/v2\/types\/post"}],"author":[{"embeddable":true,"href":"https:\/\/aeronoticias.com.pe\/noticiero\/wp-json\/wp\/v2\/users\/1"}],"replies":[{"embeddable":true,"href":"https:\/\/aeronoticias.com.pe\/noticiero\/wp-json\/wp\/v2\/comments?post=29603"}],"version-history":[{"count":0,"href":"https:\/\/aeronoticias.com.pe\/noticiero\/wp-json\/wp\/v2\/posts\/29603\/revisions"}],"wp:attachment":[{"href":"https:\/\/aeronoticias.com.pe\/noticiero\/wp-json\/wp\/v2\/media?parent=29603"}],"wp:term":[{"taxonomy":"category","embeddable":true,"href":"https:\/\/aeronoticias.com.pe\/noticiero\/wp-json\/wp\/v2\/categories?post=29603"},{"taxonomy":"post_tag","embeddable":true,"href":"https:\/\/aeronoticias.com.pe\/noticiero\/wp-json\/wp\/v2\/tags?post=29603"}],"curies":[{"name":"wp","href":"https:\/\/api.w.org\/{rel}","templated":true}]}}