{"id":29606,"date":"2012-08-15T14:44:44","date_gmt":"2012-08-15T14:44:44","guid":{"rendered":"http:\/\/desarrollo.mcvicious.com\/aero2020\/2012\/08\/15\/hoy-a-las-2100-horas-se-realiza-simulacro-nocturno-de-sismo-y-tsunami\/"},"modified":"2012-08-15T14:44:44","modified_gmt":"2012-08-15T14:44:44","slug":"hoy-a-las-2100-horas-se-realiza-simulacro-nocturno-de-sismo-y-tsunami","status":"publish","type":"post","link":"https:\/\/aeronoticias.com.pe\/noticiero\/nacionales\/hoy-a-las-2100-horas-se-realiza-simulacro-nocturno-de-sismo-y-tsunami\/","title":{"rendered":"Hoy a las 21:00 horas se realiza simulacro nocturno de sismo y tsunami"},"content":{"rendered":"<p style=\"text-align: justify;\"><strong>(Aeronoticias).-<\/strong> Hoy a las\u00a021:00 horas\u00a0se realizar\u00e1 el segundo simulacro nacional de sismo y tsunami en el Per\u00fa, el cual recrear\u00e1 un movimiento de ocho grados de magnitud en la escala de Richter, seg\u00fan el Instituto Nacional de Defensa Civil (Indeci).<\/p>\n<p style=\"text-align: justify;\">Seg\u00fan Indeci\u00a0este segundo ensayo preventivo del a\u00f1o tendr\u00e1\u00a0una duraci\u00f3n de entre 15 y 20 minutos y recrear\u00e1 un movimiento tel\u00farico de intensidad de nivel VII y VIII en la escala de Mercalli.<\/p>\n<p style=\"text-align: justify;\">Asimismo, la\u00a0alcaldesa\u00a0de Lima, Susana Villar\u00e1n, encabezar\u00e1 este evento en la\u00a0urbanizaci\u00f3n Martinete, en Barrios Altos, el cual ser\u00e1 escenario principal del simulacro de sismo nocturno.<\/p>\n<p>  <!--more-->  <\/p>\n<p style=\"text-align: justify;\">El concejo capitalino escogi\u00f3 este lugar porque en \u00e9l habitan m\u00e1s de 600 personas instaladas en viviendas precarias, algunas de las cuales est\u00e1n a punto de colapsar.<\/p>\n<p style=\"text-align: justify;\"><strong>M\u00e1s informaci\u00f3n<\/strong><\/p>\n<p style=\"text-align: justify;\">Representantes de Indeci exhortaron a la poblaci\u00f3n a que evite tomar como objeto de burla o broma este simulacro, debido a que la real ocurrencia de un sismo puede suceder en cualquier momento del d\u00eda y, por lo tanto, merece toda la seriedad del caso.<\/p>\n<p><img decoding=\"async\" src=\"images\/stories\/12\/08\/150812\/simulacro02.jpg\" border=\"0\" alt=\"Hoy a las 21:00 horas se realiza simulacro nocturno de sismo y tsunami\" title=\"Hoy a las 21:00 horas se realiza simulacro nocturno de sismo y tsunami\" \/><\/p>\n<p><\/p>\n","protected":false},"excerpt":{"rendered":"<p>(Aeronoticias).- Hoy a las\u00a021:00 horas\u00a0se realizar\u00e1 el segundo simulacro nacional de sismo y tsunami en el Per\u00fa, el cual recrear\u00e1 un movimiento de ocho grados de magnitud en la escala de Richter, seg\u00fan el Instituto Nacional de Defensa Civil (Indeci). Seg\u00fan Indeci\u00a0este segundo ensayo preventivo del a\u00f1o tendr\u00e1\u00a0una duraci\u00f3n de entre 15 y 20 minutos [&hellip;]<\/p>\n","protected":false},"author":1,"featured_media":0,"comment_status":"open","ping_status":"open","sticky":false,"template":"","format":"standard","meta":{"tdm_status":"","tdm_grid_status":"","footnotes":""},"categories":[38],"tags":[],"class_list":{"0":"post-29606","1":"post","2":"type-post","3":"status-publish","4":"format-standard","6":"category-nacionales"},"yoast_head":"<!-- This site is optimized with the Yoast SEO plugin v25.1 - https:\/\/yoast.com\/wordpress\/plugins\/seo\/ -->\n<title>Hoy a las 21:00 horas se realiza simulacro nocturno de sismo y tsunami<\/title>\n<meta name=\"description\" content=\"Portal de noticias del Per\u00fa sobre el transporte a\u00e9reo, aviaci\u00f3n, turismo, hoteleria, actualidad.\" \/>\n<meta name=\"robots\" content=\"index, follow, max-snippet:-1, max-image-preview:large, max-video-preview:-1\" \/>\n<link rel=\"canonical\" href=\"https:\/\/aeronoticias.com.pe\/noticiero\/nacionales\/hoy-a-las-2100-horas-se-realiza-simulacro-nocturno-de-sismo-y-tsunami\/\" \/>\n<meta property=\"og:locale\" content=\"es_ES\" \/>\n<meta property=\"og:type\" content=\"article\" \/>\n<meta property=\"og:title\" content=\"Hoy a las 21:00 horas se realiza simulacro nocturno de sismo y tsunami\" \/>\n<meta property=\"og:description\" content=\"Portal de noticias del Per\u00fa sobre el transporte a\u00e9reo, aviaci\u00f3n, turismo, hoteleria, actualidad.\" \/>\n<meta property=\"og:url\" content=\"https:\/\/aeronoticias.com.pe\/noticiero\/nacionales\/hoy-a-las-2100-horas-se-realiza-simulacro-nocturno-de-sismo-y-tsunami\/\" \/>\n<meta property=\"og:site_name\" content=\"Aeronoticias.com.pe\" \/>\n<meta property=\"article:publisher\" content=\"https:\/\/www.facebook.com\/Aeronoticias.com.pe\/\" \/>\n<meta property=\"article:published_time\" content=\"2012-08-15T14:44:44+00:00\" \/>\n<meta name=\"author\" content=\"Redacci\u00f3n Aeronoticias\" \/>\n<meta name=\"twitter:card\" content=\"summary_large_image\" \/>\n<meta name=\"twitter:creator\" content=\"@aeronoticias\" \/>\n<meta name=\"twitter:site\" content=\"@aeronoticias\" \/>\n<meta name=\"twitter:label1\" content=\"Escrito por\" \/>\n\t<meta name=\"twitter:data1\" content=\"Redacci\u00f3n Aeronoticias\" \/>\n\t<meta name=\"twitter:label2\" content=\"Tiempo de lectura\" \/>\n\t<meta name=\"twitter:data2\" content=\"1 minuto\" \/>\n<script type=\"application\/ld+json\" class=\"yoast-schema-graph\">{\"@context\":\"https:\/\/schema.org\",\"@graph\":[{\"@type\":\"WebPage\",\"@id\":\"https:\/\/aeronoticias.com.pe\/noticiero\/nacionales\/hoy-a-las-2100-horas-se-realiza-simulacro-nocturno-de-sismo-y-tsunami\/\",\"url\":\"https:\/\/aeronoticias.com.pe\/noticiero\/nacionales\/hoy-a-las-2100-horas-se-realiza-simulacro-nocturno-de-sismo-y-tsunami\/\",\"name\":\"Hoy a las 21:00 horas se realiza simulacro nocturno de sismo y tsunami\",\"isPartOf\":{\"@id\":\"https:\/\/aeronoticias.com.pe\/noticiero\/#website\"},\"datePublished\":\"2012-08-15T14:44:44+00:00\",\"author\":{\"@id\":\"https:\/\/aeronoticias.com.pe\/noticiero\/#\/schema\/person\/fc1e5d578f4b62ba1cf7ac2bba1170a0\"},\"description\":\"Portal de noticias del Per\u00fa sobre el transporte a\u00e9reo, aviaci\u00f3n, turismo, hoteleria, actualidad.\",\"breadcrumb\":{\"@id\":\"https:\/\/aeronoticias.com.pe\/noticiero\/nacionales\/hoy-a-las-2100-horas-se-realiza-simulacro-nocturno-de-sismo-y-tsunami\/#breadcrumb\"},\"inLanguage\":\"es\",\"potentialAction\":[{\"@type\":\"ReadAction\",\"target\":[\"https:\/\/aeronoticias.com.pe\/noticiero\/nacionales\/hoy-a-las-2100-horas-se-realiza-simulacro-nocturno-de-sismo-y-tsunami\/\"]}]},{\"@type\":\"BreadcrumbList\",\"@id\":\"https:\/\/aeronoticias.com.pe\/noticiero\/nacionales\/hoy-a-las-2100-horas-se-realiza-simulacro-nocturno-de-sismo-y-tsunami\/#breadcrumb\",\"itemListElement\":[{\"@type\":\"ListItem\",\"position\":1,\"name\":\"Portada\",\"item\":\"https:\/\/aeronoticias.com.pe\/noticiero\/\"},{\"@type\":\"ListItem\",\"position\":2,\"name\":\"Hoy a las 21:00 horas se realiza simulacro nocturno de sismo y tsunami\"}]},{\"@type\":\"WebSite\",\"@id\":\"https:\/\/aeronoticias.com.pe\/noticiero\/#website\",\"url\":\"https:\/\/aeronoticias.com.pe\/noticiero\/\",\"name\":\"Aeronoticias.com.pe\",\"description\":\"Noticias de tranporte aereo, turismo, hoteles, gastronomia, actualidad, internacional\",\"potentialAction\":[{\"@type\":\"SearchAction\",\"target\":{\"@type\":\"EntryPoint\",\"urlTemplate\":\"https:\/\/aeronoticias.com.pe\/noticiero\/?s={search_term_string}\"},\"query-input\":{\"@type\":\"PropertyValueSpecification\",\"valueRequired\":true,\"valueName\":\"search_term_string\"}}],\"inLanguage\":\"es\"},{\"@type\":\"Person\",\"@id\":\"https:\/\/aeronoticias.com.pe\/noticiero\/#\/schema\/person\/fc1e5d578f4b62ba1cf7ac2bba1170a0\",\"name\":\"Redacci\u00f3n Aeronoticias\",\"url\":\"https:\/\/aeronoticias.com.pe\/noticiero\/author\/piloto\/\"}]}<\/script>\n<!-- \/ Yoast SEO plugin. -->","yoast_head_json":{"title":"Hoy a las 21:00 horas se realiza simulacro nocturno de sismo y tsunami","description":"Portal de noticias del Per\u00fa sobre el transporte a\u00e9reo, aviaci\u00f3n, turismo, hoteleria, actualidad.","robots":{"index":"index","follow":"follow","max-snippet":"max-snippet:-1","max-image-preview":"max-image-preview:large","max-video-preview":"max-video-preview:-1"},"canonical":"https:\/\/aeronoticias.com.pe\/noticiero\/nacionales\/hoy-a-las-2100-horas-se-realiza-simulacro-nocturno-de-sismo-y-tsunami\/","og_locale":"es_ES","og_type":"article","og_title":"Hoy a las 21:00 horas se realiza simulacro nocturno de sismo y tsunami","og_description":"Portal de noticias del Per\u00fa sobre el transporte a\u00e9reo, aviaci\u00f3n, turismo, hoteleria, actualidad.","og_url":"https:\/\/aeronoticias.com.pe\/noticiero\/nacionales\/hoy-a-las-2100-horas-se-realiza-simulacro-nocturno-de-sismo-y-tsunami\/","og_site_name":"Aeronoticias.com.pe","article_publisher":"https:\/\/www.facebook.com\/Aeronoticias.com.pe\/","article_published_time":"2012-08-15T14:44:44+00:00","author":"Redacci\u00f3n Aeronoticias","twitter_card":"summary_large_image","twitter_creator":"@aeronoticias","twitter_site":"@aeronoticias","twitter_misc":{"Escrito por":"Redacci\u00f3n Aeronoticias","Tiempo de lectura":"1 minuto"},"schema":{"@context":"https:\/\/schema.org","@graph":[{"@type":"WebPage","@id":"https:\/\/aeronoticias.com.pe\/noticiero\/nacionales\/hoy-a-las-2100-horas-se-realiza-simulacro-nocturno-de-sismo-y-tsunami\/","url":"https:\/\/aeronoticias.com.pe\/noticiero\/nacionales\/hoy-a-las-2100-horas-se-realiza-simulacro-nocturno-de-sismo-y-tsunami\/","name":"Hoy a las 21:00 horas se realiza simulacro nocturno de sismo y tsunami","isPartOf":{"@id":"https:\/\/aeronoticias.com.pe\/noticiero\/#website"},"datePublished":"2012-08-15T14:44:44+00:00","author":{"@id":"https:\/\/aeronoticias.com.pe\/noticiero\/#\/schema\/person\/fc1e5d578f4b62ba1cf7ac2bba1170a0"},"description":"Portal de noticias del Per\u00fa sobre el transporte a\u00e9reo, aviaci\u00f3n, turismo, hoteleria, actualidad.","breadcrumb":{"@id":"https:\/\/aeronoticias.com.pe\/noticiero\/nacionales\/hoy-a-las-2100-horas-se-realiza-simulacro-nocturno-de-sismo-y-tsunami\/#breadcrumb"},"inLanguage":"es","potentialAction":[{"@type":"ReadAction","target":["https:\/\/aeronoticias.com.pe\/noticiero\/nacionales\/hoy-a-las-2100-horas-se-realiza-simulacro-nocturno-de-sismo-y-tsunami\/"]}]},{"@type":"BreadcrumbList","@id":"https:\/\/aeronoticias.com.pe\/noticiero\/nacionales\/hoy-a-las-2100-horas-se-realiza-simulacro-nocturno-de-sismo-y-tsunami\/#breadcrumb","itemListElement":[{"@type":"ListItem","position":1,"name":"Portada","item":"https:\/\/aeronoticias.com.pe\/noticiero\/"},{"@type":"ListItem","position":2,"name":"Hoy a las 21:00 horas se realiza simulacro nocturno de sismo y tsunami"}]},{"@type":"WebSite","@id":"https:\/\/aeronoticias.com.pe\/noticiero\/#website","url":"https:\/\/aeronoticias.com.pe\/noticiero\/","name":"Aeronoticias.com.pe","description":"Noticias de tranporte aereo, turismo, hoteles, gastronomia, actualidad, internacional","potentialAction":[{"@type":"SearchAction","target":{"@type":"EntryPoint","urlTemplate":"https:\/\/aeronoticias.com.pe\/noticiero\/?s={search_term_string}"},"query-input":{"@type":"PropertyValueSpecification","valueRequired":true,"valueName":"search_term_string"}}],"inLanguage":"es"},{"@type":"Person","@id":"https:\/\/aeronoticias.com.pe\/noticiero\/#\/schema\/person\/fc1e5d578f4b62ba1cf7ac2bba1170a0","name":"Redacci\u00f3n Aeronoticias","url":"https:\/\/aeronoticias.com.pe\/noticiero\/author\/piloto\/"}]}},"_links":{"self":[{"href":"https:\/\/aeronoticias.com.pe\/noticiero\/wp-json\/wp\/v2\/posts\/29606","targetHints":{"allow":["GET"]}}],"collection":[{"href":"https:\/\/aeronoticias.com.pe\/noticiero\/wp-json\/wp\/v2\/posts"}],"about":[{"href":"https:\/\/aeronoticias.com.pe\/noticiero\/wp-json\/wp\/v2\/types\/post"}],"author":[{"embeddable":true,"href":"https:\/\/aeronoticias.com.pe\/noticiero\/wp-json\/wp\/v2\/users\/1"}],"replies":[{"embeddable":true,"href":"https:\/\/aeronoticias.com.pe\/noticiero\/wp-json\/wp\/v2\/comments?post=29606"}],"version-history":[{"count":0,"href":"https:\/\/aeronoticias.com.pe\/noticiero\/wp-json\/wp\/v2\/posts\/29606\/revisions"}],"wp:attachment":[{"href":"https:\/\/aeronoticias.com.pe\/noticiero\/wp-json\/wp\/v2\/media?parent=29606"}],"wp:term":[{"taxonomy":"category","embeddable":true,"href":"https:\/\/aeronoticias.com.pe\/noticiero\/wp-json\/wp\/v2\/categories?post=29606"},{"taxonomy":"post_tag","embeddable":true,"href":"https:\/\/aeronoticias.com.pe\/noticiero\/wp-json\/wp\/v2\/tags?post=29606"}],"curies":[{"name":"wp","href":"https:\/\/api.w.org\/{rel}","templated":true}]}}