{"id":29607,"date":"2012-08-15T15:10:53","date_gmt":"2012-08-15T15:10:53","guid":{"rendered":"http:\/\/desarrollo.mcvicious.com\/aero2020\/2012\/08\/15\/el-metropolitano-suspendera-su-servicio-10-minutos-durante-simulacro-de-sismo\/"},"modified":"2012-08-15T15:10:53","modified_gmt":"2012-08-15T15:10:53","slug":"el-metropolitano-suspendera-su-servicio-10-minutos-durante-simulacro-de-sismo","status":"publish","type":"post","link":"https:\/\/aeronoticias.com.pe\/noticiero\/nacionales\/el-metropolitano-suspendera-su-servicio-10-minutos-durante-simulacro-de-sismo\/","title":{"rendered":"El Metropolitano suspender\u00e1 su servicio 10 minutos durante simulacro de sismo"},"content":{"rendered":"<p style=\"text-align: justify;\"><strong>(Aeronoticias).-<\/strong> Los buses troncales de El Metropolitano y del servicio alimentador suspender\u00e1n hoy sus operaciones durante 10 minutos, durante el simulacro nacional de sismo y tsunami, que tendr\u00e1 lugar a las 21:00 horas en todo el territorio nacional.<\/p>\n<p style=\"text-align: justify;\">Voceros de Protransporte informaron que de esta manera El Metropolitano se sumar\u00e1 al ensayo de un posible sismo de gran magnitud en el pa\u00eds, que se encuentra en el Cintur\u00f3n del Fuego del Pac\u00edfico, donde hay una constante actividad s\u00edsmica.<\/p>\n<hr id=\"system-readmore\" style=\"text-align: justify;\" \/>\n<p style=\"text-align: justify;\">Indicaron que en caso de que los buses del servicio alimentador est\u00e9n en marcha, se estacionar\u00e1n a la hora se\u00f1alada y por unos minutos en el lado derecho de los paraderos, a fin de evitar un eventual choque o accidente.<\/p>\n<p style=\"text-align: justify;\">Ese par\u00e9ntesis servir\u00e1 como entrenamiento a los choferes para evitar choques o accidentes ante un hecho similar.<\/p>\n<p style=\"text-align: justify;\">Andina<\/p>\n<p><img decoding=\"async\" src=\"images\/stories\/12\/08\/150812\/metropolitano.jpg\" border=\"0\" alt=\"El Metropolitano suspender\u00e1 su servicio 10 minutos durante simulacro de sismo\" title=\"El Metropolitano suspender\u00e1 su servicio 10 minutos durante simulacro de sismo\" \/><\/p>\n<p><\/p>\n","protected":false},"excerpt":{"rendered":"<p>(Aeronoticias).- Los buses troncales de El Metropolitano y del servicio alimentador suspender\u00e1n hoy sus operaciones durante 10 minutos, durante el simulacro nacional de sismo y tsunami, que tendr\u00e1 lugar a las 21:00 horas en todo el territorio nacional. Voceros de Protransporte informaron que de esta manera El Metropolitano se sumar\u00e1 al ensayo de un posible [&hellip;]<\/p>\n","protected":false},"author":1,"featured_media":0,"comment_status":"open","ping_status":"open","sticky":false,"template":"","format":"standard","meta":{"tdm_status":"","tdm_grid_status":"","footnotes":""},"categories":[38],"tags":[],"class_list":{"0":"post-29607","1":"post","2":"type-post","3":"status-publish","4":"format-standard","6":"category-nacionales"},"yoast_head":"<!-- This site is optimized with the Yoast SEO plugin v25.1 - https:\/\/yoast.com\/wordpress\/plugins\/seo\/ -->\n<title>El Metropolitano suspender\u00e1 su servicio 10 minutos durante simulacro de sismo<\/title>\n<meta name=\"description\" content=\"Portal de noticias del Per\u00fa sobre el transporte a\u00e9reo, aviaci\u00f3n, turismo, hoteleria, actualidad.\" \/>\n<meta name=\"robots\" content=\"index, follow, max-snippet:-1, max-image-preview:large, max-video-preview:-1\" \/>\n<link rel=\"canonical\" href=\"https:\/\/aeronoticias.com.pe\/noticiero\/nacionales\/el-metropolitano-suspendera-su-servicio-10-minutos-durante-simulacro-de-sismo\/\" \/>\n<meta property=\"og:locale\" content=\"es_ES\" \/>\n<meta property=\"og:type\" content=\"article\" \/>\n<meta property=\"og:title\" content=\"El Metropolitano suspender\u00e1 su servicio 10 minutos durante simulacro de sismo\" \/>\n<meta property=\"og:description\" content=\"Portal de noticias del Per\u00fa sobre el transporte a\u00e9reo, aviaci\u00f3n, turismo, hoteleria, actualidad.\" \/>\n<meta property=\"og:url\" content=\"https:\/\/aeronoticias.com.pe\/noticiero\/nacionales\/el-metropolitano-suspendera-su-servicio-10-minutos-durante-simulacro-de-sismo\/\" \/>\n<meta property=\"og:site_name\" content=\"Aeronoticias.com.pe\" \/>\n<meta property=\"article:publisher\" content=\"https:\/\/www.facebook.com\/Aeronoticias.com.pe\/\" \/>\n<meta property=\"article:published_time\" content=\"2012-08-15T15:10:53+00:00\" \/>\n<meta name=\"author\" content=\"Redacci\u00f3n Aeronoticias\" \/>\n<meta name=\"twitter:card\" content=\"summary_large_image\" \/>\n<meta name=\"twitter:creator\" content=\"@aeronoticias\" \/>\n<meta name=\"twitter:site\" content=\"@aeronoticias\" \/>\n<meta name=\"twitter:label1\" content=\"Escrito por\" \/>\n\t<meta name=\"twitter:data1\" content=\"Redacci\u00f3n Aeronoticias\" \/>\n\t<meta name=\"twitter:label2\" content=\"Tiempo de lectura\" \/>\n\t<meta name=\"twitter:data2\" content=\"1 minuto\" \/>\n<script type=\"application\/ld+json\" class=\"yoast-schema-graph\">{\"@context\":\"https:\/\/schema.org\",\"@graph\":[{\"@type\":\"WebPage\",\"@id\":\"https:\/\/aeronoticias.com.pe\/noticiero\/nacionales\/el-metropolitano-suspendera-su-servicio-10-minutos-durante-simulacro-de-sismo\/\",\"url\":\"https:\/\/aeronoticias.com.pe\/noticiero\/nacionales\/el-metropolitano-suspendera-su-servicio-10-minutos-durante-simulacro-de-sismo\/\",\"name\":\"El Metropolitano suspender\u00e1 su servicio 10 minutos durante simulacro de sismo\",\"isPartOf\":{\"@id\":\"https:\/\/aeronoticias.com.pe\/noticiero\/#website\"},\"datePublished\":\"2012-08-15T15:10:53+00:00\",\"author\":{\"@id\":\"https:\/\/aeronoticias.com.pe\/noticiero\/#\/schema\/person\/fc1e5d578f4b62ba1cf7ac2bba1170a0\"},\"description\":\"Portal de noticias del Per\u00fa sobre el transporte a\u00e9reo, aviaci\u00f3n, turismo, hoteleria, actualidad.\",\"breadcrumb\":{\"@id\":\"https:\/\/aeronoticias.com.pe\/noticiero\/nacionales\/el-metropolitano-suspendera-su-servicio-10-minutos-durante-simulacro-de-sismo\/#breadcrumb\"},\"inLanguage\":\"es\",\"potentialAction\":[{\"@type\":\"ReadAction\",\"target\":[\"https:\/\/aeronoticias.com.pe\/noticiero\/nacionales\/el-metropolitano-suspendera-su-servicio-10-minutos-durante-simulacro-de-sismo\/\"]}]},{\"@type\":\"BreadcrumbList\",\"@id\":\"https:\/\/aeronoticias.com.pe\/noticiero\/nacionales\/el-metropolitano-suspendera-su-servicio-10-minutos-durante-simulacro-de-sismo\/#breadcrumb\",\"itemListElement\":[{\"@type\":\"ListItem\",\"position\":1,\"name\":\"Portada\",\"item\":\"https:\/\/aeronoticias.com.pe\/noticiero\/\"},{\"@type\":\"ListItem\",\"position\":2,\"name\":\"El Metropolitano suspender\u00e1 su servicio 10 minutos durante simulacro de sismo\"}]},{\"@type\":\"WebSite\",\"@id\":\"https:\/\/aeronoticias.com.pe\/noticiero\/#website\",\"url\":\"https:\/\/aeronoticias.com.pe\/noticiero\/\",\"name\":\"Aeronoticias.com.pe\",\"description\":\"Noticias de tranporte aereo, turismo, hoteles, gastronomia, actualidad, internacional\",\"potentialAction\":[{\"@type\":\"SearchAction\",\"target\":{\"@type\":\"EntryPoint\",\"urlTemplate\":\"https:\/\/aeronoticias.com.pe\/noticiero\/?s={search_term_string}\"},\"query-input\":{\"@type\":\"PropertyValueSpecification\",\"valueRequired\":true,\"valueName\":\"search_term_string\"}}],\"inLanguage\":\"es\"},{\"@type\":\"Person\",\"@id\":\"https:\/\/aeronoticias.com.pe\/noticiero\/#\/schema\/person\/fc1e5d578f4b62ba1cf7ac2bba1170a0\",\"name\":\"Redacci\u00f3n Aeronoticias\",\"url\":\"https:\/\/aeronoticias.com.pe\/noticiero\/author\/piloto\/\"}]}<\/script>\n<!-- \/ Yoast SEO plugin. -->","yoast_head_json":{"title":"El Metropolitano suspender\u00e1 su servicio 10 minutos durante simulacro de sismo","description":"Portal de noticias del Per\u00fa sobre el transporte a\u00e9reo, aviaci\u00f3n, turismo, hoteleria, actualidad.","robots":{"index":"index","follow":"follow","max-snippet":"max-snippet:-1","max-image-preview":"max-image-preview:large","max-video-preview":"max-video-preview:-1"},"canonical":"https:\/\/aeronoticias.com.pe\/noticiero\/nacionales\/el-metropolitano-suspendera-su-servicio-10-minutos-durante-simulacro-de-sismo\/","og_locale":"es_ES","og_type":"article","og_title":"El Metropolitano suspender\u00e1 su servicio 10 minutos durante simulacro de sismo","og_description":"Portal de noticias del Per\u00fa sobre el transporte a\u00e9reo, aviaci\u00f3n, turismo, hoteleria, actualidad.","og_url":"https:\/\/aeronoticias.com.pe\/noticiero\/nacionales\/el-metropolitano-suspendera-su-servicio-10-minutos-durante-simulacro-de-sismo\/","og_site_name":"Aeronoticias.com.pe","article_publisher":"https:\/\/www.facebook.com\/Aeronoticias.com.pe\/","article_published_time":"2012-08-15T15:10:53+00:00","author":"Redacci\u00f3n Aeronoticias","twitter_card":"summary_large_image","twitter_creator":"@aeronoticias","twitter_site":"@aeronoticias","twitter_misc":{"Escrito por":"Redacci\u00f3n Aeronoticias","Tiempo de lectura":"1 minuto"},"schema":{"@context":"https:\/\/schema.org","@graph":[{"@type":"WebPage","@id":"https:\/\/aeronoticias.com.pe\/noticiero\/nacionales\/el-metropolitano-suspendera-su-servicio-10-minutos-durante-simulacro-de-sismo\/","url":"https:\/\/aeronoticias.com.pe\/noticiero\/nacionales\/el-metropolitano-suspendera-su-servicio-10-minutos-durante-simulacro-de-sismo\/","name":"El Metropolitano suspender\u00e1 su servicio 10 minutos durante simulacro de sismo","isPartOf":{"@id":"https:\/\/aeronoticias.com.pe\/noticiero\/#website"},"datePublished":"2012-08-15T15:10:53+00:00","author":{"@id":"https:\/\/aeronoticias.com.pe\/noticiero\/#\/schema\/person\/fc1e5d578f4b62ba1cf7ac2bba1170a0"},"description":"Portal de noticias del Per\u00fa sobre el transporte a\u00e9reo, aviaci\u00f3n, turismo, hoteleria, actualidad.","breadcrumb":{"@id":"https:\/\/aeronoticias.com.pe\/noticiero\/nacionales\/el-metropolitano-suspendera-su-servicio-10-minutos-durante-simulacro-de-sismo\/#breadcrumb"},"inLanguage":"es","potentialAction":[{"@type":"ReadAction","target":["https:\/\/aeronoticias.com.pe\/noticiero\/nacionales\/el-metropolitano-suspendera-su-servicio-10-minutos-durante-simulacro-de-sismo\/"]}]},{"@type":"BreadcrumbList","@id":"https:\/\/aeronoticias.com.pe\/noticiero\/nacionales\/el-metropolitano-suspendera-su-servicio-10-minutos-durante-simulacro-de-sismo\/#breadcrumb","itemListElement":[{"@type":"ListItem","position":1,"name":"Portada","item":"https:\/\/aeronoticias.com.pe\/noticiero\/"},{"@type":"ListItem","position":2,"name":"El Metropolitano suspender\u00e1 su servicio 10 minutos durante simulacro de sismo"}]},{"@type":"WebSite","@id":"https:\/\/aeronoticias.com.pe\/noticiero\/#website","url":"https:\/\/aeronoticias.com.pe\/noticiero\/","name":"Aeronoticias.com.pe","description":"Noticias de tranporte aereo, turismo, hoteles, gastronomia, actualidad, internacional","potentialAction":[{"@type":"SearchAction","target":{"@type":"EntryPoint","urlTemplate":"https:\/\/aeronoticias.com.pe\/noticiero\/?s={search_term_string}"},"query-input":{"@type":"PropertyValueSpecification","valueRequired":true,"valueName":"search_term_string"}}],"inLanguage":"es"},{"@type":"Person","@id":"https:\/\/aeronoticias.com.pe\/noticiero\/#\/schema\/person\/fc1e5d578f4b62ba1cf7ac2bba1170a0","name":"Redacci\u00f3n Aeronoticias","url":"https:\/\/aeronoticias.com.pe\/noticiero\/author\/piloto\/"}]}},"_links":{"self":[{"href":"https:\/\/aeronoticias.com.pe\/noticiero\/wp-json\/wp\/v2\/posts\/29607","targetHints":{"allow":["GET"]}}],"collection":[{"href":"https:\/\/aeronoticias.com.pe\/noticiero\/wp-json\/wp\/v2\/posts"}],"about":[{"href":"https:\/\/aeronoticias.com.pe\/noticiero\/wp-json\/wp\/v2\/types\/post"}],"author":[{"embeddable":true,"href":"https:\/\/aeronoticias.com.pe\/noticiero\/wp-json\/wp\/v2\/users\/1"}],"replies":[{"embeddable":true,"href":"https:\/\/aeronoticias.com.pe\/noticiero\/wp-json\/wp\/v2\/comments?post=29607"}],"version-history":[{"count":0,"href":"https:\/\/aeronoticias.com.pe\/noticiero\/wp-json\/wp\/v2\/posts\/29607\/revisions"}],"wp:attachment":[{"href":"https:\/\/aeronoticias.com.pe\/noticiero\/wp-json\/wp\/v2\/media?parent=29607"}],"wp:term":[{"taxonomy":"category","embeddable":true,"href":"https:\/\/aeronoticias.com.pe\/noticiero\/wp-json\/wp\/v2\/categories?post=29607"},{"taxonomy":"post_tag","embeddable":true,"href":"https:\/\/aeronoticias.com.pe\/noticiero\/wp-json\/wp\/v2\/tags?post=29607"}],"curies":[{"name":"wp","href":"https:\/\/api.w.org\/{rel}","templated":true}]}}