{"id":29645,"date":"2012-08-16T19:00:26","date_gmt":"2012-08-16T19:00:26","guid":{"rendered":"http:\/\/desarrollo.mcvicious.com\/aero2020\/2012\/08\/16\/aerolinea-portuguesa-tap-aumenta-perdidas-hasta-los-112-millones-de-euros\/"},"modified":"2012-08-16T19:00:26","modified_gmt":"2012-08-16T19:00:26","slug":"aerolinea-portuguesa-tap-aumenta-perdidas-hasta-los-112-millones-de-euros","status":"publish","type":"post","link":"https:\/\/aeronoticias.com.pe\/noticiero\/transporte-aereo\/internacional\/aerolinea-portuguesa-tap-aumenta-perdidas-hasta-los-112-millones-de-euros\/","title":{"rendered":"Aerol\u00ednea portuguesa TAP aumenta p\u00e9rdidas hasta los 112 millones de euros"},"content":{"rendered":"<p style=\"text-align: justify;\"><strong>(Aeronoticias).-<\/strong> Las huelgas y el aumento del combustible han perjudicado los resultados de la aerol\u00ednea portuguesa TAP, cuyas p\u00e9rdidas en el primer semestre del a\u00f1o aumentaron un 14,6 por ciento respecto al mismo per\u00edodo de 2011, hasta los 112 millones de euros.<\/p>\n<p style=\"text-align: justify;\">As\u00ed lo ha informado hoy la propia compa\u00f1\u00eda en un comunicado, en el que precisa que los perjuicios se producen por el incremento de costes, ya que sus ingresos aumentaron m\u00e1s de un 9 por ciento, hasta los 1.084 millones de euros.<\/p>\n<p style=\"text-align: justify;\">De hecho, la cifra de pasajeros que volaron con TAP durante los seis primeros meses de 2012 se increment\u00f3 en un 4,7 por ciento, hasta superar los 4,7 millones.<\/p>\n<p>  <!--more-->  <\/p>\n<p style=\"text-align: justify;\">La aerol\u00ednea asegur\u00f3 que los paros celebrados por los trabajadores durante este per\u00edodo han supuesto un coste de 21,6 millones de euros.<\/p>\n<p style=\"text-align: justify;\">Asimismo la subida de los combustibles hizo que la factura se elevara hasta los 390 millones de euros,\u00a0desembolso que creci\u00f3 un 20 por ciento.<\/p>\n<p style=\"text-align: justify;\"><strong>M\u00e1s informaci\u00f3n<\/strong><\/p>\n<p style=\"text-align: justify;\">La empresa figura en el plan de privatizaciones del Gobierno luso y por ella se han interesado varias aerol\u00edneas, como el \u00abgigante\u00bb IAG, resultante de la fusi\u00f3n de British Arways e Iberia.<\/p>\n<p style=\"text-align: justify;\">La venta de TAP por parte del Estado estaba prevista inicialmente para 2011 y fue postergada para el primer semestre de este ejercicio, aunque en junio el Ejecutivo portugu\u00e9s ya anunci\u00f3 que la resoluci\u00f3n del proceso podr\u00eda retrasarse hasta la segunda mitad del 2012.<\/p>\n<p style=\"text-align: justify;\">EFE<\/p>\n<p><img decoding=\"async\" src=\"images\/stories\/12\/08\/160812\/tap.jpg\" border=\"0\" alt=\"Aerol\u00ednea portuguesa TAP aumenta p\u00e9rdidas hasta los 112 millones de euros\" title=\"Aerol\u00ednea portuguesa TAP aumenta p\u00e9rdidas hasta los 112 millones de euros\" \/><\/p>\n<p><\/p>\n","protected":false},"excerpt":{"rendered":"<p>(Aeronoticias).- Las huelgas y el aumento del combustible han perjudicado los resultados de la aerol\u00ednea portuguesa TAP, cuyas p\u00e9rdidas en el primer semestre del a\u00f1o aumentaron un 14,6 por ciento respecto al mismo per\u00edodo de 2011, hasta los 112 millones de euros. As\u00ed lo ha informado hoy la propia compa\u00f1\u00eda en un comunicado, en el [&hellip;]<\/p>\n","protected":false},"author":1,"featured_media":0,"comment_status":"open","ping_status":"open","sticky":false,"template":"","format":"standard","meta":{"tdm_status":"","tdm_grid_status":"","footnotes":""},"categories":[32],"tags":[],"class_list":{"0":"post-29645","1":"post","2":"type-post","3":"status-publish","4":"format-standard","6":"category-internacional"},"yoast_head":"<!-- This site is optimized with the Yoast SEO plugin v25.1 - https:\/\/yoast.com\/wordpress\/plugins\/seo\/ -->\n<title>Aerol\u00ednea portuguesa TAP aumenta p\u00e9rdidas hasta los 112 millones de euros<\/title>\n<meta name=\"description\" content=\"Portal de noticias del Per\u00fa sobre el transporte a\u00e9reo, aviaci\u00f3n, turismo, hoteleria, actualidad.\" \/>\n<meta name=\"robots\" content=\"index, follow, max-snippet:-1, max-image-preview:large, max-video-preview:-1\" \/>\n<link rel=\"canonical\" href=\"https:\/\/aeronoticias.com.pe\/noticiero\/transporte-aereo\/internacional\/aerolinea-portuguesa-tap-aumenta-perdidas-hasta-los-112-millones-de-euros\/\" \/>\n<meta property=\"og:locale\" content=\"es_ES\" \/>\n<meta property=\"og:type\" content=\"article\" \/>\n<meta property=\"og:title\" content=\"Aerol\u00ednea portuguesa TAP aumenta p\u00e9rdidas hasta los 112 millones de euros\" \/>\n<meta property=\"og:description\" content=\"Portal de noticias del Per\u00fa sobre el transporte a\u00e9reo, aviaci\u00f3n, turismo, hoteleria, actualidad.\" \/>\n<meta property=\"og:url\" content=\"https:\/\/aeronoticias.com.pe\/noticiero\/transporte-aereo\/internacional\/aerolinea-portuguesa-tap-aumenta-perdidas-hasta-los-112-millones-de-euros\/\" \/>\n<meta property=\"og:site_name\" content=\"Aeronoticias.com.pe\" \/>\n<meta property=\"article:publisher\" content=\"https:\/\/www.facebook.com\/Aeronoticias.com.pe\/\" \/>\n<meta property=\"article:published_time\" content=\"2012-08-16T19:00:26+00:00\" \/>\n<meta name=\"author\" content=\"Redacci\u00f3n Aeronoticias\" \/>\n<meta name=\"twitter:card\" content=\"summary_large_image\" \/>\n<meta name=\"twitter:creator\" content=\"@aeronoticias\" \/>\n<meta name=\"twitter:site\" content=\"@aeronoticias\" \/>\n<meta name=\"twitter:label1\" content=\"Escrito por\" \/>\n\t<meta name=\"twitter:data1\" content=\"Redacci\u00f3n Aeronoticias\" \/>\n\t<meta name=\"twitter:label2\" content=\"Tiempo de lectura\" \/>\n\t<meta name=\"twitter:data2\" content=\"1 minuto\" \/>\n<script type=\"application\/ld+json\" class=\"yoast-schema-graph\">{\"@context\":\"https:\/\/schema.org\",\"@graph\":[{\"@type\":\"WebPage\",\"@id\":\"https:\/\/aeronoticias.com.pe\/noticiero\/transporte-aereo\/internacional\/aerolinea-portuguesa-tap-aumenta-perdidas-hasta-los-112-millones-de-euros\/\",\"url\":\"https:\/\/aeronoticias.com.pe\/noticiero\/transporte-aereo\/internacional\/aerolinea-portuguesa-tap-aumenta-perdidas-hasta-los-112-millones-de-euros\/\",\"name\":\"Aerol\u00ednea portuguesa TAP aumenta p\u00e9rdidas hasta los 112 millones de euros\",\"isPartOf\":{\"@id\":\"https:\/\/aeronoticias.com.pe\/noticiero\/#website\"},\"datePublished\":\"2012-08-16T19:00:26+00:00\",\"author\":{\"@id\":\"https:\/\/aeronoticias.com.pe\/noticiero\/#\/schema\/person\/fc1e5d578f4b62ba1cf7ac2bba1170a0\"},\"description\":\"Portal de noticias del Per\u00fa sobre el transporte a\u00e9reo, aviaci\u00f3n, turismo, hoteleria, actualidad.\",\"breadcrumb\":{\"@id\":\"https:\/\/aeronoticias.com.pe\/noticiero\/transporte-aereo\/internacional\/aerolinea-portuguesa-tap-aumenta-perdidas-hasta-los-112-millones-de-euros\/#breadcrumb\"},\"inLanguage\":\"es\",\"potentialAction\":[{\"@type\":\"ReadAction\",\"target\":[\"https:\/\/aeronoticias.com.pe\/noticiero\/transporte-aereo\/internacional\/aerolinea-portuguesa-tap-aumenta-perdidas-hasta-los-112-millones-de-euros\/\"]}]},{\"@type\":\"BreadcrumbList\",\"@id\":\"https:\/\/aeronoticias.com.pe\/noticiero\/transporte-aereo\/internacional\/aerolinea-portuguesa-tap-aumenta-perdidas-hasta-los-112-millones-de-euros\/#breadcrumb\",\"itemListElement\":[{\"@type\":\"ListItem\",\"position\":1,\"name\":\"Portada\",\"item\":\"https:\/\/aeronoticias.com.pe\/noticiero\/\"},{\"@type\":\"ListItem\",\"position\":2,\"name\":\"Aerol\u00ednea portuguesa TAP aumenta p\u00e9rdidas hasta los 112 millones de euros\"}]},{\"@type\":\"WebSite\",\"@id\":\"https:\/\/aeronoticias.com.pe\/noticiero\/#website\",\"url\":\"https:\/\/aeronoticias.com.pe\/noticiero\/\",\"name\":\"Aeronoticias.com.pe\",\"description\":\"Noticias de tranporte aereo, turismo, hoteles, gastronomia, actualidad, internacional\",\"potentialAction\":[{\"@type\":\"SearchAction\",\"target\":{\"@type\":\"EntryPoint\",\"urlTemplate\":\"https:\/\/aeronoticias.com.pe\/noticiero\/?s={search_term_string}\"},\"query-input\":{\"@type\":\"PropertyValueSpecification\",\"valueRequired\":true,\"valueName\":\"search_term_string\"}}],\"inLanguage\":\"es\"},{\"@type\":\"Person\",\"@id\":\"https:\/\/aeronoticias.com.pe\/noticiero\/#\/schema\/person\/fc1e5d578f4b62ba1cf7ac2bba1170a0\",\"name\":\"Redacci\u00f3n Aeronoticias\",\"url\":\"https:\/\/aeronoticias.com.pe\/noticiero\/author\/piloto\/\"}]}<\/script>\n<!-- \/ Yoast SEO plugin. -->","yoast_head_json":{"title":"Aerol\u00ednea portuguesa TAP aumenta p\u00e9rdidas hasta los 112 millones de euros","description":"Portal de noticias del Per\u00fa sobre el transporte a\u00e9reo, aviaci\u00f3n, turismo, hoteleria, actualidad.","robots":{"index":"index","follow":"follow","max-snippet":"max-snippet:-1","max-image-preview":"max-image-preview:large","max-video-preview":"max-video-preview:-1"},"canonical":"https:\/\/aeronoticias.com.pe\/noticiero\/transporte-aereo\/internacional\/aerolinea-portuguesa-tap-aumenta-perdidas-hasta-los-112-millones-de-euros\/","og_locale":"es_ES","og_type":"article","og_title":"Aerol\u00ednea portuguesa TAP aumenta p\u00e9rdidas hasta los 112 millones de euros","og_description":"Portal de noticias del Per\u00fa sobre el transporte a\u00e9reo, aviaci\u00f3n, turismo, hoteleria, actualidad.","og_url":"https:\/\/aeronoticias.com.pe\/noticiero\/transporte-aereo\/internacional\/aerolinea-portuguesa-tap-aumenta-perdidas-hasta-los-112-millones-de-euros\/","og_site_name":"Aeronoticias.com.pe","article_publisher":"https:\/\/www.facebook.com\/Aeronoticias.com.pe\/","article_published_time":"2012-08-16T19:00:26+00:00","author":"Redacci\u00f3n Aeronoticias","twitter_card":"summary_large_image","twitter_creator":"@aeronoticias","twitter_site":"@aeronoticias","twitter_misc":{"Escrito por":"Redacci\u00f3n Aeronoticias","Tiempo de lectura":"1 minuto"},"schema":{"@context":"https:\/\/schema.org","@graph":[{"@type":"WebPage","@id":"https:\/\/aeronoticias.com.pe\/noticiero\/transporte-aereo\/internacional\/aerolinea-portuguesa-tap-aumenta-perdidas-hasta-los-112-millones-de-euros\/","url":"https:\/\/aeronoticias.com.pe\/noticiero\/transporte-aereo\/internacional\/aerolinea-portuguesa-tap-aumenta-perdidas-hasta-los-112-millones-de-euros\/","name":"Aerol\u00ednea portuguesa TAP aumenta p\u00e9rdidas hasta los 112 millones de euros","isPartOf":{"@id":"https:\/\/aeronoticias.com.pe\/noticiero\/#website"},"datePublished":"2012-08-16T19:00:26+00:00","author":{"@id":"https:\/\/aeronoticias.com.pe\/noticiero\/#\/schema\/person\/fc1e5d578f4b62ba1cf7ac2bba1170a0"},"description":"Portal de noticias del Per\u00fa sobre el transporte a\u00e9reo, aviaci\u00f3n, turismo, hoteleria, actualidad.","breadcrumb":{"@id":"https:\/\/aeronoticias.com.pe\/noticiero\/transporte-aereo\/internacional\/aerolinea-portuguesa-tap-aumenta-perdidas-hasta-los-112-millones-de-euros\/#breadcrumb"},"inLanguage":"es","potentialAction":[{"@type":"ReadAction","target":["https:\/\/aeronoticias.com.pe\/noticiero\/transporte-aereo\/internacional\/aerolinea-portuguesa-tap-aumenta-perdidas-hasta-los-112-millones-de-euros\/"]}]},{"@type":"BreadcrumbList","@id":"https:\/\/aeronoticias.com.pe\/noticiero\/transporte-aereo\/internacional\/aerolinea-portuguesa-tap-aumenta-perdidas-hasta-los-112-millones-de-euros\/#breadcrumb","itemListElement":[{"@type":"ListItem","position":1,"name":"Portada","item":"https:\/\/aeronoticias.com.pe\/noticiero\/"},{"@type":"ListItem","position":2,"name":"Aerol\u00ednea portuguesa TAP aumenta p\u00e9rdidas hasta los 112 millones de euros"}]},{"@type":"WebSite","@id":"https:\/\/aeronoticias.com.pe\/noticiero\/#website","url":"https:\/\/aeronoticias.com.pe\/noticiero\/","name":"Aeronoticias.com.pe","description":"Noticias de tranporte aereo, turismo, hoteles, gastronomia, actualidad, internacional","potentialAction":[{"@type":"SearchAction","target":{"@type":"EntryPoint","urlTemplate":"https:\/\/aeronoticias.com.pe\/noticiero\/?s={search_term_string}"},"query-input":{"@type":"PropertyValueSpecification","valueRequired":true,"valueName":"search_term_string"}}],"inLanguage":"es"},{"@type":"Person","@id":"https:\/\/aeronoticias.com.pe\/noticiero\/#\/schema\/person\/fc1e5d578f4b62ba1cf7ac2bba1170a0","name":"Redacci\u00f3n Aeronoticias","url":"https:\/\/aeronoticias.com.pe\/noticiero\/author\/piloto\/"}]}},"_links":{"self":[{"href":"https:\/\/aeronoticias.com.pe\/noticiero\/wp-json\/wp\/v2\/posts\/29645","targetHints":{"allow":["GET"]}}],"collection":[{"href":"https:\/\/aeronoticias.com.pe\/noticiero\/wp-json\/wp\/v2\/posts"}],"about":[{"href":"https:\/\/aeronoticias.com.pe\/noticiero\/wp-json\/wp\/v2\/types\/post"}],"author":[{"embeddable":true,"href":"https:\/\/aeronoticias.com.pe\/noticiero\/wp-json\/wp\/v2\/users\/1"}],"replies":[{"embeddable":true,"href":"https:\/\/aeronoticias.com.pe\/noticiero\/wp-json\/wp\/v2\/comments?post=29645"}],"version-history":[{"count":0,"href":"https:\/\/aeronoticias.com.pe\/noticiero\/wp-json\/wp\/v2\/posts\/29645\/revisions"}],"wp:attachment":[{"href":"https:\/\/aeronoticias.com.pe\/noticiero\/wp-json\/wp\/v2\/media?parent=29645"}],"wp:term":[{"taxonomy":"category","embeddable":true,"href":"https:\/\/aeronoticias.com.pe\/noticiero\/wp-json\/wp\/v2\/categories?post=29645"},{"taxonomy":"post_tag","embeddable":true,"href":"https:\/\/aeronoticias.com.pe\/noticiero\/wp-json\/wp\/v2\/tags?post=29645"}],"curies":[{"name":"wp","href":"https:\/\/api.w.org\/{rel}","templated":true}]}}