{"id":29646,"date":"2012-08-16T19:16:42","date_gmt":"2012-08-16T19:16:42","guid":{"rendered":"http:\/\/desarrollo.mcvicious.com\/aero2020\/2012\/08\/16\/broma-de-galliquio-activo-alarma-antiterrorista-en-aeropuerto-de-costa-rica\/"},"modified":"2012-08-16T19:16:42","modified_gmt":"2012-08-16T19:16:42","slug":"broma-de-galliquio-activo-alarma-antiterrorista-en-aeropuerto-de-costa-rica","status":"publish","type":"post","link":"https:\/\/aeronoticias.com.pe\/noticiero\/nacionales\/broma-de-galliquio-activo-alarma-antiterrorista-en-aeropuerto-de-costa-rica\/","title":{"rendered":"Broma activ\u00f3 alarma antiterrorista en vuelo de la selecci\u00f3n peruana"},"content":{"rendered":"<p style=\"text-align: justify;\"><strong>(Aeronoticias).-<\/strong> Una broma del defensor de la selecci\u00f3n peruana de f\u00fatbol, John Galliquio, provoc\u00f3 que se activaran los protocolos de seguridad en el aeropuerto Juan Santamar\u00eda de Costa Rica.<\/p>\n<p style=\"text-align: justify;\">\u201cUna broma malinterpretada por personal de la aerol\u00ednea y del aeropuerto ha generado problemas en el vuelo de retorno de la selecci\u00f3n\u201d, inform\u00f3 la cuenta oficial de la selecci\u00f3n en Twitter, previo a tomar el vuelo de retorno a Lima tras el amistoso con sus pares costarricenses.<\/p>\n<p style=\"text-align: justify;\">A\u00a0trav\u00e9s\u00a0del mismo medio se indic\u00f3 que mientras el personal de seguridad del terminal realizaba por tercera vez un cateo personal\u00a0\u201cJohn dijo \u2018un poco m\u00e1s y encuentran el arma que llevo\u2019\u201d.<\/p>\n<p>  <!--more-->  <\/p>\n<p style=\"text-align: justify;\">Por su parte, el\u00a0director de Vigilancia A\u00e9rea del Ministerio de Seguridad P\u00fablica,\u00a0Oldemar Madrigal se\u00f1al\u00f3 a trav\u00e9s la web la nacion.com que todo se trat\u00f3 de una broma, pero que los protocolos de seguridad\u00a0obligan a tomarse el caso con seriedad.<\/p>\n<p style=\"text-align: justify;\">\u201cEn Estados Unidos es algo muy serio, aqu\u00ed no tanto. Lo que casi siempre pasa es que la aerol\u00ednea le impide al sujeto tomar el vuelo\u201d, coment\u00f3 Madrigal.<\/p>\n<p><strong>M\u00e1s informaci\u00f3n<\/strong><\/p>\n<p style=\"text-align: justify;\">Seg\u00fan el mismo medio, el jugador peruano se encuentra aislado, a la espera de que la Fiscal\u00eda de ese pa\u00eds decida si se se le pueden imputar cargos.<\/p>\n<p><img decoding=\"async\" src=\"images\/stories\/12\/08\/160812\/galliquio.jpg\" border=\"0\" alt=\"Broma de Galliquio activ\u00f3 alarma antiterrorista en aeropuerto de Costa Rica\" title=\"Broma de Galliquio activ\u00f3 alarma antiterrorista en aeropuerto de Costa Rica\" \/><\/p>\n","protected":false},"excerpt":{"rendered":"<p>(Aeronoticias).- Una broma del defensor de la selecci\u00f3n peruana de f\u00fatbol, John Galliquio, provoc\u00f3 que se activaran los protocolos de seguridad en el aeropuerto Juan Santamar\u00eda de Costa Rica. \u201cUna broma malinterpretada por personal de la aerol\u00ednea y del aeropuerto ha generado problemas en el vuelo de retorno de la selecci\u00f3n\u201d, inform\u00f3 la cuenta oficial [&hellip;]<\/p>\n","protected":false},"author":1,"featured_media":0,"comment_status":"open","ping_status":"open","sticky":false,"template":"","format":"standard","meta":{"tdm_status":"","tdm_grid_status":"","footnotes":""},"categories":[38],"tags":[],"class_list":{"0":"post-29646","1":"post","2":"type-post","3":"status-publish","4":"format-standard","6":"category-nacionales"},"yoast_head":"<!-- This site is optimized with the Yoast SEO plugin v25.1 - https:\/\/yoast.com\/wordpress\/plugins\/seo\/ -->\n<title>Broma activ\u00f3 alarma antiterrorista en vuelo de la selecci\u00f3n peruana<\/title>\n<meta name=\"description\" content=\"Portal de noticias del Per\u00fa sobre el transporte a\u00e9reo, aviaci\u00f3n, turismo, hoteleria, actualidad.\" \/>\n<meta name=\"robots\" content=\"index, follow, max-snippet:-1, max-image-preview:large, max-video-preview:-1\" \/>\n<link rel=\"canonical\" href=\"https:\/\/aeronoticias.com.pe\/noticiero\/nacionales\/broma-de-galliquio-activo-alarma-antiterrorista-en-aeropuerto-de-costa-rica\/\" \/>\n<meta property=\"og:locale\" content=\"es_ES\" \/>\n<meta property=\"og:type\" content=\"article\" \/>\n<meta property=\"og:title\" content=\"Broma activ\u00f3 alarma antiterrorista en vuelo de la selecci\u00f3n peruana\" \/>\n<meta property=\"og:description\" content=\"Portal de noticias del Per\u00fa sobre el transporte a\u00e9reo, aviaci\u00f3n, turismo, hoteleria, actualidad.\" \/>\n<meta property=\"og:url\" content=\"https:\/\/aeronoticias.com.pe\/noticiero\/nacionales\/broma-de-galliquio-activo-alarma-antiterrorista-en-aeropuerto-de-costa-rica\/\" \/>\n<meta property=\"og:site_name\" content=\"Aeronoticias.com.pe\" \/>\n<meta property=\"article:publisher\" content=\"https:\/\/www.facebook.com\/Aeronoticias.com.pe\/\" \/>\n<meta property=\"article:published_time\" content=\"2012-08-16T19:16:42+00:00\" \/>\n<meta name=\"author\" content=\"Redacci\u00f3n Aeronoticias\" \/>\n<meta name=\"twitter:card\" content=\"summary_large_image\" \/>\n<meta name=\"twitter:creator\" content=\"@aeronoticias\" \/>\n<meta name=\"twitter:site\" content=\"@aeronoticias\" \/>\n<meta name=\"twitter:label1\" content=\"Escrito por\" \/>\n\t<meta name=\"twitter:data1\" content=\"Redacci\u00f3n Aeronoticias\" \/>\n\t<meta name=\"twitter:label2\" content=\"Tiempo de lectura\" \/>\n\t<meta name=\"twitter:data2\" content=\"1 minuto\" \/>\n<script type=\"application\/ld+json\" class=\"yoast-schema-graph\">{\"@context\":\"https:\/\/schema.org\",\"@graph\":[{\"@type\":\"WebPage\",\"@id\":\"https:\/\/aeronoticias.com.pe\/noticiero\/nacionales\/broma-de-galliquio-activo-alarma-antiterrorista-en-aeropuerto-de-costa-rica\/\",\"url\":\"https:\/\/aeronoticias.com.pe\/noticiero\/nacionales\/broma-de-galliquio-activo-alarma-antiterrorista-en-aeropuerto-de-costa-rica\/\",\"name\":\"Broma activ\u00f3 alarma antiterrorista en vuelo de la selecci\u00f3n peruana\",\"isPartOf\":{\"@id\":\"https:\/\/aeronoticias.com.pe\/noticiero\/#website\"},\"datePublished\":\"2012-08-16T19:16:42+00:00\",\"author\":{\"@id\":\"https:\/\/aeronoticias.com.pe\/noticiero\/#\/schema\/person\/fc1e5d578f4b62ba1cf7ac2bba1170a0\"},\"description\":\"Portal de noticias del Per\u00fa sobre el transporte a\u00e9reo, aviaci\u00f3n, turismo, hoteleria, actualidad.\",\"breadcrumb\":{\"@id\":\"https:\/\/aeronoticias.com.pe\/noticiero\/nacionales\/broma-de-galliquio-activo-alarma-antiterrorista-en-aeropuerto-de-costa-rica\/#breadcrumb\"},\"inLanguage\":\"es\",\"potentialAction\":[{\"@type\":\"ReadAction\",\"target\":[\"https:\/\/aeronoticias.com.pe\/noticiero\/nacionales\/broma-de-galliquio-activo-alarma-antiterrorista-en-aeropuerto-de-costa-rica\/\"]}]},{\"@type\":\"BreadcrumbList\",\"@id\":\"https:\/\/aeronoticias.com.pe\/noticiero\/nacionales\/broma-de-galliquio-activo-alarma-antiterrorista-en-aeropuerto-de-costa-rica\/#breadcrumb\",\"itemListElement\":[{\"@type\":\"ListItem\",\"position\":1,\"name\":\"Portada\",\"item\":\"https:\/\/aeronoticias.com.pe\/noticiero\/\"},{\"@type\":\"ListItem\",\"position\":2,\"name\":\"Broma activ\u00f3 alarma antiterrorista en vuelo de la selecci\u00f3n peruana\"}]},{\"@type\":\"WebSite\",\"@id\":\"https:\/\/aeronoticias.com.pe\/noticiero\/#website\",\"url\":\"https:\/\/aeronoticias.com.pe\/noticiero\/\",\"name\":\"Aeronoticias.com.pe\",\"description\":\"Noticias de tranporte aereo, turismo, hoteles, gastronomia, actualidad, internacional\",\"potentialAction\":[{\"@type\":\"SearchAction\",\"target\":{\"@type\":\"EntryPoint\",\"urlTemplate\":\"https:\/\/aeronoticias.com.pe\/noticiero\/?s={search_term_string}\"},\"query-input\":{\"@type\":\"PropertyValueSpecification\",\"valueRequired\":true,\"valueName\":\"search_term_string\"}}],\"inLanguage\":\"es\"},{\"@type\":\"Person\",\"@id\":\"https:\/\/aeronoticias.com.pe\/noticiero\/#\/schema\/person\/fc1e5d578f4b62ba1cf7ac2bba1170a0\",\"name\":\"Redacci\u00f3n Aeronoticias\",\"url\":\"https:\/\/aeronoticias.com.pe\/noticiero\/author\/piloto\/\"}]}<\/script>\n<!-- \/ Yoast SEO plugin. -->","yoast_head_json":{"title":"Broma activ\u00f3 alarma antiterrorista en vuelo de la selecci\u00f3n peruana","description":"Portal de noticias del Per\u00fa sobre el transporte a\u00e9reo, aviaci\u00f3n, turismo, hoteleria, actualidad.","robots":{"index":"index","follow":"follow","max-snippet":"max-snippet:-1","max-image-preview":"max-image-preview:large","max-video-preview":"max-video-preview:-1"},"canonical":"https:\/\/aeronoticias.com.pe\/noticiero\/nacionales\/broma-de-galliquio-activo-alarma-antiterrorista-en-aeropuerto-de-costa-rica\/","og_locale":"es_ES","og_type":"article","og_title":"Broma activ\u00f3 alarma antiterrorista en vuelo de la selecci\u00f3n peruana","og_description":"Portal de noticias del Per\u00fa sobre el transporte a\u00e9reo, aviaci\u00f3n, turismo, hoteleria, actualidad.","og_url":"https:\/\/aeronoticias.com.pe\/noticiero\/nacionales\/broma-de-galliquio-activo-alarma-antiterrorista-en-aeropuerto-de-costa-rica\/","og_site_name":"Aeronoticias.com.pe","article_publisher":"https:\/\/www.facebook.com\/Aeronoticias.com.pe\/","article_published_time":"2012-08-16T19:16:42+00:00","author":"Redacci\u00f3n Aeronoticias","twitter_card":"summary_large_image","twitter_creator":"@aeronoticias","twitter_site":"@aeronoticias","twitter_misc":{"Escrito por":"Redacci\u00f3n Aeronoticias","Tiempo de lectura":"1 minuto"},"schema":{"@context":"https:\/\/schema.org","@graph":[{"@type":"WebPage","@id":"https:\/\/aeronoticias.com.pe\/noticiero\/nacionales\/broma-de-galliquio-activo-alarma-antiterrorista-en-aeropuerto-de-costa-rica\/","url":"https:\/\/aeronoticias.com.pe\/noticiero\/nacionales\/broma-de-galliquio-activo-alarma-antiterrorista-en-aeropuerto-de-costa-rica\/","name":"Broma activ\u00f3 alarma antiterrorista en vuelo de la selecci\u00f3n peruana","isPartOf":{"@id":"https:\/\/aeronoticias.com.pe\/noticiero\/#website"},"datePublished":"2012-08-16T19:16:42+00:00","author":{"@id":"https:\/\/aeronoticias.com.pe\/noticiero\/#\/schema\/person\/fc1e5d578f4b62ba1cf7ac2bba1170a0"},"description":"Portal de noticias del Per\u00fa sobre el transporte a\u00e9reo, aviaci\u00f3n, turismo, hoteleria, actualidad.","breadcrumb":{"@id":"https:\/\/aeronoticias.com.pe\/noticiero\/nacionales\/broma-de-galliquio-activo-alarma-antiterrorista-en-aeropuerto-de-costa-rica\/#breadcrumb"},"inLanguage":"es","potentialAction":[{"@type":"ReadAction","target":["https:\/\/aeronoticias.com.pe\/noticiero\/nacionales\/broma-de-galliquio-activo-alarma-antiterrorista-en-aeropuerto-de-costa-rica\/"]}]},{"@type":"BreadcrumbList","@id":"https:\/\/aeronoticias.com.pe\/noticiero\/nacionales\/broma-de-galliquio-activo-alarma-antiterrorista-en-aeropuerto-de-costa-rica\/#breadcrumb","itemListElement":[{"@type":"ListItem","position":1,"name":"Portada","item":"https:\/\/aeronoticias.com.pe\/noticiero\/"},{"@type":"ListItem","position":2,"name":"Broma activ\u00f3 alarma antiterrorista en vuelo de la selecci\u00f3n peruana"}]},{"@type":"WebSite","@id":"https:\/\/aeronoticias.com.pe\/noticiero\/#website","url":"https:\/\/aeronoticias.com.pe\/noticiero\/","name":"Aeronoticias.com.pe","description":"Noticias de tranporte aereo, turismo, hoteles, gastronomia, actualidad, internacional","potentialAction":[{"@type":"SearchAction","target":{"@type":"EntryPoint","urlTemplate":"https:\/\/aeronoticias.com.pe\/noticiero\/?s={search_term_string}"},"query-input":{"@type":"PropertyValueSpecification","valueRequired":true,"valueName":"search_term_string"}}],"inLanguage":"es"},{"@type":"Person","@id":"https:\/\/aeronoticias.com.pe\/noticiero\/#\/schema\/person\/fc1e5d578f4b62ba1cf7ac2bba1170a0","name":"Redacci\u00f3n Aeronoticias","url":"https:\/\/aeronoticias.com.pe\/noticiero\/author\/piloto\/"}]}},"_links":{"self":[{"href":"https:\/\/aeronoticias.com.pe\/noticiero\/wp-json\/wp\/v2\/posts\/29646","targetHints":{"allow":["GET"]}}],"collection":[{"href":"https:\/\/aeronoticias.com.pe\/noticiero\/wp-json\/wp\/v2\/posts"}],"about":[{"href":"https:\/\/aeronoticias.com.pe\/noticiero\/wp-json\/wp\/v2\/types\/post"}],"author":[{"embeddable":true,"href":"https:\/\/aeronoticias.com.pe\/noticiero\/wp-json\/wp\/v2\/users\/1"}],"replies":[{"embeddable":true,"href":"https:\/\/aeronoticias.com.pe\/noticiero\/wp-json\/wp\/v2\/comments?post=29646"}],"version-history":[{"count":0,"href":"https:\/\/aeronoticias.com.pe\/noticiero\/wp-json\/wp\/v2\/posts\/29646\/revisions"}],"wp:attachment":[{"href":"https:\/\/aeronoticias.com.pe\/noticiero\/wp-json\/wp\/v2\/media?parent=29646"}],"wp:term":[{"taxonomy":"category","embeddable":true,"href":"https:\/\/aeronoticias.com.pe\/noticiero\/wp-json\/wp\/v2\/categories?post=29646"},{"taxonomy":"post_tag","embeddable":true,"href":"https:\/\/aeronoticias.com.pe\/noticiero\/wp-json\/wp\/v2\/tags?post=29646"}],"curies":[{"name":"wp","href":"https:\/\/api.w.org\/{rel}","templated":true}]}}