{"id":29786,"date":"2012-08-21T15:17:37","date_gmt":"2012-08-21T15:17:37","guid":{"rendered":"http:\/\/desarrollo.mcvicious.com\/aero2020\/2012\/08\/21\/lanzan-campana-para-visitar-7-regiones-del-peru-a-mitad-de-precio\/"},"modified":"2012-08-21T15:17:37","modified_gmt":"2012-08-21T15:17:37","slug":"lanzan-campana-para-visitar-7-regiones-del-peru-a-mitad-de-precio","status":"publish","type":"post","link":"https:\/\/aeronoticias.com.pe\/noticiero\/turismo\/13\/lanzan-campana-para-visitar-7-regiones-del-peru-a-mitad-de-precio\/","title":{"rendered":"Lanzan campa\u00f1a para visitar 7 regiones del Per\u00fa a mitad de precio"},"content":{"rendered":"<p style=\"text-align: justify;\"><strong>(Aeronoticias).-<\/strong> La Comisi\u00f3n de Promoci\u00f3n del Per\u00fa para la Exportaci\u00f3n y Turismo (Promper\u00fa) lanz\u00f3 la campa\u00f1a \u201cEste fin de semana no te quedes en blanco, esc\u00e1pate al centro del Per\u00fa\u201d, por la cual los peruanos podr\u00e1n visitar siete regiones con descuentos de hasta 50 por ciento.<\/p>\n<p style=\"text-align: justify;\">Con esta iniciativa, vigente hasta el 15 de octubre, el p\u00fablico podr\u00e1 conocer a precios m\u00f3dicos \u00c1ncash, Jun\u00edn, Pasco, Huancavelica, Hu\u00e1nuco, Ucayali y Lima, precis\u00f3 la viceministra de Turismo, Claudia Cornejo.<\/p>\n<p style=\"text-align: justify;\">Remarc\u00f3 que en esta oportunidad se espera generar un mill\u00f3n 200 mil viajes, generando alrededor de 100 millones de d\u00f3lares en divisas.<\/p>\n<p style=\"text-align: justify;\">Mencion\u00f3 que los paquetes tur\u00edsticos a mitad de precio tambi\u00e9n estar\u00e1n vigentes durante dos fines se semana largo: del 30 de agosto al 2 de setiembre (feriado sector p\u00fablico) y del 6 al 8 de octubre (feriado nacional).<\/p>\n<p style=\"text-align: justify;\">Tras estimar que se registrar\u00e1 un gran impacto econ\u00f3mico en el sector turismo, la funcionaria agradeci\u00f3 la participaci\u00f3n del empresariado y recomend\u00f3 a los interesados a separar sus viajes con antelaci\u00f3n.<\/p>\n<p>  <!--more-->  <\/p>\n<p style=\"text-align: justify;\">El objetivo de la campa\u00f1a es descentralizar la oferta tur\u00edstica nacional, promoviendo los atractivos de las regiones citadas y busca incrementar el n\u00famero de viajes a estos destinos.<\/p>\n<p style=\"text-align: justify;\">Por su \u00a0parte, Mar\u00eda del Carmen de Reparaz, directora de Promoci\u00f3n de Turismo de PromPer\u00fa, \u00a0resalt\u00f3 que la campa\u00f1a cuenta con la participaci\u00f3n de 67 empresas privadas, entre hoteles, operadores tur\u00edsticos, de transporte a\u00e9reo, terrestre y f\u00e9rreo.<\/p>\n<p style=\"text-align: justify;\">A\u00f1adi\u00f3 que se ha puesto a disposici\u00f3n de los viajeros 71 paquetes promocionales de tres d\u00edas\/dos noches, que incluyen traslados desde el aeropuerto o terrapuerto hacia el hotel, alojamiento y dos desayunos continentales.<\/p>\n<p style=\"text-align: justify;\">Asimismo, se ha dispuesto el servicio de gu\u00eda, movilidad, y entradas a los lugares tur\u00edsticos.<\/p>\n<p style=\"text-align: justify;\">Mencion\u00f3 que, por ejemplo, en la regi\u00f3n Jun\u00edn participan \u00a017 empresas que ofertan paquetes tur\u00edsticos desde 230 nuevos soles por persona. \u00a0Los dirigidos a la selva central se encuentran desde 185 nuevos soles.<\/p>\n<p style=\"text-align: justify;\">\u201cLa campa\u00f1a nos va a permitir fomentar el uso de servicios formales para \u00a0brindarle seguridad a los viajeros\u201d, puntualiz\u00f3.<\/p>\n<p style=\"text-align: justify;\">Agreg\u00f3 que la campa\u00f1a de promoci\u00f3n se difunde a trav\u00e9s de los distintos medios period\u00edsticos, \u00a0centros comerciales, en las regiones a visitar, en el \u00a0exterior, entidades bancarias y empresas p\u00fablicas y privadas.<\/p>\n<p style=\"text-align: justify;\">Adem\u00e1s se pueden conocer los detalles ingresando a la p\u00e1gina web http:\/\/www.turismoperu.info.<\/p>\n<p style=\"text-align: justify;\">A su turno, el congresista por \u00c1ncash, Modesto Julca, destac\u00f3 el esfuerzo del Estado para fomentar el turismo interno, as\u00ed como el apoyo de las empresas y de los presidentes regionales y alcaldes provinciales.<\/p>\n<p style=\"text-align: justify;\">(FIN) TMC\/VVS<\/p>\n<p style=\"text-align: justify;\">Agencia Andina.<\/p>\n<p style=\"text-align: justify;\"><img decoding=\"async\" src=\"images\/stories\/12\/08\/080812\/turismo_peru_travel_mart_2012.jpg\" border=\"0\" alt=\"Lanzan campa\u00f1a para visitar 7 regiones del Per\u00fa a mitad de precio\" title=\"Lanzan campa\u00f1a para visitar 7 regiones del Per\u00fa a mitad de precio\" \/><\/p>\n","protected":false},"excerpt":{"rendered":"<p>(Aeronoticias).- La Comisi\u00f3n de Promoci\u00f3n del Per\u00fa para la Exportaci\u00f3n y Turismo (Promper\u00fa) lanz\u00f3 la campa\u00f1a \u201cEste fin de semana no te quedes en blanco, esc\u00e1pate al centro del Per\u00fa\u201d, por la cual los peruanos podr\u00e1n visitar siete regiones con descuentos de hasta 50 por ciento. Con esta iniciativa, vigente hasta el 15 de octubre, [&hellip;]<\/p>\n","protected":false},"author":1,"featured_media":0,"comment_status":"open","ping_status":"open","sticky":false,"template":"","format":"standard","meta":{"tdm_status":"","tdm_grid_status":"","footnotes":""},"categories":[31],"tags":[],"class_list":{"0":"post-29786","1":"post","2":"type-post","3":"status-publish","4":"format-standard","6":"category-31"},"yoast_head":"<!-- This site is optimized with the Yoast SEO plugin v25.1 - https:\/\/yoast.com\/wordpress\/plugins\/seo\/ -->\n<title>Lanzan campa\u00f1a para visitar 7 regiones del Per\u00fa a mitad de precio<\/title>\n<meta name=\"description\" content=\"Portal de noticias del Per\u00fa sobre el transporte a\u00e9reo, aviaci\u00f3n, turismo, hoteleria, actualidad.\" \/>\n<meta name=\"robots\" content=\"index, follow, max-snippet:-1, max-image-preview:large, max-video-preview:-1\" \/>\n<link rel=\"canonical\" href=\"https:\/\/aeronoticias.com.pe\/noticiero\/turismo\/13\/lanzan-campana-para-visitar-7-regiones-del-peru-a-mitad-de-precio\/\" \/>\n<meta property=\"og:locale\" content=\"es_ES\" \/>\n<meta property=\"og:type\" content=\"article\" \/>\n<meta property=\"og:title\" content=\"Lanzan campa\u00f1a para visitar 7 regiones del Per\u00fa a mitad de precio\" \/>\n<meta property=\"og:description\" content=\"Portal de noticias del Per\u00fa sobre el transporte a\u00e9reo, aviaci\u00f3n, turismo, hoteleria, actualidad.\" \/>\n<meta property=\"og:url\" content=\"https:\/\/aeronoticias.com.pe\/noticiero\/turismo\/13\/lanzan-campana-para-visitar-7-regiones-del-peru-a-mitad-de-precio\/\" \/>\n<meta property=\"og:site_name\" content=\"Aeronoticias.com.pe\" \/>\n<meta property=\"article:publisher\" content=\"https:\/\/www.facebook.com\/Aeronoticias.com.pe\/\" \/>\n<meta property=\"article:published_time\" content=\"2012-08-21T15:17:37+00:00\" \/>\n<meta name=\"author\" content=\"Redacci\u00f3n Aeronoticias\" \/>\n<meta name=\"twitter:card\" content=\"summary_large_image\" \/>\n<meta name=\"twitter:creator\" content=\"@aeronoticias\" \/>\n<meta name=\"twitter:site\" content=\"@aeronoticias\" \/>\n<meta name=\"twitter:label1\" content=\"Escrito por\" \/>\n\t<meta name=\"twitter:data1\" content=\"Redacci\u00f3n Aeronoticias\" \/>\n\t<meta name=\"twitter:label2\" content=\"Tiempo de lectura\" \/>\n\t<meta name=\"twitter:data2\" content=\"2 minutos\" \/>\n<script type=\"application\/ld+json\" class=\"yoast-schema-graph\">{\"@context\":\"https:\/\/schema.org\",\"@graph\":[{\"@type\":\"WebPage\",\"@id\":\"https:\/\/aeronoticias.com.pe\/noticiero\/turismo\/13\/lanzan-campana-para-visitar-7-regiones-del-peru-a-mitad-de-precio\/\",\"url\":\"https:\/\/aeronoticias.com.pe\/noticiero\/turismo\/13\/lanzan-campana-para-visitar-7-regiones-del-peru-a-mitad-de-precio\/\",\"name\":\"Lanzan campa\u00f1a para visitar 7 regiones del Per\u00fa a mitad de precio\",\"isPartOf\":{\"@id\":\"https:\/\/aeronoticias.com.pe\/noticiero\/#website\"},\"datePublished\":\"2012-08-21T15:17:37+00:00\",\"author\":{\"@id\":\"https:\/\/aeronoticias.com.pe\/noticiero\/#\/schema\/person\/fc1e5d578f4b62ba1cf7ac2bba1170a0\"},\"description\":\"Portal de noticias del Per\u00fa sobre el transporte a\u00e9reo, aviaci\u00f3n, turismo, hoteleria, actualidad.\",\"breadcrumb\":{\"@id\":\"https:\/\/aeronoticias.com.pe\/noticiero\/turismo\/13\/lanzan-campana-para-visitar-7-regiones-del-peru-a-mitad-de-precio\/#breadcrumb\"},\"inLanguage\":\"es\",\"potentialAction\":[{\"@type\":\"ReadAction\",\"target\":[\"https:\/\/aeronoticias.com.pe\/noticiero\/turismo\/13\/lanzan-campana-para-visitar-7-regiones-del-peru-a-mitad-de-precio\/\"]}]},{\"@type\":\"BreadcrumbList\",\"@id\":\"https:\/\/aeronoticias.com.pe\/noticiero\/turismo\/13\/lanzan-campana-para-visitar-7-regiones-del-peru-a-mitad-de-precio\/#breadcrumb\",\"itemListElement\":[{\"@type\":\"ListItem\",\"position\":1,\"name\":\"Portada\",\"item\":\"https:\/\/aeronoticias.com.pe\/noticiero\/\"},{\"@type\":\"ListItem\",\"position\":2,\"name\":\"Lanzan campa\u00f1a para visitar 7 regiones del Per\u00fa a mitad de precio\"}]},{\"@type\":\"WebSite\",\"@id\":\"https:\/\/aeronoticias.com.pe\/noticiero\/#website\",\"url\":\"https:\/\/aeronoticias.com.pe\/noticiero\/\",\"name\":\"Aeronoticias.com.pe\",\"description\":\"Noticias de tranporte aereo, turismo, hoteles, gastronomia, actualidad, internacional\",\"potentialAction\":[{\"@type\":\"SearchAction\",\"target\":{\"@type\":\"EntryPoint\",\"urlTemplate\":\"https:\/\/aeronoticias.com.pe\/noticiero\/?s={search_term_string}\"},\"query-input\":{\"@type\":\"PropertyValueSpecification\",\"valueRequired\":true,\"valueName\":\"search_term_string\"}}],\"inLanguage\":\"es\"},{\"@type\":\"Person\",\"@id\":\"https:\/\/aeronoticias.com.pe\/noticiero\/#\/schema\/person\/fc1e5d578f4b62ba1cf7ac2bba1170a0\",\"name\":\"Redacci\u00f3n Aeronoticias\",\"url\":\"https:\/\/aeronoticias.com.pe\/noticiero\/author\/piloto\/\"}]}<\/script>\n<!-- \/ Yoast SEO plugin. -->","yoast_head_json":{"title":"Lanzan campa\u00f1a para visitar 7 regiones del Per\u00fa a mitad de precio","description":"Portal de noticias del Per\u00fa sobre el transporte a\u00e9reo, aviaci\u00f3n, turismo, hoteleria, actualidad.","robots":{"index":"index","follow":"follow","max-snippet":"max-snippet:-1","max-image-preview":"max-image-preview:large","max-video-preview":"max-video-preview:-1"},"canonical":"https:\/\/aeronoticias.com.pe\/noticiero\/turismo\/13\/lanzan-campana-para-visitar-7-regiones-del-peru-a-mitad-de-precio\/","og_locale":"es_ES","og_type":"article","og_title":"Lanzan campa\u00f1a para visitar 7 regiones del Per\u00fa a mitad de precio","og_description":"Portal de noticias del Per\u00fa sobre el transporte a\u00e9reo, aviaci\u00f3n, turismo, hoteleria, actualidad.","og_url":"https:\/\/aeronoticias.com.pe\/noticiero\/turismo\/13\/lanzan-campana-para-visitar-7-regiones-del-peru-a-mitad-de-precio\/","og_site_name":"Aeronoticias.com.pe","article_publisher":"https:\/\/www.facebook.com\/Aeronoticias.com.pe\/","article_published_time":"2012-08-21T15:17:37+00:00","author":"Redacci\u00f3n Aeronoticias","twitter_card":"summary_large_image","twitter_creator":"@aeronoticias","twitter_site":"@aeronoticias","twitter_misc":{"Escrito por":"Redacci\u00f3n Aeronoticias","Tiempo de lectura":"2 minutos"},"schema":{"@context":"https:\/\/schema.org","@graph":[{"@type":"WebPage","@id":"https:\/\/aeronoticias.com.pe\/noticiero\/turismo\/13\/lanzan-campana-para-visitar-7-regiones-del-peru-a-mitad-de-precio\/","url":"https:\/\/aeronoticias.com.pe\/noticiero\/turismo\/13\/lanzan-campana-para-visitar-7-regiones-del-peru-a-mitad-de-precio\/","name":"Lanzan campa\u00f1a para visitar 7 regiones del Per\u00fa a mitad de precio","isPartOf":{"@id":"https:\/\/aeronoticias.com.pe\/noticiero\/#website"},"datePublished":"2012-08-21T15:17:37+00:00","author":{"@id":"https:\/\/aeronoticias.com.pe\/noticiero\/#\/schema\/person\/fc1e5d578f4b62ba1cf7ac2bba1170a0"},"description":"Portal de noticias del Per\u00fa sobre el transporte a\u00e9reo, aviaci\u00f3n, turismo, hoteleria, actualidad.","breadcrumb":{"@id":"https:\/\/aeronoticias.com.pe\/noticiero\/turismo\/13\/lanzan-campana-para-visitar-7-regiones-del-peru-a-mitad-de-precio\/#breadcrumb"},"inLanguage":"es","potentialAction":[{"@type":"ReadAction","target":["https:\/\/aeronoticias.com.pe\/noticiero\/turismo\/13\/lanzan-campana-para-visitar-7-regiones-del-peru-a-mitad-de-precio\/"]}]},{"@type":"BreadcrumbList","@id":"https:\/\/aeronoticias.com.pe\/noticiero\/turismo\/13\/lanzan-campana-para-visitar-7-regiones-del-peru-a-mitad-de-precio\/#breadcrumb","itemListElement":[{"@type":"ListItem","position":1,"name":"Portada","item":"https:\/\/aeronoticias.com.pe\/noticiero\/"},{"@type":"ListItem","position":2,"name":"Lanzan campa\u00f1a para visitar 7 regiones del Per\u00fa a mitad de precio"}]},{"@type":"WebSite","@id":"https:\/\/aeronoticias.com.pe\/noticiero\/#website","url":"https:\/\/aeronoticias.com.pe\/noticiero\/","name":"Aeronoticias.com.pe","description":"Noticias de tranporte aereo, turismo, hoteles, gastronomia, actualidad, internacional","potentialAction":[{"@type":"SearchAction","target":{"@type":"EntryPoint","urlTemplate":"https:\/\/aeronoticias.com.pe\/noticiero\/?s={search_term_string}"},"query-input":{"@type":"PropertyValueSpecification","valueRequired":true,"valueName":"search_term_string"}}],"inLanguage":"es"},{"@type":"Person","@id":"https:\/\/aeronoticias.com.pe\/noticiero\/#\/schema\/person\/fc1e5d578f4b62ba1cf7ac2bba1170a0","name":"Redacci\u00f3n Aeronoticias","url":"https:\/\/aeronoticias.com.pe\/noticiero\/author\/piloto\/"}]}},"_links":{"self":[{"href":"https:\/\/aeronoticias.com.pe\/noticiero\/wp-json\/wp\/v2\/posts\/29786","targetHints":{"allow":["GET"]}}],"collection":[{"href":"https:\/\/aeronoticias.com.pe\/noticiero\/wp-json\/wp\/v2\/posts"}],"about":[{"href":"https:\/\/aeronoticias.com.pe\/noticiero\/wp-json\/wp\/v2\/types\/post"}],"author":[{"embeddable":true,"href":"https:\/\/aeronoticias.com.pe\/noticiero\/wp-json\/wp\/v2\/users\/1"}],"replies":[{"embeddable":true,"href":"https:\/\/aeronoticias.com.pe\/noticiero\/wp-json\/wp\/v2\/comments?post=29786"}],"version-history":[{"count":0,"href":"https:\/\/aeronoticias.com.pe\/noticiero\/wp-json\/wp\/v2\/posts\/29786\/revisions"}],"wp:attachment":[{"href":"https:\/\/aeronoticias.com.pe\/noticiero\/wp-json\/wp\/v2\/media?parent=29786"}],"wp:term":[{"taxonomy":"category","embeddable":true,"href":"https:\/\/aeronoticias.com.pe\/noticiero\/wp-json\/wp\/v2\/categories?post=29786"},{"taxonomy":"post_tag","embeddable":true,"href":"https:\/\/aeronoticias.com.pe\/noticiero\/wp-json\/wp\/v2\/tags?post=29786"}],"curies":[{"name":"wp","href":"https:\/\/api.w.org\/{rel}","templated":true}]}}