{"id":29788,"date":"2012-08-21T15:52:33","date_gmt":"2012-08-21T15:52:33","guid":{"rendered":"http:\/\/desarrollo.mcvicious.com\/aero2020\/2012\/08\/21\/policia-del-peru-tendra-4-nuevos-helicopteros-para-patrullaje-aereo\/"},"modified":"2012-08-21T15:52:33","modified_gmt":"2012-08-21T15:52:33","slug":"policia-del-peru-tendra-4-nuevos-helicopteros-para-patrullaje-aereo","status":"publish","type":"post","link":"https:\/\/aeronoticias.com.pe\/noticiero\/transporte-aereo\/nacional\/policia-del-peru-tendra-4-nuevos-helicopteros-para-patrullaje-aereo\/","title":{"rendered":"Polic\u00eda del Per\u00fa tendr\u00e1 4 nuevos helic\u00f3pteros para patrullaje a\u00e9reo"},"content":{"rendered":"<p style=\"text-align: justify;\"><strong>(Aeronoticias).-<\/strong> La Polic\u00eda Nacional potenciar\u00e1 su accionar frente a la delincuencia con cuatro nuevos y modernos helic\u00f3pteros para el patrullaje a\u00e9reo, as\u00ed como un avanzado sistema de comunicaci\u00f3n radial, anunci\u00f3 hoy el jefe del Gabinete, Juan Jim\u00e9nez Mayor, en su presentaci\u00f3n ante el Congreso.<\/p>\n<p style=\"text-align: justify;\">Se\u00f1al\u00f3 que para la adquisici\u00f3n de estas aeronaves, totalmente equipadas, se invertir\u00e1n 93 millones de nuevos soles.<\/p>\n<p style=\"text-align: justify;\">Indic\u00f3 que la estrategia de equipamiento integral contempla tambi\u00e9n la compra de veh\u00edculos portatropas, motocicletas y patrulleros inteligentes que tendr\u00e1n c\u00e1maras de v\u00eddeo, GPS, radar de registro de velocidad, computadoras, dispositivos biom\u00e9tricos y equipos de comunicaci\u00f3n.<\/p>\n<p style=\"text-align: justify;\">Jim\u00e9nez Mayor afirm\u00f3 que para brindar seguridad a los polic\u00edas y mejorar su desempe\u00f1o en el control de disturbios se invertir\u00e1n m\u00e1s de 30 millones de soles en chalecos antibalas y equipos antimotines.<\/p>\n<p style=\"text-align: justify;\">En el \u00e1mbito tecnol\u00f3gico, dijo que la reforma que emprende el Gobierno implica la puesta en funcionamiento, en diciembre de este a\u00f1o, del sistema para la identificaci\u00f3n de huellas dactilares, denominado AFIS.<\/p>\n<p>  <!--more-->  <\/p>\n<p style=\"text-align: justify;\">\u201cSe trata de una poderosa herramienta de lucha contra el crimen que permitir\u00e1 identificar a los delincuentes y evitar\u00e1 la duplicidad de identidades\u201d, subray\u00f3.<\/p>\n<p style=\"text-align: justify;\">Jim\u00e9nez Mayor manifest\u00f3 que la PNP ingresar\u00e1 a la era digital con el sistema de comunicaci\u00f3n radial llamado Tetra 2, para las ciudades de Lima y Callao, el cual entrar\u00e1 en funcionamiento en marzo del 2013.<\/p>\n<p style=\"text-align: justify;\">La compra de este sistema demandar\u00e1 una inversi\u00f3n de 29 millones de soles. \u201cEsto permitir\u00e1 contar con una poderosa herramienta de comunicaciones en voz y datos encriptados para comunicar al personal policial de manera segura, eficiente y confidencial\u201d, anot\u00f3.<\/p>\n<p style=\"text-align: justify;\">Adelant\u00f3 que se adquirir\u00e1, en el primer semestre del 2013 y con una inversi\u00f3n de 30 millones de soles, un moderno sistema de videovigilancia, para visualizar en tiempo real los puntos estrat\u00e9gicos de la ciudad.<\/p>\n<p style=\"text-align: justify;\">\u201cEn una primera fase se implementar\u00e1 este sistema en las regiones de Arequipa, Piura y Tacna, y posteriormente, en forma gradual, en todas las regiones del pa\u00eds\u201d, dijo.<\/p>\n<p style=\"text-align: justify;\">El titular del Consejo de Ministros se\u00f1al\u00f3 que para perseguir el delito de forma eficaz en zonas de dif\u00edcil acceso o donde la delincuencia se ha asentado, se implementar\u00e1n puestos de respuesta r\u00e1pida y comisar\u00edas itinerantes acondicionadas para la atenci\u00f3n al ciudadano.<\/p>\n<p style=\"text-align: justify;\">Sostuvo que otra estrategia vinculada a la eficacia de prevenci\u00f3n, siguiendo el modelo exitoso desarrollado en Francia, es la creaci\u00f3n del grupo Terna.<\/p>\n<p style=\"text-align: justify;\">Detall\u00f3 que se trata de un grupo especial de polic\u00edas integrado actualmente por 100 efectivos, quienes se mimetizan con la ciudadan\u00eda ubic\u00e1ndose en puntos cr\u00edticos de robos y donde se producen los arrebatos en la ciudad, a fin de capturar a los delincuentes.<\/p>\n<p style=\"text-align: justify;\">\u201cLa efectividad de este modelo permitir\u00e1 replicarlo en todo el pa\u00eds\u201d, refiri\u00f3 al exponer la pol\u00edtica general del Gobierno ante el pleno del Parlamento Nacional, acompa\u00f1ado por el Gabinete Ministerial.<\/p>\n<p style=\"text-align: justify;\">Agencia Andina.<\/p>\n<p style=\"text-align: justify;\"><img decoding=\"async\" src=\"images\/stories\/12\/08\/210812\/policia_helicopteros_peru.jpg\" border=\"0\" alt=\"Polic\u00eda del Per\u00fa tendr\u00e1 4 nuevos helic\u00f3pteros para patrullaje a\u00e9reo\" title=\"Polic\u00eda del Per\u00fa tendr\u00e1 4 nuevos helic\u00f3pteros para patrullaje a\u00e9reo\" \/><\/p>\n","protected":false},"excerpt":{"rendered":"<p>(Aeronoticias).- La Polic\u00eda Nacional potenciar\u00e1 su accionar frente a la delincuencia con cuatro nuevos y modernos helic\u00f3pteros para el patrullaje a\u00e9reo, as\u00ed como un avanzado sistema de comunicaci\u00f3n radial, anunci\u00f3 hoy el jefe del Gabinete, Juan Jim\u00e9nez Mayor, en su presentaci\u00f3n ante el Congreso. Se\u00f1al\u00f3 que para la adquisici\u00f3n de estas aeronaves, totalmente equipadas, se [&hellip;]<\/p>\n","protected":false},"author":1,"featured_media":0,"comment_status":"open","ping_status":"open","sticky":false,"template":"","format":"standard","meta":{"tdm_status":"","tdm_grid_status":"","footnotes":""},"categories":[51],"tags":[],"class_list":{"0":"post-29788","1":"post","2":"type-post","3":"status-publish","4":"format-standard","6":"category-nacional"},"yoast_head":"<!-- This site is optimized with the Yoast SEO plugin v25.1 - https:\/\/yoast.com\/wordpress\/plugins\/seo\/ -->\n<title>Polic\u00eda del Per\u00fa tendr\u00e1 4 nuevos helic\u00f3pteros para patrullaje a\u00e9reo<\/title>\n<meta name=\"description\" content=\"Portal de noticias del Per\u00fa sobre el transporte a\u00e9reo, aviaci\u00f3n, turismo, hoteleria, actualidad.\" \/>\n<meta name=\"robots\" content=\"index, follow, max-snippet:-1, max-image-preview:large, max-video-preview:-1\" \/>\n<link rel=\"canonical\" href=\"https:\/\/aeronoticias.com.pe\/noticiero\/transporte-aereo\/nacional\/policia-del-peru-tendra-4-nuevos-helicopteros-para-patrullaje-aereo\/\" \/>\n<meta property=\"og:locale\" content=\"es_ES\" \/>\n<meta property=\"og:type\" content=\"article\" \/>\n<meta property=\"og:title\" content=\"Polic\u00eda del Per\u00fa tendr\u00e1 4 nuevos helic\u00f3pteros para patrullaje a\u00e9reo\" \/>\n<meta property=\"og:description\" content=\"Portal de noticias del Per\u00fa sobre el transporte a\u00e9reo, aviaci\u00f3n, turismo, hoteleria, actualidad.\" \/>\n<meta property=\"og:url\" content=\"https:\/\/aeronoticias.com.pe\/noticiero\/transporte-aereo\/nacional\/policia-del-peru-tendra-4-nuevos-helicopteros-para-patrullaje-aereo\/\" \/>\n<meta property=\"og:site_name\" content=\"Aeronoticias.com.pe\" \/>\n<meta property=\"article:publisher\" content=\"https:\/\/www.facebook.com\/Aeronoticias.com.pe\/\" \/>\n<meta property=\"article:published_time\" content=\"2012-08-21T15:52:33+00:00\" \/>\n<meta name=\"author\" content=\"Redacci\u00f3n Aeronoticias\" \/>\n<meta name=\"twitter:card\" content=\"summary_large_image\" \/>\n<meta name=\"twitter:creator\" content=\"@aeronoticias\" \/>\n<meta name=\"twitter:site\" content=\"@aeronoticias\" \/>\n<meta name=\"twitter:label1\" content=\"Escrito por\" \/>\n\t<meta name=\"twitter:data1\" content=\"Redacci\u00f3n Aeronoticias\" \/>\n\t<meta name=\"twitter:label2\" content=\"Tiempo de lectura\" \/>\n\t<meta name=\"twitter:data2\" content=\"3 minutos\" \/>\n<script type=\"application\/ld+json\" class=\"yoast-schema-graph\">{\"@context\":\"https:\/\/schema.org\",\"@graph\":[{\"@type\":\"WebPage\",\"@id\":\"https:\/\/aeronoticias.com.pe\/noticiero\/transporte-aereo\/nacional\/policia-del-peru-tendra-4-nuevos-helicopteros-para-patrullaje-aereo\/\",\"url\":\"https:\/\/aeronoticias.com.pe\/noticiero\/transporte-aereo\/nacional\/policia-del-peru-tendra-4-nuevos-helicopteros-para-patrullaje-aereo\/\",\"name\":\"Polic\u00eda del Per\u00fa tendr\u00e1 4 nuevos helic\u00f3pteros para patrullaje a\u00e9reo\",\"isPartOf\":{\"@id\":\"https:\/\/aeronoticias.com.pe\/noticiero\/#website\"},\"datePublished\":\"2012-08-21T15:52:33+00:00\",\"author\":{\"@id\":\"https:\/\/aeronoticias.com.pe\/noticiero\/#\/schema\/person\/fc1e5d578f4b62ba1cf7ac2bba1170a0\"},\"description\":\"Portal de noticias del Per\u00fa sobre el transporte a\u00e9reo, aviaci\u00f3n, turismo, hoteleria, actualidad.\",\"breadcrumb\":{\"@id\":\"https:\/\/aeronoticias.com.pe\/noticiero\/transporte-aereo\/nacional\/policia-del-peru-tendra-4-nuevos-helicopteros-para-patrullaje-aereo\/#breadcrumb\"},\"inLanguage\":\"es\",\"potentialAction\":[{\"@type\":\"ReadAction\",\"target\":[\"https:\/\/aeronoticias.com.pe\/noticiero\/transporte-aereo\/nacional\/policia-del-peru-tendra-4-nuevos-helicopteros-para-patrullaje-aereo\/\"]}]},{\"@type\":\"BreadcrumbList\",\"@id\":\"https:\/\/aeronoticias.com.pe\/noticiero\/transporte-aereo\/nacional\/policia-del-peru-tendra-4-nuevos-helicopteros-para-patrullaje-aereo\/#breadcrumb\",\"itemListElement\":[{\"@type\":\"ListItem\",\"position\":1,\"name\":\"Portada\",\"item\":\"https:\/\/aeronoticias.com.pe\/noticiero\/\"},{\"@type\":\"ListItem\",\"position\":2,\"name\":\"Polic\u00eda del Per\u00fa tendr\u00e1 4 nuevos helic\u00f3pteros para patrullaje a\u00e9reo\"}]},{\"@type\":\"WebSite\",\"@id\":\"https:\/\/aeronoticias.com.pe\/noticiero\/#website\",\"url\":\"https:\/\/aeronoticias.com.pe\/noticiero\/\",\"name\":\"Aeronoticias.com.pe\",\"description\":\"Noticias de tranporte aereo, turismo, hoteles, gastronomia, actualidad, internacional\",\"potentialAction\":[{\"@type\":\"SearchAction\",\"target\":{\"@type\":\"EntryPoint\",\"urlTemplate\":\"https:\/\/aeronoticias.com.pe\/noticiero\/?s={search_term_string}\"},\"query-input\":{\"@type\":\"PropertyValueSpecification\",\"valueRequired\":true,\"valueName\":\"search_term_string\"}}],\"inLanguage\":\"es\"},{\"@type\":\"Person\",\"@id\":\"https:\/\/aeronoticias.com.pe\/noticiero\/#\/schema\/person\/fc1e5d578f4b62ba1cf7ac2bba1170a0\",\"name\":\"Redacci\u00f3n Aeronoticias\",\"url\":\"https:\/\/aeronoticias.com.pe\/noticiero\/author\/piloto\/\"}]}<\/script>\n<!-- \/ Yoast SEO plugin. -->","yoast_head_json":{"title":"Polic\u00eda del Per\u00fa tendr\u00e1 4 nuevos helic\u00f3pteros para patrullaje a\u00e9reo","description":"Portal de noticias del Per\u00fa sobre el transporte a\u00e9reo, aviaci\u00f3n, turismo, hoteleria, actualidad.","robots":{"index":"index","follow":"follow","max-snippet":"max-snippet:-1","max-image-preview":"max-image-preview:large","max-video-preview":"max-video-preview:-1"},"canonical":"https:\/\/aeronoticias.com.pe\/noticiero\/transporte-aereo\/nacional\/policia-del-peru-tendra-4-nuevos-helicopteros-para-patrullaje-aereo\/","og_locale":"es_ES","og_type":"article","og_title":"Polic\u00eda del Per\u00fa tendr\u00e1 4 nuevos helic\u00f3pteros para patrullaje a\u00e9reo","og_description":"Portal de noticias del Per\u00fa sobre el transporte a\u00e9reo, aviaci\u00f3n, turismo, hoteleria, actualidad.","og_url":"https:\/\/aeronoticias.com.pe\/noticiero\/transporte-aereo\/nacional\/policia-del-peru-tendra-4-nuevos-helicopteros-para-patrullaje-aereo\/","og_site_name":"Aeronoticias.com.pe","article_publisher":"https:\/\/www.facebook.com\/Aeronoticias.com.pe\/","article_published_time":"2012-08-21T15:52:33+00:00","author":"Redacci\u00f3n Aeronoticias","twitter_card":"summary_large_image","twitter_creator":"@aeronoticias","twitter_site":"@aeronoticias","twitter_misc":{"Escrito por":"Redacci\u00f3n Aeronoticias","Tiempo de lectura":"3 minutos"},"schema":{"@context":"https:\/\/schema.org","@graph":[{"@type":"WebPage","@id":"https:\/\/aeronoticias.com.pe\/noticiero\/transporte-aereo\/nacional\/policia-del-peru-tendra-4-nuevos-helicopteros-para-patrullaje-aereo\/","url":"https:\/\/aeronoticias.com.pe\/noticiero\/transporte-aereo\/nacional\/policia-del-peru-tendra-4-nuevos-helicopteros-para-patrullaje-aereo\/","name":"Polic\u00eda del Per\u00fa tendr\u00e1 4 nuevos helic\u00f3pteros para patrullaje a\u00e9reo","isPartOf":{"@id":"https:\/\/aeronoticias.com.pe\/noticiero\/#website"},"datePublished":"2012-08-21T15:52:33+00:00","author":{"@id":"https:\/\/aeronoticias.com.pe\/noticiero\/#\/schema\/person\/fc1e5d578f4b62ba1cf7ac2bba1170a0"},"description":"Portal de noticias del Per\u00fa sobre el transporte a\u00e9reo, aviaci\u00f3n, turismo, hoteleria, actualidad.","breadcrumb":{"@id":"https:\/\/aeronoticias.com.pe\/noticiero\/transporte-aereo\/nacional\/policia-del-peru-tendra-4-nuevos-helicopteros-para-patrullaje-aereo\/#breadcrumb"},"inLanguage":"es","potentialAction":[{"@type":"ReadAction","target":["https:\/\/aeronoticias.com.pe\/noticiero\/transporte-aereo\/nacional\/policia-del-peru-tendra-4-nuevos-helicopteros-para-patrullaje-aereo\/"]}]},{"@type":"BreadcrumbList","@id":"https:\/\/aeronoticias.com.pe\/noticiero\/transporte-aereo\/nacional\/policia-del-peru-tendra-4-nuevos-helicopteros-para-patrullaje-aereo\/#breadcrumb","itemListElement":[{"@type":"ListItem","position":1,"name":"Portada","item":"https:\/\/aeronoticias.com.pe\/noticiero\/"},{"@type":"ListItem","position":2,"name":"Polic\u00eda del Per\u00fa tendr\u00e1 4 nuevos helic\u00f3pteros para patrullaje a\u00e9reo"}]},{"@type":"WebSite","@id":"https:\/\/aeronoticias.com.pe\/noticiero\/#website","url":"https:\/\/aeronoticias.com.pe\/noticiero\/","name":"Aeronoticias.com.pe","description":"Noticias de tranporte aereo, turismo, hoteles, gastronomia, actualidad, internacional","potentialAction":[{"@type":"SearchAction","target":{"@type":"EntryPoint","urlTemplate":"https:\/\/aeronoticias.com.pe\/noticiero\/?s={search_term_string}"},"query-input":{"@type":"PropertyValueSpecification","valueRequired":true,"valueName":"search_term_string"}}],"inLanguage":"es"},{"@type":"Person","@id":"https:\/\/aeronoticias.com.pe\/noticiero\/#\/schema\/person\/fc1e5d578f4b62ba1cf7ac2bba1170a0","name":"Redacci\u00f3n Aeronoticias","url":"https:\/\/aeronoticias.com.pe\/noticiero\/author\/piloto\/"}]}},"_links":{"self":[{"href":"https:\/\/aeronoticias.com.pe\/noticiero\/wp-json\/wp\/v2\/posts\/29788","targetHints":{"allow":["GET"]}}],"collection":[{"href":"https:\/\/aeronoticias.com.pe\/noticiero\/wp-json\/wp\/v2\/posts"}],"about":[{"href":"https:\/\/aeronoticias.com.pe\/noticiero\/wp-json\/wp\/v2\/types\/post"}],"author":[{"embeddable":true,"href":"https:\/\/aeronoticias.com.pe\/noticiero\/wp-json\/wp\/v2\/users\/1"}],"replies":[{"embeddable":true,"href":"https:\/\/aeronoticias.com.pe\/noticiero\/wp-json\/wp\/v2\/comments?post=29788"}],"version-history":[{"count":0,"href":"https:\/\/aeronoticias.com.pe\/noticiero\/wp-json\/wp\/v2\/posts\/29788\/revisions"}],"wp:attachment":[{"href":"https:\/\/aeronoticias.com.pe\/noticiero\/wp-json\/wp\/v2\/media?parent=29788"}],"wp:term":[{"taxonomy":"category","embeddable":true,"href":"https:\/\/aeronoticias.com.pe\/noticiero\/wp-json\/wp\/v2\/categories?post=29788"},{"taxonomy":"post_tag","embeddable":true,"href":"https:\/\/aeronoticias.com.pe\/noticiero\/wp-json\/wp\/v2\/tags?post=29788"}],"curies":[{"name":"wp","href":"https:\/\/api.w.org\/{rel}","templated":true}]}}