{"id":29791,"date":"2012-08-21T15:26:13","date_gmt":"2012-08-21T15:26:13","guid":{"rendered":"http:\/\/desarrollo.mcvicious.com\/aero2020\/2012\/08\/21\/apple-y-samsung-no-lograron-solucionar-conflicto-de-patentes\/"},"modified":"2012-08-21T15:26:13","modified_gmt":"2012-08-21T15:26:13","slug":"apple-y-samsung-no-lograron-solucionar-conflicto-de-patentes","status":"publish","type":"post","link":"https:\/\/aeronoticias.com.pe\/noticiero\/27\/apple-y-samsung-no-lograron-solucionar-conflicto-de-patentes\/","title":{"rendered":"Apple y Samsung no lograron solucionar conflicto de patentes"},"content":{"rendered":"<p style=\"text-align: justify;\"><strong>(Aeronoticias)<\/strong> Los presidentes ejecutivos de Apple y Samsung han conversado pero no lograron solucionar el conflicto de patentes que mantienen ambas compa\u00f1\u00edas de electr\u00f3nica, dijo un abogado de Samsung en el tribunal el lunes. <\/p>\n<p>La juez de distrito de Estados Unidos, Lucy Koh, hab\u00eda pedido que ambos hablaran por tel\u00e9fono al menos una vez m\u00e1s antes de que el jurado comenzase a deliberar esta semana. <\/p>\n<p>Apple y Samsung mantienen una batalla de patentes que refleja la lucha por la supremac\u00eda en la industria entre los dos rivales que controlan m\u00e1s de la mitad de las ventas de tel\u00e9fonos avanzados en todo el mundo. <\/p>\n<p>Apple acusa a Samsung de copiar el dise\u00f1o y algunas caracter\u00edsticas de su iPad y iPhone, y solicita una prohibici\u00f3n de ventas adem\u00e1s de una indemnizaci\u00f3n econ\u00f3mica. La surcoreana Samsung, que est\u00e1 tratando de expandirse en Estados Unidos, dice que Apple infringi\u00f3 algunas de sus patentes, incluyendo las relacionadas con tecnolog\u00eda inal\u00e1mbrica. <\/p>\n<p>Altos cargos de ambas empresas hab\u00edan participado en la mediaci\u00f3n con un magistrado de Estados Unidos antes del juicio, pero Koh les pidi\u00f3 que exploraran un acuerdo una vez m\u00e1s. \u201cVeo riesgos para ambas partes\u201d, dijo Koh la semana pasada. <\/p>\n<p>Los argumentos finales est\u00e1n programados para el martes. En el tribunal el lunes, el abogado de Samsung Kevin Johnson dijo a Koh que no hab\u00edan obtenido nada en las conversaciones. \u201cNos veremos ma\u00f1ana\u201d, dijo Johnson. Fuente: Reuters<\/p>\n<p style=\"text-align: justify;\"><img decoding=\"async\" src=\"images\/stories\/12\/08\/210812\/apple-samsung.jpg\" border=\"0\" alt=\"Apple y Samsung no lograron solucionar conflicto de patentes\" \/><\/p>\n","protected":false},"excerpt":{"rendered":"<p>(Aeronoticias) Los presidentes ejecutivos de Apple y Samsung han conversado pero no lograron solucionar el conflicto de patentes que mantienen ambas compa\u00f1\u00edas de electr\u00f3nica, dijo un abogado de Samsung en el tribunal el lunes. La juez de distrito de Estados Unidos, Lucy Koh, hab\u00eda pedido que ambos hablaran por tel\u00e9fono al menos una vez m\u00e1s [&hellip;]<\/p>\n","protected":false},"author":1,"featured_media":0,"comment_status":"open","ping_status":"open","sticky":false,"template":"","format":"standard","meta":{"tdm_status":"","tdm_grid_status":"","footnotes":""},"categories":[35],"tags":[],"class_list":{"0":"post-29791","1":"post","2":"type-post","3":"status-publish","4":"format-standard","6":"category-35"},"yoast_head":"<!-- This site is optimized with the Yoast SEO plugin v25.1 - https:\/\/yoast.com\/wordpress\/plugins\/seo\/ -->\n<title>Apple y Samsung no lograron solucionar conflicto de patentes<\/title>\n<meta name=\"description\" content=\"Portal de noticias del Per\u00fa sobre el transporte a\u00e9reo, aviaci\u00f3n, turismo, hoteleria, actualidad.\" \/>\n<meta name=\"robots\" content=\"index, follow, max-snippet:-1, max-image-preview:large, max-video-preview:-1\" \/>\n<link rel=\"canonical\" href=\"https:\/\/aeronoticias.com.pe\/noticiero\/27\/apple-y-samsung-no-lograron-solucionar-conflicto-de-patentes\/\" \/>\n<meta property=\"og:locale\" content=\"es_ES\" \/>\n<meta property=\"og:type\" content=\"article\" \/>\n<meta property=\"og:title\" content=\"Apple y Samsung no lograron solucionar conflicto de patentes\" \/>\n<meta property=\"og:description\" content=\"Portal de noticias del Per\u00fa sobre el transporte a\u00e9reo, aviaci\u00f3n, turismo, hoteleria, actualidad.\" \/>\n<meta property=\"og:url\" content=\"https:\/\/aeronoticias.com.pe\/noticiero\/27\/apple-y-samsung-no-lograron-solucionar-conflicto-de-patentes\/\" \/>\n<meta property=\"og:site_name\" content=\"Aeronoticias.com.pe\" \/>\n<meta property=\"article:publisher\" content=\"https:\/\/www.facebook.com\/Aeronoticias.com.pe\/\" \/>\n<meta property=\"article:published_time\" content=\"2012-08-21T15:26:13+00:00\" \/>\n<meta name=\"author\" content=\"Redacci\u00f3n Aeronoticias\" \/>\n<meta name=\"twitter:card\" content=\"summary_large_image\" \/>\n<meta name=\"twitter:creator\" content=\"@aeronoticias\" \/>\n<meta name=\"twitter:site\" content=\"@aeronoticias\" \/>\n<meta name=\"twitter:label1\" content=\"Escrito por\" \/>\n\t<meta name=\"twitter:data1\" content=\"Redacci\u00f3n Aeronoticias\" \/>\n\t<meta name=\"twitter:label2\" content=\"Tiempo de lectura\" \/>\n\t<meta name=\"twitter:data2\" content=\"1 minuto\" \/>\n<script type=\"application\/ld+json\" class=\"yoast-schema-graph\">{\"@context\":\"https:\/\/schema.org\",\"@graph\":[{\"@type\":\"WebPage\",\"@id\":\"https:\/\/aeronoticias.com.pe\/noticiero\/27\/apple-y-samsung-no-lograron-solucionar-conflicto-de-patentes\/\",\"url\":\"https:\/\/aeronoticias.com.pe\/noticiero\/27\/apple-y-samsung-no-lograron-solucionar-conflicto-de-patentes\/\",\"name\":\"Apple y Samsung no lograron solucionar conflicto de patentes\",\"isPartOf\":{\"@id\":\"https:\/\/aeronoticias.com.pe\/noticiero\/#website\"},\"datePublished\":\"2012-08-21T15:26:13+00:00\",\"author\":{\"@id\":\"https:\/\/aeronoticias.com.pe\/noticiero\/#\/schema\/person\/fc1e5d578f4b62ba1cf7ac2bba1170a0\"},\"description\":\"Portal de noticias del Per\u00fa sobre el transporte a\u00e9reo, aviaci\u00f3n, turismo, hoteleria, actualidad.\",\"breadcrumb\":{\"@id\":\"https:\/\/aeronoticias.com.pe\/noticiero\/27\/apple-y-samsung-no-lograron-solucionar-conflicto-de-patentes\/#breadcrumb\"},\"inLanguage\":\"es\",\"potentialAction\":[{\"@type\":\"ReadAction\",\"target\":[\"https:\/\/aeronoticias.com.pe\/noticiero\/27\/apple-y-samsung-no-lograron-solucionar-conflicto-de-patentes\/\"]}]},{\"@type\":\"BreadcrumbList\",\"@id\":\"https:\/\/aeronoticias.com.pe\/noticiero\/27\/apple-y-samsung-no-lograron-solucionar-conflicto-de-patentes\/#breadcrumb\",\"itemListElement\":[{\"@type\":\"ListItem\",\"position\":1,\"name\":\"Portada\",\"item\":\"https:\/\/aeronoticias.com.pe\/noticiero\/\"},{\"@type\":\"ListItem\",\"position\":2,\"name\":\"Apple y Samsung no lograron solucionar conflicto de patentes\"}]},{\"@type\":\"WebSite\",\"@id\":\"https:\/\/aeronoticias.com.pe\/noticiero\/#website\",\"url\":\"https:\/\/aeronoticias.com.pe\/noticiero\/\",\"name\":\"Aeronoticias.com.pe\",\"description\":\"Noticias de tranporte aereo, turismo, hoteles, gastronomia, actualidad, internacional\",\"potentialAction\":[{\"@type\":\"SearchAction\",\"target\":{\"@type\":\"EntryPoint\",\"urlTemplate\":\"https:\/\/aeronoticias.com.pe\/noticiero\/?s={search_term_string}\"},\"query-input\":{\"@type\":\"PropertyValueSpecification\",\"valueRequired\":true,\"valueName\":\"search_term_string\"}}],\"inLanguage\":\"es\"},{\"@type\":\"Person\",\"@id\":\"https:\/\/aeronoticias.com.pe\/noticiero\/#\/schema\/person\/fc1e5d578f4b62ba1cf7ac2bba1170a0\",\"name\":\"Redacci\u00f3n Aeronoticias\",\"url\":\"https:\/\/aeronoticias.com.pe\/noticiero\/author\/piloto\/\"}]}<\/script>\n<!-- \/ Yoast SEO plugin. -->","yoast_head_json":{"title":"Apple y Samsung no lograron solucionar conflicto de patentes","description":"Portal de noticias del Per\u00fa sobre el transporte a\u00e9reo, aviaci\u00f3n, turismo, hoteleria, actualidad.","robots":{"index":"index","follow":"follow","max-snippet":"max-snippet:-1","max-image-preview":"max-image-preview:large","max-video-preview":"max-video-preview:-1"},"canonical":"https:\/\/aeronoticias.com.pe\/noticiero\/27\/apple-y-samsung-no-lograron-solucionar-conflicto-de-patentes\/","og_locale":"es_ES","og_type":"article","og_title":"Apple y Samsung no lograron solucionar conflicto de patentes","og_description":"Portal de noticias del Per\u00fa sobre el transporte a\u00e9reo, aviaci\u00f3n, turismo, hoteleria, actualidad.","og_url":"https:\/\/aeronoticias.com.pe\/noticiero\/27\/apple-y-samsung-no-lograron-solucionar-conflicto-de-patentes\/","og_site_name":"Aeronoticias.com.pe","article_publisher":"https:\/\/www.facebook.com\/Aeronoticias.com.pe\/","article_published_time":"2012-08-21T15:26:13+00:00","author":"Redacci\u00f3n Aeronoticias","twitter_card":"summary_large_image","twitter_creator":"@aeronoticias","twitter_site":"@aeronoticias","twitter_misc":{"Escrito por":"Redacci\u00f3n Aeronoticias","Tiempo de lectura":"1 minuto"},"schema":{"@context":"https:\/\/schema.org","@graph":[{"@type":"WebPage","@id":"https:\/\/aeronoticias.com.pe\/noticiero\/27\/apple-y-samsung-no-lograron-solucionar-conflicto-de-patentes\/","url":"https:\/\/aeronoticias.com.pe\/noticiero\/27\/apple-y-samsung-no-lograron-solucionar-conflicto-de-patentes\/","name":"Apple y Samsung no lograron solucionar conflicto de patentes","isPartOf":{"@id":"https:\/\/aeronoticias.com.pe\/noticiero\/#website"},"datePublished":"2012-08-21T15:26:13+00:00","author":{"@id":"https:\/\/aeronoticias.com.pe\/noticiero\/#\/schema\/person\/fc1e5d578f4b62ba1cf7ac2bba1170a0"},"description":"Portal de noticias del Per\u00fa sobre el transporte a\u00e9reo, aviaci\u00f3n, turismo, hoteleria, actualidad.","breadcrumb":{"@id":"https:\/\/aeronoticias.com.pe\/noticiero\/27\/apple-y-samsung-no-lograron-solucionar-conflicto-de-patentes\/#breadcrumb"},"inLanguage":"es","potentialAction":[{"@type":"ReadAction","target":["https:\/\/aeronoticias.com.pe\/noticiero\/27\/apple-y-samsung-no-lograron-solucionar-conflicto-de-patentes\/"]}]},{"@type":"BreadcrumbList","@id":"https:\/\/aeronoticias.com.pe\/noticiero\/27\/apple-y-samsung-no-lograron-solucionar-conflicto-de-patentes\/#breadcrumb","itemListElement":[{"@type":"ListItem","position":1,"name":"Portada","item":"https:\/\/aeronoticias.com.pe\/noticiero\/"},{"@type":"ListItem","position":2,"name":"Apple y Samsung no lograron solucionar conflicto de patentes"}]},{"@type":"WebSite","@id":"https:\/\/aeronoticias.com.pe\/noticiero\/#website","url":"https:\/\/aeronoticias.com.pe\/noticiero\/","name":"Aeronoticias.com.pe","description":"Noticias de tranporte aereo, turismo, hoteles, gastronomia, actualidad, internacional","potentialAction":[{"@type":"SearchAction","target":{"@type":"EntryPoint","urlTemplate":"https:\/\/aeronoticias.com.pe\/noticiero\/?s={search_term_string}"},"query-input":{"@type":"PropertyValueSpecification","valueRequired":true,"valueName":"search_term_string"}}],"inLanguage":"es"},{"@type":"Person","@id":"https:\/\/aeronoticias.com.pe\/noticiero\/#\/schema\/person\/fc1e5d578f4b62ba1cf7ac2bba1170a0","name":"Redacci\u00f3n Aeronoticias","url":"https:\/\/aeronoticias.com.pe\/noticiero\/author\/piloto\/"}]}},"_links":{"self":[{"href":"https:\/\/aeronoticias.com.pe\/noticiero\/wp-json\/wp\/v2\/posts\/29791","targetHints":{"allow":["GET"]}}],"collection":[{"href":"https:\/\/aeronoticias.com.pe\/noticiero\/wp-json\/wp\/v2\/posts"}],"about":[{"href":"https:\/\/aeronoticias.com.pe\/noticiero\/wp-json\/wp\/v2\/types\/post"}],"author":[{"embeddable":true,"href":"https:\/\/aeronoticias.com.pe\/noticiero\/wp-json\/wp\/v2\/users\/1"}],"replies":[{"embeddable":true,"href":"https:\/\/aeronoticias.com.pe\/noticiero\/wp-json\/wp\/v2\/comments?post=29791"}],"version-history":[{"count":0,"href":"https:\/\/aeronoticias.com.pe\/noticiero\/wp-json\/wp\/v2\/posts\/29791\/revisions"}],"wp:attachment":[{"href":"https:\/\/aeronoticias.com.pe\/noticiero\/wp-json\/wp\/v2\/media?parent=29791"}],"wp:term":[{"taxonomy":"category","embeddable":true,"href":"https:\/\/aeronoticias.com.pe\/noticiero\/wp-json\/wp\/v2\/categories?post=29791"},{"taxonomy":"post_tag","embeddable":true,"href":"https:\/\/aeronoticias.com.pe\/noticiero\/wp-json\/wp\/v2\/tags?post=29791"}],"curies":[{"name":"wp","href":"https:\/\/api.w.org\/{rel}","templated":true}]}}