{"id":29795,"date":"2012-08-21T17:13:50","date_gmt":"2012-08-21T17:13:50","guid":{"rendered":"http:\/\/desarrollo.mcvicious.com\/aero2020\/2012\/08\/21\/presidente-del-frente-de-defensa-de-los-recursos-naturales-de-chinchero-visito-el-estudio-juridico-palacin\/"},"modified":"2012-08-21T17:13:50","modified_gmt":"2012-08-21T17:13:50","slug":"presidente-del-frente-de-defensa-de-los-recursos-naturales-de-chinchero-visito-el-estudio-juridico-palacin","status":"publish","type":"post","link":"https:\/\/aeronoticias.com.pe\/noticiero\/ultimas\/1\/presidente-del-frente-de-defensa-de-los-recursos-naturales-de-chinchero-visito-el-estudio-juridico-palacin\/","title":{"rendered":"Presidente del Frente de Defensa de los Recursos Naturales de Chinchero visit\u00f3 el Estudio Jur\u00eddico Palac\u00edn"},"content":{"rendered":"<p style=\"text-align: justify;\"><strong>(Aeronoticias).-<\/strong> El Presidente Frente de Defensa de los Recursos Naturales de la Micro-cuenca Piuray &#8211; Ccorimarca de Chinchero, Constantino Sallo Pumaccahua, acompa\u00f1ado de sus hijos Guido y Eli Sallo Cjuiro visitaron el <a href=\"http:\/\/www.estudiojuridicopalacin.com\/\" target=\"_blank\" title=\"Estudio Juridico Palac\u00edn Abogados\" rel=\"noopener noreferrer\"><span style=\"text-decoration: underline;\">Estudio Jur\u00eddico Palac\u00edn<\/span><\/a> para analizar la posibilidad de que el Dr. Juli\u00e1n Palac\u00edn Fern\u00e1ndez represente en Lima los intereses del Frente de Defensa de m\u00e1s de 16 mil personas que dependen de los recursos naturales de la micro-cuenca\u00a0 Piuray &#8211; Ccorimarca\u00a0\u00a0en Chinchero.<\/p>\n<p style=\"text-align: justify;\">Se record\u00f3 que hace unos d\u00edas se firm\u00f3 el acta fundacional del Frente Patri\u00f3tico de Defensa del Aeropuerto de Chinchero (<a href=\"images\/stories\/12\/08\/160812\/acta_fundacion.jpg\" target=\"_blank\" title=\"Frente Patri\u00f3tico de Defensa del Aeropuerto de Chinchero\" rel=\"noopener noreferrer\"><span style=\"text-decoration: underline;\">ver documento<\/span><\/a>) lo que es un importante precedente que convierte a este prestigioso Estudio Jur\u00eddico especializado en aviaci\u00f3n y en Derecho Ecol\u00f3gico, para que puedan defender los derechos e intereses tur\u00edsticos y aerocomerciales de los habitantes de la micro-cuenca\u00a0 Piuray &#8211; Ccorimarca\u00a0\u00a0en Chinchero.<\/p>\n<p>  <!--more-->  <\/p>\n<p style=\"text-align: justify;\"><img decoding=\"async\" src=\"images\/stories\/12\/08\/210812\/frente_chinchero_palacin.jpg\" border=\"0\" alt=\"Presidente del Frente de Defensa de los Recursos Naturales de Chinchero visit\u00f3 el Estudio Jur\u00eddico Palac\u00edn\" title=\"Presidente del Frente de Defensa de los Recursos Naturales de Chinchero visit\u00f3 el Estudio Jur\u00eddico Palac\u00edn\" \/><\/p>\n","protected":false},"excerpt":{"rendered":"<p>(Aeronoticias).- El Presidente Frente de Defensa de los Recursos Naturales de la Micro-cuenca Piuray &#8211; Ccorimarca de Chinchero, Constantino Sallo Pumaccahua, acompa\u00f1ado de sus hijos Guido y Eli Sallo Cjuiro visitaron el Estudio Jur\u00eddico Palac\u00edn para analizar la posibilidad de que el Dr. Juli\u00e1n Palac\u00edn Fern\u00e1ndez represente en Lima los intereses del Frente de Defensa [&hellip;]<\/p>\n","protected":false},"author":1,"featured_media":0,"comment_status":"open","ping_status":"open","sticky":false,"template":"","format":"standard","meta":{"tdm_status":"","tdm_grid_status":"","footnotes":""},"categories":[30],"tags":[],"class_list":{"0":"post-29795","1":"post","2":"type-post","3":"status-publish","4":"format-standard","6":"category-30"},"yoast_head":"<!-- This site is optimized with the Yoast SEO plugin v25.1 - https:\/\/yoast.com\/wordpress\/plugins\/seo\/ -->\n<title>Presidente del Frente de Defensa de los Recursos Naturales de Chinchero visit\u00f3 el Estudio Jur\u00eddico Palac\u00edn<\/title>\n<meta name=\"description\" content=\"Portal de noticias del Per\u00fa sobre el transporte a\u00e9reo, aviaci\u00f3n, turismo, hoteleria, actualidad.\" \/>\n<meta name=\"robots\" content=\"index, follow, max-snippet:-1, max-image-preview:large, max-video-preview:-1\" \/>\n<link rel=\"canonical\" href=\"https:\/\/aeronoticias.com.pe\/noticiero\/ultimas\/1\/presidente-del-frente-de-defensa-de-los-recursos-naturales-de-chinchero-visito-el-estudio-juridico-palacin\/\" \/>\n<meta property=\"og:locale\" content=\"es_ES\" \/>\n<meta property=\"og:type\" content=\"article\" \/>\n<meta property=\"og:title\" content=\"Presidente del Frente de Defensa de los Recursos Naturales de Chinchero visit\u00f3 el Estudio Jur\u00eddico Palac\u00edn\" \/>\n<meta property=\"og:description\" content=\"Portal de noticias del Per\u00fa sobre el transporte a\u00e9reo, aviaci\u00f3n, turismo, hoteleria, actualidad.\" \/>\n<meta property=\"og:url\" content=\"https:\/\/aeronoticias.com.pe\/noticiero\/ultimas\/1\/presidente-del-frente-de-defensa-de-los-recursos-naturales-de-chinchero-visito-el-estudio-juridico-palacin\/\" \/>\n<meta property=\"og:site_name\" content=\"Aeronoticias.com.pe\" \/>\n<meta property=\"article:publisher\" content=\"https:\/\/www.facebook.com\/Aeronoticias.com.pe\/\" \/>\n<meta property=\"article:published_time\" content=\"2012-08-21T17:13:50+00:00\" \/>\n<meta name=\"author\" content=\"Redacci\u00f3n Aeronoticias\" \/>\n<meta name=\"twitter:card\" content=\"summary_large_image\" \/>\n<meta name=\"twitter:creator\" content=\"@aeronoticias\" \/>\n<meta name=\"twitter:site\" content=\"@aeronoticias\" \/>\n<meta name=\"twitter:label1\" content=\"Escrito por\" \/>\n\t<meta name=\"twitter:data1\" content=\"Redacci\u00f3n Aeronoticias\" \/>\n\t<meta name=\"twitter:label2\" content=\"Tiempo de lectura\" \/>\n\t<meta name=\"twitter:data2\" content=\"1 minuto\" \/>\n<script type=\"application\/ld+json\" class=\"yoast-schema-graph\">{\"@context\":\"https:\/\/schema.org\",\"@graph\":[{\"@type\":\"WebPage\",\"@id\":\"https:\/\/aeronoticias.com.pe\/noticiero\/ultimas\/1\/presidente-del-frente-de-defensa-de-los-recursos-naturales-de-chinchero-visito-el-estudio-juridico-palacin\/\",\"url\":\"https:\/\/aeronoticias.com.pe\/noticiero\/ultimas\/1\/presidente-del-frente-de-defensa-de-los-recursos-naturales-de-chinchero-visito-el-estudio-juridico-palacin\/\",\"name\":\"Presidente del Frente de Defensa de los Recursos Naturales de Chinchero visit\u00f3 el Estudio Jur\u00eddico Palac\u00edn\",\"isPartOf\":{\"@id\":\"https:\/\/aeronoticias.com.pe\/noticiero\/#website\"},\"datePublished\":\"2012-08-21T17:13:50+00:00\",\"author\":{\"@id\":\"https:\/\/aeronoticias.com.pe\/noticiero\/#\/schema\/person\/fc1e5d578f4b62ba1cf7ac2bba1170a0\"},\"description\":\"Portal de noticias del Per\u00fa sobre el transporte a\u00e9reo, aviaci\u00f3n, turismo, hoteleria, actualidad.\",\"breadcrumb\":{\"@id\":\"https:\/\/aeronoticias.com.pe\/noticiero\/ultimas\/1\/presidente-del-frente-de-defensa-de-los-recursos-naturales-de-chinchero-visito-el-estudio-juridico-palacin\/#breadcrumb\"},\"inLanguage\":\"es\",\"potentialAction\":[{\"@type\":\"ReadAction\",\"target\":[\"https:\/\/aeronoticias.com.pe\/noticiero\/ultimas\/1\/presidente-del-frente-de-defensa-de-los-recursos-naturales-de-chinchero-visito-el-estudio-juridico-palacin\/\"]}]},{\"@type\":\"BreadcrumbList\",\"@id\":\"https:\/\/aeronoticias.com.pe\/noticiero\/ultimas\/1\/presidente-del-frente-de-defensa-de-los-recursos-naturales-de-chinchero-visito-el-estudio-juridico-palacin\/#breadcrumb\",\"itemListElement\":[{\"@type\":\"ListItem\",\"position\":1,\"name\":\"Portada\",\"item\":\"https:\/\/aeronoticias.com.pe\/noticiero\/\"},{\"@type\":\"ListItem\",\"position\":2,\"name\":\"Presidente del Frente de Defensa de los Recursos Naturales de Chinchero visit\u00f3 el Estudio Jur\u00eddico Palac\u00edn\"}]},{\"@type\":\"WebSite\",\"@id\":\"https:\/\/aeronoticias.com.pe\/noticiero\/#website\",\"url\":\"https:\/\/aeronoticias.com.pe\/noticiero\/\",\"name\":\"Aeronoticias.com.pe\",\"description\":\"Noticias de tranporte aereo, turismo, hoteles, gastronomia, actualidad, internacional\",\"potentialAction\":[{\"@type\":\"SearchAction\",\"target\":{\"@type\":\"EntryPoint\",\"urlTemplate\":\"https:\/\/aeronoticias.com.pe\/noticiero\/?s={search_term_string}\"},\"query-input\":{\"@type\":\"PropertyValueSpecification\",\"valueRequired\":true,\"valueName\":\"search_term_string\"}}],\"inLanguage\":\"es\"},{\"@type\":\"Person\",\"@id\":\"https:\/\/aeronoticias.com.pe\/noticiero\/#\/schema\/person\/fc1e5d578f4b62ba1cf7ac2bba1170a0\",\"name\":\"Redacci\u00f3n Aeronoticias\",\"url\":\"https:\/\/aeronoticias.com.pe\/noticiero\/author\/piloto\/\"}]}<\/script>\n<!-- \/ Yoast SEO plugin. -->","yoast_head_json":{"title":"Presidente del Frente de Defensa de los Recursos Naturales de Chinchero visit\u00f3 el Estudio Jur\u00eddico Palac\u00edn","description":"Portal de noticias del Per\u00fa sobre el transporte a\u00e9reo, aviaci\u00f3n, turismo, hoteleria, actualidad.","robots":{"index":"index","follow":"follow","max-snippet":"max-snippet:-1","max-image-preview":"max-image-preview:large","max-video-preview":"max-video-preview:-1"},"canonical":"https:\/\/aeronoticias.com.pe\/noticiero\/ultimas\/1\/presidente-del-frente-de-defensa-de-los-recursos-naturales-de-chinchero-visito-el-estudio-juridico-palacin\/","og_locale":"es_ES","og_type":"article","og_title":"Presidente del Frente de Defensa de los Recursos Naturales de Chinchero visit\u00f3 el Estudio Jur\u00eddico Palac\u00edn","og_description":"Portal de noticias del Per\u00fa sobre el transporte a\u00e9reo, aviaci\u00f3n, turismo, hoteleria, actualidad.","og_url":"https:\/\/aeronoticias.com.pe\/noticiero\/ultimas\/1\/presidente-del-frente-de-defensa-de-los-recursos-naturales-de-chinchero-visito-el-estudio-juridico-palacin\/","og_site_name":"Aeronoticias.com.pe","article_publisher":"https:\/\/www.facebook.com\/Aeronoticias.com.pe\/","article_published_time":"2012-08-21T17:13:50+00:00","author":"Redacci\u00f3n Aeronoticias","twitter_card":"summary_large_image","twitter_creator":"@aeronoticias","twitter_site":"@aeronoticias","twitter_misc":{"Escrito por":"Redacci\u00f3n Aeronoticias","Tiempo de lectura":"1 minuto"},"schema":{"@context":"https:\/\/schema.org","@graph":[{"@type":"WebPage","@id":"https:\/\/aeronoticias.com.pe\/noticiero\/ultimas\/1\/presidente-del-frente-de-defensa-de-los-recursos-naturales-de-chinchero-visito-el-estudio-juridico-palacin\/","url":"https:\/\/aeronoticias.com.pe\/noticiero\/ultimas\/1\/presidente-del-frente-de-defensa-de-los-recursos-naturales-de-chinchero-visito-el-estudio-juridico-palacin\/","name":"Presidente del Frente de Defensa de los Recursos Naturales de Chinchero visit\u00f3 el Estudio Jur\u00eddico Palac\u00edn","isPartOf":{"@id":"https:\/\/aeronoticias.com.pe\/noticiero\/#website"},"datePublished":"2012-08-21T17:13:50+00:00","author":{"@id":"https:\/\/aeronoticias.com.pe\/noticiero\/#\/schema\/person\/fc1e5d578f4b62ba1cf7ac2bba1170a0"},"description":"Portal de noticias del Per\u00fa sobre el transporte a\u00e9reo, aviaci\u00f3n, turismo, hoteleria, actualidad.","breadcrumb":{"@id":"https:\/\/aeronoticias.com.pe\/noticiero\/ultimas\/1\/presidente-del-frente-de-defensa-de-los-recursos-naturales-de-chinchero-visito-el-estudio-juridico-palacin\/#breadcrumb"},"inLanguage":"es","potentialAction":[{"@type":"ReadAction","target":["https:\/\/aeronoticias.com.pe\/noticiero\/ultimas\/1\/presidente-del-frente-de-defensa-de-los-recursos-naturales-de-chinchero-visito-el-estudio-juridico-palacin\/"]}]},{"@type":"BreadcrumbList","@id":"https:\/\/aeronoticias.com.pe\/noticiero\/ultimas\/1\/presidente-del-frente-de-defensa-de-los-recursos-naturales-de-chinchero-visito-el-estudio-juridico-palacin\/#breadcrumb","itemListElement":[{"@type":"ListItem","position":1,"name":"Portada","item":"https:\/\/aeronoticias.com.pe\/noticiero\/"},{"@type":"ListItem","position":2,"name":"Presidente del Frente de Defensa de los Recursos Naturales de Chinchero visit\u00f3 el Estudio Jur\u00eddico Palac\u00edn"}]},{"@type":"WebSite","@id":"https:\/\/aeronoticias.com.pe\/noticiero\/#website","url":"https:\/\/aeronoticias.com.pe\/noticiero\/","name":"Aeronoticias.com.pe","description":"Noticias de tranporte aereo, turismo, hoteles, gastronomia, actualidad, internacional","potentialAction":[{"@type":"SearchAction","target":{"@type":"EntryPoint","urlTemplate":"https:\/\/aeronoticias.com.pe\/noticiero\/?s={search_term_string}"},"query-input":{"@type":"PropertyValueSpecification","valueRequired":true,"valueName":"search_term_string"}}],"inLanguage":"es"},{"@type":"Person","@id":"https:\/\/aeronoticias.com.pe\/noticiero\/#\/schema\/person\/fc1e5d578f4b62ba1cf7ac2bba1170a0","name":"Redacci\u00f3n Aeronoticias","url":"https:\/\/aeronoticias.com.pe\/noticiero\/author\/piloto\/"}]}},"_links":{"self":[{"href":"https:\/\/aeronoticias.com.pe\/noticiero\/wp-json\/wp\/v2\/posts\/29795","targetHints":{"allow":["GET"]}}],"collection":[{"href":"https:\/\/aeronoticias.com.pe\/noticiero\/wp-json\/wp\/v2\/posts"}],"about":[{"href":"https:\/\/aeronoticias.com.pe\/noticiero\/wp-json\/wp\/v2\/types\/post"}],"author":[{"embeddable":true,"href":"https:\/\/aeronoticias.com.pe\/noticiero\/wp-json\/wp\/v2\/users\/1"}],"replies":[{"embeddable":true,"href":"https:\/\/aeronoticias.com.pe\/noticiero\/wp-json\/wp\/v2\/comments?post=29795"}],"version-history":[{"count":0,"href":"https:\/\/aeronoticias.com.pe\/noticiero\/wp-json\/wp\/v2\/posts\/29795\/revisions"}],"wp:attachment":[{"href":"https:\/\/aeronoticias.com.pe\/noticiero\/wp-json\/wp\/v2\/media?parent=29795"}],"wp:term":[{"taxonomy":"category","embeddable":true,"href":"https:\/\/aeronoticias.com.pe\/noticiero\/wp-json\/wp\/v2\/categories?post=29795"},{"taxonomy":"post_tag","embeddable":true,"href":"https:\/\/aeronoticias.com.pe\/noticiero\/wp-json\/wp\/v2\/tags?post=29795"}],"curies":[{"name":"wp","href":"https:\/\/api.w.org\/{rel}","templated":true}]}}