{"id":300,"date":"2008-08-22T10:25:00","date_gmt":"2008-08-22T10:25:00","guid":{"rendered":"http:\/\/desarrollo.mcvicious.com\/aero2020\/2008\/08\/22\/afectados-y-familiares-del-accidente-de-spanair-recibiruna-indemnizacima-de-127000-euros\/"},"modified":"2008-08-22T10:25:00","modified_gmt":"2008-08-22T10:25:00","slug":"afectados-y-familiares-del-accidente-de-spanair-recibiruna-indemnizacima-de-127000-euros","status":"publish","type":"post","link":"https:\/\/aeronoticias.com.pe\/noticiero\/transporte-aereo\/internacional\/afectados-y-familiares-del-accidente-de-spanair-recibiruna-indemnizacima-de-127000-euros\/","title":{"rendered":"Afectados y familiares del accidente de Spanair recibir"},"content":{"rendered":"<blockquote>\n<p style=\"font-size: 12px; color: #003a75; font-family: Arial, Helvetica, sans-serif\" align=\"justify\">Los afectados por el accidente de avi&oacute;n de Spanair y los familiares de los 153 fallecidos recibir&aacute;n una indemnizaci&oacute;n m&iacute;nima de 127.000 euros, seg&uacute;n consta en el reglamento del Parlamento Europeo y Consejo sobre la responsabilidad de las compa&ntilde;&iacute;as &aacute;reas en caso de accidente, donde tambi&eacute;n se contempla que la aerol&iacute;nea deber&aacute; abonar 20.300 euros a los familiares de los fallecidos como anticipo en una plazo m&aacute;ximo de 15 d&iacute;as desde su identificaci&oacute;n. <\/p>\n<div style=\"text-align: center\"><img loading=\"lazy\" decoding=\"async\" src=\"http:\/\/aeronoticias.com.pe\/fotonoticias\/agosto\/spanair22.JPG\" alt=\" \" title=\"Afectados y familiares del accidente de Spanair recibir&aacute;n una indemnizaci&oacute;n m&iacute;nima de 127.000 euros. (Foto: Internet)\" hspace=\"5\" vspace=\"5\" width=\"205\" height=\"150\" \/><\/div>\n<\/blockquote>\n<p> <!--more--> <\/p>\n<blockquote>\n<p align=\"center\"><strong style=\"font-size: 12px; color: #003a75; font-family: Arial, Helvetica, sans-serif\">No hay l&iacute;mites econ&oacute;mico ante caso de lesiones o muerte.<\/strong><\/p>\n<p style=\"font-size: 12px; color: #003a75; font-family: Arial, Helvetica, sans-serif\" align=\"justify\">La legislaci&oacute;n comunitaria recoge que &quot;no hay l&iacute;mite econ&oacute;mico fijado para la responsabilidad en caso de lesiones o muerte del pasajero&quot; y contempla que para los da&ntilde;os de hasta 100.000 &#39;derechos especiales de giro&#39; (dge, unidad en la que viene expresada la indemnizaci&oacute;n y equivale a 1,26 euros aproximadamente) la compa&ntilde;&iacute;a no podr&aacute; impugnar las reclamaciones de indemnizaci&oacute;n. <\/p>\n<p style=\"font-size: 12px; color: #003a75; font-family: Arial, Helvetica, sans-serif\" align=\"justify\">Por encima de dicha cantidad, la compa&ntilde;&iacute;a a&eacute;rea s&oacute;lo puede impugnar una reclamaci&oacute;n en caso de que pueda probar que no hubo de su parte negligencia ni falta de otro tipo. <\/p>\n<p style=\"font-size: 12px; color: #003a75; font-family: Arial, Helvetica, sans-serif\" align=\"justify\">De este modo, y seg&uacute;n los t&eacute;rminos de la legislaci&oacute;n, tanto los familiares de los fallecidos como los supervivientes del accidente podr&iacute;an cobrar 100.000 unos 127.000 euros en concepto de indemnizaci&oacute;n. <\/p>\n<p style=\"font-size: 12px; color: #003a75; font-family: Arial, Helvetica, sans-serif\" align=\"justify\">En el avi&oacute;n siniestrado viajaban 172 pasajeros, con lo que el desembolso total de la compa&ntilde;&iacute;a podr&iacute;a ser de unos 22 millones de euros. <\/p>\n<p style=\"font-size: 12px; color: #003a75; font-family: Arial, Helvetica, sans-serif\" align=\"center\"><strong>P&oacute;lizas de seguros<\/strong><\/p>\n<p style=\"font-size: 12px; color: #003a75; font-family: Arial, Helvetica, sans-serif\" align=\"justify\">Seg&uacute;n fuentes de Europa Press, las compa&ntilde;&iacute;as a&eacute;reas suelen tener contratadas tres tipos de p&oacute;lizas, una para cubrir los gastos materiales del avi&oacute;n, una segunda de responsabilidad civil para los da&ntilde;os personales y una tercera especial para la tripulaci&oacute;n.<\/p>\n<p style=\"font-size: 12px; color: #003a75; font-family: Arial, Helvetica, sans-serif\" align=\"justify\">Estas mismas fuentes se&ntilde;alaron que es dif&iacute;cil determinar el plazo para el cobro de las indemnizaciones, tanto personales como materiales, ya que depende de la investigaci&oacute;n que determinen las causas del accidente. <\/p>\n<p style=\"font-size: 12px; color: #003a75; font-family: Arial, Helvetica, sans-serif\" align=\"justify\">Spanair asegur&oacute; ayer que que coordinar&aacute; el pago de las indemnizaciones a los afectados con las compa&ntilde;&iacute;as aseguradoras con las que tiene contratada su p&oacute;liza en el menor tiempo posible, ya que el contrato se encuentra &quot;reasegurado&quot; en el mercado, lo que significa que se encuentra en manos de varias compa&ntilde;&iacute;as, entre ellas, el &#39;broker&#39; de seguros Aon, que en Espa&ntilde;a tiene representaci&oacute;n a trav&eacute;s de Aon Gil y Carvajal.<\/p>\n<\/blockquote>\n","protected":false},"excerpt":{"rendered":"<p>Los afectados por el accidente de avi&oacute;n de Spanair y los familiares de los 153 fallecidos recibir&aacute;n una indemnizaci&oacute;n m&iacute;nima de 127.000 euros, seg&uacute;n consta en el reglamento del Parlamento Europeo y Consejo sobre la responsabilidad de las compa&ntilde;&iacute;as &aacute;reas en caso de accidente, donde tambi&eacute;n se contempla que la aerol&iacute;nea deber&aacute; abonar 20.300 euros [&hellip;]<\/p>\n","protected":false},"author":1,"featured_media":0,"comment_status":"open","ping_status":"open","sticky":false,"template":"","format":"standard","meta":{"tdm_status":"","tdm_grid_status":"","footnotes":""},"categories":[32],"tags":[],"class_list":{"0":"post-300","1":"post","2":"type-post","3":"status-publish","4":"format-standard","6":"category-internacional"},"yoast_head":"<!-- This site is optimized with the Yoast SEO plugin v25.1 - https:\/\/yoast.com\/wordpress\/plugins\/seo\/ -->\n<title>Afectados y familiares del accidente de Spanair recibir<\/title>\n<meta name=\"description\" content=\"Portal de noticias del Per\u00fa sobre el transporte a\u00e9reo, aviaci\u00f3n, turismo, hoteleria, actualidad.\" \/>\n<meta name=\"robots\" content=\"index, follow, max-snippet:-1, max-image-preview:large, max-video-preview:-1\" \/>\n<link rel=\"canonical\" href=\"https:\/\/aeronoticias.com.pe\/noticiero\/transporte-aereo\/internacional\/afectados-y-familiares-del-accidente-de-spanair-recibiruna-indemnizacima-de-127000-euros\/\" \/>\n<meta property=\"og:locale\" content=\"es_ES\" \/>\n<meta property=\"og:type\" content=\"article\" \/>\n<meta property=\"og:title\" content=\"Afectados y familiares del accidente de Spanair recibir\" \/>\n<meta property=\"og:description\" content=\"Portal de noticias del Per\u00fa sobre el transporte a\u00e9reo, aviaci\u00f3n, turismo, hoteleria, actualidad.\" \/>\n<meta property=\"og:url\" content=\"https:\/\/aeronoticias.com.pe\/noticiero\/transporte-aereo\/internacional\/afectados-y-familiares-del-accidente-de-spanair-recibiruna-indemnizacima-de-127000-euros\/\" \/>\n<meta property=\"og:site_name\" content=\"Aeronoticias.com.pe\" \/>\n<meta property=\"article:publisher\" content=\"https:\/\/www.facebook.com\/Aeronoticias.com.pe\/\" \/>\n<meta property=\"article:published_time\" content=\"2008-08-22T10:25:00+00:00\" \/>\n<meta property=\"og:image\" content=\"http:\/\/aeronoticias.com.pe\/fotonoticias\/agosto\/spanair22.JPG\" \/>\n<meta name=\"author\" content=\"Redacci\u00f3n Aeronoticias\" \/>\n<meta name=\"twitter:card\" content=\"summary_large_image\" \/>\n<meta name=\"twitter:creator\" content=\"@aeronoticias\" \/>\n<meta name=\"twitter:site\" content=\"@aeronoticias\" \/>\n<meta name=\"twitter:label1\" content=\"Escrito por\" \/>\n\t<meta name=\"twitter:data1\" content=\"Redacci\u00f3n Aeronoticias\" \/>\n\t<meta name=\"twitter:label2\" content=\"Tiempo de lectura\" \/>\n\t<meta name=\"twitter:data2\" content=\"2 minutos\" \/>\n<script type=\"application\/ld+json\" class=\"yoast-schema-graph\">{\"@context\":\"https:\/\/schema.org\",\"@graph\":[{\"@type\":\"WebPage\",\"@id\":\"https:\/\/aeronoticias.com.pe\/noticiero\/transporte-aereo\/internacional\/afectados-y-familiares-del-accidente-de-spanair-recibiruna-indemnizacima-de-127000-euros\/\",\"url\":\"https:\/\/aeronoticias.com.pe\/noticiero\/transporte-aereo\/internacional\/afectados-y-familiares-del-accidente-de-spanair-recibiruna-indemnizacima-de-127000-euros\/\",\"name\":\"Afectados y familiares del accidente de Spanair recibir\",\"isPartOf\":{\"@id\":\"https:\/\/aeronoticias.com.pe\/noticiero\/#website\"},\"primaryImageOfPage\":{\"@id\":\"https:\/\/aeronoticias.com.pe\/noticiero\/transporte-aereo\/internacional\/afectados-y-familiares-del-accidente-de-spanair-recibiruna-indemnizacima-de-127000-euros\/#primaryimage\"},\"image\":{\"@id\":\"https:\/\/aeronoticias.com.pe\/noticiero\/transporte-aereo\/internacional\/afectados-y-familiares-del-accidente-de-spanair-recibiruna-indemnizacima-de-127000-euros\/#primaryimage\"},\"thumbnailUrl\":\"http:\/\/aeronoticias.com.pe\/fotonoticias\/agosto\/spanair22.JPG\",\"datePublished\":\"2008-08-22T10:25:00+00:00\",\"author\":{\"@id\":\"https:\/\/aeronoticias.com.pe\/noticiero\/#\/schema\/person\/fc1e5d578f4b62ba1cf7ac2bba1170a0\"},\"description\":\"Portal de noticias del Per\u00fa sobre el transporte a\u00e9reo, aviaci\u00f3n, turismo, hoteleria, actualidad.\",\"breadcrumb\":{\"@id\":\"https:\/\/aeronoticias.com.pe\/noticiero\/transporte-aereo\/internacional\/afectados-y-familiares-del-accidente-de-spanair-recibiruna-indemnizacima-de-127000-euros\/#breadcrumb\"},\"inLanguage\":\"es\",\"potentialAction\":[{\"@type\":\"ReadAction\",\"target\":[\"https:\/\/aeronoticias.com.pe\/noticiero\/transporte-aereo\/internacional\/afectados-y-familiares-del-accidente-de-spanair-recibiruna-indemnizacima-de-127000-euros\/\"]}]},{\"@type\":\"ImageObject\",\"inLanguage\":\"es\",\"@id\":\"https:\/\/aeronoticias.com.pe\/noticiero\/transporte-aereo\/internacional\/afectados-y-familiares-del-accidente-de-spanair-recibiruna-indemnizacima-de-127000-euros\/#primaryimage\",\"url\":\"http:\/\/aeronoticias.com.pe\/fotonoticias\/agosto\/spanair22.JPG\",\"contentUrl\":\"http:\/\/aeronoticias.com.pe\/fotonoticias\/agosto\/spanair22.JPG\"},{\"@type\":\"BreadcrumbList\",\"@id\":\"https:\/\/aeronoticias.com.pe\/noticiero\/transporte-aereo\/internacional\/afectados-y-familiares-del-accidente-de-spanair-recibiruna-indemnizacima-de-127000-euros\/#breadcrumb\",\"itemListElement\":[{\"@type\":\"ListItem\",\"position\":1,\"name\":\"Portada\",\"item\":\"https:\/\/aeronoticias.com.pe\/noticiero\/\"},{\"@type\":\"ListItem\",\"position\":2,\"name\":\"Afectados y familiares del accidente de Spanair recibir\"}]},{\"@type\":\"WebSite\",\"@id\":\"https:\/\/aeronoticias.com.pe\/noticiero\/#website\",\"url\":\"https:\/\/aeronoticias.com.pe\/noticiero\/\",\"name\":\"Aeronoticias.com.pe\",\"description\":\"Noticias de tranporte aereo, turismo, hoteles, gastronomia, actualidad, internacional\",\"potentialAction\":[{\"@type\":\"SearchAction\",\"target\":{\"@type\":\"EntryPoint\",\"urlTemplate\":\"https:\/\/aeronoticias.com.pe\/noticiero\/?s={search_term_string}\"},\"query-input\":{\"@type\":\"PropertyValueSpecification\",\"valueRequired\":true,\"valueName\":\"search_term_string\"}}],\"inLanguage\":\"es\"},{\"@type\":\"Person\",\"@id\":\"https:\/\/aeronoticias.com.pe\/noticiero\/#\/schema\/person\/fc1e5d578f4b62ba1cf7ac2bba1170a0\",\"name\":\"Redacci\u00f3n Aeronoticias\",\"url\":\"https:\/\/aeronoticias.com.pe\/noticiero\/author\/piloto\/\"}]}<\/script>\n<!-- \/ Yoast SEO plugin. -->","yoast_head_json":{"title":"Afectados y familiares del accidente de Spanair recibir","description":"Portal de noticias del Per\u00fa sobre el transporte a\u00e9reo, aviaci\u00f3n, turismo, hoteleria, actualidad.","robots":{"index":"index","follow":"follow","max-snippet":"max-snippet:-1","max-image-preview":"max-image-preview:large","max-video-preview":"max-video-preview:-1"},"canonical":"https:\/\/aeronoticias.com.pe\/noticiero\/transporte-aereo\/internacional\/afectados-y-familiares-del-accidente-de-spanair-recibiruna-indemnizacima-de-127000-euros\/","og_locale":"es_ES","og_type":"article","og_title":"Afectados y familiares del accidente de Spanair recibir","og_description":"Portal de noticias del Per\u00fa sobre el transporte a\u00e9reo, aviaci\u00f3n, turismo, hoteleria, actualidad.","og_url":"https:\/\/aeronoticias.com.pe\/noticiero\/transporte-aereo\/internacional\/afectados-y-familiares-del-accidente-de-spanair-recibiruna-indemnizacima-de-127000-euros\/","og_site_name":"Aeronoticias.com.pe","article_publisher":"https:\/\/www.facebook.com\/Aeronoticias.com.pe\/","article_published_time":"2008-08-22T10:25:00+00:00","og_image":[{"url":"http:\/\/aeronoticias.com.pe\/fotonoticias\/agosto\/spanair22.JPG","type":"","width":"","height":""}],"author":"Redacci\u00f3n Aeronoticias","twitter_card":"summary_large_image","twitter_creator":"@aeronoticias","twitter_site":"@aeronoticias","twitter_misc":{"Escrito por":"Redacci\u00f3n Aeronoticias","Tiempo de lectura":"2 minutos"},"schema":{"@context":"https:\/\/schema.org","@graph":[{"@type":"WebPage","@id":"https:\/\/aeronoticias.com.pe\/noticiero\/transporte-aereo\/internacional\/afectados-y-familiares-del-accidente-de-spanair-recibiruna-indemnizacima-de-127000-euros\/","url":"https:\/\/aeronoticias.com.pe\/noticiero\/transporte-aereo\/internacional\/afectados-y-familiares-del-accidente-de-spanair-recibiruna-indemnizacima-de-127000-euros\/","name":"Afectados y familiares del accidente de Spanair recibir","isPartOf":{"@id":"https:\/\/aeronoticias.com.pe\/noticiero\/#website"},"primaryImageOfPage":{"@id":"https:\/\/aeronoticias.com.pe\/noticiero\/transporte-aereo\/internacional\/afectados-y-familiares-del-accidente-de-spanair-recibiruna-indemnizacima-de-127000-euros\/#primaryimage"},"image":{"@id":"https:\/\/aeronoticias.com.pe\/noticiero\/transporte-aereo\/internacional\/afectados-y-familiares-del-accidente-de-spanair-recibiruna-indemnizacima-de-127000-euros\/#primaryimage"},"thumbnailUrl":"http:\/\/aeronoticias.com.pe\/fotonoticias\/agosto\/spanair22.JPG","datePublished":"2008-08-22T10:25:00+00:00","author":{"@id":"https:\/\/aeronoticias.com.pe\/noticiero\/#\/schema\/person\/fc1e5d578f4b62ba1cf7ac2bba1170a0"},"description":"Portal de noticias del Per\u00fa sobre el transporte a\u00e9reo, aviaci\u00f3n, turismo, hoteleria, actualidad.","breadcrumb":{"@id":"https:\/\/aeronoticias.com.pe\/noticiero\/transporte-aereo\/internacional\/afectados-y-familiares-del-accidente-de-spanair-recibiruna-indemnizacima-de-127000-euros\/#breadcrumb"},"inLanguage":"es","potentialAction":[{"@type":"ReadAction","target":["https:\/\/aeronoticias.com.pe\/noticiero\/transporte-aereo\/internacional\/afectados-y-familiares-del-accidente-de-spanair-recibiruna-indemnizacima-de-127000-euros\/"]}]},{"@type":"ImageObject","inLanguage":"es","@id":"https:\/\/aeronoticias.com.pe\/noticiero\/transporte-aereo\/internacional\/afectados-y-familiares-del-accidente-de-spanair-recibiruna-indemnizacima-de-127000-euros\/#primaryimage","url":"http:\/\/aeronoticias.com.pe\/fotonoticias\/agosto\/spanair22.JPG","contentUrl":"http:\/\/aeronoticias.com.pe\/fotonoticias\/agosto\/spanair22.JPG"},{"@type":"BreadcrumbList","@id":"https:\/\/aeronoticias.com.pe\/noticiero\/transporte-aereo\/internacional\/afectados-y-familiares-del-accidente-de-spanair-recibiruna-indemnizacima-de-127000-euros\/#breadcrumb","itemListElement":[{"@type":"ListItem","position":1,"name":"Portada","item":"https:\/\/aeronoticias.com.pe\/noticiero\/"},{"@type":"ListItem","position":2,"name":"Afectados y familiares del accidente de Spanair recibir"}]},{"@type":"WebSite","@id":"https:\/\/aeronoticias.com.pe\/noticiero\/#website","url":"https:\/\/aeronoticias.com.pe\/noticiero\/","name":"Aeronoticias.com.pe","description":"Noticias de tranporte aereo, turismo, hoteles, gastronomia, actualidad, internacional","potentialAction":[{"@type":"SearchAction","target":{"@type":"EntryPoint","urlTemplate":"https:\/\/aeronoticias.com.pe\/noticiero\/?s={search_term_string}"},"query-input":{"@type":"PropertyValueSpecification","valueRequired":true,"valueName":"search_term_string"}}],"inLanguage":"es"},{"@type":"Person","@id":"https:\/\/aeronoticias.com.pe\/noticiero\/#\/schema\/person\/fc1e5d578f4b62ba1cf7ac2bba1170a0","name":"Redacci\u00f3n Aeronoticias","url":"https:\/\/aeronoticias.com.pe\/noticiero\/author\/piloto\/"}]}},"_links":{"self":[{"href":"https:\/\/aeronoticias.com.pe\/noticiero\/wp-json\/wp\/v2\/posts\/300","targetHints":{"allow":["GET"]}}],"collection":[{"href":"https:\/\/aeronoticias.com.pe\/noticiero\/wp-json\/wp\/v2\/posts"}],"about":[{"href":"https:\/\/aeronoticias.com.pe\/noticiero\/wp-json\/wp\/v2\/types\/post"}],"author":[{"embeddable":true,"href":"https:\/\/aeronoticias.com.pe\/noticiero\/wp-json\/wp\/v2\/users\/1"}],"replies":[{"embeddable":true,"href":"https:\/\/aeronoticias.com.pe\/noticiero\/wp-json\/wp\/v2\/comments?post=300"}],"version-history":[{"count":0,"href":"https:\/\/aeronoticias.com.pe\/noticiero\/wp-json\/wp\/v2\/posts\/300\/revisions"}],"wp:attachment":[{"href":"https:\/\/aeronoticias.com.pe\/noticiero\/wp-json\/wp\/v2\/media?parent=300"}],"wp:term":[{"taxonomy":"category","embeddable":true,"href":"https:\/\/aeronoticias.com.pe\/noticiero\/wp-json\/wp\/v2\/categories?post=300"},{"taxonomy":"post_tag","embeddable":true,"href":"https:\/\/aeronoticias.com.pe\/noticiero\/wp-json\/wp\/v2\/tags?post=300"}],"curies":[{"name":"wp","href":"https:\/\/api.w.org\/{rel}","templated":true}]}}