{"id":30161,"date":"2012-09-05T15:40:15","date_gmt":"2012-09-05T15:40:15","guid":{"rendered":"http:\/\/desarrollo.mcvicious.com\/aero2020\/2012\/09\/05\/region-junin-necesita-un-aeropuerto-internacional-para-impulsar-la-economia-afirman\/"},"modified":"2012-09-05T15:40:15","modified_gmt":"2012-09-05T15:40:15","slug":"region-junin-necesita-un-aeropuerto-internacional-para-impulsar-la-economia-afirman","status":"publish","type":"post","link":"https:\/\/aeronoticias.com.pe\/noticiero\/transporte-aereo\/nacional\/region-junin-necesita-un-aeropuerto-internacional-para-impulsar-la-economia-afirman\/","title":{"rendered":"Regi\u00f3n Jun\u00edn necesita un aeropuerto internacional para impulsar la econom\u00eda, afirman"},"content":{"rendered":"<p style=\"text-align: justify;\"><strong>(Aeronoticias).-<\/strong> La regi\u00f3n Jun\u00edn necesita un aeropuerto internacional para impulsar la econom\u00eda, sea en el distrito de <strong>Orcotuna<\/strong> o en la provincia de <strong>Jauja<\/strong>, situaci\u00f3n que debe resolverse de manera t\u00e9cnica, sostuvo hoy el presidente de la C\u00e1mara de Comercio de Huancayo, Marco Antonio Cajas.<\/p>\n<p style=\"text-align: justify;\">Dijo que Jun\u00edn se encuentra estrat\u00e9gicamente ubicada, al ser conexi\u00f3n entre Lima y la Sierra y selva central del pa\u00eds, y un aeropuerto internacional abrir\u00e1 las puertas a mercados importantes, como Brasil, que limita con Per\u00fa.<\/p>\n<p style=\"text-align: justify;\">Se\u00f1al\u00f3 que el gremio que encabeza se mantiene neutral frente a las discusiones que hay en torno a la conveniencia o no de un terminal a\u00e9reo en Jauja u Orcotuna, y se\u00f1al\u00f3 que el tema debe definirse t\u00e9cnicamente.<\/p>\n<p style=\"text-align: justify;\">\u201cComo instituci\u00f3n no tenemos v\u00ednculos pol\u00edticos pero saludamos las inversiones que generan empleo. Solicitaremos al sector Transportes informaci\u00f3n sobre la viabilidad de ambos proyectos, estaremos pendientes de lo que nos env\u00eden\u201d, indic\u00f3.<\/p>\n<p>  <!--more-->  <\/p>\n<p style=\"text-align: justify;\">A\u00f1adi\u00f3 que las diferencias generadas por este asunto requieren ser resueltas con di\u00e1logo entre las autoridades de la regi\u00f3n, los municipios y los representantes de la sociedad civil.<\/p>\n<p style=\"text-align: justify;\">La semana pasada en Jauja se acat\u00f3 una paralizaci\u00f3n en rechazo a las gestiones realizadas por el gobierno regional de Jun\u00edn para un aeropuerto en Orcotuna.<\/p>\n<p style=\"text-align: justify;\">Los jaujinos demandaban que se respete el decreto que declara de necesidad p\u00fablica e inter\u00e9s nacional la modernizaci\u00f3n, equipamiento e internacionalizaci\u00f3n del aeropuerto local Francisco Carl\u00e9.<\/p>\n<p style=\"text-align: justify;\">Al respecto, Felipe Orihuela, presidente de la C\u00e1mara de Comercio de Jauja, invoc\u00f3 al titular de Jun\u00edn, Vladimir Cerr\u00f3n, a desistir del proyecto de Orcotuna y priorizar la modernizaci\u00f3n del aeropuerto jaujino.<\/p>\n<p style=\"text-align: justify;\">Record\u00f3 que existe un decreto supremo (020-2011) que apuesta por esa posibilidad a favor del terminal a\u00e9reo Francisco Carl\u00e9, que, seg\u00fan remarc\u00f3, recibe vuelos locales a diario sin ning\u00fan tipo de problema.<\/p>\n<p style=\"text-align: justify;\">Mencion\u00f3, adem\u00e1s, que para Jauja se necesitar\u00eda menos inversi\u00f3n econ\u00f3mica y en t\u00e9rminos t\u00e9cnicos se puede probar su operatividad y eficacia frente a vuelos internacionales.<\/p>\n<p style=\"text-align: justify;\">\u201cEl beneficio econ\u00f3mico y tur\u00edstico ser\u00eda no solo para nuestra provincia sino para toda la regi\u00f3n Jun\u00edn, incluso Pasco, pues somos el ingreso a la Sierra y selva central. Podr\u00edamos llegar a ser una alternativa al Jorge Ch\u00e1vez de Lima\u201d, coment\u00f3.<\/p>\n<p style=\"text-align: justify;\">(FIN) VVS\/JOT<\/p>\n<p style=\"text-align: justify;\">Agencia Andina.<\/p>\n<p style=\"text-align: justify;\"><img decoding=\"async\" src=\"images\/stories\/12\/02\/280212\/aeropuerto_junin.jpg\" border=\"0\" alt=\"Regi\u00f3n Jun\u00edn necesita un aeropuerto internacional para impulsar la econom\u00eda, afirman\" title=\"Regi\u00f3n Jun\u00edn necesita un aeropuerto internacional para impulsar la econom\u00eda, afirman\" \/><\/p>\n","protected":false},"excerpt":{"rendered":"<p>(Aeronoticias).- La regi\u00f3n Jun\u00edn necesita un aeropuerto internacional para impulsar la econom\u00eda, sea en el distrito de Orcotuna o en la provincia de Jauja, situaci\u00f3n que debe resolverse de manera t\u00e9cnica, sostuvo hoy el presidente de la C\u00e1mara de Comercio de Huancayo, Marco Antonio Cajas. Dijo que Jun\u00edn se encuentra estrat\u00e9gicamente ubicada, al ser conexi\u00f3n [&hellip;]<\/p>\n","protected":false},"author":1,"featured_media":0,"comment_status":"open","ping_status":"open","sticky":false,"template":"","format":"standard","meta":{"tdm_status":"","tdm_grid_status":"","footnotes":""},"categories":[51],"tags":[],"class_list":{"0":"post-30161","1":"post","2":"type-post","3":"status-publish","4":"format-standard","6":"category-nacional"},"yoast_head":"<!-- This site is optimized with the Yoast SEO plugin v25.1 - https:\/\/yoast.com\/wordpress\/plugins\/seo\/ -->\n<title>Regi\u00f3n Jun\u00edn necesita un aeropuerto internacional para impulsar la econom\u00eda, afirman<\/title>\n<meta name=\"description\" content=\"Portal de noticias del Per\u00fa sobre el transporte a\u00e9reo, aviaci\u00f3n, turismo, hoteleria, actualidad.\" \/>\n<meta name=\"robots\" content=\"index, follow, max-snippet:-1, max-image-preview:large, max-video-preview:-1\" \/>\n<link rel=\"canonical\" href=\"https:\/\/aeronoticias.com.pe\/noticiero\/transporte-aereo\/nacional\/region-junin-necesita-un-aeropuerto-internacional-para-impulsar-la-economia-afirman\/\" \/>\n<meta property=\"og:locale\" content=\"es_ES\" \/>\n<meta property=\"og:type\" content=\"article\" \/>\n<meta property=\"og:title\" content=\"Regi\u00f3n Jun\u00edn necesita un aeropuerto internacional para impulsar la econom\u00eda, afirman\" \/>\n<meta property=\"og:description\" content=\"Portal de noticias del Per\u00fa sobre el transporte a\u00e9reo, aviaci\u00f3n, turismo, hoteleria, actualidad.\" \/>\n<meta property=\"og:url\" content=\"https:\/\/aeronoticias.com.pe\/noticiero\/transporte-aereo\/nacional\/region-junin-necesita-un-aeropuerto-internacional-para-impulsar-la-economia-afirman\/\" \/>\n<meta property=\"og:site_name\" content=\"Aeronoticias.com.pe\" \/>\n<meta property=\"article:publisher\" content=\"https:\/\/www.facebook.com\/Aeronoticias.com.pe\/\" \/>\n<meta property=\"article:published_time\" content=\"2012-09-05T15:40:15+00:00\" \/>\n<meta name=\"author\" content=\"Redacci\u00f3n Aeronoticias\" \/>\n<meta name=\"twitter:card\" content=\"summary_large_image\" \/>\n<meta name=\"twitter:creator\" content=\"@aeronoticias\" \/>\n<meta name=\"twitter:site\" content=\"@aeronoticias\" \/>\n<meta name=\"twitter:label1\" content=\"Escrito por\" \/>\n\t<meta name=\"twitter:data1\" content=\"Redacci\u00f3n Aeronoticias\" \/>\n\t<meta name=\"twitter:label2\" content=\"Tiempo de lectura\" \/>\n\t<meta name=\"twitter:data2\" content=\"2 minutos\" \/>\n<script type=\"application\/ld+json\" class=\"yoast-schema-graph\">{\"@context\":\"https:\/\/schema.org\",\"@graph\":[{\"@type\":\"WebPage\",\"@id\":\"https:\/\/aeronoticias.com.pe\/noticiero\/transporte-aereo\/nacional\/region-junin-necesita-un-aeropuerto-internacional-para-impulsar-la-economia-afirman\/\",\"url\":\"https:\/\/aeronoticias.com.pe\/noticiero\/transporte-aereo\/nacional\/region-junin-necesita-un-aeropuerto-internacional-para-impulsar-la-economia-afirman\/\",\"name\":\"Regi\u00f3n Jun\u00edn necesita un aeropuerto internacional para impulsar la econom\u00eda, afirman\",\"isPartOf\":{\"@id\":\"https:\/\/aeronoticias.com.pe\/noticiero\/#website\"},\"datePublished\":\"2012-09-05T15:40:15+00:00\",\"author\":{\"@id\":\"https:\/\/aeronoticias.com.pe\/noticiero\/#\/schema\/person\/fc1e5d578f4b62ba1cf7ac2bba1170a0\"},\"description\":\"Portal de noticias del Per\u00fa sobre el transporte a\u00e9reo, aviaci\u00f3n, turismo, hoteleria, actualidad.\",\"breadcrumb\":{\"@id\":\"https:\/\/aeronoticias.com.pe\/noticiero\/transporte-aereo\/nacional\/region-junin-necesita-un-aeropuerto-internacional-para-impulsar-la-economia-afirman\/#breadcrumb\"},\"inLanguage\":\"es\",\"potentialAction\":[{\"@type\":\"ReadAction\",\"target\":[\"https:\/\/aeronoticias.com.pe\/noticiero\/transporte-aereo\/nacional\/region-junin-necesita-un-aeropuerto-internacional-para-impulsar-la-economia-afirman\/\"]}]},{\"@type\":\"BreadcrumbList\",\"@id\":\"https:\/\/aeronoticias.com.pe\/noticiero\/transporte-aereo\/nacional\/region-junin-necesita-un-aeropuerto-internacional-para-impulsar-la-economia-afirman\/#breadcrumb\",\"itemListElement\":[{\"@type\":\"ListItem\",\"position\":1,\"name\":\"Portada\",\"item\":\"https:\/\/aeronoticias.com.pe\/noticiero\/\"},{\"@type\":\"ListItem\",\"position\":2,\"name\":\"Regi\u00f3n Jun\u00edn necesita un aeropuerto internacional para impulsar la econom\u00eda, afirman\"}]},{\"@type\":\"WebSite\",\"@id\":\"https:\/\/aeronoticias.com.pe\/noticiero\/#website\",\"url\":\"https:\/\/aeronoticias.com.pe\/noticiero\/\",\"name\":\"Aeronoticias.com.pe\",\"description\":\"Noticias de tranporte aereo, turismo, hoteles, gastronomia, actualidad, internacional\",\"potentialAction\":[{\"@type\":\"SearchAction\",\"target\":{\"@type\":\"EntryPoint\",\"urlTemplate\":\"https:\/\/aeronoticias.com.pe\/noticiero\/?s={search_term_string}\"},\"query-input\":{\"@type\":\"PropertyValueSpecification\",\"valueRequired\":true,\"valueName\":\"search_term_string\"}}],\"inLanguage\":\"es\"},{\"@type\":\"Person\",\"@id\":\"https:\/\/aeronoticias.com.pe\/noticiero\/#\/schema\/person\/fc1e5d578f4b62ba1cf7ac2bba1170a0\",\"name\":\"Redacci\u00f3n Aeronoticias\",\"url\":\"https:\/\/aeronoticias.com.pe\/noticiero\/author\/piloto\/\"}]}<\/script>\n<!-- \/ Yoast SEO plugin. -->","yoast_head_json":{"title":"Regi\u00f3n Jun\u00edn necesita un aeropuerto internacional para impulsar la econom\u00eda, afirman","description":"Portal de noticias del Per\u00fa sobre el transporte a\u00e9reo, aviaci\u00f3n, turismo, hoteleria, actualidad.","robots":{"index":"index","follow":"follow","max-snippet":"max-snippet:-1","max-image-preview":"max-image-preview:large","max-video-preview":"max-video-preview:-1"},"canonical":"https:\/\/aeronoticias.com.pe\/noticiero\/transporte-aereo\/nacional\/region-junin-necesita-un-aeropuerto-internacional-para-impulsar-la-economia-afirman\/","og_locale":"es_ES","og_type":"article","og_title":"Regi\u00f3n Jun\u00edn necesita un aeropuerto internacional para impulsar la econom\u00eda, afirman","og_description":"Portal de noticias del Per\u00fa sobre el transporte a\u00e9reo, aviaci\u00f3n, turismo, hoteleria, actualidad.","og_url":"https:\/\/aeronoticias.com.pe\/noticiero\/transporte-aereo\/nacional\/region-junin-necesita-un-aeropuerto-internacional-para-impulsar-la-economia-afirman\/","og_site_name":"Aeronoticias.com.pe","article_publisher":"https:\/\/www.facebook.com\/Aeronoticias.com.pe\/","article_published_time":"2012-09-05T15:40:15+00:00","author":"Redacci\u00f3n Aeronoticias","twitter_card":"summary_large_image","twitter_creator":"@aeronoticias","twitter_site":"@aeronoticias","twitter_misc":{"Escrito por":"Redacci\u00f3n Aeronoticias","Tiempo de lectura":"2 minutos"},"schema":{"@context":"https:\/\/schema.org","@graph":[{"@type":"WebPage","@id":"https:\/\/aeronoticias.com.pe\/noticiero\/transporte-aereo\/nacional\/region-junin-necesita-un-aeropuerto-internacional-para-impulsar-la-economia-afirman\/","url":"https:\/\/aeronoticias.com.pe\/noticiero\/transporte-aereo\/nacional\/region-junin-necesita-un-aeropuerto-internacional-para-impulsar-la-economia-afirman\/","name":"Regi\u00f3n Jun\u00edn necesita un aeropuerto internacional para impulsar la econom\u00eda, afirman","isPartOf":{"@id":"https:\/\/aeronoticias.com.pe\/noticiero\/#website"},"datePublished":"2012-09-05T15:40:15+00:00","author":{"@id":"https:\/\/aeronoticias.com.pe\/noticiero\/#\/schema\/person\/fc1e5d578f4b62ba1cf7ac2bba1170a0"},"description":"Portal de noticias del Per\u00fa sobre el transporte a\u00e9reo, aviaci\u00f3n, turismo, hoteleria, actualidad.","breadcrumb":{"@id":"https:\/\/aeronoticias.com.pe\/noticiero\/transporte-aereo\/nacional\/region-junin-necesita-un-aeropuerto-internacional-para-impulsar-la-economia-afirman\/#breadcrumb"},"inLanguage":"es","potentialAction":[{"@type":"ReadAction","target":["https:\/\/aeronoticias.com.pe\/noticiero\/transporte-aereo\/nacional\/region-junin-necesita-un-aeropuerto-internacional-para-impulsar-la-economia-afirman\/"]}]},{"@type":"BreadcrumbList","@id":"https:\/\/aeronoticias.com.pe\/noticiero\/transporte-aereo\/nacional\/region-junin-necesita-un-aeropuerto-internacional-para-impulsar-la-economia-afirman\/#breadcrumb","itemListElement":[{"@type":"ListItem","position":1,"name":"Portada","item":"https:\/\/aeronoticias.com.pe\/noticiero\/"},{"@type":"ListItem","position":2,"name":"Regi\u00f3n Jun\u00edn necesita un aeropuerto internacional para impulsar la econom\u00eda, afirman"}]},{"@type":"WebSite","@id":"https:\/\/aeronoticias.com.pe\/noticiero\/#website","url":"https:\/\/aeronoticias.com.pe\/noticiero\/","name":"Aeronoticias.com.pe","description":"Noticias de tranporte aereo, turismo, hoteles, gastronomia, actualidad, internacional","potentialAction":[{"@type":"SearchAction","target":{"@type":"EntryPoint","urlTemplate":"https:\/\/aeronoticias.com.pe\/noticiero\/?s={search_term_string}"},"query-input":{"@type":"PropertyValueSpecification","valueRequired":true,"valueName":"search_term_string"}}],"inLanguage":"es"},{"@type":"Person","@id":"https:\/\/aeronoticias.com.pe\/noticiero\/#\/schema\/person\/fc1e5d578f4b62ba1cf7ac2bba1170a0","name":"Redacci\u00f3n Aeronoticias","url":"https:\/\/aeronoticias.com.pe\/noticiero\/author\/piloto\/"}]}},"_links":{"self":[{"href":"https:\/\/aeronoticias.com.pe\/noticiero\/wp-json\/wp\/v2\/posts\/30161","targetHints":{"allow":["GET"]}}],"collection":[{"href":"https:\/\/aeronoticias.com.pe\/noticiero\/wp-json\/wp\/v2\/posts"}],"about":[{"href":"https:\/\/aeronoticias.com.pe\/noticiero\/wp-json\/wp\/v2\/types\/post"}],"author":[{"embeddable":true,"href":"https:\/\/aeronoticias.com.pe\/noticiero\/wp-json\/wp\/v2\/users\/1"}],"replies":[{"embeddable":true,"href":"https:\/\/aeronoticias.com.pe\/noticiero\/wp-json\/wp\/v2\/comments?post=30161"}],"version-history":[{"count":0,"href":"https:\/\/aeronoticias.com.pe\/noticiero\/wp-json\/wp\/v2\/posts\/30161\/revisions"}],"wp:attachment":[{"href":"https:\/\/aeronoticias.com.pe\/noticiero\/wp-json\/wp\/v2\/media?parent=30161"}],"wp:term":[{"taxonomy":"category","embeddable":true,"href":"https:\/\/aeronoticias.com.pe\/noticiero\/wp-json\/wp\/v2\/categories?post=30161"},{"taxonomy":"post_tag","embeddable":true,"href":"https:\/\/aeronoticias.com.pe\/noticiero\/wp-json\/wp\/v2\/tags?post=30161"}],"curies":[{"name":"wp","href":"https:\/\/api.w.org\/{rel}","templated":true}]}}