{"id":30163,"date":"2012-09-05T16:06:35","date_gmt":"2012-09-05T16:06:35","guid":{"rendered":"http:\/\/desarrollo.mcvicious.com\/aero2020\/2012\/09\/05\/admiten-demanda-de-duenos-de-las-torres-gemelas-contra-las-aerolineas-por-el-atentado-del-11-s\/"},"modified":"2012-09-05T16:06:35","modified_gmt":"2012-09-05T16:06:35","slug":"admiten-demanda-de-duenos-de-las-torres-gemelas-contra-las-aerolineas-por-el-atentado-del-11-s","status":"publish","type":"post","link":"https:\/\/aeronoticias.com.pe\/noticiero\/internacionales\/admiten-demanda-de-duenos-de-las-torres-gemelas-contra-las-aerolineas-por-el-atentado-del-11-s\/","title":{"rendered":"Admiten demanda de due\u00f1os de las Torres Gemelas contra aerol\u00edneas por el atentado del 11-S"},"content":{"rendered":"<p style=\"text-align: justify;\"><strong>(Aeronoticias).-<\/strong> Once a\u00f1os despu\u00e9s de los atentados terroristas del 11 de septiembre en Estados Unidos, un tribunal de Nueva York\u00a0admiti\u00f3 la demanda millonaria de los due\u00f1os\u00a0de las destruidas Torres Gemelas del World Trade Center contra las aerol\u00edneas\u00a0American Airlines y United Continental.<\/p>\n<p style=\"text-align: justify;\"><img decoding=\"async\" src=\"images\/stories\/12\/09\/050912\/tgnota.jpg\" border=\"0\" alt=\"Admiten demanda de due\u00f1os de las Torres Gemelas contra las aerol\u00edneas por el atentado del 11-S \" title=\"Admiten demanda de due\u00f1os de las Torres Gemelas contra las aerol\u00edneas por el atentado del 11-S \" \/><\/p>\n<p style=\"text-align: justify;\">El magistrado Alvin Hellerstein rechaz\u00f3 los recursos presentados por ambas aerol\u00edneas, ahora fusionadas, y as\u00ed permiti\u00f3 que avanzara el reclamo que comprende una suma de 2.800 millones de d\u00f3lares.<\/p>\n<p style=\"text-align: justify;\">La demanda fue presentada hace cuatro a\u00f1os. Originalmente los administradores ped\u00edan 8.400 millones de d\u00f3lares, pero el juez redujo la suma a una tercera parte, que se corresponde con la de un acuerdo de arrendamiento firmado entre las administraciones portuarias de Nueva York y Nueva Jersey y la firma inmobiliaria semanas antes del atentado.<\/p>\n<p>  <!--more-->  <\/p>\n<p style=\"text-align: justify;\">World Trade Center Properties LLC acusa a las aerol\u00edneas de haber permitido con su negligencia, los atentados que dejaron casi 3.000 muertos y las acusan de carencias en los controles de seguridad y de permitir a los 19 islamistas subir a bordo.<\/p>\n<p style=\"text-align: justify;\">Hellerstein rechaz\u00f3 la argumentaci\u00f3n de las aerol\u00edneas de que los due\u00f1os del edificio ya fueron indemnizados por las aseguradoras por lo que no pod\u00edan aspirar a otras compensaciones. Los gestores del complejo de edifico ya recibieron indemnizaciones por casi 4.100 millones de d\u00f3lares.<\/p>\n<p style=\"text-align: justify;\"><strong>M\u00e1s informaci\u00f3n<\/strong><\/p>\n<p style=\"text-align: justify;\">El 11 de septiembre de 2011 islamistas secuestraron cuatro aviones: estrellaron dos contra la Torres Gemelas, uno contra el Pent\u00e1gono y el cuarto se estrell\u00f3 en Pennsylvania, tras una lucha entre los pasajeros y los secuestradores.<\/p>\n<p>{jathumbnail off images=\u00bbimages\/stories\/12\/09\/050912\/tgnota.jpg\u00bb}<\/p>\n","protected":false},"excerpt":{"rendered":"<p>(Aeronoticias).- Once a\u00f1os despu\u00e9s de los atentados terroristas del 11 de septiembre en Estados Unidos, un tribunal de Nueva York\u00a0admiti\u00f3 la demanda millonaria de los due\u00f1os\u00a0de las destruidas Torres Gemelas del World Trade Center contra las aerol\u00edneas\u00a0American Airlines y United Continental. El magistrado Alvin Hellerstein rechaz\u00f3 los recursos presentados por ambas aerol\u00edneas, ahora fusionadas, y [&hellip;]<\/p>\n","protected":false},"author":1,"featured_media":0,"comment_status":"open","ping_status":"open","sticky":false,"template":"","format":"standard","meta":{"tdm_status":"","tdm_grid_status":"","footnotes":""},"categories":[34],"tags":[],"class_list":{"0":"post-30163","1":"post","2":"type-post","3":"status-publish","4":"format-standard","6":"category-internacionales"},"yoast_head":"<!-- This site is optimized with the Yoast SEO plugin v25.1 - https:\/\/yoast.com\/wordpress\/plugins\/seo\/ -->\n<title>Admiten demanda de due\u00f1os de las Torres Gemelas contra aerol\u00edneas por el atentado del 11-S<\/title>\n<meta name=\"description\" content=\"Portal de noticias del Per\u00fa sobre el transporte a\u00e9reo, aviaci\u00f3n, turismo, hoteleria, actualidad.\" \/>\n<meta name=\"robots\" content=\"index, follow, max-snippet:-1, max-image-preview:large, max-video-preview:-1\" \/>\n<link rel=\"canonical\" href=\"https:\/\/aeronoticias.com.pe\/noticiero\/internacionales\/admiten-demanda-de-duenos-de-las-torres-gemelas-contra-las-aerolineas-por-el-atentado-del-11-s\/\" \/>\n<meta property=\"og:locale\" content=\"es_ES\" \/>\n<meta property=\"og:type\" content=\"article\" \/>\n<meta property=\"og:title\" content=\"Admiten demanda de due\u00f1os de las Torres Gemelas contra aerol\u00edneas por el atentado del 11-S\" \/>\n<meta property=\"og:description\" content=\"Portal de noticias del Per\u00fa sobre el transporte a\u00e9reo, aviaci\u00f3n, turismo, hoteleria, actualidad.\" \/>\n<meta property=\"og:url\" content=\"https:\/\/aeronoticias.com.pe\/noticiero\/internacionales\/admiten-demanda-de-duenos-de-las-torres-gemelas-contra-las-aerolineas-por-el-atentado-del-11-s\/\" \/>\n<meta property=\"og:site_name\" content=\"Aeronoticias.com.pe\" \/>\n<meta property=\"article:publisher\" content=\"https:\/\/www.facebook.com\/Aeronoticias.com.pe\/\" \/>\n<meta property=\"article:published_time\" content=\"2012-09-05T16:06:35+00:00\" \/>\n<meta name=\"author\" content=\"Redacci\u00f3n Aeronoticias\" \/>\n<meta name=\"twitter:card\" content=\"summary_large_image\" \/>\n<meta name=\"twitter:creator\" content=\"@aeronoticias\" \/>\n<meta name=\"twitter:site\" content=\"@aeronoticias\" \/>\n<meta name=\"twitter:label1\" content=\"Escrito por\" \/>\n\t<meta name=\"twitter:data1\" content=\"Redacci\u00f3n Aeronoticias\" \/>\n\t<meta name=\"twitter:label2\" content=\"Tiempo de lectura\" \/>\n\t<meta name=\"twitter:data2\" content=\"1 minuto\" \/>\n<script type=\"application\/ld+json\" class=\"yoast-schema-graph\">{\"@context\":\"https:\/\/schema.org\",\"@graph\":[{\"@type\":\"WebPage\",\"@id\":\"https:\/\/aeronoticias.com.pe\/noticiero\/internacionales\/admiten-demanda-de-duenos-de-las-torres-gemelas-contra-las-aerolineas-por-el-atentado-del-11-s\/\",\"url\":\"https:\/\/aeronoticias.com.pe\/noticiero\/internacionales\/admiten-demanda-de-duenos-de-las-torres-gemelas-contra-las-aerolineas-por-el-atentado-del-11-s\/\",\"name\":\"Admiten demanda de due\u00f1os de las Torres Gemelas contra aerol\u00edneas por el atentado del 11-S\",\"isPartOf\":{\"@id\":\"https:\/\/aeronoticias.com.pe\/noticiero\/#website\"},\"datePublished\":\"2012-09-05T16:06:35+00:00\",\"author\":{\"@id\":\"https:\/\/aeronoticias.com.pe\/noticiero\/#\/schema\/person\/fc1e5d578f4b62ba1cf7ac2bba1170a0\"},\"description\":\"Portal de noticias del Per\u00fa sobre el transporte a\u00e9reo, aviaci\u00f3n, turismo, hoteleria, actualidad.\",\"breadcrumb\":{\"@id\":\"https:\/\/aeronoticias.com.pe\/noticiero\/internacionales\/admiten-demanda-de-duenos-de-las-torres-gemelas-contra-las-aerolineas-por-el-atentado-del-11-s\/#breadcrumb\"},\"inLanguage\":\"es\",\"potentialAction\":[{\"@type\":\"ReadAction\",\"target\":[\"https:\/\/aeronoticias.com.pe\/noticiero\/internacionales\/admiten-demanda-de-duenos-de-las-torres-gemelas-contra-las-aerolineas-por-el-atentado-del-11-s\/\"]}]},{\"@type\":\"BreadcrumbList\",\"@id\":\"https:\/\/aeronoticias.com.pe\/noticiero\/internacionales\/admiten-demanda-de-duenos-de-las-torres-gemelas-contra-las-aerolineas-por-el-atentado-del-11-s\/#breadcrumb\",\"itemListElement\":[{\"@type\":\"ListItem\",\"position\":1,\"name\":\"Portada\",\"item\":\"https:\/\/aeronoticias.com.pe\/noticiero\/\"},{\"@type\":\"ListItem\",\"position\":2,\"name\":\"Admiten demanda de due\u00f1os de las Torres Gemelas contra aerol\u00edneas por el atentado del 11-S\"}]},{\"@type\":\"WebSite\",\"@id\":\"https:\/\/aeronoticias.com.pe\/noticiero\/#website\",\"url\":\"https:\/\/aeronoticias.com.pe\/noticiero\/\",\"name\":\"Aeronoticias.com.pe\",\"description\":\"Noticias de tranporte aereo, turismo, hoteles, gastronomia, actualidad, internacional\",\"potentialAction\":[{\"@type\":\"SearchAction\",\"target\":{\"@type\":\"EntryPoint\",\"urlTemplate\":\"https:\/\/aeronoticias.com.pe\/noticiero\/?s={search_term_string}\"},\"query-input\":{\"@type\":\"PropertyValueSpecification\",\"valueRequired\":true,\"valueName\":\"search_term_string\"}}],\"inLanguage\":\"es\"},{\"@type\":\"Person\",\"@id\":\"https:\/\/aeronoticias.com.pe\/noticiero\/#\/schema\/person\/fc1e5d578f4b62ba1cf7ac2bba1170a0\",\"name\":\"Redacci\u00f3n Aeronoticias\",\"url\":\"https:\/\/aeronoticias.com.pe\/noticiero\/author\/piloto\/\"}]}<\/script>\n<!-- \/ Yoast SEO plugin. -->","yoast_head_json":{"title":"Admiten demanda de due\u00f1os de las Torres Gemelas contra aerol\u00edneas por el atentado del 11-S","description":"Portal de noticias del Per\u00fa sobre el transporte a\u00e9reo, aviaci\u00f3n, turismo, hoteleria, actualidad.","robots":{"index":"index","follow":"follow","max-snippet":"max-snippet:-1","max-image-preview":"max-image-preview:large","max-video-preview":"max-video-preview:-1"},"canonical":"https:\/\/aeronoticias.com.pe\/noticiero\/internacionales\/admiten-demanda-de-duenos-de-las-torres-gemelas-contra-las-aerolineas-por-el-atentado-del-11-s\/","og_locale":"es_ES","og_type":"article","og_title":"Admiten demanda de due\u00f1os de las Torres Gemelas contra aerol\u00edneas por el atentado del 11-S","og_description":"Portal de noticias del Per\u00fa sobre el transporte a\u00e9reo, aviaci\u00f3n, turismo, hoteleria, actualidad.","og_url":"https:\/\/aeronoticias.com.pe\/noticiero\/internacionales\/admiten-demanda-de-duenos-de-las-torres-gemelas-contra-las-aerolineas-por-el-atentado-del-11-s\/","og_site_name":"Aeronoticias.com.pe","article_publisher":"https:\/\/www.facebook.com\/Aeronoticias.com.pe\/","article_published_time":"2012-09-05T16:06:35+00:00","author":"Redacci\u00f3n Aeronoticias","twitter_card":"summary_large_image","twitter_creator":"@aeronoticias","twitter_site":"@aeronoticias","twitter_misc":{"Escrito por":"Redacci\u00f3n Aeronoticias","Tiempo de lectura":"1 minuto"},"schema":{"@context":"https:\/\/schema.org","@graph":[{"@type":"WebPage","@id":"https:\/\/aeronoticias.com.pe\/noticiero\/internacionales\/admiten-demanda-de-duenos-de-las-torres-gemelas-contra-las-aerolineas-por-el-atentado-del-11-s\/","url":"https:\/\/aeronoticias.com.pe\/noticiero\/internacionales\/admiten-demanda-de-duenos-de-las-torres-gemelas-contra-las-aerolineas-por-el-atentado-del-11-s\/","name":"Admiten demanda de due\u00f1os de las Torres Gemelas contra aerol\u00edneas por el atentado del 11-S","isPartOf":{"@id":"https:\/\/aeronoticias.com.pe\/noticiero\/#website"},"datePublished":"2012-09-05T16:06:35+00:00","author":{"@id":"https:\/\/aeronoticias.com.pe\/noticiero\/#\/schema\/person\/fc1e5d578f4b62ba1cf7ac2bba1170a0"},"description":"Portal de noticias del Per\u00fa sobre el transporte a\u00e9reo, aviaci\u00f3n, turismo, hoteleria, actualidad.","breadcrumb":{"@id":"https:\/\/aeronoticias.com.pe\/noticiero\/internacionales\/admiten-demanda-de-duenos-de-las-torres-gemelas-contra-las-aerolineas-por-el-atentado-del-11-s\/#breadcrumb"},"inLanguage":"es","potentialAction":[{"@type":"ReadAction","target":["https:\/\/aeronoticias.com.pe\/noticiero\/internacionales\/admiten-demanda-de-duenos-de-las-torres-gemelas-contra-las-aerolineas-por-el-atentado-del-11-s\/"]}]},{"@type":"BreadcrumbList","@id":"https:\/\/aeronoticias.com.pe\/noticiero\/internacionales\/admiten-demanda-de-duenos-de-las-torres-gemelas-contra-las-aerolineas-por-el-atentado-del-11-s\/#breadcrumb","itemListElement":[{"@type":"ListItem","position":1,"name":"Portada","item":"https:\/\/aeronoticias.com.pe\/noticiero\/"},{"@type":"ListItem","position":2,"name":"Admiten demanda de due\u00f1os de las Torres Gemelas contra aerol\u00edneas por el atentado del 11-S"}]},{"@type":"WebSite","@id":"https:\/\/aeronoticias.com.pe\/noticiero\/#website","url":"https:\/\/aeronoticias.com.pe\/noticiero\/","name":"Aeronoticias.com.pe","description":"Noticias de tranporte aereo, turismo, hoteles, gastronomia, actualidad, internacional","potentialAction":[{"@type":"SearchAction","target":{"@type":"EntryPoint","urlTemplate":"https:\/\/aeronoticias.com.pe\/noticiero\/?s={search_term_string}"},"query-input":{"@type":"PropertyValueSpecification","valueRequired":true,"valueName":"search_term_string"}}],"inLanguage":"es"},{"@type":"Person","@id":"https:\/\/aeronoticias.com.pe\/noticiero\/#\/schema\/person\/fc1e5d578f4b62ba1cf7ac2bba1170a0","name":"Redacci\u00f3n Aeronoticias","url":"https:\/\/aeronoticias.com.pe\/noticiero\/author\/piloto\/"}]}},"_links":{"self":[{"href":"https:\/\/aeronoticias.com.pe\/noticiero\/wp-json\/wp\/v2\/posts\/30163","targetHints":{"allow":["GET"]}}],"collection":[{"href":"https:\/\/aeronoticias.com.pe\/noticiero\/wp-json\/wp\/v2\/posts"}],"about":[{"href":"https:\/\/aeronoticias.com.pe\/noticiero\/wp-json\/wp\/v2\/types\/post"}],"author":[{"embeddable":true,"href":"https:\/\/aeronoticias.com.pe\/noticiero\/wp-json\/wp\/v2\/users\/1"}],"replies":[{"embeddable":true,"href":"https:\/\/aeronoticias.com.pe\/noticiero\/wp-json\/wp\/v2\/comments?post=30163"}],"version-history":[{"count":0,"href":"https:\/\/aeronoticias.com.pe\/noticiero\/wp-json\/wp\/v2\/posts\/30163\/revisions"}],"wp:attachment":[{"href":"https:\/\/aeronoticias.com.pe\/noticiero\/wp-json\/wp\/v2\/media?parent=30163"}],"wp:term":[{"taxonomy":"category","embeddable":true,"href":"https:\/\/aeronoticias.com.pe\/noticiero\/wp-json\/wp\/v2\/categories?post=30163"},{"taxonomy":"post_tag","embeddable":true,"href":"https:\/\/aeronoticias.com.pe\/noticiero\/wp-json\/wp\/v2\/tags?post=30163"}],"curies":[{"name":"wp","href":"https:\/\/api.w.org\/{rel}","templated":true}]}}