{"id":30164,"date":"2012-09-05T17:18:50","date_gmt":"2012-09-05T17:18:50","guid":{"rendered":"http:\/\/desarrollo.mcvicious.com\/aero2020\/2012\/09\/05\/presidente-de-chile-asegura-que-su-pais-no-tiene-nada-que-ganar-en-litigio-maritimo\/"},"modified":"2012-09-05T17:18:50","modified_gmt":"2012-09-05T17:18:50","slug":"presidente-de-chile-asegura-que-su-pais-no-tiene-nada-que-ganar-en-litigio-maritimo","status":"publish","type":"post","link":"https:\/\/aeronoticias.com.pe\/noticiero\/internacionales\/presidente-de-chile-asegura-que-su-pais-no-tiene-nada-que-ganar-en-litigio-maritimo\/","title":{"rendered":"Presidente de Chile asegura que su pa\u00eds no tiene nada que ganar en litigio mar\u00edtimo"},"content":{"rendered":"<p style=\"text-align: justify;\"><strong>(Aeronoticias).-<\/strong>El mandatario  chileno, Sebasti\u00e1n Pi\u00f1era, afirm\u00f3 que su pa\u00eds no tiene nada que ganar en  el litigio abierto por la demanda mar\u00edtima peruana, porque en la  actualidad ejerce soberan\u00eda sobre las \u00e1reas que Per\u00fa aspira a obtener en  la Corte Internacional de Justicia de la Haya.<\/p>\n<p style=\"text-align: justify;\">\u00abEso   de que Chile no tiene mucho que ganar y tiene mucho que perder obedece  a  que los terrenos en el territorio f\u00edsico como en el territorio  mar\u00edtimo  que pretende o aspira Per\u00fa est\u00e1n hoy d\u00eda bajo soberan\u00eda y  control  chilenos\u00bb, declar\u00f3 el mandatario en una entrevista a Radio  Cooperativa.<br \/>Reiter\u00f3 que lo mejor que puede hacer Chile es mantener  la situaci\u00f3n tal y como est\u00e1, porque su pa\u00eds hoy d\u00eda ejerce soberan\u00eda  sobre todos los territorios que est\u00e1n siendo cuestionados en la Haya.<\/p>\n<p>\u00abPor  tanto, a\u00f1adi\u00f3 Pi\u00f1era, si  el fallo fuera 99 % a favor de Chile y 1 % a  favor de Per\u00fa, Per\u00fa va a  poder decir que logr\u00f3 un uno por ciento.<\/p>\n<p>Cabe  precisar que el fallo reci\u00e9n se conocer\u00e1 en  el primer semestre de  2013, despu\u00e9s de que en diciembre ambos pa\u00edses  expongan sus alegatos  orales en este juicio, abierto a ra\u00edz de la  demanda presentada por Per\u00fa  en 2008.<br \/>Pi\u00f1era asegur\u00f3 que la postura chilena es s\u00f3lida y justa, y  que no solo se basan en los tratados de los a\u00f1os 50, sino que durante  los \u00faltimos 60 a\u00f1os tanto Per\u00fa, como Ecuador, y la comunidad  internacional siempre reconocieron el paralelo como l\u00edmite.<\/p>\n<p>\u00abLa   mejor prueba de ello es que Chile siempre ha ejercido soberan\u00eda sobre   el mar al sur del paralelo\u00bb, recalc\u00f3 el presidente, que revel\u00f3 por   primera vez algunos de los hechos que su pa\u00eds aduce como demostraci\u00f3n de   esa pr\u00e1ctica.<\/p>\n<p>\u00abPor ejemplo, \u00bfd\u00f3nde cambiaban de bandera los   barcos de la operaci\u00f3n UNITAS (ejercicios navales anuales conjuntos   entre Estados Unidos y otros pa\u00edses latinoamericanos) entre Per\u00fa y   Chile? En el paralelo, y eso no tiene nada que ver con pesca\u00bb, subray\u00f3   el mandatario.<\/p>\n<p>\u00ab\u00bfD\u00f3nde piden permiso los aviones cuando tienen   que aterrizar en el aeropuerto de Chacalluta (Arica)? Exactamente sobre   el paralelo. \u00bfHasta d\u00f3nde Chile tendi\u00f3 el cable de fibra \u00f3ptica?   Exactamente hasta el paralelo\u00bb, agreg\u00f3 Pi\u00f1era.<\/p>\n<p style=\"text-align: justify;\"><img decoding=\"async\" src=\"images\/stories\/12\/09\/050912\/presichileno.jpg\" border=\"0\" alt=\"chile\" title=\"chile\" \/><\/p>\n","protected":false},"excerpt":{"rendered":"<p>(Aeronoticias).-El mandatario chileno, Sebasti\u00e1n Pi\u00f1era, afirm\u00f3 que su pa\u00eds no tiene nada que ganar en el litigio abierto por la demanda mar\u00edtima peruana, porque en la actualidad ejerce soberan\u00eda sobre las \u00e1reas que Per\u00fa aspira a obtener en la Corte Internacional de Justicia de la Haya. \u00abEso de que Chile no tiene mucho que ganar [&hellip;]<\/p>\n","protected":false},"author":1,"featured_media":0,"comment_status":"open","ping_status":"open","sticky":false,"template":"","format":"standard","meta":{"tdm_status":"","tdm_grid_status":"","footnotes":""},"categories":[34],"tags":[],"class_list":{"0":"post-30164","1":"post","2":"type-post","3":"status-publish","4":"format-standard","6":"category-internacionales"},"yoast_head":"<!-- This site is optimized with the Yoast SEO plugin v25.1 - https:\/\/yoast.com\/wordpress\/plugins\/seo\/ -->\n<title>Presidente de Chile asegura que su pa\u00eds no tiene nada que ganar en litigio mar\u00edtimo<\/title>\n<meta name=\"description\" content=\"Portal de noticias del Per\u00fa sobre el transporte a\u00e9reo, aviaci\u00f3n, turismo, hoteleria, actualidad.\" \/>\n<meta name=\"robots\" content=\"index, follow, max-snippet:-1, max-image-preview:large, max-video-preview:-1\" \/>\n<link rel=\"canonical\" href=\"https:\/\/aeronoticias.com.pe\/noticiero\/internacionales\/presidente-de-chile-asegura-que-su-pais-no-tiene-nada-que-ganar-en-litigio-maritimo\/\" \/>\n<meta property=\"og:locale\" content=\"es_ES\" \/>\n<meta property=\"og:type\" content=\"article\" \/>\n<meta property=\"og:title\" content=\"Presidente de Chile asegura que su pa\u00eds no tiene nada que ganar en litigio mar\u00edtimo\" \/>\n<meta property=\"og:description\" content=\"Portal de noticias del Per\u00fa sobre el transporte a\u00e9reo, aviaci\u00f3n, turismo, hoteleria, actualidad.\" \/>\n<meta property=\"og:url\" content=\"https:\/\/aeronoticias.com.pe\/noticiero\/internacionales\/presidente-de-chile-asegura-que-su-pais-no-tiene-nada-que-ganar-en-litigio-maritimo\/\" \/>\n<meta property=\"og:site_name\" content=\"Aeronoticias.com.pe\" \/>\n<meta property=\"article:publisher\" content=\"https:\/\/www.facebook.com\/Aeronoticias.com.pe\/\" \/>\n<meta property=\"article:published_time\" content=\"2012-09-05T17:18:50+00:00\" \/>\n<meta name=\"author\" content=\"Redacci\u00f3n Aeronoticias\" \/>\n<meta name=\"twitter:card\" content=\"summary_large_image\" \/>\n<meta name=\"twitter:creator\" content=\"@aeronoticias\" \/>\n<meta name=\"twitter:site\" content=\"@aeronoticias\" \/>\n<meta name=\"twitter:label1\" content=\"Escrito por\" \/>\n\t<meta name=\"twitter:data1\" content=\"Redacci\u00f3n Aeronoticias\" \/>\n\t<meta name=\"twitter:label2\" content=\"Tiempo de lectura\" \/>\n\t<meta name=\"twitter:data2\" content=\"2 minutos\" \/>\n<script type=\"application\/ld+json\" class=\"yoast-schema-graph\">{\"@context\":\"https:\/\/schema.org\",\"@graph\":[{\"@type\":\"WebPage\",\"@id\":\"https:\/\/aeronoticias.com.pe\/noticiero\/internacionales\/presidente-de-chile-asegura-que-su-pais-no-tiene-nada-que-ganar-en-litigio-maritimo\/\",\"url\":\"https:\/\/aeronoticias.com.pe\/noticiero\/internacionales\/presidente-de-chile-asegura-que-su-pais-no-tiene-nada-que-ganar-en-litigio-maritimo\/\",\"name\":\"Presidente de Chile asegura que su pa\u00eds no tiene nada que ganar en litigio mar\u00edtimo\",\"isPartOf\":{\"@id\":\"https:\/\/aeronoticias.com.pe\/noticiero\/#website\"},\"datePublished\":\"2012-09-05T17:18:50+00:00\",\"author\":{\"@id\":\"https:\/\/aeronoticias.com.pe\/noticiero\/#\/schema\/person\/fc1e5d578f4b62ba1cf7ac2bba1170a0\"},\"description\":\"Portal de noticias del Per\u00fa sobre el transporte a\u00e9reo, aviaci\u00f3n, turismo, hoteleria, actualidad.\",\"breadcrumb\":{\"@id\":\"https:\/\/aeronoticias.com.pe\/noticiero\/internacionales\/presidente-de-chile-asegura-que-su-pais-no-tiene-nada-que-ganar-en-litigio-maritimo\/#breadcrumb\"},\"inLanguage\":\"es\",\"potentialAction\":[{\"@type\":\"ReadAction\",\"target\":[\"https:\/\/aeronoticias.com.pe\/noticiero\/internacionales\/presidente-de-chile-asegura-que-su-pais-no-tiene-nada-que-ganar-en-litigio-maritimo\/\"]}]},{\"@type\":\"BreadcrumbList\",\"@id\":\"https:\/\/aeronoticias.com.pe\/noticiero\/internacionales\/presidente-de-chile-asegura-que-su-pais-no-tiene-nada-que-ganar-en-litigio-maritimo\/#breadcrumb\",\"itemListElement\":[{\"@type\":\"ListItem\",\"position\":1,\"name\":\"Portada\",\"item\":\"https:\/\/aeronoticias.com.pe\/noticiero\/\"},{\"@type\":\"ListItem\",\"position\":2,\"name\":\"Presidente de Chile asegura que su pa\u00eds no tiene nada que ganar en litigio mar\u00edtimo\"}]},{\"@type\":\"WebSite\",\"@id\":\"https:\/\/aeronoticias.com.pe\/noticiero\/#website\",\"url\":\"https:\/\/aeronoticias.com.pe\/noticiero\/\",\"name\":\"Aeronoticias.com.pe\",\"description\":\"Noticias de tranporte aereo, turismo, hoteles, gastronomia, actualidad, internacional\",\"potentialAction\":[{\"@type\":\"SearchAction\",\"target\":{\"@type\":\"EntryPoint\",\"urlTemplate\":\"https:\/\/aeronoticias.com.pe\/noticiero\/?s={search_term_string}\"},\"query-input\":{\"@type\":\"PropertyValueSpecification\",\"valueRequired\":true,\"valueName\":\"search_term_string\"}}],\"inLanguage\":\"es\"},{\"@type\":\"Person\",\"@id\":\"https:\/\/aeronoticias.com.pe\/noticiero\/#\/schema\/person\/fc1e5d578f4b62ba1cf7ac2bba1170a0\",\"name\":\"Redacci\u00f3n Aeronoticias\",\"url\":\"https:\/\/aeronoticias.com.pe\/noticiero\/author\/piloto\/\"}]}<\/script>\n<!-- \/ Yoast SEO plugin. -->","yoast_head_json":{"title":"Presidente de Chile asegura que su pa\u00eds no tiene nada que ganar en litigio mar\u00edtimo","description":"Portal de noticias del Per\u00fa sobre el transporte a\u00e9reo, aviaci\u00f3n, turismo, hoteleria, actualidad.","robots":{"index":"index","follow":"follow","max-snippet":"max-snippet:-1","max-image-preview":"max-image-preview:large","max-video-preview":"max-video-preview:-1"},"canonical":"https:\/\/aeronoticias.com.pe\/noticiero\/internacionales\/presidente-de-chile-asegura-que-su-pais-no-tiene-nada-que-ganar-en-litigio-maritimo\/","og_locale":"es_ES","og_type":"article","og_title":"Presidente de Chile asegura que su pa\u00eds no tiene nada que ganar en litigio mar\u00edtimo","og_description":"Portal de noticias del Per\u00fa sobre el transporte a\u00e9reo, aviaci\u00f3n, turismo, hoteleria, actualidad.","og_url":"https:\/\/aeronoticias.com.pe\/noticiero\/internacionales\/presidente-de-chile-asegura-que-su-pais-no-tiene-nada-que-ganar-en-litigio-maritimo\/","og_site_name":"Aeronoticias.com.pe","article_publisher":"https:\/\/www.facebook.com\/Aeronoticias.com.pe\/","article_published_time":"2012-09-05T17:18:50+00:00","author":"Redacci\u00f3n Aeronoticias","twitter_card":"summary_large_image","twitter_creator":"@aeronoticias","twitter_site":"@aeronoticias","twitter_misc":{"Escrito por":"Redacci\u00f3n Aeronoticias","Tiempo de lectura":"2 minutos"},"schema":{"@context":"https:\/\/schema.org","@graph":[{"@type":"WebPage","@id":"https:\/\/aeronoticias.com.pe\/noticiero\/internacionales\/presidente-de-chile-asegura-que-su-pais-no-tiene-nada-que-ganar-en-litigio-maritimo\/","url":"https:\/\/aeronoticias.com.pe\/noticiero\/internacionales\/presidente-de-chile-asegura-que-su-pais-no-tiene-nada-que-ganar-en-litigio-maritimo\/","name":"Presidente de Chile asegura que su pa\u00eds no tiene nada que ganar en litigio mar\u00edtimo","isPartOf":{"@id":"https:\/\/aeronoticias.com.pe\/noticiero\/#website"},"datePublished":"2012-09-05T17:18:50+00:00","author":{"@id":"https:\/\/aeronoticias.com.pe\/noticiero\/#\/schema\/person\/fc1e5d578f4b62ba1cf7ac2bba1170a0"},"description":"Portal de noticias del Per\u00fa sobre el transporte a\u00e9reo, aviaci\u00f3n, turismo, hoteleria, actualidad.","breadcrumb":{"@id":"https:\/\/aeronoticias.com.pe\/noticiero\/internacionales\/presidente-de-chile-asegura-que-su-pais-no-tiene-nada-que-ganar-en-litigio-maritimo\/#breadcrumb"},"inLanguage":"es","potentialAction":[{"@type":"ReadAction","target":["https:\/\/aeronoticias.com.pe\/noticiero\/internacionales\/presidente-de-chile-asegura-que-su-pais-no-tiene-nada-que-ganar-en-litigio-maritimo\/"]}]},{"@type":"BreadcrumbList","@id":"https:\/\/aeronoticias.com.pe\/noticiero\/internacionales\/presidente-de-chile-asegura-que-su-pais-no-tiene-nada-que-ganar-en-litigio-maritimo\/#breadcrumb","itemListElement":[{"@type":"ListItem","position":1,"name":"Portada","item":"https:\/\/aeronoticias.com.pe\/noticiero\/"},{"@type":"ListItem","position":2,"name":"Presidente de Chile asegura que su pa\u00eds no tiene nada que ganar en litigio mar\u00edtimo"}]},{"@type":"WebSite","@id":"https:\/\/aeronoticias.com.pe\/noticiero\/#website","url":"https:\/\/aeronoticias.com.pe\/noticiero\/","name":"Aeronoticias.com.pe","description":"Noticias de tranporte aereo, turismo, hoteles, gastronomia, actualidad, internacional","potentialAction":[{"@type":"SearchAction","target":{"@type":"EntryPoint","urlTemplate":"https:\/\/aeronoticias.com.pe\/noticiero\/?s={search_term_string}"},"query-input":{"@type":"PropertyValueSpecification","valueRequired":true,"valueName":"search_term_string"}}],"inLanguage":"es"},{"@type":"Person","@id":"https:\/\/aeronoticias.com.pe\/noticiero\/#\/schema\/person\/fc1e5d578f4b62ba1cf7ac2bba1170a0","name":"Redacci\u00f3n Aeronoticias","url":"https:\/\/aeronoticias.com.pe\/noticiero\/author\/piloto\/"}]}},"_links":{"self":[{"href":"https:\/\/aeronoticias.com.pe\/noticiero\/wp-json\/wp\/v2\/posts\/30164","targetHints":{"allow":["GET"]}}],"collection":[{"href":"https:\/\/aeronoticias.com.pe\/noticiero\/wp-json\/wp\/v2\/posts"}],"about":[{"href":"https:\/\/aeronoticias.com.pe\/noticiero\/wp-json\/wp\/v2\/types\/post"}],"author":[{"embeddable":true,"href":"https:\/\/aeronoticias.com.pe\/noticiero\/wp-json\/wp\/v2\/users\/1"}],"replies":[{"embeddable":true,"href":"https:\/\/aeronoticias.com.pe\/noticiero\/wp-json\/wp\/v2\/comments?post=30164"}],"version-history":[{"count":0,"href":"https:\/\/aeronoticias.com.pe\/noticiero\/wp-json\/wp\/v2\/posts\/30164\/revisions"}],"wp:attachment":[{"href":"https:\/\/aeronoticias.com.pe\/noticiero\/wp-json\/wp\/v2\/media?parent=30164"}],"wp:term":[{"taxonomy":"category","embeddable":true,"href":"https:\/\/aeronoticias.com.pe\/noticiero\/wp-json\/wp\/v2\/categories?post=30164"},{"taxonomy":"post_tag","embeddable":true,"href":"https:\/\/aeronoticias.com.pe\/noticiero\/wp-json\/wp\/v2\/tags?post=30164"}],"curies":[{"name":"wp","href":"https:\/\/api.w.org\/{rel}","templated":true}]}}