{"id":30166,"date":"2012-09-05T17:47:30","date_gmt":"2012-09-05T17:47:30","guid":{"rendered":"http:\/\/desarrollo.mcvicious.com\/aero2020\/2012\/09\/05\/gobierno-aleman-intercede-para-evitar-otra-huelga-de-tripulantes-de-lufthansa\/"},"modified":"2012-09-05T17:47:30","modified_gmt":"2012-09-05T17:47:30","slug":"gobierno-aleman-intercede-para-evitar-otra-huelga-de-tripulantes-de-lufthansa","status":"publish","type":"post","link":"https:\/\/aeronoticias.com.pe\/noticiero\/transporte-aereo\/internacional\/gobierno-aleman-intercede-para-evitar-otra-huelga-de-tripulantes-de-lufthansa\/","title":{"rendered":"Gobierno alem\u00e1n intercede para evitar otra huelga de tripulantes de Lufthansa"},"content":{"rendered":"<p style=\"text-align: justify;\"><strong>(Aeronoticias).- <\/strong>El Gobierno\u00a0alem\u00e1n\u00a0inst\u00f3 este mi\u00e9rcoles a una \u00absoluci\u00f3n sensata\u00bb entre la aerol\u00ednea Lufthansa y los sindicatos para evitar una nueva jornada de huelga del personal de cabina de esa compa\u00f1\u00eda, anunciada para el pr\u00f3ximo viernes.<\/p>\n<p style=\"text-align: justify;\">\u00abEs una cuesti\u00f3n a resolver por los agentes sociales, pero apelamos a la sensatez y al sentido de la responsabilidad para evitar una huelga que perjudicar\u00e1 a miles pasajeros y al tr\u00e1fico a\u00e9reo alem\u00e1n en su totalidad\u00bb, afirm\u00f3 un portavoz del Ministerio de Transportes, ante la amenaza de un paro generalizado.<\/p>\n<p>  <!--more-->  <\/p>\n<p style=\"text-align: justify;\">El sindicato del sector, anunci\u00f3 anoche el prop\u00f3sito de convocar el pr\u00f3ximo viernes una huelga del personal de cabina en todo el pa\u00eds, en caso de que\u00a0Lufthansa\u00a0no flexibilice su postura.<\/p>\n<p style=\"text-align: justify;\">Los nuevos paros seguir\u00edan a los que ayer obligaron a la cancelaci\u00f3n de unos 300 vuelos en Fr\u00e1ncfort, Berl\u00edn y M\u00fanich, los tres aeropuertos alemanes en los que se concentr\u00f3 esa segunda jornada de huelgas, tras las llevadas a cabo la semana anterior.<\/p>\n<p style=\"text-align: justify;\">Lufthansa, por su parte, respondi\u00f3 a la amenaza del sindicato indicando que son los representantes de los trabajadores los que deben dar \u00abuna se\u00f1al\u00bb y mostrar su disposici\u00f3n a una soluci\u00f3n de compromiso para los 18.000 empleados de ese colectivo.<\/p>\n<p style=\"text-align: justify;\"><strong>M\u00e1s informaci\u00f3n<\/strong><\/p>\n<p style=\"text-align: justify;\">La aerol\u00ednea considera que, de materializarse la huelga el viernes, quedar\u00edan suspendidos al menos 600 de los 1.800 vuelos previstos en todo el pa\u00eds, mientras que el resto ser\u00eda asumido por compa\u00f1\u00edas asociadas.<\/p>\n<p style=\"text-align: justify;\">EFE<\/p>\n<p><img decoding=\"async\" class=\"caption\" src=\"images\/stories\/12\/09\/050912\/luf.jpg\" border=\"0\" alt=\"Gobierno alem\u00e1n intercede para evitar otra huelga de tripulantes de Lufthansa  \" title=\"Foto: Euronews.com\" \/><\/p>\n","protected":false},"excerpt":{"rendered":"<p>(Aeronoticias).- El Gobierno\u00a0alem\u00e1n\u00a0inst\u00f3 este mi\u00e9rcoles a una \u00absoluci\u00f3n sensata\u00bb entre la aerol\u00ednea Lufthansa y los sindicatos para evitar una nueva jornada de huelga del personal de cabina de esa compa\u00f1\u00eda, anunciada para el pr\u00f3ximo viernes. \u00abEs una cuesti\u00f3n a resolver por los agentes sociales, pero apelamos a la sensatez y al sentido de la responsabilidad [&hellip;]<\/p>\n","protected":false},"author":1,"featured_media":0,"comment_status":"open","ping_status":"open","sticky":false,"template":"","format":"standard","meta":{"tdm_status":"","tdm_grid_status":"","footnotes":""},"categories":[32],"tags":[],"class_list":{"0":"post-30166","1":"post","2":"type-post","3":"status-publish","4":"format-standard","6":"category-internacional"},"yoast_head":"<!-- This site is optimized with the Yoast SEO plugin v25.1 - https:\/\/yoast.com\/wordpress\/plugins\/seo\/ -->\n<title>Gobierno alem\u00e1n intercede para evitar otra huelga de tripulantes de Lufthansa<\/title>\n<meta name=\"description\" content=\"Portal de noticias del Per\u00fa sobre el transporte a\u00e9reo, aviaci\u00f3n, turismo, hoteleria, actualidad.\" \/>\n<meta name=\"robots\" content=\"index, follow, max-snippet:-1, max-image-preview:large, max-video-preview:-1\" \/>\n<link rel=\"canonical\" href=\"https:\/\/aeronoticias.com.pe\/noticiero\/transporte-aereo\/internacional\/gobierno-aleman-intercede-para-evitar-otra-huelga-de-tripulantes-de-lufthansa\/\" \/>\n<meta property=\"og:locale\" content=\"es_ES\" \/>\n<meta property=\"og:type\" content=\"article\" \/>\n<meta property=\"og:title\" content=\"Gobierno alem\u00e1n intercede para evitar otra huelga de tripulantes de Lufthansa\" \/>\n<meta property=\"og:description\" content=\"Portal de noticias del Per\u00fa sobre el transporte a\u00e9reo, aviaci\u00f3n, turismo, hoteleria, actualidad.\" \/>\n<meta property=\"og:url\" content=\"https:\/\/aeronoticias.com.pe\/noticiero\/transporte-aereo\/internacional\/gobierno-aleman-intercede-para-evitar-otra-huelga-de-tripulantes-de-lufthansa\/\" \/>\n<meta property=\"og:site_name\" content=\"Aeronoticias.com.pe\" \/>\n<meta property=\"article:publisher\" content=\"https:\/\/www.facebook.com\/Aeronoticias.com.pe\/\" \/>\n<meta property=\"article:published_time\" content=\"2012-09-05T17:47:30+00:00\" \/>\n<meta name=\"author\" content=\"Redacci\u00f3n Aeronoticias\" \/>\n<meta name=\"twitter:card\" content=\"summary_large_image\" \/>\n<meta name=\"twitter:creator\" content=\"@aeronoticias\" \/>\n<meta name=\"twitter:site\" content=\"@aeronoticias\" \/>\n<meta name=\"twitter:label1\" content=\"Escrito por\" \/>\n\t<meta name=\"twitter:data1\" content=\"Redacci\u00f3n Aeronoticias\" \/>\n\t<meta name=\"twitter:label2\" content=\"Tiempo de lectura\" \/>\n\t<meta name=\"twitter:data2\" content=\"1 minuto\" \/>\n<script type=\"application\/ld+json\" class=\"yoast-schema-graph\">{\"@context\":\"https:\/\/schema.org\",\"@graph\":[{\"@type\":\"WebPage\",\"@id\":\"https:\/\/aeronoticias.com.pe\/noticiero\/transporte-aereo\/internacional\/gobierno-aleman-intercede-para-evitar-otra-huelga-de-tripulantes-de-lufthansa\/\",\"url\":\"https:\/\/aeronoticias.com.pe\/noticiero\/transporte-aereo\/internacional\/gobierno-aleman-intercede-para-evitar-otra-huelga-de-tripulantes-de-lufthansa\/\",\"name\":\"Gobierno alem\u00e1n intercede para evitar otra huelga de tripulantes de Lufthansa\",\"isPartOf\":{\"@id\":\"https:\/\/aeronoticias.com.pe\/noticiero\/#website\"},\"datePublished\":\"2012-09-05T17:47:30+00:00\",\"author\":{\"@id\":\"https:\/\/aeronoticias.com.pe\/noticiero\/#\/schema\/person\/fc1e5d578f4b62ba1cf7ac2bba1170a0\"},\"description\":\"Portal de noticias del Per\u00fa sobre el transporte a\u00e9reo, aviaci\u00f3n, turismo, hoteleria, actualidad.\",\"breadcrumb\":{\"@id\":\"https:\/\/aeronoticias.com.pe\/noticiero\/transporte-aereo\/internacional\/gobierno-aleman-intercede-para-evitar-otra-huelga-de-tripulantes-de-lufthansa\/#breadcrumb\"},\"inLanguage\":\"es\",\"potentialAction\":[{\"@type\":\"ReadAction\",\"target\":[\"https:\/\/aeronoticias.com.pe\/noticiero\/transporte-aereo\/internacional\/gobierno-aleman-intercede-para-evitar-otra-huelga-de-tripulantes-de-lufthansa\/\"]}]},{\"@type\":\"BreadcrumbList\",\"@id\":\"https:\/\/aeronoticias.com.pe\/noticiero\/transporte-aereo\/internacional\/gobierno-aleman-intercede-para-evitar-otra-huelga-de-tripulantes-de-lufthansa\/#breadcrumb\",\"itemListElement\":[{\"@type\":\"ListItem\",\"position\":1,\"name\":\"Portada\",\"item\":\"https:\/\/aeronoticias.com.pe\/noticiero\/\"},{\"@type\":\"ListItem\",\"position\":2,\"name\":\"Gobierno alem\u00e1n intercede para evitar otra huelga de tripulantes de Lufthansa\"}]},{\"@type\":\"WebSite\",\"@id\":\"https:\/\/aeronoticias.com.pe\/noticiero\/#website\",\"url\":\"https:\/\/aeronoticias.com.pe\/noticiero\/\",\"name\":\"Aeronoticias.com.pe\",\"description\":\"Noticias de tranporte aereo, turismo, hoteles, gastronomia, actualidad, internacional\",\"potentialAction\":[{\"@type\":\"SearchAction\",\"target\":{\"@type\":\"EntryPoint\",\"urlTemplate\":\"https:\/\/aeronoticias.com.pe\/noticiero\/?s={search_term_string}\"},\"query-input\":{\"@type\":\"PropertyValueSpecification\",\"valueRequired\":true,\"valueName\":\"search_term_string\"}}],\"inLanguage\":\"es\"},{\"@type\":\"Person\",\"@id\":\"https:\/\/aeronoticias.com.pe\/noticiero\/#\/schema\/person\/fc1e5d578f4b62ba1cf7ac2bba1170a0\",\"name\":\"Redacci\u00f3n Aeronoticias\",\"url\":\"https:\/\/aeronoticias.com.pe\/noticiero\/author\/piloto\/\"}]}<\/script>\n<!-- \/ Yoast SEO plugin. -->","yoast_head_json":{"title":"Gobierno alem\u00e1n intercede para evitar otra huelga de tripulantes de Lufthansa","description":"Portal de noticias del Per\u00fa sobre el transporte a\u00e9reo, aviaci\u00f3n, turismo, hoteleria, actualidad.","robots":{"index":"index","follow":"follow","max-snippet":"max-snippet:-1","max-image-preview":"max-image-preview:large","max-video-preview":"max-video-preview:-1"},"canonical":"https:\/\/aeronoticias.com.pe\/noticiero\/transporte-aereo\/internacional\/gobierno-aleman-intercede-para-evitar-otra-huelga-de-tripulantes-de-lufthansa\/","og_locale":"es_ES","og_type":"article","og_title":"Gobierno alem\u00e1n intercede para evitar otra huelga de tripulantes de Lufthansa","og_description":"Portal de noticias del Per\u00fa sobre el transporte a\u00e9reo, aviaci\u00f3n, turismo, hoteleria, actualidad.","og_url":"https:\/\/aeronoticias.com.pe\/noticiero\/transporte-aereo\/internacional\/gobierno-aleman-intercede-para-evitar-otra-huelga-de-tripulantes-de-lufthansa\/","og_site_name":"Aeronoticias.com.pe","article_publisher":"https:\/\/www.facebook.com\/Aeronoticias.com.pe\/","article_published_time":"2012-09-05T17:47:30+00:00","author":"Redacci\u00f3n Aeronoticias","twitter_card":"summary_large_image","twitter_creator":"@aeronoticias","twitter_site":"@aeronoticias","twitter_misc":{"Escrito por":"Redacci\u00f3n Aeronoticias","Tiempo de lectura":"1 minuto"},"schema":{"@context":"https:\/\/schema.org","@graph":[{"@type":"WebPage","@id":"https:\/\/aeronoticias.com.pe\/noticiero\/transporte-aereo\/internacional\/gobierno-aleman-intercede-para-evitar-otra-huelga-de-tripulantes-de-lufthansa\/","url":"https:\/\/aeronoticias.com.pe\/noticiero\/transporte-aereo\/internacional\/gobierno-aleman-intercede-para-evitar-otra-huelga-de-tripulantes-de-lufthansa\/","name":"Gobierno alem\u00e1n intercede para evitar otra huelga de tripulantes de Lufthansa","isPartOf":{"@id":"https:\/\/aeronoticias.com.pe\/noticiero\/#website"},"datePublished":"2012-09-05T17:47:30+00:00","author":{"@id":"https:\/\/aeronoticias.com.pe\/noticiero\/#\/schema\/person\/fc1e5d578f4b62ba1cf7ac2bba1170a0"},"description":"Portal de noticias del Per\u00fa sobre el transporte a\u00e9reo, aviaci\u00f3n, turismo, hoteleria, actualidad.","breadcrumb":{"@id":"https:\/\/aeronoticias.com.pe\/noticiero\/transporte-aereo\/internacional\/gobierno-aleman-intercede-para-evitar-otra-huelga-de-tripulantes-de-lufthansa\/#breadcrumb"},"inLanguage":"es","potentialAction":[{"@type":"ReadAction","target":["https:\/\/aeronoticias.com.pe\/noticiero\/transporte-aereo\/internacional\/gobierno-aleman-intercede-para-evitar-otra-huelga-de-tripulantes-de-lufthansa\/"]}]},{"@type":"BreadcrumbList","@id":"https:\/\/aeronoticias.com.pe\/noticiero\/transporte-aereo\/internacional\/gobierno-aleman-intercede-para-evitar-otra-huelga-de-tripulantes-de-lufthansa\/#breadcrumb","itemListElement":[{"@type":"ListItem","position":1,"name":"Portada","item":"https:\/\/aeronoticias.com.pe\/noticiero\/"},{"@type":"ListItem","position":2,"name":"Gobierno alem\u00e1n intercede para evitar otra huelga de tripulantes de Lufthansa"}]},{"@type":"WebSite","@id":"https:\/\/aeronoticias.com.pe\/noticiero\/#website","url":"https:\/\/aeronoticias.com.pe\/noticiero\/","name":"Aeronoticias.com.pe","description":"Noticias de tranporte aereo, turismo, hoteles, gastronomia, actualidad, internacional","potentialAction":[{"@type":"SearchAction","target":{"@type":"EntryPoint","urlTemplate":"https:\/\/aeronoticias.com.pe\/noticiero\/?s={search_term_string}"},"query-input":{"@type":"PropertyValueSpecification","valueRequired":true,"valueName":"search_term_string"}}],"inLanguage":"es"},{"@type":"Person","@id":"https:\/\/aeronoticias.com.pe\/noticiero\/#\/schema\/person\/fc1e5d578f4b62ba1cf7ac2bba1170a0","name":"Redacci\u00f3n Aeronoticias","url":"https:\/\/aeronoticias.com.pe\/noticiero\/author\/piloto\/"}]}},"_links":{"self":[{"href":"https:\/\/aeronoticias.com.pe\/noticiero\/wp-json\/wp\/v2\/posts\/30166","targetHints":{"allow":["GET"]}}],"collection":[{"href":"https:\/\/aeronoticias.com.pe\/noticiero\/wp-json\/wp\/v2\/posts"}],"about":[{"href":"https:\/\/aeronoticias.com.pe\/noticiero\/wp-json\/wp\/v2\/types\/post"}],"author":[{"embeddable":true,"href":"https:\/\/aeronoticias.com.pe\/noticiero\/wp-json\/wp\/v2\/users\/1"}],"replies":[{"embeddable":true,"href":"https:\/\/aeronoticias.com.pe\/noticiero\/wp-json\/wp\/v2\/comments?post=30166"}],"version-history":[{"count":0,"href":"https:\/\/aeronoticias.com.pe\/noticiero\/wp-json\/wp\/v2\/posts\/30166\/revisions"}],"wp:attachment":[{"href":"https:\/\/aeronoticias.com.pe\/noticiero\/wp-json\/wp\/v2\/media?parent=30166"}],"wp:term":[{"taxonomy":"category","embeddable":true,"href":"https:\/\/aeronoticias.com.pe\/noticiero\/wp-json\/wp\/v2\/categories?post=30166"},{"taxonomy":"post_tag","embeddable":true,"href":"https:\/\/aeronoticias.com.pe\/noticiero\/wp-json\/wp\/v2\/tags?post=30166"}],"curies":[{"name":"wp","href":"https:\/\/api.w.org\/{rel}","templated":true}]}}